{"id":27856,"date":"2022-09-20T17:37:13","date_gmt":"2022-09-20T17:37:13","guid":{"rendered":"https:\/\/www.africa-press.net\/cameroun\/politique\/insolite-apres-avoir-disparu-le-logo-de-le-coq-sportif-reapparait-sur-un-document-de-la-fecafoot"},"modified":"2022-09-20T19:03:27","modified_gmt":"2022-09-20T19:03:27","slug":"insolite-apres-avoir-disparu-le-logo-de-le-coq-sportif-reapparait-sur-un-document-de-la-fecafoot","status":"publish","type":"post","link":"https:\/\/www.africa-press.net\/cameroun\/sports\/insolite-apres-avoir-disparu-le-logo-de-le-coq-sportif-reapparait-sur-un-document-de-la-fecafoot","title":{"rendered":"Insolite: Apr\u00e8s avoir disparu, le logo de Le Coq Sportif r\u00e9appara\u00eet sur un document de la FECAFOOT"},"content":{"rendered":"<p><span style=\"color: #ff6600\"><strong>Africa-Press &#8211; Cameroun. <\/strong><\/span>Le document annon\u00e7ant la nomination d\u2019un nouveau directeur des affaires g\u00e9n\u00e9rales \u00e0 la F\u00e9d\u00e9ration Camerounaise de Football cet apr\u00e8s-midi n\u2019avait pas que cette information. Les esprits les plus fut\u00e9s ont r\u00e9ussi \u00e0 d\u00e9celer la seconde, la r\u00e9apparition du logo de Le Coq Sportif en pied de page. Sur les r\u00e9seaux sociaux les avis fusent depuis lors. Certains y voient le signe du retour de l\u2019\u00e9quipementier fran\u00e7ais. D\u2019autres se contentent de poser des questions. Ainsi du juriste Laurent Dubois Njikam qui poste : <b>\u00ab Qui du Sg ou du Pr\u00e9sident utilise le bon papier ent\u00eate \u00e0 la f\u00e9d\u00e9ration camerounaise de football ? \u00bb<\/b><\/p>\n<p>L\u2019universitaire et homme politique Vincent Sosth\u00e8ne Fouda croit que le feuilleton qui met en sc\u00e8ne la FECAFOOT et son ancien \u00e9quipementier est en train de prendre fin. <b>\u00ab Ce jour il y a une nomination \u00e0 la FECAFOOT. ELLE M&rsquo;INT\u00c9RESSE AU PLUS haut point. Surtout le pied de page. ONE ALL SPORT DISPARAIT POUR LAISSER LA PLACE AU COQ SPORTIF. LA RAISON ET LA S\u00c9R\u00c9NIT\u00c9 AVANT LA QATAR. MERCI \u00c0 CEUX QUI ONT ENTENDU NOS EFFORTS DANS CE SENS \u00bb<\/b>.<\/p>\n<p>Boris Bertolt qui bataille aux c\u00f4t\u00e9s de l\u2019\u00e9quipementier a post\u00e9, s\u00fbr de lui : <b>\u00ab FECAFOOT : COQ SPORTIF EST DE RETOUR PETIT \u00c0 PETIT<\/b><\/p>\n<p><b>A quatre jours de la premi\u00e8re audience dans le cadre de l\u2019arrangement \u00e0 l\u2019amiable le CoQ Sportif et la FECAFOOT, la FECAFOOT retire ONE ALL SPORTS de ses papiers en-t\u00eate et remet Le CoQ Sportif.<\/b><\/p>\n<p><b>Par ailleurs, la FECAFOOT a retir\u00e9 sur sa page Facebook tous les communiqu\u00e9s publi\u00e9s avec ONE ALL SPORTS sur Les papiers en-t\u00eate.<\/b><\/p>\n<p><b>Qui vivra vera.<\/b><\/p>\n<p><b>Pardon, comme vous connnaissez faire les communiqu\u00e9s, faites encore les d\u00e9mentis.<\/b><\/p>\n<p><b>Comme vous \u00eates trop forts l\u00e0 allez jouer avec ONE ALL SPORTS vendredi. Quand on vous parle: \u00ab je ma\u00eetrise \u00bb<\/b>.<\/p>\n<p>Le journaliste de Canal 2 International Marc Chouamo, pour sa part, apprend \u00e0 ses followers que <b>\u00ab La nomination de la DAG a disparu du site de la FECAFOOT \u00bb<\/b>.<\/p>\n<p>Nul doute que l\u2019affaire du logo du Coq Sportif ne s\u2019arr\u00eatera pas l\u00e0.<\/p>\n<p><strong>Pour plus d&rsquo;informations et d&rsquo;analyses sur la <a href=\"https:\/\/www.africa-press.net\/cameroun\">Cameroun<\/a>, suivez <a href=\"https:\/\/www.africa-press.net\/\">Africa-Press<\/a><\/strong><\/p>\n","protected":false},"excerpt":{"rendered":"<p>Africa-Press &#8211; Cameroun. Le document annon\u00e7ant la nomination d\u2019un nouveau directeur des affaires g\u00e9n\u00e9rales \u00e0 la F\u00e9d\u00e9ration Camerounaise de Football cet apr\u00e8s-midi n\u2019avait pas que cette information. Les esprits les plus fut\u00e9s ont r\u00e9ussi \u00e0 d\u00e9celer la seconde, la r\u00e9apparition du logo de Le Coq Sportif en pied de page. Sur les r\u00e9seaux sociaux les [&hellip;]<\/p>\n","protected":false},"author":82,"featured_media":27855,"comment_status":"open","ping_status":"closed","sticky":false,"template":"","format":"standard","meta":{"footnotes":""},"categories":[11,6,10],"tags":[36,50,49],"class_list":["post-27856","post","type-post","status-publish","format-standard","has-post-thumbnail","hentry","category-homepage-french","category-sports","category-toutes-les-actualites","tag-africa-press","tag-africa-press-cameroun","tag-cameroun"],"yoast_head":"<!-- This site is optimized with the Yoast SEO Premium plugin v26.1 (Yoast SEO v27.0) - https:\/\/yoast.com\/product\/yoast-seo-premium-wordpress\/ -->\n<title>Insolite: Apr\u00e8s avoir disparu, le logo de Le Coq Sportif r\u00e9appara\u00eet sur un document de la FECAFOOT - Cameroun<\/title>\n<meta name=\"description\" content=\"Le document annon\u00e7ant la nomination d\u2019un nouveau directeur des affaires g\u00e9n\u00e9rales \u00e0 la F\u00e9d\u00e9ration Camerounaise de Footba ...\" \/>\n<meta name=\"robots\" content=\"index, follow, max-snippet:-1, max-image-preview:large, max-video-preview:-1\" \/>\n<link rel=\"canonical\" href=\"https:\/\/www.africa-press.net\/cameroun\/sports\/insolite-apres-avoir-disparu-le-logo-de-le-coq-sportif-reapparait-sur-un-document-de-la-fecafoot\" \/>\n<meta property=\"og:locale\" content=\"fr_FR\" \/>\n<meta property=\"og:type\" content=\"article\" \/>\n<meta property=\"og:title\" content=\"Insolite: Apr\u00e8s avoir disparu, le logo de Le Coq Sportif r\u00e9appara\u00eet sur un document de la FECAFOOT\" \/>\n<meta property=\"og:description\" content=\"Le document annon\u00e7ant la nomination d\u2019un nouveau directeur des affaires g\u00e9n\u00e9rales \u00e0 la F\u00e9d\u00e9ration Camerounaise de Footba ...\" \/>\n<meta property=\"og:url\" content=\"https:\/\/www.africa-press.net\/cameroun\/sports\/insolite-apres-avoir-disparu-le-logo-de-le-coq-sportif-reapparait-sur-un-document-de-la-fecafoot\" \/>\n<meta property=\"og:site_name\" content=\"Cameroun\" \/>\n<meta property=\"article:published_time\" content=\"2022-09-20T17:37:13+00:00\" \/>\n<meta property=\"article:modified_time\" content=\"2022-09-20T19:03:27+00:00\" \/>\n<meta property=\"og:image\" content=\"https:\/\/static.africa-press.net\/cameroun\/sites\/57\/2022\/09\/img-632a0e67ec3ba.jpg\" \/>\n\t<meta property=\"og:image:width\" content=\"800\" \/>\n\t<meta property=\"og:image:height\" content=\"800\" \/>\n\t<meta property=\"og:image:type\" content=\"image\/jpeg\" \/>\n<meta name=\"author\" content=\"cfeditorfr\" \/>\n<meta name=\"twitter:card\" content=\"summary_large_image\" \/>\n<meta name=\"twitter:label1\" content=\"\u00c9crit par\" \/>\n\t<meta name=\"twitter:data1\" content=\"cfeditorfr\" \/>\n\t<meta name=\"twitter:label2\" content=\"Dur\u00e9e de lecture estim\u00e9e\" \/>\n\t<meta name=\"twitter:data2\" content=\"2 minutes\" \/>\n<script type=\"application\/ld+json\" class=\"yoast-schema-graph\">{\"@context\":\"https:\/\/schema.org\",\"@graph\":[{\"@type\":\"Article\",\"@id\":\"https:\/\/www.africa-press.net\/cameroun\/sports\/insolite-apres-avoir-disparu-le-logo-de-le-coq-sportif-reapparait-sur-un-document-de-la-fecafoot#article\",\"isPartOf\":{\"@id\":\"https:\/\/www.africa-press.net\/cameroun\/sports\/insolite-apres-avoir-disparu-le-logo-de-le-coq-sportif-reapparait-sur-un-document-de-la-fecafoot\"},\"author\":{\"name\":\"cfeditorfr\",\"@id\":\"https:\/\/www.africa-press.net\/cameroun\/#\/schema\/person\/2b1cf3cd81a31e3cd26889ca66d677f1\"},\"headline\":\"Insolite: Apr\u00e8s avoir disparu, le logo de Le Coq Sportif r\u00e9appara\u00eet sur un document de la FECAFOOT\",\"datePublished\":\"2022-09-20T17:37:13+00:00\",\"dateModified\":\"2022-09-20T19:03:27+00:00\",\"mainEntityOfPage\":{\"@id\":\"https:\/\/www.africa-press.net\/cameroun\/sports\/insolite-apres-avoir-disparu-le-logo-de-le-coq-sportif-reapparait-sur-un-document-de-la-fecafoot\"},\"wordCount\":399,\"commentCount\":0,\"image\":{\"@id\":\"https:\/\/www.africa-press.net\/cameroun\/sports\/insolite-apres-avoir-disparu-le-logo-de-le-coq-sportif-reapparait-sur-un-document-de-la-fecafoot#primaryimage\"},\"thumbnailUrl\":\"https:\/\/static.africa-press.net\/cameroun\/sites\/57\/2022\/09\/img-632a0e67ec3ba.jpg\",\"keywords\":[\"Africa Press\",\"Africa Press-Cameroun\",\"Cameroun\"],\"articleSection\":[\"homepage-french\",\"Sports\",\"Toutes les actualit\u00e9s\"],\"inLanguage\":\"fr-FR\",\"potentialAction\":[{\"@type\":\"CommentAction\",\"name\":\"Comment\",\"target\":[\"https:\/\/www.africa-press.net\/cameroun\/sports\/insolite-apres-avoir-disparu-le-logo-de-le-coq-sportif-reapparait-sur-un-document-de-la-fecafoot#respond\"]}]},{\"@type\":\"WebPage\",\"@id\":\"https:\/\/www.africa-press.net\/cameroun\/sports\/insolite-apres-avoir-disparu-le-logo-de-le-coq-sportif-reapparait-sur-un-document-de-la-fecafoot\",\"url\":\"https:\/\/www.africa-press.net\/cameroun\/sports\/insolite-apres-avoir-disparu-le-logo-de-le-coq-sportif-reapparait-sur-un-document-de-la-fecafoot\",\"name\":\"Insolite: Apr\u00e8s avoir disparu, le logo de Le Coq Sportif r\u00e9appara\u00eet sur un document de la FECAFOOT - Cameroun\",\"isPartOf\":{\"@id\":\"https:\/\/www.africa-press.net\/cameroun\/#website\"},\"primaryImageOfPage\":{\"@id\":\"https:\/\/www.africa-press.net\/cameroun\/sports\/insolite-apres-avoir-disparu-le-logo-de-le-coq-sportif-reapparait-sur-un-document-de-la-fecafoot#primaryimage\"},\"image\":{\"@id\":\"https:\/\/www.africa-press.net\/cameroun\/sports\/insolite-apres-avoir-disparu-le-logo-de-le-coq-sportif-reapparait-sur-un-document-de-la-fecafoot#primaryimage\"},\"thumbnailUrl\":\"https:\/\/static.africa-press.net\/cameroun\/sites\/57\/2022\/09\/img-632a0e67ec3ba.jpg\",\"datePublished\":\"2022-09-20T17:37:13+00:00\",\"dateModified\":\"2022-09-20T19:03:27+00:00\",\"author\":{\"@id\":\"https:\/\/www.africa-press.net\/cameroun\/#\/schema\/person\/2b1cf3cd81a31e3cd26889ca66d677f1\"},\"description\":\"Le document annon\u00e7ant la nomination d\u2019un nouveau directeur des affaires g\u00e9n\u00e9rales \u00e0 la F\u00e9d\u00e9ration Camerounaise de Footba ...\",\"breadcrumb\":{\"@id\":\"https:\/\/www.africa-press.net\/cameroun\/sports\/insolite-apres-avoir-disparu-le-logo-de-le-coq-sportif-reapparait-sur-un-document-de-la-fecafoot#breadcrumb\"},\"inLanguage\":\"fr-FR\",\"potentialAction\":[{\"@type\":\"ReadAction\",\"target\":[\"https:\/\/www.africa-press.net\/cameroun\/sports\/insolite-apres-avoir-disparu-le-logo-de-le-coq-sportif-reapparait-sur-un-document-de-la-fecafoot\"]}]},{\"@type\":\"ImageObject\",\"inLanguage\":\"fr-FR\",\"@id\":\"https:\/\/www.africa-press.net\/cameroun\/sports\/insolite-apres-avoir-disparu-le-logo-de-le-coq-sportif-reapparait-sur-un-document-de-la-fecafoot#primaryimage\",\"url\":\"https:\/\/static.africa-press.net\/cameroun\/sites\/57\/2022\/09\/img-632a0e67ec3ba.jpg\",\"contentUrl\":\"https:\/\/static.africa-press.net\/cameroun\/sites\/57\/2022\/09\/img-632a0e67ec3ba.jpg\",\"width\":800,\"height\":800,\"caption\":\"Insolite: Apr\u00e8s avoir disparu, le logo de Le Coq Sportif r\u00e9appara\u00eet sur un document de la FECAFOOT\"},{\"@type\":\"BreadcrumbList\",\"@id\":\"https:\/\/www.africa-press.net\/cameroun\/sports\/insolite-apres-avoir-disparu-le-logo-de-le-coq-sportif-reapparait-sur-un-document-de-la-fecafoot#breadcrumb\",\"itemListElement\":[{\"@type\":\"ListItem\",\"position\":1,\"name\":\"Accueil\",\"item\":\"https:\/\/www.africa-press.net\/cameroun\/\"},{\"@type\":\"ListItem\",\"position\":2,\"name\":\"Insolite: Apr\u00e8s avoir disparu, le logo de Le Coq Sportif r\u00e9appara\u00eet sur un document de la FECAFOOT\"}]},{\"@type\":\"WebSite\",\"@id\":\"https:\/\/www.africa-press.net\/cameroun\/#website\",\"url\":\"https:\/\/www.africa-press.net\/cameroun\/\",\"name\":\"Cameroun\",\"description\":\"Just another Africa News Agency Sites site\",\"potentialAction\":[{\"@type\":\"SearchAction\",\"target\":{\"@type\":\"EntryPoint\",\"urlTemplate\":\"https:\/\/www.africa-press.net\/cameroun\/?s={search_term_string}\"},\"query-input\":{\"@type\":\"PropertyValueSpecification\",\"valueRequired\":true,\"valueName\":\"search_term_string\"}}],\"inLanguage\":\"fr-FR\"},{\"@type\":\"Person\",\"@id\":\"https:\/\/www.africa-press.net\/cameroun\/#\/schema\/person\/2b1cf3cd81a31e3cd26889ca66d677f1\",\"name\":\"cfeditorfr\"}]}<\/script>\n<!-- \/ Yoast SEO Premium plugin. -->","yoast_head_json":{"title":"Insolite: Apr\u00e8s avoir disparu, le logo de Le Coq Sportif r\u00e9appara\u00eet sur un document de la FECAFOOT - Cameroun","description":"Le document annon\u00e7ant la nomination d\u2019un nouveau directeur des affaires g\u00e9n\u00e9rales \u00e0 la F\u00e9d\u00e9ration Camerounaise de Footba ...","robots":{"index":"index","follow":"follow","max-snippet":"max-snippet:-1","max-image-preview":"max-image-preview:large","max-video-preview":"max-video-preview:-1"},"canonical":"https:\/\/www.africa-press.net\/cameroun\/sports\/insolite-apres-avoir-disparu-le-logo-de-le-coq-sportif-reapparait-sur-un-document-de-la-fecafoot","og_locale":"fr_FR","og_type":"article","og_title":"Insolite: Apr\u00e8s avoir disparu, le logo de Le Coq Sportif r\u00e9appara\u00eet sur un document de la FECAFOOT","og_description":"Le document annon\u00e7ant la nomination d\u2019un nouveau directeur des affaires g\u00e9n\u00e9rales \u00e0 la F\u00e9d\u00e9ration Camerounaise de Footba ...","og_url":"https:\/\/www.africa-press.net\/cameroun\/sports\/insolite-apres-avoir-disparu-le-logo-de-le-coq-sportif-reapparait-sur-un-document-de-la-fecafoot","og_site_name":"Cameroun","article_published_time":"2022-09-20T17:37:13+00:00","article_modified_time":"2022-09-20T19:03:27+00:00","og_image":[{"width":800,"height":800,"url":"https:\/\/static.africa-press.net\/cameroun\/sites\/57\/2022\/09\/img-632a0e67ec3ba.jpg","type":"image\/jpeg"}],"author":"cfeditorfr","twitter_card":"summary_large_image","twitter_misc":{"\u00c9crit par":"cfeditorfr","Dur\u00e9e de lecture estim\u00e9e":"2 minutes"},"schema":{"@context":"https:\/\/schema.org","@graph":[{"@type":"Article","@id":"https:\/\/www.africa-press.net\/cameroun\/sports\/insolite-apres-avoir-disparu-le-logo-de-le-coq-sportif-reapparait-sur-un-document-de-la-fecafoot#article","isPartOf":{"@id":"https:\/\/www.africa-press.net\/cameroun\/sports\/insolite-apres-avoir-disparu-le-logo-de-le-coq-sportif-reapparait-sur-un-document-de-la-fecafoot"},"author":{"name":"cfeditorfr","@id":"https:\/\/www.africa-press.net\/cameroun\/#\/schema\/person\/2b1cf3cd81a31e3cd26889ca66d677f1"},"headline":"Insolite: Apr\u00e8s avoir disparu, le logo de Le Coq Sportif r\u00e9appara\u00eet sur un document de la FECAFOOT","datePublished":"2022-09-20T17:37:13+00:00","dateModified":"2022-09-20T19:03:27+00:00","mainEntityOfPage":{"@id":"https:\/\/www.africa-press.net\/cameroun\/sports\/insolite-apres-avoir-disparu-le-logo-de-le-coq-sportif-reapparait-sur-un-document-de-la-fecafoot"},"wordCount":399,"commentCount":0,"image":{"@id":"https:\/\/www.africa-press.net\/cameroun\/sports\/insolite-apres-avoir-disparu-le-logo-de-le-coq-sportif-reapparait-sur-un-document-de-la-fecafoot#primaryimage"},"thumbnailUrl":"https:\/\/static.africa-press.net\/cameroun\/sites\/57\/2022\/09\/img-632a0e67ec3ba.jpg","keywords":["Africa Press","Africa Press-Cameroun","Cameroun"],"articleSection":["homepage-french","Sports","Toutes les actualit\u00e9s"],"inLanguage":"fr-FR","potentialAction":[{"@type":"CommentAction","name":"Comment","target":["https:\/\/www.africa-press.net\/cameroun\/sports\/insolite-apres-avoir-disparu-le-logo-de-le-coq-sportif-reapparait-sur-un-document-de-la-fecafoot#respond"]}]},{"@type":"WebPage","@id":"https:\/\/www.africa-press.net\/cameroun\/sports\/insolite-apres-avoir-disparu-le-logo-de-le-coq-sportif-reapparait-sur-un-document-de-la-fecafoot","url":"https:\/\/www.africa-press.net\/cameroun\/sports\/insolite-apres-avoir-disparu-le-logo-de-le-coq-sportif-reapparait-sur-un-document-de-la-fecafoot","name":"Insolite: Apr\u00e8s avoir disparu, le logo de Le Coq Sportif r\u00e9appara\u00eet sur un document de la FECAFOOT - Cameroun","isPartOf":{"@id":"https:\/\/www.africa-press.net\/cameroun\/#website"},"primaryImageOfPage":{"@id":"https:\/\/www.africa-press.net\/cameroun\/sports\/insolite-apres-avoir-disparu-le-logo-de-le-coq-sportif-reapparait-sur-un-document-de-la-fecafoot#primaryimage"},"image":{"@id":"https:\/\/www.africa-press.net\/cameroun\/sports\/insolite-apres-avoir-disparu-le-logo-de-le-coq-sportif-reapparait-sur-un-document-de-la-fecafoot#primaryimage"},"thumbnailUrl":"https:\/\/static.africa-press.net\/cameroun\/sites\/57\/2022\/09\/img-632a0e67ec3ba.jpg","datePublished":"2022-09-20T17:37:13+00:00","dateModified":"2022-09-20T19:03:27+00:00","author":{"@id":"https:\/\/www.africa-press.net\/cameroun\/#\/schema\/person\/2b1cf3cd81a31e3cd26889ca66d677f1"},"description":"Le document annon\u00e7ant la nomination d\u2019un nouveau directeur des affaires g\u00e9n\u00e9rales \u00e0 la F\u00e9d\u00e9ration Camerounaise de Footba ...","breadcrumb":{"@id":"https:\/\/www.africa-press.net\/cameroun\/sports\/insolite-apres-avoir-disparu-le-logo-de-le-coq-sportif-reapparait-sur-un-document-de-la-fecafoot#breadcrumb"},"inLanguage":"fr-FR","potentialAction":[{"@type":"ReadAction","target":["https:\/\/www.africa-press.net\/cameroun\/sports\/insolite-apres-avoir-disparu-le-logo-de-le-coq-sportif-reapparait-sur-un-document-de-la-fecafoot"]}]},{"@type":"ImageObject","inLanguage":"fr-FR","@id":"https:\/\/www.africa-press.net\/cameroun\/sports\/insolite-apres-avoir-disparu-le-logo-de-le-coq-sportif-reapparait-sur-un-document-de-la-fecafoot#primaryimage","url":"https:\/\/static.africa-press.net\/cameroun\/sites\/57\/2022\/09\/img-632a0e67ec3ba.jpg","contentUrl":"https:\/\/static.africa-press.net\/cameroun\/sites\/57\/2022\/09\/img-632a0e67ec3ba.jpg","width":800,"height":800,"caption":"Insolite: Apr\u00e8s avoir disparu, le logo de Le Coq Sportif r\u00e9appara\u00eet sur un document de la FECAFOOT"},{"@type":"BreadcrumbList","@id":"https:\/\/www.africa-press.net\/cameroun\/sports\/insolite-apres-avoir-disparu-le-logo-de-le-coq-sportif-reapparait-sur-un-document-de-la-fecafoot#breadcrumb","itemListElement":[{"@type":"ListItem","position":1,"name":"Accueil","item":"https:\/\/www.africa-press.net\/cameroun\/"},{"@type":"ListItem","position":2,"name":"Insolite: Apr\u00e8s avoir disparu, le logo de Le Coq Sportif r\u00e9appara\u00eet sur un document de la FECAFOOT"}]},{"@type":"WebSite","@id":"https:\/\/www.africa-press.net\/cameroun\/#website","url":"https:\/\/www.africa-press.net\/cameroun\/","name":"Cameroun","description":"Just another Africa News Agency Sites site","potentialAction":[{"@type":"SearchAction","target":{"@type":"EntryPoint","urlTemplate":"https:\/\/www.africa-press.net\/cameroun\/?s={search_term_string}"},"query-input":{"@type":"PropertyValueSpecification","valueRequired":true,"valueName":"search_term_string"}}],"inLanguage":"fr-FR"},{"@type":"Person","@id":"https:\/\/www.africa-press.net\/cameroun\/#\/schema\/person\/2b1cf3cd81a31e3cd26889ca66d677f1","name":"cfeditorfr"}]}},"_links":{"self":[{"href":"https:\/\/www.africa-press.net\/cameroun\/wp-json\/wp\/v2\/posts\/27856","targetHints":{"allow":["GET"]}}],"collection":[{"href":"https:\/\/www.africa-press.net\/cameroun\/wp-json\/wp\/v2\/posts"}],"about":[{"href":"https:\/\/www.africa-press.net\/cameroun\/wp-json\/wp\/v2\/types\/post"}],"author":[{"embeddable":true,"href":"https:\/\/www.africa-press.net\/cameroun\/wp-json\/wp\/v2\/users\/82"}],"replies":[{"embeddable":true,"href":"https:\/\/www.africa-press.net\/cameroun\/wp-json\/wp\/v2\/comments?post=27856"}],"version-history":[{"count":0,"href":"https:\/\/www.africa-press.net\/cameroun\/wp-json\/wp\/v2\/posts\/27856\/revisions"}],"wp:featuredmedia":[{"embeddable":true,"href":"https:\/\/www.africa-press.net\/cameroun\/wp-json\/wp\/v2\/media\/27855"}],"wp:attachment":[{"href":"https:\/\/www.africa-press.net\/cameroun\/wp-json\/wp\/v2\/media?parent=27856"}],"wp:term":[{"taxonomy":"category","embeddable":true,"href":"https:\/\/www.africa-press.net\/cameroun\/wp-json\/wp\/v2\/categories?post=27856"},{"taxonomy":"post_tag","embeddable":true,"href":"https:\/\/www.africa-press.net\/cameroun\/wp-json\/wp\/v2\/tags?post=27856"}],"curies":[{"name":"wp","href":"https:\/\/api.w.org\/{rel}","templated":true}]}}