{"id":2786,"date":"2021-04-29T17:50:14","date_gmt":"2021-04-29T17:50:14","guid":{"rendered":"https:\/\/www.africa-press.net\/cameroun\/politique\/cameroun-audit-controle-et-depenses-de-letat-la-republique-de-turquie-prete-a-accompagner-le-cameroun-dans-la-gestion-saine-de-sa-fortune-publique"},"modified":"2021-04-29T19:44:29","modified_gmt":"2021-04-29T19:44:29","slug":"cameroun-audit-controle-et-depenses-de-letat-la-republique-de-turquie-prete-a-accompagner-le-cameroun-dans-la-gestion-saine-de-sa-fortune-publique","status":"publish","type":"post","link":"https:\/\/www.africa-press.net\/cameroun\/politique\/cameroun-audit-controle-et-depenses-de-letat-la-republique-de-turquie-prete-a-accompagner-le-cameroun-dans-la-gestion-saine-de-sa-fortune-publique","title":{"rendered":"Cameroun &#8211; Audit, contr\u00f4le et d\u00e9penses de l\u2019Etat: La R\u00e9publique de Turquie pr\u00eate \u00e0 accompagner le Cameroun dans la gestion saine de sa fortune publique"},"content":{"rendered":"<p><span style=\"color: #ff6600\"><strong><a href=\"https:\/\/www.africa-press.net\/\">Africa-Press<\/a> &#8211; <a href=\"https:\/\/www.africa-press.net\/cameroun\">Cameroun<\/a>. <\/strong><\/span>Le ministre d\u00e9l\u00e9gu\u00e9 \u00e0 la pr\u00e9sidence de la R\u00e9publique charg\u00e9 du Contr\u00f4le Sup\u00e9rieur de l\u2019Etat (CONSUPE), Rose Mbah Acha Fomundam, a re\u00e7u en audience l\u2019ambassadeur de la R\u00e9publique de Turquie au Cameroun, Volkan Isikci. C\u2019\u00e9tait le 28 avril 2021 \u00e0 Yaound\u00e9. Ils ont discut\u00e9 de la gestion saine de la fortune publique au Cameroun.<\/p>\n<p>Au sortir de cette audience, l\u2019ambassadeur de la R\u00e9publique de Turquie a confi\u00e9 \u00e0 la presse que: \u00abla R\u00e9publique de Turquie est pr\u00eate \u00e0 accompagner le Cameroun dans le chantier de la gestion saine de la fortune publique\u00bb, rapporte le quotidien national bilingue Cameroon Tribune en kiosque ce 29 avril 2021.<\/p>\n<p>Le nouvel ambassadeur de Turquie au Cameroun poursuit en disant que \u00abla Turquie est dispos\u00e9e \u00e0 \u00e9changer sa vision, son exp\u00e9rience et ses connaissances en mati\u00e8re d\u2019audit, de contr\u00f4le et de d\u00e9pense de la fortune publique avec le Cameroun\u00bb, a-t-il pr\u00e9cis\u00e9 dans les colonnes du quotidien d\u2019Etat.<\/p>\n<p>D\u2019apr\u00e8s notre confr\u00e8re, cette d\u00e9claration du diplomate turc trouve son fondement dans la convention de partenariat entre le CONSUPE du Cameroun, et la Cour des comptes de la R\u00e9publique de Turquie.<\/p>\n<p>Le ministre Rose Mbah Acha Fomundam a rappel\u00e9 que cette convention de partenariat a \u00e9t\u00e9 sign\u00e9e il y a pratiquement sept ans. C\u2019est un accord de partenariat qui \u00abprojette de d\u00e9velopper des liens de coop\u00e9ration dans les domaines d\u2019int\u00e9r\u00eats communs aux deux pays. Notamment, les missions de contr\u00f4le des biens publics et de promotion de bonne gouvernance d\u00e9volues aux deux institutions \u00e9tatiques\u00bb, rel\u00e8ve le journal.<\/p>\n<p>Enfin, le ministre d\u00e9l\u00e9gu\u00e9 \u00e0 la pr\u00e9sidence de la R\u00e9publique charg\u00e9 du CONSUPE affirme qu\u2019en \u00ab2014, on a sign\u00e9 une convention de partenariat pour d\u00e9velopper des liens de coop\u00e9ration en ce qui concerne les domaines d\u2019int\u00e9r\u00eats communs de ces deux institutions. J\u2019ai parl\u00e9 \u00e0 l\u2019ambassadeur de cette convention, tout comme je lui ai parl\u00e9 des domaines qui int\u00e9ressent les deux institutions. Il a promis d\u2019activer cette convention, si bien que dans le futur, on verra nombre de choses mises en route pour sa faisabilit\u00e9\u00bb, lit-on.<\/p>\n<p><b>Wilfried ONDOA<\/b><\/p>\n","protected":false},"excerpt":{"rendered":"<p>Africa-Press &#8211; Cameroun. Le ministre d\u00e9l\u00e9gu\u00e9 \u00e0 la pr\u00e9sidence de la R\u00e9publique charg\u00e9 du Contr\u00f4le Sup\u00e9rieur de l\u2019Etat (CONSUPE), Rose Mbah Acha Fomundam, a re\u00e7u en audience l\u2019ambassadeur de la R\u00e9publique de Turquie au Cameroun, Volkan Isikci. C\u2019\u00e9tait le 28 avril 2021 \u00e0 Yaound\u00e9. Ils ont discut\u00e9 de la gestion saine de la fortune publique [&hellip;]<\/p>\n","protected":false},"author":82,"featured_media":2785,"comment_status":"open","ping_status":"closed","sticky":false,"template":"","format":"standard","meta":{"footnotes":""},"categories":[11,2,10],"tags":[36,50,49],"class_list":["post-2786","post","type-post","status-publish","format-standard","has-post-thumbnail","hentry","category-homepage-french","category-politique","category-toutes-les-actualites","tag-africa-press","tag-africa-press-cameroun","tag-cameroun"],"yoast_head":"<!-- This site is optimized with the Yoast SEO Premium plugin v26.1 (Yoast SEO v27.0) - https:\/\/yoast.com\/product\/yoast-seo-premium-wordpress\/ -->\n<title>Cameroun - Audit, contr\u00f4le et d\u00e9penses de l\u2019Etat: La R\u00e9publique de Turquie pr\u00eate \u00e0 accompagner le Cameroun dans la gestion saine de sa fortune publique - Cameroun<\/title>\n<meta name=\"description\" content=\"Le ministre d\u00e9l\u00e9gu\u00e9 \u00e0 la pr\u00e9sidence de la R\u00e9publique charg\u00e9 du Contr\u00f4le Sup\u00e9rieur de l\u2019Etat (CONSUPE), Rose Mbah Acha Fo ...\" \/>\n<meta name=\"robots\" content=\"index, follow, max-snippet:-1, max-image-preview:large, max-video-preview:-1\" \/>\n<link rel=\"canonical\" href=\"https:\/\/www.africa-press.net\/cameroun\/politique\/cameroun-audit-controle-et-depenses-de-letat-la-republique-de-turquie-prete-a-accompagner-le-cameroun-dans-la-gestion-saine-de-sa-fortune-publique\" \/>\n<meta property=\"og:locale\" content=\"fr_FR\" \/>\n<meta property=\"og:type\" content=\"article\" \/>\n<meta property=\"og:title\" content=\"Cameroun - Audit, contr\u00f4le et d\u00e9penses de l\u2019Etat: La R\u00e9publique de Turquie pr\u00eate \u00e0 accompagner le Cameroun dans la gestion saine de sa fortune publique\" \/>\n<meta property=\"og:description\" content=\"Le ministre d\u00e9l\u00e9gu\u00e9 \u00e0 la pr\u00e9sidence de la R\u00e9publique charg\u00e9 du Contr\u00f4le Sup\u00e9rieur de l\u2019Etat (CONSUPE), Rose Mbah Acha Fo ...\" \/>\n<meta property=\"og:url\" content=\"https:\/\/www.africa-press.net\/cameroun\/politique\/cameroun-audit-controle-et-depenses-de-letat-la-republique-de-turquie-prete-a-accompagner-le-cameroun-dans-la-gestion-saine-de-sa-fortune-publique\" \/>\n<meta property=\"og:site_name\" content=\"Cameroun\" \/>\n<meta property=\"article:published_time\" content=\"2021-04-29T17:50:14+00:00\" \/>\n<meta property=\"article:modified_time\" content=\"2021-04-29T19:44:29+00:00\" \/>\n<meta property=\"og:image\" content=\"https:\/\/static.africa-press.net\/cameroun\/sites\/57\/2021\/04\/img-608b0c767d306.jpg\" \/>\n\t<meta property=\"og:image:width\" content=\"800\" \/>\n\t<meta property=\"og:image:height\" content=\"532\" \/>\n\t<meta property=\"og:image:type\" content=\"image\/jpeg\" \/>\n<meta name=\"author\" content=\"cfeditorfr\" \/>\n<meta name=\"twitter:card\" content=\"summary_large_image\" \/>\n<meta name=\"twitter:label1\" content=\"\u00c9crit par\" \/>\n\t<meta name=\"twitter:data1\" content=\"cfeditorfr\" \/>\n\t<meta name=\"twitter:label2\" content=\"Dur\u00e9e de lecture estim\u00e9e\" \/>\n\t<meta name=\"twitter:data2\" content=\"2 minutes\" \/>\n<script type=\"application\/ld+json\" class=\"yoast-schema-graph\">{\"@context\":\"https:\/\/schema.org\",\"@graph\":[{\"@type\":\"Article\",\"@id\":\"https:\/\/www.africa-press.net\/cameroun\/politique\/cameroun-audit-controle-et-depenses-de-letat-la-republique-de-turquie-prete-a-accompagner-le-cameroun-dans-la-gestion-saine-de-sa-fortune-publique#article\",\"isPartOf\":{\"@id\":\"https:\/\/www.africa-press.net\/cameroun\/politique\/cameroun-audit-controle-et-depenses-de-letat-la-republique-de-turquie-prete-a-accompagner-le-cameroun-dans-la-gestion-saine-de-sa-fortune-publique\"},\"author\":{\"name\":\"cfeditorfr\",\"@id\":\"https:\/\/www.africa-press.net\/cameroun\/#\/schema\/person\/2b1cf3cd81a31e3cd26889ca66d677f1\"},\"headline\":\"Cameroun &#8211; Audit, contr\u00f4le et d\u00e9penses de l\u2019Etat: La R\u00e9publique de Turquie pr\u00eate \u00e0 accompagner le Cameroun dans la gestion saine de sa fortune publique\",\"datePublished\":\"2021-04-29T17:50:14+00:00\",\"dateModified\":\"2021-04-29T19:44:29+00:00\",\"mainEntityOfPage\":{\"@id\":\"https:\/\/www.africa-press.net\/cameroun\/politique\/cameroun-audit-controle-et-depenses-de-letat-la-republique-de-turquie-prete-a-accompagner-le-cameroun-dans-la-gestion-saine-de-sa-fortune-publique\"},\"wordCount\":407,\"commentCount\":0,\"image\":{\"@id\":\"https:\/\/www.africa-press.net\/cameroun\/politique\/cameroun-audit-controle-et-depenses-de-letat-la-republique-de-turquie-prete-a-accompagner-le-cameroun-dans-la-gestion-saine-de-sa-fortune-publique#primaryimage\"},\"thumbnailUrl\":\"https:\/\/static.africa-press.net\/cameroun\/sites\/57\/2021\/04\/img-608b0c767d306.jpg\",\"keywords\":[\"Africa Press\",\"Africa Press-Cameroun\",\"Cameroun\"],\"articleSection\":[\"homepage-french\",\"Politique\",\"Toutes les actualit\u00e9s\"],\"inLanguage\":\"fr-FR\",\"potentialAction\":[{\"@type\":\"CommentAction\",\"name\":\"Comment\",\"target\":[\"https:\/\/www.africa-press.net\/cameroun\/politique\/cameroun-audit-controle-et-depenses-de-letat-la-republique-de-turquie-prete-a-accompagner-le-cameroun-dans-la-gestion-saine-de-sa-fortune-publique#respond\"]}]},{\"@type\":\"WebPage\",\"@id\":\"https:\/\/www.africa-press.net\/cameroun\/politique\/cameroun-audit-controle-et-depenses-de-letat-la-republique-de-turquie-prete-a-accompagner-le-cameroun-dans-la-gestion-saine-de-sa-fortune-publique\",\"url\":\"https:\/\/www.africa-press.net\/cameroun\/politique\/cameroun-audit-controle-et-depenses-de-letat-la-republique-de-turquie-prete-a-accompagner-le-cameroun-dans-la-gestion-saine-de-sa-fortune-publique\",\"name\":\"Cameroun - Audit, contr\u00f4le et d\u00e9penses de l\u2019Etat: La R\u00e9publique de Turquie pr\u00eate \u00e0 accompagner le Cameroun dans la gestion saine de sa fortune publique - Cameroun\",\"isPartOf\":{\"@id\":\"https:\/\/www.africa-press.net\/cameroun\/#website\"},\"primaryImageOfPage\":{\"@id\":\"https:\/\/www.africa-press.net\/cameroun\/politique\/cameroun-audit-controle-et-depenses-de-letat-la-republique-de-turquie-prete-a-accompagner-le-cameroun-dans-la-gestion-saine-de-sa-fortune-publique#primaryimage\"},\"image\":{\"@id\":\"https:\/\/www.africa-press.net\/cameroun\/politique\/cameroun-audit-controle-et-depenses-de-letat-la-republique-de-turquie-prete-a-accompagner-le-cameroun-dans-la-gestion-saine-de-sa-fortune-publique#primaryimage\"},\"thumbnailUrl\":\"https:\/\/static.africa-press.net\/cameroun\/sites\/57\/2021\/04\/img-608b0c767d306.jpg\",\"datePublished\":\"2021-04-29T17:50:14+00:00\",\"dateModified\":\"2021-04-29T19:44:29+00:00\",\"author\":{\"@id\":\"https:\/\/www.africa-press.net\/cameroun\/#\/schema\/person\/2b1cf3cd81a31e3cd26889ca66d677f1\"},\"description\":\"Le ministre d\u00e9l\u00e9gu\u00e9 \u00e0 la pr\u00e9sidence de la R\u00e9publique charg\u00e9 du Contr\u00f4le Sup\u00e9rieur de l\u2019Etat (CONSUPE), Rose Mbah Acha Fo ...\",\"breadcrumb\":{\"@id\":\"https:\/\/www.africa-press.net\/cameroun\/politique\/cameroun-audit-controle-et-depenses-de-letat-la-republique-de-turquie-prete-a-accompagner-le-cameroun-dans-la-gestion-saine-de-sa-fortune-publique#breadcrumb\"},\"inLanguage\":\"fr-FR\",\"potentialAction\":[{\"@type\":\"ReadAction\",\"target\":[\"https:\/\/www.africa-press.net\/cameroun\/politique\/cameroun-audit-controle-et-depenses-de-letat-la-republique-de-turquie-prete-a-accompagner-le-cameroun-dans-la-gestion-saine-de-sa-fortune-publique\"]}]},{\"@type\":\"ImageObject\",\"inLanguage\":\"fr-FR\",\"@id\":\"https:\/\/www.africa-press.net\/cameroun\/politique\/cameroun-audit-controle-et-depenses-de-letat-la-republique-de-turquie-prete-a-accompagner-le-cameroun-dans-la-gestion-saine-de-sa-fortune-publique#primaryimage\",\"url\":\"https:\/\/static.africa-press.net\/cameroun\/sites\/57\/2021\/04\/img-608b0c767d306.jpg\",\"contentUrl\":\"https:\/\/static.africa-press.net\/cameroun\/sites\/57\/2021\/04\/img-608b0c767d306.jpg\",\"width\":800,\"height\":532,\"caption\":\"Cameroun - Audit, contr\u00f4le et d\u00e9penses de l\u2019Etat: La R\u00e9publique de Turquie pr\u00eate \u00e0 accompagner le Cameroun dans la gestion saine de sa fortune publique\"},{\"@type\":\"BreadcrumbList\",\"@id\":\"https:\/\/www.africa-press.net\/cameroun\/politique\/cameroun-audit-controle-et-depenses-de-letat-la-republique-de-turquie-prete-a-accompagner-le-cameroun-dans-la-gestion-saine-de-sa-fortune-publique#breadcrumb\",\"itemListElement\":[{\"@type\":\"ListItem\",\"position\":1,\"name\":\"Accueil\",\"item\":\"https:\/\/www.africa-press.net\/cameroun\/\"},{\"@type\":\"ListItem\",\"position\":2,\"name\":\"Cameroun &#8211; Audit, contr\u00f4le et d\u00e9penses de l\u2019Etat: La R\u00e9publique de Turquie pr\u00eate \u00e0 accompagner le Cameroun dans la gestion saine de sa fortune publique\"}]},{\"@type\":\"WebSite\",\"@id\":\"https:\/\/www.africa-press.net\/cameroun\/#website\",\"url\":\"https:\/\/www.africa-press.net\/cameroun\/\",\"name\":\"Cameroun\",\"description\":\"Just another Africa News Agency Sites site\",\"potentialAction\":[{\"@type\":\"SearchAction\",\"target\":{\"@type\":\"EntryPoint\",\"urlTemplate\":\"https:\/\/www.africa-press.net\/cameroun\/?s={search_term_string}\"},\"query-input\":{\"@type\":\"PropertyValueSpecification\",\"valueRequired\":true,\"valueName\":\"search_term_string\"}}],\"inLanguage\":\"fr-FR\"},{\"@type\":\"Person\",\"@id\":\"https:\/\/www.africa-press.net\/cameroun\/#\/schema\/person\/2b1cf3cd81a31e3cd26889ca66d677f1\",\"name\":\"cfeditorfr\"}]}<\/script>\n<!-- \/ Yoast SEO Premium plugin. -->","yoast_head_json":{"title":"Cameroun - Audit, contr\u00f4le et d\u00e9penses de l\u2019Etat: La R\u00e9publique de Turquie pr\u00eate \u00e0 accompagner le Cameroun dans la gestion saine de sa fortune publique - Cameroun","description":"Le ministre d\u00e9l\u00e9gu\u00e9 \u00e0 la pr\u00e9sidence de la R\u00e9publique charg\u00e9 du Contr\u00f4le Sup\u00e9rieur de l\u2019Etat (CONSUPE), Rose Mbah Acha Fo ...","robots":{"index":"index","follow":"follow","max-snippet":"max-snippet:-1","max-image-preview":"max-image-preview:large","max-video-preview":"max-video-preview:-1"},"canonical":"https:\/\/www.africa-press.net\/cameroun\/politique\/cameroun-audit-controle-et-depenses-de-letat-la-republique-de-turquie-prete-a-accompagner-le-cameroun-dans-la-gestion-saine-de-sa-fortune-publique","og_locale":"fr_FR","og_type":"article","og_title":"Cameroun - Audit, contr\u00f4le et d\u00e9penses de l\u2019Etat: La R\u00e9publique de Turquie pr\u00eate \u00e0 accompagner le Cameroun dans la gestion saine de sa fortune publique","og_description":"Le ministre d\u00e9l\u00e9gu\u00e9 \u00e0 la pr\u00e9sidence de la R\u00e9publique charg\u00e9 du Contr\u00f4le Sup\u00e9rieur de l\u2019Etat (CONSUPE), Rose Mbah Acha Fo ...","og_url":"https:\/\/www.africa-press.net\/cameroun\/politique\/cameroun-audit-controle-et-depenses-de-letat-la-republique-de-turquie-prete-a-accompagner-le-cameroun-dans-la-gestion-saine-de-sa-fortune-publique","og_site_name":"Cameroun","article_published_time":"2021-04-29T17:50:14+00:00","article_modified_time":"2021-04-29T19:44:29+00:00","og_image":[{"width":800,"height":532,"url":"https:\/\/static.africa-press.net\/cameroun\/sites\/57\/2021\/04\/img-608b0c767d306.jpg","type":"image\/jpeg"}],"author":"cfeditorfr","twitter_card":"summary_large_image","twitter_misc":{"\u00c9crit par":"cfeditorfr","Dur\u00e9e de lecture estim\u00e9e":"2 minutes"},"schema":{"@context":"https:\/\/schema.org","@graph":[{"@type":"Article","@id":"https:\/\/www.africa-press.net\/cameroun\/politique\/cameroun-audit-controle-et-depenses-de-letat-la-republique-de-turquie-prete-a-accompagner-le-cameroun-dans-la-gestion-saine-de-sa-fortune-publique#article","isPartOf":{"@id":"https:\/\/www.africa-press.net\/cameroun\/politique\/cameroun-audit-controle-et-depenses-de-letat-la-republique-de-turquie-prete-a-accompagner-le-cameroun-dans-la-gestion-saine-de-sa-fortune-publique"},"author":{"name":"cfeditorfr","@id":"https:\/\/www.africa-press.net\/cameroun\/#\/schema\/person\/2b1cf3cd81a31e3cd26889ca66d677f1"},"headline":"Cameroun &#8211; Audit, contr\u00f4le et d\u00e9penses de l\u2019Etat: La R\u00e9publique de Turquie pr\u00eate \u00e0 accompagner le Cameroun dans la gestion saine de sa fortune publique","datePublished":"2021-04-29T17:50:14+00:00","dateModified":"2021-04-29T19:44:29+00:00","mainEntityOfPage":{"@id":"https:\/\/www.africa-press.net\/cameroun\/politique\/cameroun-audit-controle-et-depenses-de-letat-la-republique-de-turquie-prete-a-accompagner-le-cameroun-dans-la-gestion-saine-de-sa-fortune-publique"},"wordCount":407,"commentCount":0,"image":{"@id":"https:\/\/www.africa-press.net\/cameroun\/politique\/cameroun-audit-controle-et-depenses-de-letat-la-republique-de-turquie-prete-a-accompagner-le-cameroun-dans-la-gestion-saine-de-sa-fortune-publique#primaryimage"},"thumbnailUrl":"https:\/\/static.africa-press.net\/cameroun\/sites\/57\/2021\/04\/img-608b0c767d306.jpg","keywords":["Africa Press","Africa Press-Cameroun","Cameroun"],"articleSection":["homepage-french","Politique","Toutes les actualit\u00e9s"],"inLanguage":"fr-FR","potentialAction":[{"@type":"CommentAction","name":"Comment","target":["https:\/\/www.africa-press.net\/cameroun\/politique\/cameroun-audit-controle-et-depenses-de-letat-la-republique-de-turquie-prete-a-accompagner-le-cameroun-dans-la-gestion-saine-de-sa-fortune-publique#respond"]}]},{"@type":"WebPage","@id":"https:\/\/www.africa-press.net\/cameroun\/politique\/cameroun-audit-controle-et-depenses-de-letat-la-republique-de-turquie-prete-a-accompagner-le-cameroun-dans-la-gestion-saine-de-sa-fortune-publique","url":"https:\/\/www.africa-press.net\/cameroun\/politique\/cameroun-audit-controle-et-depenses-de-letat-la-republique-de-turquie-prete-a-accompagner-le-cameroun-dans-la-gestion-saine-de-sa-fortune-publique","name":"Cameroun - Audit, contr\u00f4le et d\u00e9penses de l\u2019Etat: La R\u00e9publique de Turquie pr\u00eate \u00e0 accompagner le Cameroun dans la gestion saine de sa fortune publique - Cameroun","isPartOf":{"@id":"https:\/\/www.africa-press.net\/cameroun\/#website"},"primaryImageOfPage":{"@id":"https:\/\/www.africa-press.net\/cameroun\/politique\/cameroun-audit-controle-et-depenses-de-letat-la-republique-de-turquie-prete-a-accompagner-le-cameroun-dans-la-gestion-saine-de-sa-fortune-publique#primaryimage"},"image":{"@id":"https:\/\/www.africa-press.net\/cameroun\/politique\/cameroun-audit-controle-et-depenses-de-letat-la-republique-de-turquie-prete-a-accompagner-le-cameroun-dans-la-gestion-saine-de-sa-fortune-publique#primaryimage"},"thumbnailUrl":"https:\/\/static.africa-press.net\/cameroun\/sites\/57\/2021\/04\/img-608b0c767d306.jpg","datePublished":"2021-04-29T17:50:14+00:00","dateModified":"2021-04-29T19:44:29+00:00","author":{"@id":"https:\/\/www.africa-press.net\/cameroun\/#\/schema\/person\/2b1cf3cd81a31e3cd26889ca66d677f1"},"description":"Le ministre d\u00e9l\u00e9gu\u00e9 \u00e0 la pr\u00e9sidence de la R\u00e9publique charg\u00e9 du Contr\u00f4le Sup\u00e9rieur de l\u2019Etat (CONSUPE), Rose Mbah Acha Fo ...","breadcrumb":{"@id":"https:\/\/www.africa-press.net\/cameroun\/politique\/cameroun-audit-controle-et-depenses-de-letat-la-republique-de-turquie-prete-a-accompagner-le-cameroun-dans-la-gestion-saine-de-sa-fortune-publique#breadcrumb"},"inLanguage":"fr-FR","potentialAction":[{"@type":"ReadAction","target":["https:\/\/www.africa-press.net\/cameroun\/politique\/cameroun-audit-controle-et-depenses-de-letat-la-republique-de-turquie-prete-a-accompagner-le-cameroun-dans-la-gestion-saine-de-sa-fortune-publique"]}]},{"@type":"ImageObject","inLanguage":"fr-FR","@id":"https:\/\/www.africa-press.net\/cameroun\/politique\/cameroun-audit-controle-et-depenses-de-letat-la-republique-de-turquie-prete-a-accompagner-le-cameroun-dans-la-gestion-saine-de-sa-fortune-publique#primaryimage","url":"https:\/\/static.africa-press.net\/cameroun\/sites\/57\/2021\/04\/img-608b0c767d306.jpg","contentUrl":"https:\/\/static.africa-press.net\/cameroun\/sites\/57\/2021\/04\/img-608b0c767d306.jpg","width":800,"height":532,"caption":"Cameroun - Audit, contr\u00f4le et d\u00e9penses de l\u2019Etat: La R\u00e9publique de Turquie pr\u00eate \u00e0 accompagner le Cameroun dans la gestion saine de sa fortune publique"},{"@type":"BreadcrumbList","@id":"https:\/\/www.africa-press.net\/cameroun\/politique\/cameroun-audit-controle-et-depenses-de-letat-la-republique-de-turquie-prete-a-accompagner-le-cameroun-dans-la-gestion-saine-de-sa-fortune-publique#breadcrumb","itemListElement":[{"@type":"ListItem","position":1,"name":"Accueil","item":"https:\/\/www.africa-press.net\/cameroun\/"},{"@type":"ListItem","position":2,"name":"Cameroun &#8211; Audit, contr\u00f4le et d\u00e9penses de l\u2019Etat: La R\u00e9publique de Turquie pr\u00eate \u00e0 accompagner le Cameroun dans la gestion saine de sa fortune publique"}]},{"@type":"WebSite","@id":"https:\/\/www.africa-press.net\/cameroun\/#website","url":"https:\/\/www.africa-press.net\/cameroun\/","name":"Cameroun","description":"Just another Africa News Agency Sites site","potentialAction":[{"@type":"SearchAction","target":{"@type":"EntryPoint","urlTemplate":"https:\/\/www.africa-press.net\/cameroun\/?s={search_term_string}"},"query-input":{"@type":"PropertyValueSpecification","valueRequired":true,"valueName":"search_term_string"}}],"inLanguage":"fr-FR"},{"@type":"Person","@id":"https:\/\/www.africa-press.net\/cameroun\/#\/schema\/person\/2b1cf3cd81a31e3cd26889ca66d677f1","name":"cfeditorfr"}]}},"_links":{"self":[{"href":"https:\/\/www.africa-press.net\/cameroun\/wp-json\/wp\/v2\/posts\/2786","targetHints":{"allow":["GET"]}}],"collection":[{"href":"https:\/\/www.africa-press.net\/cameroun\/wp-json\/wp\/v2\/posts"}],"about":[{"href":"https:\/\/www.africa-press.net\/cameroun\/wp-json\/wp\/v2\/types\/post"}],"author":[{"embeddable":true,"href":"https:\/\/www.africa-press.net\/cameroun\/wp-json\/wp\/v2\/users\/82"}],"replies":[{"embeddable":true,"href":"https:\/\/www.africa-press.net\/cameroun\/wp-json\/wp\/v2\/comments?post=2786"}],"version-history":[{"count":0,"href":"https:\/\/www.africa-press.net\/cameroun\/wp-json\/wp\/v2\/posts\/2786\/revisions"}],"wp:featuredmedia":[{"embeddable":true,"href":"https:\/\/www.africa-press.net\/cameroun\/wp-json\/wp\/v2\/media\/2785"}],"wp:attachment":[{"href":"https:\/\/www.africa-press.net\/cameroun\/wp-json\/wp\/v2\/media?parent=2786"}],"wp:term":[{"taxonomy":"category","embeddable":true,"href":"https:\/\/www.africa-press.net\/cameroun\/wp-json\/wp\/v2\/categories?post=2786"},{"taxonomy":"post_tag","embeddable":true,"href":"https:\/\/www.africa-press.net\/cameroun\/wp-json\/wp\/v2\/tags?post=2786"}],"curies":[{"name":"wp","href":"https:\/\/api.w.org\/{rel}","templated":true}]}}