{"id":27862,"date":"2022-09-20T17:53:39","date_gmt":"2022-09-20T17:53:39","guid":{"rendered":"https:\/\/www.africa-press.net\/cameroun\/politique\/litterature-le-journaliste-luc-perry-wandji-annonce-la-creation-dun-grand-prix-litteraire-calixte-beyala-en-hommage-a-la-celebre-romanciere"},"modified":"2022-09-20T19:04:55","modified_gmt":"2022-09-20T19:04:55","slug":"litterature-le-journaliste-luc-perry-wandji-annonce-la-creation-dun-grand-prix-litteraire-calixte-beyala-en-hommage-a-la-celebre-romanciere","status":"publish","type":"post","link":"https:\/\/www.africa-press.net\/cameroun\/culture-et-art\/litterature-le-journaliste-luc-perry-wandji-annonce-la-creation-dun-grand-prix-litteraire-calixte-beyala-en-hommage-a-la-celebre-romanciere","title":{"rendered":"Litt\u00e9rature: Le journaliste Luc Perry Wandji annonce la cr\u00e9ation d\u2019un \u00abGrand prix litt\u00e9raire Calixte Beyala\u00bb en hommage \u00e0 la c\u00e9l\u00e8bre romanci\u00e8re"},"content":{"rendered":"<p><span style=\"color: #ff6600\"><strong>Africa-Press &#8211; Cameroun. <\/strong><\/span>Les deux personnalit\u00e9s, le journaliste Luc Perry Wandji et la c\u00e9l\u00e8bre romanci\u00e8re franco-camerounaise Calixte Beyala, ont d\u00e9sormais derri\u00e8re eux cet incident survenu en 2017 sur le plateau de l\u2019Ar\u00e8ne sur la chaine priv\u00e9e Canal 2 International. L\u2019\u00e9change viril de cette \u00e9poque a c\u00e9d\u00e9 la place quelques ann\u00e9es apr\u00e8s \u00e0 une relation plus cordiale dans le cadre d\u2019un projet professionnel port\u00e9 par le journaliste de la Cameroon Radio Television (CRTV).<\/p>\n<p>Luc Perry Wandji est en effet un mordu de la litt\u00e9rature, et a d\u00e9cid\u00e9 de mettre sur pied une initiative visant \u00e0 honorer ce domaine tr\u00e8s peu affectionn\u00e9 au Cameroun. Il annonce la cr\u00e9ation d\u2019un \u00ab <b>Grand prix litt\u00e9raire Calixte Beyala<\/b> \u00bb, en hommage \u00e0 l\u2019\u00e9crivaine, pour \u00ab <b>son talent et son parcours exceptionnels d&rsquo;\u00e9crivaine ; ainsi que sa r\u00e9putation qui traverse depuis belle lurette les fronti\u00e8res nationales<\/b> \u00bb, a-t-il indiqu\u00e9 dans une note publi\u00e9e sur son compte Facebook ce mardi 20 septembre 2022.<\/p>\n<p>Il pense que la Calixte Beyala est une pionni\u00e8re dans ce domaine qui m\u00e9rite des \u00e9gards dus \u00e0 sa stature. Luc Perry indique qu\u2019il a d\u00e9j\u00e0 obtenu l\u2019accord de principe de la concern\u00e9e, qui s\u2019est d\u2019ailleurs \u00e9panch\u00e9e sur cette marque de reconnaissance \u00e0 son endroit, sur son compte Facebook \u00e9galement : \u00ab <b>J&rsquo;en suis tr\u00e8s flatt\u00e9e, tr\u00e8s honor\u00e9e. Merci Luc Perry Wandji&#8230; La litt\u00e9rature est au d\u00e9but de toute chose. Au commencement \u00e9tait le Verbe, dit la Bible \u00bb. <\/b><\/p>\n<p>Et Luc Perry de pr\u00e9ciser : \u00ab <b>dans un premier temps, le Grand Prix Litt\u00e9raire Calixthe Beyala, va r\u00e9compenser les \u00e9crivains en herbe de New-Bell. Avant de s&rsquo;\u00e9tendre \u00e0 la nation toute enti\u00e8re<\/b> \u00bb, explique l\u2019ancien journaliste de LTM TV.<\/p>\n<p>Le confr\u00e8re de la CRTV va donc instituer ce prix, \u00e0 l\u2019occasion des NBA (New Bell Awards), un projet qu\u2019il porte et qui vise \u00e0 faire de cette cit\u00e9 de la capitale \u00e9conomique, un \u00ab <b>sanctuaire culturel. Un haut lieu de culture et des savoirs \u00bb, <\/b>souligne Luc Perry Wandji, natif de New Bell. Il entend ainsi aider ce quartier \u00e0 se d\u00e9lester de sa r\u00e9putation de<b> \u00ab cit\u00e9 des crimes et des mis\u00e8res<\/b> \u00bb, et la repositionner parmi les destinations les plus pris\u00e9es culturellement.<\/p>\n<p>Le journaliste pr\u00e9cise par ailleurs que pour ce projet pilote, il va personnellement pourvoir aux financements, pour r\u00e9compenser le premier laur\u00e9at de ce Grand prix litt\u00e9raire, \u00ab <b>J&rsquo;en prends le ferme engagement, devant Dieu et les Hommes<\/b> \u00bb, a-t-il fait le serment.<\/p>\n<p><strong>Pour plus d&rsquo;informations et d&rsquo;analyses sur la <a href=\"https:\/\/www.africa-press.net\/cameroun\">Cameroun<\/a>, suivez <a href=\"https:\/\/www.africa-press.net\/\">Africa-Press<\/a><\/strong><\/p>\n","protected":false},"excerpt":{"rendered":"<p>Africa-Press &#8211; Cameroun. Les deux personnalit\u00e9s, le journaliste Luc Perry Wandji et la c\u00e9l\u00e8bre romanci\u00e8re franco-camerounaise Calixte Beyala, ont d\u00e9sormais derri\u00e8re eux cet incident survenu en 2017 sur le plateau de l\u2019Ar\u00e8ne sur la chaine priv\u00e9e Canal 2 International. L\u2019\u00e9change viril de cette \u00e9poque a c\u00e9d\u00e9 la place quelques ann\u00e9es apr\u00e8s \u00e0 une relation plus [&hellip;]<\/p>\n","protected":false},"author":82,"featured_media":27861,"comment_status":"open","ping_status":"closed","sticky":false,"template":"","format":"standard","meta":{"footnotes":""},"categories":[5,11,10],"tags":[36,50,49],"class_list":["post-27862","post","type-post","status-publish","format-standard","has-post-thumbnail","hentry","category-culture-et-art","category-homepage-french","category-toutes-les-actualites","tag-africa-press","tag-africa-press-cameroun","tag-cameroun"],"yoast_head":"<!-- This site is optimized with the Yoast SEO Premium plugin v26.1 (Yoast SEO v27.0) - https:\/\/yoast.com\/product\/yoast-seo-premium-wordpress\/ -->\n<title>Litt\u00e9rature: Le journaliste Luc Perry Wandji annonce la cr\u00e9ation d\u2019un \u00abGrand prix litt\u00e9raire Calixte Beyala\u00bb en hommage \u00e0 la c\u00e9l\u00e8bre romanci\u00e8re - Cameroun<\/title>\n<meta name=\"description\" content=\"Les deux personnalit\u00e9s, le journaliste Luc Perry Wandji et la c\u00e9l\u00e8bre romanci\u00e8re franco-camerounaise Calixte Beyala, ont ...\" \/>\n<meta name=\"robots\" content=\"index, follow, max-snippet:-1, max-image-preview:large, max-video-preview:-1\" \/>\n<link rel=\"canonical\" href=\"https:\/\/www.africa-press.net\/cameroun\/culture-et-art\/litterature-le-journaliste-luc-perry-wandji-annonce-la-creation-dun-grand-prix-litteraire-calixte-beyala-en-hommage-a-la-celebre-romanciere\" \/>\n<meta property=\"og:locale\" content=\"fr_FR\" \/>\n<meta property=\"og:type\" content=\"article\" \/>\n<meta property=\"og:title\" content=\"Litt\u00e9rature: Le journaliste Luc Perry Wandji annonce la cr\u00e9ation d\u2019un \u00abGrand prix litt\u00e9raire Calixte Beyala\u00bb en hommage \u00e0 la c\u00e9l\u00e8bre romanci\u00e8re\" \/>\n<meta property=\"og:description\" content=\"Les deux personnalit\u00e9s, le journaliste Luc Perry Wandji et la c\u00e9l\u00e8bre romanci\u00e8re franco-camerounaise Calixte Beyala, ont ...\" \/>\n<meta property=\"og:url\" content=\"https:\/\/www.africa-press.net\/cameroun\/culture-et-art\/litterature-le-journaliste-luc-perry-wandji-annonce-la-creation-dun-grand-prix-litteraire-calixte-beyala-en-hommage-a-la-celebre-romanciere\" \/>\n<meta property=\"og:site_name\" content=\"Cameroun\" \/>\n<meta property=\"article:published_time\" content=\"2022-09-20T17:53:39+00:00\" \/>\n<meta property=\"article:modified_time\" content=\"2022-09-20T19:04:55+00:00\" \/>\n<meta property=\"og:image\" content=\"https:\/\/static.africa-press.net\/cameroun\/sites\/57\/2022\/09\/img-632a0ebcc2cec.jpg\" \/>\n\t<meta property=\"og:image:width\" content=\"800\" \/>\n\t<meta property=\"og:image:height\" content=\"403\" \/>\n\t<meta property=\"og:image:type\" content=\"image\/jpeg\" \/>\n<meta name=\"author\" content=\"cfeditorfr\" \/>\n<meta name=\"twitter:card\" content=\"summary_large_image\" \/>\n<meta name=\"twitter:label1\" content=\"\u00c9crit par\" \/>\n\t<meta name=\"twitter:data1\" content=\"cfeditorfr\" \/>\n\t<meta name=\"twitter:label2\" content=\"Dur\u00e9e de lecture estim\u00e9e\" \/>\n\t<meta name=\"twitter:data2\" content=\"3 minutes\" \/>\n<script type=\"application\/ld+json\" class=\"yoast-schema-graph\">{\"@context\":\"https:\/\/schema.org\",\"@graph\":[{\"@type\":\"Article\",\"@id\":\"https:\/\/www.africa-press.net\/cameroun\/culture-et-art\/litterature-le-journaliste-luc-perry-wandji-annonce-la-creation-dun-grand-prix-litteraire-calixte-beyala-en-hommage-a-la-celebre-romanciere#article\",\"isPartOf\":{\"@id\":\"https:\/\/www.africa-press.net\/cameroun\/culture-et-art\/litterature-le-journaliste-luc-perry-wandji-annonce-la-creation-dun-grand-prix-litteraire-calixte-beyala-en-hommage-a-la-celebre-romanciere\"},\"author\":{\"name\":\"cfeditorfr\",\"@id\":\"https:\/\/www.africa-press.net\/cameroun\/#\/schema\/person\/2b1cf3cd81a31e3cd26889ca66d677f1\"},\"headline\":\"Litt\u00e9rature: Le journaliste Luc Perry Wandji annonce la cr\u00e9ation d\u2019un \u00abGrand prix litt\u00e9raire Calixte Beyala\u00bb en hommage \u00e0 la c\u00e9l\u00e8bre romanci\u00e8re\",\"datePublished\":\"2022-09-20T17:53:39+00:00\",\"dateModified\":\"2022-09-20T19:04:55+00:00\",\"mainEntityOfPage\":{\"@id\":\"https:\/\/www.africa-press.net\/cameroun\/culture-et-art\/litterature-le-journaliste-luc-perry-wandji-annonce-la-creation-dun-grand-prix-litteraire-calixte-beyala-en-hommage-a-la-celebre-romanciere\"},\"wordCount\":470,\"commentCount\":0,\"image\":{\"@id\":\"https:\/\/www.africa-press.net\/cameroun\/culture-et-art\/litterature-le-journaliste-luc-perry-wandji-annonce-la-creation-dun-grand-prix-litteraire-calixte-beyala-en-hommage-a-la-celebre-romanciere#primaryimage\"},\"thumbnailUrl\":\"https:\/\/static.africa-press.net\/cameroun\/sites\/57\/2022\/09\/img-632a0ebcc2cec.jpg\",\"keywords\":[\"Africa Press\",\"Africa Press-Cameroun\",\"Cameroun\"],\"articleSection\":[\"Culture et Art\",\"homepage-french\",\"Toutes les actualit\u00e9s\"],\"inLanguage\":\"fr-FR\",\"potentialAction\":[{\"@type\":\"CommentAction\",\"name\":\"Comment\",\"target\":[\"https:\/\/www.africa-press.net\/cameroun\/culture-et-art\/litterature-le-journaliste-luc-perry-wandji-annonce-la-creation-dun-grand-prix-litteraire-calixte-beyala-en-hommage-a-la-celebre-romanciere#respond\"]}]},{\"@type\":\"WebPage\",\"@id\":\"https:\/\/www.africa-press.net\/cameroun\/culture-et-art\/litterature-le-journaliste-luc-perry-wandji-annonce-la-creation-dun-grand-prix-litteraire-calixte-beyala-en-hommage-a-la-celebre-romanciere\",\"url\":\"https:\/\/www.africa-press.net\/cameroun\/culture-et-art\/litterature-le-journaliste-luc-perry-wandji-annonce-la-creation-dun-grand-prix-litteraire-calixte-beyala-en-hommage-a-la-celebre-romanciere\",\"name\":\"Litt\u00e9rature: Le journaliste Luc Perry Wandji annonce la cr\u00e9ation d\u2019un \u00abGrand prix litt\u00e9raire Calixte Beyala\u00bb en hommage \u00e0 la c\u00e9l\u00e8bre romanci\u00e8re - Cameroun\",\"isPartOf\":{\"@id\":\"https:\/\/www.africa-press.net\/cameroun\/#website\"},\"primaryImageOfPage\":{\"@id\":\"https:\/\/www.africa-press.net\/cameroun\/culture-et-art\/litterature-le-journaliste-luc-perry-wandji-annonce-la-creation-dun-grand-prix-litteraire-calixte-beyala-en-hommage-a-la-celebre-romanciere#primaryimage\"},\"image\":{\"@id\":\"https:\/\/www.africa-press.net\/cameroun\/culture-et-art\/litterature-le-journaliste-luc-perry-wandji-annonce-la-creation-dun-grand-prix-litteraire-calixte-beyala-en-hommage-a-la-celebre-romanciere#primaryimage\"},\"thumbnailUrl\":\"https:\/\/static.africa-press.net\/cameroun\/sites\/57\/2022\/09\/img-632a0ebcc2cec.jpg\",\"datePublished\":\"2022-09-20T17:53:39+00:00\",\"dateModified\":\"2022-09-20T19:04:55+00:00\",\"author\":{\"@id\":\"https:\/\/www.africa-press.net\/cameroun\/#\/schema\/person\/2b1cf3cd81a31e3cd26889ca66d677f1\"},\"description\":\"Les deux personnalit\u00e9s, le journaliste Luc Perry Wandji et la c\u00e9l\u00e8bre romanci\u00e8re franco-camerounaise Calixte Beyala, ont ...\",\"breadcrumb\":{\"@id\":\"https:\/\/www.africa-press.net\/cameroun\/culture-et-art\/litterature-le-journaliste-luc-perry-wandji-annonce-la-creation-dun-grand-prix-litteraire-calixte-beyala-en-hommage-a-la-celebre-romanciere#breadcrumb\"},\"inLanguage\":\"fr-FR\",\"potentialAction\":[{\"@type\":\"ReadAction\",\"target\":[\"https:\/\/www.africa-press.net\/cameroun\/culture-et-art\/litterature-le-journaliste-luc-perry-wandji-annonce-la-creation-dun-grand-prix-litteraire-calixte-beyala-en-hommage-a-la-celebre-romanciere\"]}]},{\"@type\":\"ImageObject\",\"inLanguage\":\"fr-FR\",\"@id\":\"https:\/\/www.africa-press.net\/cameroun\/culture-et-art\/litterature-le-journaliste-luc-perry-wandji-annonce-la-creation-dun-grand-prix-litteraire-calixte-beyala-en-hommage-a-la-celebre-romanciere#primaryimage\",\"url\":\"https:\/\/static.africa-press.net\/cameroun\/sites\/57\/2022\/09\/img-632a0ebcc2cec.jpg\",\"contentUrl\":\"https:\/\/static.africa-press.net\/cameroun\/sites\/57\/2022\/09\/img-632a0ebcc2cec.jpg\",\"width\":800,\"height\":403,\"caption\":\"Litt\u00e9rature: Le journaliste Luc Perry Wandji annonce la cr\u00e9ation d\u2019un \u00abGrand prix litt\u00e9raire Calixte Beyala\u00bb en hommage \u00e0 la c\u00e9l\u00e8bre romanci\u00e8re\"},{\"@type\":\"BreadcrumbList\",\"@id\":\"https:\/\/www.africa-press.net\/cameroun\/culture-et-art\/litterature-le-journaliste-luc-perry-wandji-annonce-la-creation-dun-grand-prix-litteraire-calixte-beyala-en-hommage-a-la-celebre-romanciere#breadcrumb\",\"itemListElement\":[{\"@type\":\"ListItem\",\"position\":1,\"name\":\"Accueil\",\"item\":\"https:\/\/www.africa-press.net\/cameroun\/\"},{\"@type\":\"ListItem\",\"position\":2,\"name\":\"Litt\u00e9rature: Le journaliste Luc Perry Wandji annonce la cr\u00e9ation d\u2019un \u00abGrand prix litt\u00e9raire Calixte Beyala\u00bb en hommage \u00e0 la c\u00e9l\u00e8bre romanci\u00e8re\"}]},{\"@type\":\"WebSite\",\"@id\":\"https:\/\/www.africa-press.net\/cameroun\/#website\",\"url\":\"https:\/\/www.africa-press.net\/cameroun\/\",\"name\":\"Cameroun\",\"description\":\"Just another Africa News Agency Sites site\",\"potentialAction\":[{\"@type\":\"SearchAction\",\"target\":{\"@type\":\"EntryPoint\",\"urlTemplate\":\"https:\/\/www.africa-press.net\/cameroun\/?s={search_term_string}\"},\"query-input\":{\"@type\":\"PropertyValueSpecification\",\"valueRequired\":true,\"valueName\":\"search_term_string\"}}],\"inLanguage\":\"fr-FR\"},{\"@type\":\"Person\",\"@id\":\"https:\/\/www.africa-press.net\/cameroun\/#\/schema\/person\/2b1cf3cd81a31e3cd26889ca66d677f1\",\"name\":\"cfeditorfr\"}]}<\/script>\n<!-- \/ Yoast SEO Premium plugin. -->","yoast_head_json":{"title":"Litt\u00e9rature: Le journaliste Luc Perry Wandji annonce la cr\u00e9ation d\u2019un \u00abGrand prix litt\u00e9raire Calixte Beyala\u00bb en hommage \u00e0 la c\u00e9l\u00e8bre romanci\u00e8re - Cameroun","description":"Les deux personnalit\u00e9s, le journaliste Luc Perry Wandji et la c\u00e9l\u00e8bre romanci\u00e8re franco-camerounaise Calixte Beyala, ont ...","robots":{"index":"index","follow":"follow","max-snippet":"max-snippet:-1","max-image-preview":"max-image-preview:large","max-video-preview":"max-video-preview:-1"},"canonical":"https:\/\/www.africa-press.net\/cameroun\/culture-et-art\/litterature-le-journaliste-luc-perry-wandji-annonce-la-creation-dun-grand-prix-litteraire-calixte-beyala-en-hommage-a-la-celebre-romanciere","og_locale":"fr_FR","og_type":"article","og_title":"Litt\u00e9rature: Le journaliste Luc Perry Wandji annonce la cr\u00e9ation d\u2019un \u00abGrand prix litt\u00e9raire Calixte Beyala\u00bb en hommage \u00e0 la c\u00e9l\u00e8bre romanci\u00e8re","og_description":"Les deux personnalit\u00e9s, le journaliste Luc Perry Wandji et la c\u00e9l\u00e8bre romanci\u00e8re franco-camerounaise Calixte Beyala, ont ...","og_url":"https:\/\/www.africa-press.net\/cameroun\/culture-et-art\/litterature-le-journaliste-luc-perry-wandji-annonce-la-creation-dun-grand-prix-litteraire-calixte-beyala-en-hommage-a-la-celebre-romanciere","og_site_name":"Cameroun","article_published_time":"2022-09-20T17:53:39+00:00","article_modified_time":"2022-09-20T19:04:55+00:00","og_image":[{"width":800,"height":403,"url":"https:\/\/static.africa-press.net\/cameroun\/sites\/57\/2022\/09\/img-632a0ebcc2cec.jpg","type":"image\/jpeg"}],"author":"cfeditorfr","twitter_card":"summary_large_image","twitter_misc":{"\u00c9crit par":"cfeditorfr","Dur\u00e9e de lecture estim\u00e9e":"3 minutes"},"schema":{"@context":"https:\/\/schema.org","@graph":[{"@type":"Article","@id":"https:\/\/www.africa-press.net\/cameroun\/culture-et-art\/litterature-le-journaliste-luc-perry-wandji-annonce-la-creation-dun-grand-prix-litteraire-calixte-beyala-en-hommage-a-la-celebre-romanciere#article","isPartOf":{"@id":"https:\/\/www.africa-press.net\/cameroun\/culture-et-art\/litterature-le-journaliste-luc-perry-wandji-annonce-la-creation-dun-grand-prix-litteraire-calixte-beyala-en-hommage-a-la-celebre-romanciere"},"author":{"name":"cfeditorfr","@id":"https:\/\/www.africa-press.net\/cameroun\/#\/schema\/person\/2b1cf3cd81a31e3cd26889ca66d677f1"},"headline":"Litt\u00e9rature: Le journaliste Luc Perry Wandji annonce la cr\u00e9ation d\u2019un \u00abGrand prix litt\u00e9raire Calixte Beyala\u00bb en hommage \u00e0 la c\u00e9l\u00e8bre romanci\u00e8re","datePublished":"2022-09-20T17:53:39+00:00","dateModified":"2022-09-20T19:04:55+00:00","mainEntityOfPage":{"@id":"https:\/\/www.africa-press.net\/cameroun\/culture-et-art\/litterature-le-journaliste-luc-perry-wandji-annonce-la-creation-dun-grand-prix-litteraire-calixte-beyala-en-hommage-a-la-celebre-romanciere"},"wordCount":470,"commentCount":0,"image":{"@id":"https:\/\/www.africa-press.net\/cameroun\/culture-et-art\/litterature-le-journaliste-luc-perry-wandji-annonce-la-creation-dun-grand-prix-litteraire-calixte-beyala-en-hommage-a-la-celebre-romanciere#primaryimage"},"thumbnailUrl":"https:\/\/static.africa-press.net\/cameroun\/sites\/57\/2022\/09\/img-632a0ebcc2cec.jpg","keywords":["Africa Press","Africa Press-Cameroun","Cameroun"],"articleSection":["Culture et Art","homepage-french","Toutes les actualit\u00e9s"],"inLanguage":"fr-FR","potentialAction":[{"@type":"CommentAction","name":"Comment","target":["https:\/\/www.africa-press.net\/cameroun\/culture-et-art\/litterature-le-journaliste-luc-perry-wandji-annonce-la-creation-dun-grand-prix-litteraire-calixte-beyala-en-hommage-a-la-celebre-romanciere#respond"]}]},{"@type":"WebPage","@id":"https:\/\/www.africa-press.net\/cameroun\/culture-et-art\/litterature-le-journaliste-luc-perry-wandji-annonce-la-creation-dun-grand-prix-litteraire-calixte-beyala-en-hommage-a-la-celebre-romanciere","url":"https:\/\/www.africa-press.net\/cameroun\/culture-et-art\/litterature-le-journaliste-luc-perry-wandji-annonce-la-creation-dun-grand-prix-litteraire-calixte-beyala-en-hommage-a-la-celebre-romanciere","name":"Litt\u00e9rature: Le journaliste Luc Perry Wandji annonce la cr\u00e9ation d\u2019un \u00abGrand prix litt\u00e9raire Calixte Beyala\u00bb en hommage \u00e0 la c\u00e9l\u00e8bre romanci\u00e8re - Cameroun","isPartOf":{"@id":"https:\/\/www.africa-press.net\/cameroun\/#website"},"primaryImageOfPage":{"@id":"https:\/\/www.africa-press.net\/cameroun\/culture-et-art\/litterature-le-journaliste-luc-perry-wandji-annonce-la-creation-dun-grand-prix-litteraire-calixte-beyala-en-hommage-a-la-celebre-romanciere#primaryimage"},"image":{"@id":"https:\/\/www.africa-press.net\/cameroun\/culture-et-art\/litterature-le-journaliste-luc-perry-wandji-annonce-la-creation-dun-grand-prix-litteraire-calixte-beyala-en-hommage-a-la-celebre-romanciere#primaryimage"},"thumbnailUrl":"https:\/\/static.africa-press.net\/cameroun\/sites\/57\/2022\/09\/img-632a0ebcc2cec.jpg","datePublished":"2022-09-20T17:53:39+00:00","dateModified":"2022-09-20T19:04:55+00:00","author":{"@id":"https:\/\/www.africa-press.net\/cameroun\/#\/schema\/person\/2b1cf3cd81a31e3cd26889ca66d677f1"},"description":"Les deux personnalit\u00e9s, le journaliste Luc Perry Wandji et la c\u00e9l\u00e8bre romanci\u00e8re franco-camerounaise Calixte Beyala, ont ...","breadcrumb":{"@id":"https:\/\/www.africa-press.net\/cameroun\/culture-et-art\/litterature-le-journaliste-luc-perry-wandji-annonce-la-creation-dun-grand-prix-litteraire-calixte-beyala-en-hommage-a-la-celebre-romanciere#breadcrumb"},"inLanguage":"fr-FR","potentialAction":[{"@type":"ReadAction","target":["https:\/\/www.africa-press.net\/cameroun\/culture-et-art\/litterature-le-journaliste-luc-perry-wandji-annonce-la-creation-dun-grand-prix-litteraire-calixte-beyala-en-hommage-a-la-celebre-romanciere"]}]},{"@type":"ImageObject","inLanguage":"fr-FR","@id":"https:\/\/www.africa-press.net\/cameroun\/culture-et-art\/litterature-le-journaliste-luc-perry-wandji-annonce-la-creation-dun-grand-prix-litteraire-calixte-beyala-en-hommage-a-la-celebre-romanciere#primaryimage","url":"https:\/\/static.africa-press.net\/cameroun\/sites\/57\/2022\/09\/img-632a0ebcc2cec.jpg","contentUrl":"https:\/\/static.africa-press.net\/cameroun\/sites\/57\/2022\/09\/img-632a0ebcc2cec.jpg","width":800,"height":403,"caption":"Litt\u00e9rature: Le journaliste Luc Perry Wandji annonce la cr\u00e9ation d\u2019un \u00abGrand prix litt\u00e9raire Calixte Beyala\u00bb en hommage \u00e0 la c\u00e9l\u00e8bre romanci\u00e8re"},{"@type":"BreadcrumbList","@id":"https:\/\/www.africa-press.net\/cameroun\/culture-et-art\/litterature-le-journaliste-luc-perry-wandji-annonce-la-creation-dun-grand-prix-litteraire-calixte-beyala-en-hommage-a-la-celebre-romanciere#breadcrumb","itemListElement":[{"@type":"ListItem","position":1,"name":"Accueil","item":"https:\/\/www.africa-press.net\/cameroun\/"},{"@type":"ListItem","position":2,"name":"Litt\u00e9rature: Le journaliste Luc Perry Wandji annonce la cr\u00e9ation d\u2019un \u00abGrand prix litt\u00e9raire Calixte Beyala\u00bb en hommage \u00e0 la c\u00e9l\u00e8bre romanci\u00e8re"}]},{"@type":"WebSite","@id":"https:\/\/www.africa-press.net\/cameroun\/#website","url":"https:\/\/www.africa-press.net\/cameroun\/","name":"Cameroun","description":"Just another Africa News Agency Sites site","potentialAction":[{"@type":"SearchAction","target":{"@type":"EntryPoint","urlTemplate":"https:\/\/www.africa-press.net\/cameroun\/?s={search_term_string}"},"query-input":{"@type":"PropertyValueSpecification","valueRequired":true,"valueName":"search_term_string"}}],"inLanguage":"fr-FR"},{"@type":"Person","@id":"https:\/\/www.africa-press.net\/cameroun\/#\/schema\/person\/2b1cf3cd81a31e3cd26889ca66d677f1","name":"cfeditorfr"}]}},"_links":{"self":[{"href":"https:\/\/www.africa-press.net\/cameroun\/wp-json\/wp\/v2\/posts\/27862","targetHints":{"allow":["GET"]}}],"collection":[{"href":"https:\/\/www.africa-press.net\/cameroun\/wp-json\/wp\/v2\/posts"}],"about":[{"href":"https:\/\/www.africa-press.net\/cameroun\/wp-json\/wp\/v2\/types\/post"}],"author":[{"embeddable":true,"href":"https:\/\/www.africa-press.net\/cameroun\/wp-json\/wp\/v2\/users\/82"}],"replies":[{"embeddable":true,"href":"https:\/\/www.africa-press.net\/cameroun\/wp-json\/wp\/v2\/comments?post=27862"}],"version-history":[{"count":0,"href":"https:\/\/www.africa-press.net\/cameroun\/wp-json\/wp\/v2\/posts\/27862\/revisions"}],"wp:featuredmedia":[{"embeddable":true,"href":"https:\/\/www.africa-press.net\/cameroun\/wp-json\/wp\/v2\/media\/27861"}],"wp:attachment":[{"href":"https:\/\/www.africa-press.net\/cameroun\/wp-json\/wp\/v2\/media?parent=27862"}],"wp:term":[{"taxonomy":"category","embeddable":true,"href":"https:\/\/www.africa-press.net\/cameroun\/wp-json\/wp\/v2\/categories?post=27862"},{"taxonomy":"post_tag","embeddable":true,"href":"https:\/\/www.africa-press.net\/cameroun\/wp-json\/wp\/v2\/tags?post=27862"}],"curies":[{"name":"wp","href":"https:\/\/api.w.org\/{rel}","templated":true}]}}