{"id":27865,"date":"2022-09-20T17:59:18","date_gmt":"2022-09-20T17:59:18","guid":{"rendered":"https:\/\/www.africa-press.net\/cameroun\/politique\/cameroun-sacrilege-fessee-publique-administree-aux-fideles-dune-eglise"},"modified":"2022-09-20T19:05:36","modified_gmt":"2022-09-20T19:05:36","slug":"cameroun-sacrilege-fessee-publique-administree-aux-fideles-dune-eglise","status":"publish","type":"post","link":"https:\/\/www.africa-press.net\/cameroun\/toutes-les-actualites\/cameroun-sacrilege-fessee-publique-administree-aux-fideles-dune-eglise","title":{"rendered":"Cameroun-sacril\u00e8ge : fess\u00e9e publique administr\u00e9e aux fid\u00e8les d\u2019une \u00e9glise"},"content":{"rendered":"<p><span style=\"color: #ff6600\"><strong>Africa-Press &#8211; Cameroun. <\/strong><\/span><b>Ils sont accus\u00e9s d\u2019avoir brul\u00e9 les cr\u00e2nes des anc\u00eatres conserv\u00e9s dans une chefferie dans la r\u00e9gion de l\u2019Ouest.<\/b><\/p>\n<p>La vid\u00e9o fait le tour de la toile depuis le week-end dernier. Elle montre des personnes ayant des mains ligot\u00e9es derri\u00e8re le dos, les pieds attach\u00e9s. A la place publique, Ils re\u00e7oivent une correction \u00e0 coups de b\u00e2tons des hommes robustes, sous le regard d\u2019une foule de curieux. La sc\u00e8ne se d\u00e9roule dans la ville de Bafang, d\u00e9partement du Haut-Nkam, r\u00e9gion de l\u2019Ouest.<\/p>\n<p>A l\u2019origine de cette fess\u00e9e, des accusations mettant en avant la profanation du sacr\u00e9. En effet, ces fid\u00e8les d\u2019une \u00e9glise sont accus\u00e9s d\u2019avoir br\u00fbl\u00e9 les cr\u00e2nes des anc\u00eatres gard\u00e9s \u00e0 la chefferie Nka. Ils sont entr\u00e9s dans la case sacr\u00e9e traitant des reliques ancestrales auxquelles le peuple voue un culte, d\u2019\u00eatre en opposition avec leur religion.<\/p>\n<p>Un sacril\u00e8ge qui selon la chefferie m\u00e9rite bien une sanction. Les fid\u00e8les, pr\u00e9sum\u00e9s auteurs des faits, ont \u00e9t\u00e9 rattrap\u00e9s par la population avant de subir le traitement.<\/p>\n<p>Dans la r\u00e9gion de l\u2019Ouest, la population reste encore fid\u00e8le \u00e0 la tradition. Celle-ci dans certaines localit\u00e9 voudrait que les cr\u00e2nes des anc\u00eatres soient exhum\u00e9s et gard\u00e9s dans la case sacr\u00e9e des chefferies ou alors dans un espace r\u00e9serv\u00e9 \u00e0 l\u2019int\u00e9rieur des domiciles priv\u00e9s.<\/p>\n<p><strong>Pour plus d&rsquo;informations et d&rsquo;analyses sur la <a href=\"https:\/\/www.africa-press.net\/cameroun\">Cameroun<\/a>, suivez <a href=\"https:\/\/www.africa-press.net\/\">Africa-Press<\/a><\/strong><\/p>\n","protected":false},"excerpt":{"rendered":"<p>Africa-Press &#8211; Cameroun. Ils sont accus\u00e9s d\u2019avoir brul\u00e9 les cr\u00e2nes des anc\u00eatres conserv\u00e9s dans une chefferie dans la r\u00e9gion de l\u2019Ouest. La vid\u00e9o fait le tour de la toile depuis le week-end dernier. Elle montre des personnes ayant des mains ligot\u00e9es derri\u00e8re le dos, les pieds attach\u00e9s. A la place publique, Ils re\u00e7oivent une correction [&hellip;]<\/p>\n","protected":false},"author":82,"featured_media":27864,"comment_status":"open","ping_status":"closed","sticky":false,"template":"","format":"standard","meta":{"footnotes":""},"categories":[21,11,10],"tags":[36,50,49],"class_list":["post-27865","post","type-post","status-publish","format-standard","has-post-thumbnail","hentry","category-communaute","category-homepage-french","category-toutes-les-actualites","tag-africa-press","tag-africa-press-cameroun","tag-cameroun"],"yoast_head":"<!-- This site is optimized with the Yoast SEO Premium plugin v26.1 (Yoast SEO v27.0) - https:\/\/yoast.com\/product\/yoast-seo-premium-wordpress\/ -->\n<title>Cameroun-sacril\u00e8ge : fess\u00e9e publique administr\u00e9e aux fid\u00e8les d\u2019une \u00e9glise - Cameroun<\/title>\n<meta name=\"description\" content=\"Ils sont accus\u00e9s d\u2019avoir brul\u00e9 les cr\u00e2nes des anc\u00eatres conserv\u00e9s dans une chefferie dans la r\u00e9gion de l\u2019Ouest. L ...\" \/>\n<meta name=\"robots\" content=\"index, follow, max-snippet:-1, max-image-preview:large, max-video-preview:-1\" \/>\n<link rel=\"canonical\" href=\"https:\/\/www.africa-press.net\/cameroun\/toutes-les-actualites\/cameroun-sacrilege-fessee-publique-administree-aux-fideles-dune-eglise\" \/>\n<meta property=\"og:locale\" content=\"fr_FR\" \/>\n<meta property=\"og:type\" content=\"article\" \/>\n<meta property=\"og:title\" content=\"Cameroun-sacril\u00e8ge : fess\u00e9e publique administr\u00e9e aux fid\u00e8les d\u2019une \u00e9glise\" \/>\n<meta property=\"og:description\" content=\"Ils sont accus\u00e9s d\u2019avoir brul\u00e9 les cr\u00e2nes des anc\u00eatres conserv\u00e9s dans une chefferie dans la r\u00e9gion de l\u2019Ouest. L ...\" \/>\n<meta property=\"og:url\" content=\"https:\/\/www.africa-press.net\/cameroun\/toutes-les-actualites\/cameroun-sacrilege-fessee-publique-administree-aux-fideles-dune-eglise\" \/>\n<meta property=\"og:site_name\" content=\"Cameroun\" \/>\n<meta property=\"article:published_time\" content=\"2022-09-20T17:59:18+00:00\" \/>\n<meta property=\"article:modified_time\" content=\"2022-09-20T19:05:36+00:00\" \/>\n<meta property=\"og:image\" content=\"https:\/\/static.africa-press.net\/cameroun\/sites\/57\/2022\/09\/img-632a0ee2f01b8.jpg\" \/>\n\t<meta property=\"og:image:width\" content=\"1024\" \/>\n\t<meta property=\"og:image:height\" content=\"768\" \/>\n\t<meta property=\"og:image:type\" content=\"image\/jpeg\" \/>\n<meta name=\"author\" content=\"cfeditorfr\" \/>\n<meta name=\"twitter:card\" content=\"summary_large_image\" \/>\n<meta name=\"twitter:label1\" content=\"\u00c9crit par\" \/>\n\t<meta name=\"twitter:data1\" content=\"cfeditorfr\" \/>\n\t<meta name=\"twitter:label2\" content=\"Dur\u00e9e de lecture estim\u00e9e\" \/>\n\t<meta name=\"twitter:data2\" content=\"2 minutes\" \/>\n<script type=\"application\/ld+json\" class=\"yoast-schema-graph\">{\"@context\":\"https:\/\/schema.org\",\"@graph\":[{\"@type\":\"Article\",\"@id\":\"https:\/\/www.africa-press.net\/cameroun\/toutes-les-actualites\/cameroun-sacrilege-fessee-publique-administree-aux-fideles-dune-eglise#article\",\"isPartOf\":{\"@id\":\"https:\/\/www.africa-press.net\/cameroun\/toutes-les-actualites\/cameroun-sacrilege-fessee-publique-administree-aux-fideles-dune-eglise\"},\"author\":{\"name\":\"cfeditorfr\",\"@id\":\"https:\/\/www.africa-press.net\/cameroun\/#\/schema\/person\/2b1cf3cd81a31e3cd26889ca66d677f1\"},\"headline\":\"Cameroun-sacril\u00e8ge : fess\u00e9e publique administr\u00e9e aux fid\u00e8les d\u2019une \u00e9glise\",\"datePublished\":\"2022-09-20T17:59:18+00:00\",\"dateModified\":\"2022-09-20T19:05:36+00:00\",\"mainEntityOfPage\":{\"@id\":\"https:\/\/www.africa-press.net\/cameroun\/toutes-les-actualites\/cameroun-sacrilege-fessee-publique-administree-aux-fideles-dune-eglise\"},\"wordCount\":282,\"commentCount\":0,\"image\":{\"@id\":\"https:\/\/www.africa-press.net\/cameroun\/toutes-les-actualites\/cameroun-sacrilege-fessee-publique-administree-aux-fideles-dune-eglise#primaryimage\"},\"thumbnailUrl\":\"https:\/\/static.africa-press.net\/cameroun\/sites\/57\/2022\/09\/img-632a0ee2f01b8.jpg\",\"keywords\":[\"Africa Press\",\"Africa Press-Cameroun\",\"Cameroun\"],\"articleSection\":[\"Communaut\u00e9\",\"homepage-french\",\"Toutes les actualit\u00e9s\"],\"inLanguage\":\"fr-FR\",\"potentialAction\":[{\"@type\":\"CommentAction\",\"name\":\"Comment\",\"target\":[\"https:\/\/www.africa-press.net\/cameroun\/toutes-les-actualites\/cameroun-sacrilege-fessee-publique-administree-aux-fideles-dune-eglise#respond\"]}]},{\"@type\":\"WebPage\",\"@id\":\"https:\/\/www.africa-press.net\/cameroun\/toutes-les-actualites\/cameroun-sacrilege-fessee-publique-administree-aux-fideles-dune-eglise\",\"url\":\"https:\/\/www.africa-press.net\/cameroun\/toutes-les-actualites\/cameroun-sacrilege-fessee-publique-administree-aux-fideles-dune-eglise\",\"name\":\"Cameroun-sacril\u00e8ge : fess\u00e9e publique administr\u00e9e aux fid\u00e8les d\u2019une \u00e9glise - Cameroun\",\"isPartOf\":{\"@id\":\"https:\/\/www.africa-press.net\/cameroun\/#website\"},\"primaryImageOfPage\":{\"@id\":\"https:\/\/www.africa-press.net\/cameroun\/toutes-les-actualites\/cameroun-sacrilege-fessee-publique-administree-aux-fideles-dune-eglise#primaryimage\"},\"image\":{\"@id\":\"https:\/\/www.africa-press.net\/cameroun\/toutes-les-actualites\/cameroun-sacrilege-fessee-publique-administree-aux-fideles-dune-eglise#primaryimage\"},\"thumbnailUrl\":\"https:\/\/static.africa-press.net\/cameroun\/sites\/57\/2022\/09\/img-632a0ee2f01b8.jpg\",\"datePublished\":\"2022-09-20T17:59:18+00:00\",\"dateModified\":\"2022-09-20T19:05:36+00:00\",\"author\":{\"@id\":\"https:\/\/www.africa-press.net\/cameroun\/#\/schema\/person\/2b1cf3cd81a31e3cd26889ca66d677f1\"},\"description\":\"Ils sont accus\u00e9s d\u2019avoir brul\u00e9 les cr\u00e2nes des anc\u00eatres conserv\u00e9s dans une chefferie dans la r\u00e9gion de l\u2019Ouest. L ...\",\"breadcrumb\":{\"@id\":\"https:\/\/www.africa-press.net\/cameroun\/toutes-les-actualites\/cameroun-sacrilege-fessee-publique-administree-aux-fideles-dune-eglise#breadcrumb\"},\"inLanguage\":\"fr-FR\",\"potentialAction\":[{\"@type\":\"ReadAction\",\"target\":[\"https:\/\/www.africa-press.net\/cameroun\/toutes-les-actualites\/cameroun-sacrilege-fessee-publique-administree-aux-fideles-dune-eglise\"]}]},{\"@type\":\"ImageObject\",\"inLanguage\":\"fr-FR\",\"@id\":\"https:\/\/www.africa-press.net\/cameroun\/toutes-les-actualites\/cameroun-sacrilege-fessee-publique-administree-aux-fideles-dune-eglise#primaryimage\",\"url\":\"https:\/\/static.africa-press.net\/cameroun\/sites\/57\/2022\/09\/img-632a0ee2f01b8.jpg\",\"contentUrl\":\"https:\/\/static.africa-press.net\/cameroun\/sites\/57\/2022\/09\/img-632a0ee2f01b8.jpg\",\"width\":1024,\"height\":768,\"caption\":\"Cameroun-sacril\u00e8ge : fess\u00e9e publique administr\u00e9e aux fid\u00e8les d\u2019une \u00e9glise\"},{\"@type\":\"BreadcrumbList\",\"@id\":\"https:\/\/www.africa-press.net\/cameroun\/toutes-les-actualites\/cameroun-sacrilege-fessee-publique-administree-aux-fideles-dune-eglise#breadcrumb\",\"itemListElement\":[{\"@type\":\"ListItem\",\"position\":1,\"name\":\"Accueil\",\"item\":\"https:\/\/www.africa-press.net\/cameroun\/\"},{\"@type\":\"ListItem\",\"position\":2,\"name\":\"Cameroun-sacril\u00e8ge : fess\u00e9e publique administr\u00e9e aux fid\u00e8les d\u2019une \u00e9glise\"}]},{\"@type\":\"WebSite\",\"@id\":\"https:\/\/www.africa-press.net\/cameroun\/#website\",\"url\":\"https:\/\/www.africa-press.net\/cameroun\/\",\"name\":\"Cameroun\",\"description\":\"Just another Africa News Agency Sites site\",\"potentialAction\":[{\"@type\":\"SearchAction\",\"target\":{\"@type\":\"EntryPoint\",\"urlTemplate\":\"https:\/\/www.africa-press.net\/cameroun\/?s={search_term_string}\"},\"query-input\":{\"@type\":\"PropertyValueSpecification\",\"valueRequired\":true,\"valueName\":\"search_term_string\"}}],\"inLanguage\":\"fr-FR\"},{\"@type\":\"Person\",\"@id\":\"https:\/\/www.africa-press.net\/cameroun\/#\/schema\/person\/2b1cf3cd81a31e3cd26889ca66d677f1\",\"name\":\"cfeditorfr\"}]}<\/script>\n<!-- \/ Yoast SEO Premium plugin. -->","yoast_head_json":{"title":"Cameroun-sacril\u00e8ge : fess\u00e9e publique administr\u00e9e aux fid\u00e8les d\u2019une \u00e9glise - Cameroun","description":"Ils sont accus\u00e9s d\u2019avoir brul\u00e9 les cr\u00e2nes des anc\u00eatres conserv\u00e9s dans une chefferie dans la r\u00e9gion de l\u2019Ouest. L ...","robots":{"index":"index","follow":"follow","max-snippet":"max-snippet:-1","max-image-preview":"max-image-preview:large","max-video-preview":"max-video-preview:-1"},"canonical":"https:\/\/www.africa-press.net\/cameroun\/toutes-les-actualites\/cameroun-sacrilege-fessee-publique-administree-aux-fideles-dune-eglise","og_locale":"fr_FR","og_type":"article","og_title":"Cameroun-sacril\u00e8ge : fess\u00e9e publique administr\u00e9e aux fid\u00e8les d\u2019une \u00e9glise","og_description":"Ils sont accus\u00e9s d\u2019avoir brul\u00e9 les cr\u00e2nes des anc\u00eatres conserv\u00e9s dans une chefferie dans la r\u00e9gion de l\u2019Ouest. L ...","og_url":"https:\/\/www.africa-press.net\/cameroun\/toutes-les-actualites\/cameroun-sacrilege-fessee-publique-administree-aux-fideles-dune-eglise","og_site_name":"Cameroun","article_published_time":"2022-09-20T17:59:18+00:00","article_modified_time":"2022-09-20T19:05:36+00:00","og_image":[{"width":1024,"height":768,"url":"https:\/\/static.africa-press.net\/cameroun\/sites\/57\/2022\/09\/img-632a0ee2f01b8.jpg","type":"image\/jpeg"}],"author":"cfeditorfr","twitter_card":"summary_large_image","twitter_misc":{"\u00c9crit par":"cfeditorfr","Dur\u00e9e de lecture estim\u00e9e":"2 minutes"},"schema":{"@context":"https:\/\/schema.org","@graph":[{"@type":"Article","@id":"https:\/\/www.africa-press.net\/cameroun\/toutes-les-actualites\/cameroun-sacrilege-fessee-publique-administree-aux-fideles-dune-eglise#article","isPartOf":{"@id":"https:\/\/www.africa-press.net\/cameroun\/toutes-les-actualites\/cameroun-sacrilege-fessee-publique-administree-aux-fideles-dune-eglise"},"author":{"name":"cfeditorfr","@id":"https:\/\/www.africa-press.net\/cameroun\/#\/schema\/person\/2b1cf3cd81a31e3cd26889ca66d677f1"},"headline":"Cameroun-sacril\u00e8ge : fess\u00e9e publique administr\u00e9e aux fid\u00e8les d\u2019une \u00e9glise","datePublished":"2022-09-20T17:59:18+00:00","dateModified":"2022-09-20T19:05:36+00:00","mainEntityOfPage":{"@id":"https:\/\/www.africa-press.net\/cameroun\/toutes-les-actualites\/cameroun-sacrilege-fessee-publique-administree-aux-fideles-dune-eglise"},"wordCount":282,"commentCount":0,"image":{"@id":"https:\/\/www.africa-press.net\/cameroun\/toutes-les-actualites\/cameroun-sacrilege-fessee-publique-administree-aux-fideles-dune-eglise#primaryimage"},"thumbnailUrl":"https:\/\/static.africa-press.net\/cameroun\/sites\/57\/2022\/09\/img-632a0ee2f01b8.jpg","keywords":["Africa Press","Africa Press-Cameroun","Cameroun"],"articleSection":["Communaut\u00e9","homepage-french","Toutes les actualit\u00e9s"],"inLanguage":"fr-FR","potentialAction":[{"@type":"CommentAction","name":"Comment","target":["https:\/\/www.africa-press.net\/cameroun\/toutes-les-actualites\/cameroun-sacrilege-fessee-publique-administree-aux-fideles-dune-eglise#respond"]}]},{"@type":"WebPage","@id":"https:\/\/www.africa-press.net\/cameroun\/toutes-les-actualites\/cameroun-sacrilege-fessee-publique-administree-aux-fideles-dune-eglise","url":"https:\/\/www.africa-press.net\/cameroun\/toutes-les-actualites\/cameroun-sacrilege-fessee-publique-administree-aux-fideles-dune-eglise","name":"Cameroun-sacril\u00e8ge : fess\u00e9e publique administr\u00e9e aux fid\u00e8les d\u2019une \u00e9glise - Cameroun","isPartOf":{"@id":"https:\/\/www.africa-press.net\/cameroun\/#website"},"primaryImageOfPage":{"@id":"https:\/\/www.africa-press.net\/cameroun\/toutes-les-actualites\/cameroun-sacrilege-fessee-publique-administree-aux-fideles-dune-eglise#primaryimage"},"image":{"@id":"https:\/\/www.africa-press.net\/cameroun\/toutes-les-actualites\/cameroun-sacrilege-fessee-publique-administree-aux-fideles-dune-eglise#primaryimage"},"thumbnailUrl":"https:\/\/static.africa-press.net\/cameroun\/sites\/57\/2022\/09\/img-632a0ee2f01b8.jpg","datePublished":"2022-09-20T17:59:18+00:00","dateModified":"2022-09-20T19:05:36+00:00","author":{"@id":"https:\/\/www.africa-press.net\/cameroun\/#\/schema\/person\/2b1cf3cd81a31e3cd26889ca66d677f1"},"description":"Ils sont accus\u00e9s d\u2019avoir brul\u00e9 les cr\u00e2nes des anc\u00eatres conserv\u00e9s dans une chefferie dans la r\u00e9gion de l\u2019Ouest. L ...","breadcrumb":{"@id":"https:\/\/www.africa-press.net\/cameroun\/toutes-les-actualites\/cameroun-sacrilege-fessee-publique-administree-aux-fideles-dune-eglise#breadcrumb"},"inLanguage":"fr-FR","potentialAction":[{"@type":"ReadAction","target":["https:\/\/www.africa-press.net\/cameroun\/toutes-les-actualites\/cameroun-sacrilege-fessee-publique-administree-aux-fideles-dune-eglise"]}]},{"@type":"ImageObject","inLanguage":"fr-FR","@id":"https:\/\/www.africa-press.net\/cameroun\/toutes-les-actualites\/cameroun-sacrilege-fessee-publique-administree-aux-fideles-dune-eglise#primaryimage","url":"https:\/\/static.africa-press.net\/cameroun\/sites\/57\/2022\/09\/img-632a0ee2f01b8.jpg","contentUrl":"https:\/\/static.africa-press.net\/cameroun\/sites\/57\/2022\/09\/img-632a0ee2f01b8.jpg","width":1024,"height":768,"caption":"Cameroun-sacril\u00e8ge : fess\u00e9e publique administr\u00e9e aux fid\u00e8les d\u2019une \u00e9glise"},{"@type":"BreadcrumbList","@id":"https:\/\/www.africa-press.net\/cameroun\/toutes-les-actualites\/cameroun-sacrilege-fessee-publique-administree-aux-fideles-dune-eglise#breadcrumb","itemListElement":[{"@type":"ListItem","position":1,"name":"Accueil","item":"https:\/\/www.africa-press.net\/cameroun\/"},{"@type":"ListItem","position":2,"name":"Cameroun-sacril\u00e8ge : fess\u00e9e publique administr\u00e9e aux fid\u00e8les d\u2019une \u00e9glise"}]},{"@type":"WebSite","@id":"https:\/\/www.africa-press.net\/cameroun\/#website","url":"https:\/\/www.africa-press.net\/cameroun\/","name":"Cameroun","description":"Just another Africa News Agency Sites site","potentialAction":[{"@type":"SearchAction","target":{"@type":"EntryPoint","urlTemplate":"https:\/\/www.africa-press.net\/cameroun\/?s={search_term_string}"},"query-input":{"@type":"PropertyValueSpecification","valueRequired":true,"valueName":"search_term_string"}}],"inLanguage":"fr-FR"},{"@type":"Person","@id":"https:\/\/www.africa-press.net\/cameroun\/#\/schema\/person\/2b1cf3cd81a31e3cd26889ca66d677f1","name":"cfeditorfr"}]}},"_links":{"self":[{"href":"https:\/\/www.africa-press.net\/cameroun\/wp-json\/wp\/v2\/posts\/27865","targetHints":{"allow":["GET"]}}],"collection":[{"href":"https:\/\/www.africa-press.net\/cameroun\/wp-json\/wp\/v2\/posts"}],"about":[{"href":"https:\/\/www.africa-press.net\/cameroun\/wp-json\/wp\/v2\/types\/post"}],"author":[{"embeddable":true,"href":"https:\/\/www.africa-press.net\/cameroun\/wp-json\/wp\/v2\/users\/82"}],"replies":[{"embeddable":true,"href":"https:\/\/www.africa-press.net\/cameroun\/wp-json\/wp\/v2\/comments?post=27865"}],"version-history":[{"count":0,"href":"https:\/\/www.africa-press.net\/cameroun\/wp-json\/wp\/v2\/posts\/27865\/revisions"}],"wp:featuredmedia":[{"embeddable":true,"href":"https:\/\/www.africa-press.net\/cameroun\/wp-json\/wp\/v2\/media\/27864"}],"wp:attachment":[{"href":"https:\/\/www.africa-press.net\/cameroun\/wp-json\/wp\/v2\/media?parent=27865"}],"wp:term":[{"taxonomy":"category","embeddable":true,"href":"https:\/\/www.africa-press.net\/cameroun\/wp-json\/wp\/v2\/categories?post=27865"},{"taxonomy":"post_tag","embeddable":true,"href":"https:\/\/www.africa-press.net\/cameroun\/wp-json\/wp\/v2\/tags?post=27865"}],"curies":[{"name":"wp","href":"https:\/\/api.w.org\/{rel}","templated":true}]}}