{"id":27868,"date":"2022-09-20T18:05:58","date_gmt":"2022-09-20T18:05:58","guid":{"rendered":"https:\/\/www.africa-press.net\/cameroun\/politique\/cameroun-details-de-lenlevement-de-six-pretres-dans-le-sud-ouest-2"},"modified":"2022-09-20T19:06:14","modified_gmt":"2022-09-20T19:06:14","slug":"cameroun-details-de-lenlevement-de-six-pretres-dans-le-sud-ouest-2","status":"publish","type":"post","link":"https:\/\/www.africa-press.net\/cameroun\/toutes-les-actualites\/cameroun-details-de-lenlevement-de-six-pretres-dans-le-sud-ouest-2","title":{"rendered":"Cameroun : d\u00e9tails de l\u2019enl\u00e8vement de six pr\u00eatres dans le Sud-Ouest"},"content":{"rendered":"<p><span style=\"color: #ff6600\"><strong>Africa-Press &#8211; Cameroun. <\/strong><\/span><b>La Conf\u00e9rence \u00e9piscopale nationale fait le r\u00e9cit des \u00e9v\u00e9nements du 16 septembre 2022 \u00e0 la paroisse saint Mery de Nchang.<\/b><\/p>\n<p>Le vendredi 16 septembre 2022, au moins huit personnes dont cinq pr\u00eatres, une religieuse et des fid\u00e8les ont \u00e9t\u00e9 enlev\u00e9s dans une paroisse. Quelques jours apr\u00e8s le kidnapping, la Conf\u00e9rence \u00e9piscopale nationale du Cameroun donne les d\u00e9tails de l\u2019enl\u00e8vement sur Rfi.<\/p>\n<p>Le r\u00e9v\u00e9rend Humphrey Tatah Mbuy, porte-parole de la conf\u00e9rence \u00e9piscopale, revient sur les \u00e9v\u00e9nements : \u00ab <b>C\u2019\u00e9tait vendredi. Pr\u00e8s de 50 hommes arm\u00e9s, inconnus, non identifi\u00e9s, sont arriv\u00e9s dans le petit village de Nchang dans les environs de la ville de Mamf\u00e9. Ils ont pris cinq pr\u00eatres, trois qui enseignent \u00e0 l\u2019\u00e9cole et deux qui travaillent pour la paroisse. Et ils ont aussi enlev\u00e9 une religieuse nig\u00e9riane. Ensuite, sur leur route, ils ont pris trois habitants. Donc, en tout, neuf personnes ont \u00e9t\u00e9 kidnapp\u00e9es. En quittant les lieux, ils ont mis le feu. L\u2019\u00e9glise a compl\u00e9tement br\u00fbl\u00e9, sauf l\u2019autel. L\u2019\u00e9v\u00eaque de Mamf\u00e9 est all\u00e9 sur place le samedi matin. Il a r\u00e9ussi \u00e0 sauver les saints sacrements.<\/b> \u00bb<\/p>\n<p>\u00ab <b>Pour le moment, les ravisseurs demandent de l\u2019argent. Ils n\u2019ont pas dit \u00e0 quel camp ils appartenaient,<\/b> explique le r\u00e9v\u00e9rend Humphrey Tatah Mbuy.<b> C\u2019est la premi\u00e8re fois qu\u2019on vit une telle attaque. Il y a d\u00e9j\u00e0 eu des enl\u00e8vements de religieux par le pass\u00e9, mais c\u2019\u00e9taient des cas isol\u00e9s. L\u00e0, une attaque comme celle-l\u00e0 qui semble planifi\u00e9e, l\u2019\u00e9glise incendi\u00e9e, neuf personnes enlev\u00e9es, c\u2019est un cas unique<\/b> \u00bb.<\/p>\n<p><strong>Pour plus d&rsquo;informations et d&rsquo;analyses sur la <a href=\"https:\/\/www.africa-press.net\/cameroun\">Cameroun<\/a>, suivez <a href=\"https:\/\/www.africa-press.net\/\">Africa-Press<\/a><\/strong><\/p>\n","protected":false},"excerpt":{"rendered":"<p>Africa-Press &#8211; Cameroun. La Conf\u00e9rence \u00e9piscopale nationale fait le r\u00e9cit des \u00e9v\u00e9nements du 16 septembre 2022 \u00e0 la paroisse saint Mery de Nchang. Le vendredi 16 septembre 2022, au moins huit personnes dont cinq pr\u00eatres, une religieuse et des fid\u00e8les ont \u00e9t\u00e9 enlev\u00e9s dans une paroisse. Quelques jours apr\u00e8s le kidnapping, la Conf\u00e9rence \u00e9piscopale nationale [&hellip;]<\/p>\n","protected":false},"author":82,"featured_media":27867,"comment_status":"open","ping_status":"closed","sticky":false,"template":"","format":"standard","meta":{"footnotes":""},"categories":[21,11,10],"tags":[36,50,49],"class_list":["post-27868","post","type-post","status-publish","format-standard","has-post-thumbnail","hentry","category-communaute","category-homepage-french","category-toutes-les-actualites","tag-africa-press","tag-africa-press-cameroun","tag-cameroun"],"yoast_head":"<!-- This site is optimized with the Yoast SEO Premium plugin v26.1 (Yoast SEO v27.0) - https:\/\/yoast.com\/product\/yoast-seo-premium-wordpress\/ -->\n<title>Cameroun : d\u00e9tails de l\u2019enl\u00e8vement de six pr\u00eatres dans le Sud-Ouest - Cameroun<\/title>\n<meta name=\"description\" content=\"La Conf\u00e9rence \u00e9piscopale nationale fait le r\u00e9cit des \u00e9v\u00e9nements du 16 septembre 2022 \u00e0 la paroisse saint Mery de Ncha ...\" \/>\n<meta name=\"robots\" content=\"index, follow, max-snippet:-1, max-image-preview:large, max-video-preview:-1\" \/>\n<link rel=\"canonical\" href=\"https:\/\/www.africa-press.net\/cameroun\/toutes-les-actualites\/cameroun-details-de-lenlevement-de-six-pretres-dans-le-sud-ouest-2\" \/>\n<meta property=\"og:locale\" content=\"fr_FR\" \/>\n<meta property=\"og:type\" content=\"article\" \/>\n<meta property=\"og:title\" content=\"Cameroun : d\u00e9tails de l\u2019enl\u00e8vement de six pr\u00eatres dans le Sud-Ouest\" \/>\n<meta property=\"og:description\" content=\"La Conf\u00e9rence \u00e9piscopale nationale fait le r\u00e9cit des \u00e9v\u00e9nements du 16 septembre 2022 \u00e0 la paroisse saint Mery de Ncha ...\" \/>\n<meta property=\"og:url\" content=\"https:\/\/www.africa-press.net\/cameroun\/toutes-les-actualites\/cameroun-details-de-lenlevement-de-six-pretres-dans-le-sud-ouest-2\" \/>\n<meta property=\"og:site_name\" content=\"Cameroun\" \/>\n<meta property=\"article:published_time\" content=\"2022-09-20T18:05:58+00:00\" \/>\n<meta property=\"article:modified_time\" content=\"2022-09-20T19:06:14+00:00\" \/>\n<meta property=\"og:image\" content=\"https:\/\/static.africa-press.net\/cameroun\/sites\/57\/2022\/09\/img-632a0f0a73882.jpg\" \/>\n\t<meta property=\"og:image:width\" content=\"1200\" \/>\n\t<meta property=\"og:image:height\" content=\"807\" \/>\n\t<meta property=\"og:image:type\" content=\"image\/jpeg\" \/>\n<meta name=\"author\" content=\"cfeditorfr\" \/>\n<meta name=\"twitter:card\" content=\"summary_large_image\" \/>\n<meta name=\"twitter:label1\" content=\"\u00c9crit par\" \/>\n\t<meta name=\"twitter:data1\" content=\"cfeditorfr\" \/>\n\t<meta name=\"twitter:label2\" content=\"Dur\u00e9e de lecture estim\u00e9e\" \/>\n\t<meta name=\"twitter:data2\" content=\"2 minutes\" \/>\n<script type=\"application\/ld+json\" class=\"yoast-schema-graph\">{\"@context\":\"https:\/\/schema.org\",\"@graph\":[{\"@type\":\"Article\",\"@id\":\"https:\/\/www.africa-press.net\/cameroun\/toutes-les-actualites\/cameroun-details-de-lenlevement-de-six-pretres-dans-le-sud-ouest-2#article\",\"isPartOf\":{\"@id\":\"https:\/\/www.africa-press.net\/cameroun\/toutes-les-actualites\/cameroun-details-de-lenlevement-de-six-pretres-dans-le-sud-ouest-2\"},\"author\":{\"name\":\"cfeditorfr\",\"@id\":\"https:\/\/www.africa-press.net\/cameroun\/#\/schema\/person\/2b1cf3cd81a31e3cd26889ca66d677f1\"},\"headline\":\"Cameroun : d\u00e9tails de l\u2019enl\u00e8vement de six pr\u00eatres dans le Sud-Ouest\",\"datePublished\":\"2022-09-20T18:05:58+00:00\",\"dateModified\":\"2022-09-20T19:06:14+00:00\",\"mainEntityOfPage\":{\"@id\":\"https:\/\/www.africa-press.net\/cameroun\/toutes-les-actualites\/cameroun-details-de-lenlevement-de-six-pretres-dans-le-sud-ouest-2\"},\"wordCount\":309,\"commentCount\":0,\"image\":{\"@id\":\"https:\/\/www.africa-press.net\/cameroun\/toutes-les-actualites\/cameroun-details-de-lenlevement-de-six-pretres-dans-le-sud-ouest-2#primaryimage\"},\"thumbnailUrl\":\"https:\/\/static.africa-press.net\/cameroun\/sites\/57\/2022\/09\/img-632a0f0a73882.jpg\",\"keywords\":[\"Africa Press\",\"Africa Press-Cameroun\",\"Cameroun\"],\"articleSection\":[\"Communaut\u00e9\",\"homepage-french\",\"Toutes les actualit\u00e9s\"],\"inLanguage\":\"fr-FR\",\"potentialAction\":[{\"@type\":\"CommentAction\",\"name\":\"Comment\",\"target\":[\"https:\/\/www.africa-press.net\/cameroun\/toutes-les-actualites\/cameroun-details-de-lenlevement-de-six-pretres-dans-le-sud-ouest-2#respond\"]}]},{\"@type\":\"WebPage\",\"@id\":\"https:\/\/www.africa-press.net\/cameroun\/toutes-les-actualites\/cameroun-details-de-lenlevement-de-six-pretres-dans-le-sud-ouest-2\",\"url\":\"https:\/\/www.africa-press.net\/cameroun\/toutes-les-actualites\/cameroun-details-de-lenlevement-de-six-pretres-dans-le-sud-ouest-2\",\"name\":\"Cameroun : d\u00e9tails de l\u2019enl\u00e8vement de six pr\u00eatres dans le Sud-Ouest - Cameroun\",\"isPartOf\":{\"@id\":\"https:\/\/www.africa-press.net\/cameroun\/#website\"},\"primaryImageOfPage\":{\"@id\":\"https:\/\/www.africa-press.net\/cameroun\/toutes-les-actualites\/cameroun-details-de-lenlevement-de-six-pretres-dans-le-sud-ouest-2#primaryimage\"},\"image\":{\"@id\":\"https:\/\/www.africa-press.net\/cameroun\/toutes-les-actualites\/cameroun-details-de-lenlevement-de-six-pretres-dans-le-sud-ouest-2#primaryimage\"},\"thumbnailUrl\":\"https:\/\/static.africa-press.net\/cameroun\/sites\/57\/2022\/09\/img-632a0f0a73882.jpg\",\"datePublished\":\"2022-09-20T18:05:58+00:00\",\"dateModified\":\"2022-09-20T19:06:14+00:00\",\"author\":{\"@id\":\"https:\/\/www.africa-press.net\/cameroun\/#\/schema\/person\/2b1cf3cd81a31e3cd26889ca66d677f1\"},\"description\":\"La Conf\u00e9rence \u00e9piscopale nationale fait le r\u00e9cit des \u00e9v\u00e9nements du 16 septembre 2022 \u00e0 la paroisse saint Mery de Ncha ...\",\"breadcrumb\":{\"@id\":\"https:\/\/www.africa-press.net\/cameroun\/toutes-les-actualites\/cameroun-details-de-lenlevement-de-six-pretres-dans-le-sud-ouest-2#breadcrumb\"},\"inLanguage\":\"fr-FR\",\"potentialAction\":[{\"@type\":\"ReadAction\",\"target\":[\"https:\/\/www.africa-press.net\/cameroun\/toutes-les-actualites\/cameroun-details-de-lenlevement-de-six-pretres-dans-le-sud-ouest-2\"]}]},{\"@type\":\"ImageObject\",\"inLanguage\":\"fr-FR\",\"@id\":\"https:\/\/www.africa-press.net\/cameroun\/toutes-les-actualites\/cameroun-details-de-lenlevement-de-six-pretres-dans-le-sud-ouest-2#primaryimage\",\"url\":\"https:\/\/static.africa-press.net\/cameroun\/sites\/57\/2022\/09\/img-632a0f0a73882.jpg\",\"contentUrl\":\"https:\/\/static.africa-press.net\/cameroun\/sites\/57\/2022\/09\/img-632a0f0a73882.jpg\",\"width\":1200,\"height\":807,\"caption\":\"Cameroun : d\u00e9tails de l\u2019enl\u00e8vement de six pr\u00eatres dans le Sud-Ouest\"},{\"@type\":\"BreadcrumbList\",\"@id\":\"https:\/\/www.africa-press.net\/cameroun\/toutes-les-actualites\/cameroun-details-de-lenlevement-de-six-pretres-dans-le-sud-ouest-2#breadcrumb\",\"itemListElement\":[{\"@type\":\"ListItem\",\"position\":1,\"name\":\"Accueil\",\"item\":\"https:\/\/www.africa-press.net\/cameroun\/\"},{\"@type\":\"ListItem\",\"position\":2,\"name\":\"Cameroun : d\u00e9tails de l\u2019enl\u00e8vement de six pr\u00eatres dans le Sud-Ouest\"}]},{\"@type\":\"WebSite\",\"@id\":\"https:\/\/www.africa-press.net\/cameroun\/#website\",\"url\":\"https:\/\/www.africa-press.net\/cameroun\/\",\"name\":\"Cameroun\",\"description\":\"Just another Africa News Agency Sites site\",\"potentialAction\":[{\"@type\":\"SearchAction\",\"target\":{\"@type\":\"EntryPoint\",\"urlTemplate\":\"https:\/\/www.africa-press.net\/cameroun\/?s={search_term_string}\"},\"query-input\":{\"@type\":\"PropertyValueSpecification\",\"valueRequired\":true,\"valueName\":\"search_term_string\"}}],\"inLanguage\":\"fr-FR\"},{\"@type\":\"Person\",\"@id\":\"https:\/\/www.africa-press.net\/cameroun\/#\/schema\/person\/2b1cf3cd81a31e3cd26889ca66d677f1\",\"name\":\"cfeditorfr\"}]}<\/script>\n<!-- \/ Yoast SEO Premium plugin. -->","yoast_head_json":{"title":"Cameroun : d\u00e9tails de l\u2019enl\u00e8vement de six pr\u00eatres dans le Sud-Ouest - Cameroun","description":"La Conf\u00e9rence \u00e9piscopale nationale fait le r\u00e9cit des \u00e9v\u00e9nements du 16 septembre 2022 \u00e0 la paroisse saint Mery de Ncha ...","robots":{"index":"index","follow":"follow","max-snippet":"max-snippet:-1","max-image-preview":"max-image-preview:large","max-video-preview":"max-video-preview:-1"},"canonical":"https:\/\/www.africa-press.net\/cameroun\/toutes-les-actualites\/cameroun-details-de-lenlevement-de-six-pretres-dans-le-sud-ouest-2","og_locale":"fr_FR","og_type":"article","og_title":"Cameroun : d\u00e9tails de l\u2019enl\u00e8vement de six pr\u00eatres dans le Sud-Ouest","og_description":"La Conf\u00e9rence \u00e9piscopale nationale fait le r\u00e9cit des \u00e9v\u00e9nements du 16 septembre 2022 \u00e0 la paroisse saint Mery de Ncha ...","og_url":"https:\/\/www.africa-press.net\/cameroun\/toutes-les-actualites\/cameroun-details-de-lenlevement-de-six-pretres-dans-le-sud-ouest-2","og_site_name":"Cameroun","article_published_time":"2022-09-20T18:05:58+00:00","article_modified_time":"2022-09-20T19:06:14+00:00","og_image":[{"width":1200,"height":807,"url":"https:\/\/static.africa-press.net\/cameroun\/sites\/57\/2022\/09\/img-632a0f0a73882.jpg","type":"image\/jpeg"}],"author":"cfeditorfr","twitter_card":"summary_large_image","twitter_misc":{"\u00c9crit par":"cfeditorfr","Dur\u00e9e de lecture estim\u00e9e":"2 minutes"},"schema":{"@context":"https:\/\/schema.org","@graph":[{"@type":"Article","@id":"https:\/\/www.africa-press.net\/cameroun\/toutes-les-actualites\/cameroun-details-de-lenlevement-de-six-pretres-dans-le-sud-ouest-2#article","isPartOf":{"@id":"https:\/\/www.africa-press.net\/cameroun\/toutes-les-actualites\/cameroun-details-de-lenlevement-de-six-pretres-dans-le-sud-ouest-2"},"author":{"name":"cfeditorfr","@id":"https:\/\/www.africa-press.net\/cameroun\/#\/schema\/person\/2b1cf3cd81a31e3cd26889ca66d677f1"},"headline":"Cameroun : d\u00e9tails de l\u2019enl\u00e8vement de six pr\u00eatres dans le Sud-Ouest","datePublished":"2022-09-20T18:05:58+00:00","dateModified":"2022-09-20T19:06:14+00:00","mainEntityOfPage":{"@id":"https:\/\/www.africa-press.net\/cameroun\/toutes-les-actualites\/cameroun-details-de-lenlevement-de-six-pretres-dans-le-sud-ouest-2"},"wordCount":309,"commentCount":0,"image":{"@id":"https:\/\/www.africa-press.net\/cameroun\/toutes-les-actualites\/cameroun-details-de-lenlevement-de-six-pretres-dans-le-sud-ouest-2#primaryimage"},"thumbnailUrl":"https:\/\/static.africa-press.net\/cameroun\/sites\/57\/2022\/09\/img-632a0f0a73882.jpg","keywords":["Africa Press","Africa Press-Cameroun","Cameroun"],"articleSection":["Communaut\u00e9","homepage-french","Toutes les actualit\u00e9s"],"inLanguage":"fr-FR","potentialAction":[{"@type":"CommentAction","name":"Comment","target":["https:\/\/www.africa-press.net\/cameroun\/toutes-les-actualites\/cameroun-details-de-lenlevement-de-six-pretres-dans-le-sud-ouest-2#respond"]}]},{"@type":"WebPage","@id":"https:\/\/www.africa-press.net\/cameroun\/toutes-les-actualites\/cameroun-details-de-lenlevement-de-six-pretres-dans-le-sud-ouest-2","url":"https:\/\/www.africa-press.net\/cameroun\/toutes-les-actualites\/cameroun-details-de-lenlevement-de-six-pretres-dans-le-sud-ouest-2","name":"Cameroun : d\u00e9tails de l\u2019enl\u00e8vement de six pr\u00eatres dans le Sud-Ouest - Cameroun","isPartOf":{"@id":"https:\/\/www.africa-press.net\/cameroun\/#website"},"primaryImageOfPage":{"@id":"https:\/\/www.africa-press.net\/cameroun\/toutes-les-actualites\/cameroun-details-de-lenlevement-de-six-pretres-dans-le-sud-ouest-2#primaryimage"},"image":{"@id":"https:\/\/www.africa-press.net\/cameroun\/toutes-les-actualites\/cameroun-details-de-lenlevement-de-six-pretres-dans-le-sud-ouest-2#primaryimage"},"thumbnailUrl":"https:\/\/static.africa-press.net\/cameroun\/sites\/57\/2022\/09\/img-632a0f0a73882.jpg","datePublished":"2022-09-20T18:05:58+00:00","dateModified":"2022-09-20T19:06:14+00:00","author":{"@id":"https:\/\/www.africa-press.net\/cameroun\/#\/schema\/person\/2b1cf3cd81a31e3cd26889ca66d677f1"},"description":"La Conf\u00e9rence \u00e9piscopale nationale fait le r\u00e9cit des \u00e9v\u00e9nements du 16 septembre 2022 \u00e0 la paroisse saint Mery de Ncha ...","breadcrumb":{"@id":"https:\/\/www.africa-press.net\/cameroun\/toutes-les-actualites\/cameroun-details-de-lenlevement-de-six-pretres-dans-le-sud-ouest-2#breadcrumb"},"inLanguage":"fr-FR","potentialAction":[{"@type":"ReadAction","target":["https:\/\/www.africa-press.net\/cameroun\/toutes-les-actualites\/cameroun-details-de-lenlevement-de-six-pretres-dans-le-sud-ouest-2"]}]},{"@type":"ImageObject","inLanguage":"fr-FR","@id":"https:\/\/www.africa-press.net\/cameroun\/toutes-les-actualites\/cameroun-details-de-lenlevement-de-six-pretres-dans-le-sud-ouest-2#primaryimage","url":"https:\/\/static.africa-press.net\/cameroun\/sites\/57\/2022\/09\/img-632a0f0a73882.jpg","contentUrl":"https:\/\/static.africa-press.net\/cameroun\/sites\/57\/2022\/09\/img-632a0f0a73882.jpg","width":1200,"height":807,"caption":"Cameroun : d\u00e9tails de l\u2019enl\u00e8vement de six pr\u00eatres dans le Sud-Ouest"},{"@type":"BreadcrumbList","@id":"https:\/\/www.africa-press.net\/cameroun\/toutes-les-actualites\/cameroun-details-de-lenlevement-de-six-pretres-dans-le-sud-ouest-2#breadcrumb","itemListElement":[{"@type":"ListItem","position":1,"name":"Accueil","item":"https:\/\/www.africa-press.net\/cameroun\/"},{"@type":"ListItem","position":2,"name":"Cameroun : d\u00e9tails de l\u2019enl\u00e8vement de six pr\u00eatres dans le Sud-Ouest"}]},{"@type":"WebSite","@id":"https:\/\/www.africa-press.net\/cameroun\/#website","url":"https:\/\/www.africa-press.net\/cameroun\/","name":"Cameroun","description":"Just another Africa News Agency Sites site","potentialAction":[{"@type":"SearchAction","target":{"@type":"EntryPoint","urlTemplate":"https:\/\/www.africa-press.net\/cameroun\/?s={search_term_string}"},"query-input":{"@type":"PropertyValueSpecification","valueRequired":true,"valueName":"search_term_string"}}],"inLanguage":"fr-FR"},{"@type":"Person","@id":"https:\/\/www.africa-press.net\/cameroun\/#\/schema\/person\/2b1cf3cd81a31e3cd26889ca66d677f1","name":"cfeditorfr"}]}},"_links":{"self":[{"href":"https:\/\/www.africa-press.net\/cameroun\/wp-json\/wp\/v2\/posts\/27868","targetHints":{"allow":["GET"]}}],"collection":[{"href":"https:\/\/www.africa-press.net\/cameroun\/wp-json\/wp\/v2\/posts"}],"about":[{"href":"https:\/\/www.africa-press.net\/cameroun\/wp-json\/wp\/v2\/types\/post"}],"author":[{"embeddable":true,"href":"https:\/\/www.africa-press.net\/cameroun\/wp-json\/wp\/v2\/users\/82"}],"replies":[{"embeddable":true,"href":"https:\/\/www.africa-press.net\/cameroun\/wp-json\/wp\/v2\/comments?post=27868"}],"version-history":[{"count":0,"href":"https:\/\/www.africa-press.net\/cameroun\/wp-json\/wp\/v2\/posts\/27868\/revisions"}],"wp:featuredmedia":[{"embeddable":true,"href":"https:\/\/www.africa-press.net\/cameroun\/wp-json\/wp\/v2\/media\/27867"}],"wp:attachment":[{"href":"https:\/\/www.africa-press.net\/cameroun\/wp-json\/wp\/v2\/media?parent=27868"}],"wp:term":[{"taxonomy":"category","embeddable":true,"href":"https:\/\/www.africa-press.net\/cameroun\/wp-json\/wp\/v2\/categories?post=27868"},{"taxonomy":"post_tag","embeddable":true,"href":"https:\/\/www.africa-press.net\/cameroun\/wp-json\/wp\/v2\/tags?post=27868"}],"curies":[{"name":"wp","href":"https:\/\/api.w.org\/{rel}","templated":true}]}}