{"id":27871,"date":"2022-09-20T18:15:35","date_gmt":"2022-09-20T18:15:35","guid":{"rendered":"https:\/\/www.africa-press.net\/cameroun\/politique\/cameroun-cinq-militants-du-mrc-liberes-a-douala"},"modified":"2022-09-20T19:06:51","modified_gmt":"2022-09-20T19:06:51","slug":"cameroun-cinq-militants-du-mrc-liberes-a-douala","status":"publish","type":"post","link":"https:\/\/www.africa-press.net\/cameroun\/politique\/cameroun-cinq-militants-du-mrc-liberes-a-douala","title":{"rendered":"Cameroun : cinq militants du MRC lib\u00e9r\u00e9s \u00e0 Douala"},"content":{"rendered":"<p><span style=\"color: #ff6600\"><strong>Africa-Press &#8211; Cameroun. <\/strong><\/span><b>L\u2019information est du pr\u00e9sident du Mouvement pour la renaissance du Cameroun (MRC) Maurice Kamto.<\/b><\/p>\n<p>Cinq militants du MRC viennent de recouvrer la libert\u00e9 \u00e0 Douala. Ils avaient \u00e9t\u00e9 interpell\u00e9s et incarc\u00e9r\u00e9s dans le cadre des marches dites pacifiques du 22 septembre 2020. Ce 20 septembre 2022, deux ans apr\u00e8s, ils respirent \u00e0 nouveau le vent de la libert\u00e9. Le pr\u00e9sident du parti lui-m\u00eame, \u00e0 travers un tweet porte la nouvelle au monde.<\/p>\n<p>\u00ab <b>Apr\u00e8s 2 ans de prison politique, lev\u00e9e d\u2019\u00e9crou ce jour \u00e0 Douala de 5 militants du MRC, coupables d\u2019avoir exig\u00e9, par des marches pacifiques, la fin de la guerre dans le NOSO (Nord-Ouest et Sud-Ouest Ndlr), la transparence dans la gestion des deniers publics et un syst\u00e8me \u00e9lectoral consensuel<\/b> \u00bb, \u00e9crit Maurice Kamto sur Twitter.<\/p>\n<p>Le candidat arriv\u00e9 deuxi\u00e8me \u00e0 la pr\u00e9sidentielle du 7 octobre 2018 adresse un message d\u2019encouragement \u00e0 ses camarades. Il profite de l\u2019occasion pour r\u00e9affirmer l\u2019engament du MRC \u00e0 atteindre son objectif de lib\u00e9ration de tous ses militants en prison.<\/p>\n<p>\u00ab <b>A nos 5 militants sortis de prison, nous souhaitons un bon retour dans leurs familles respectives. Notre combat sans rel\u00e2che continue pour la lib\u00e9ration de tous les autres prisonniers politiques. Leur place est ailleurs, dans les grands chantiers de la renaissance nationale<\/b> \u00bb, peut-on lire.<\/p>\n<p>Cette lib\u00e9ration survient cinq jours apr\u00e8s l\u2019ouverture du proc\u00e8s en appel de 39 militants du MRC condamn\u00e9s. L\u2019audience ouverte le 15 septembre 2022 \u00e0 la cour d\u2019appel du Centre a \u00e9t\u00e9 renvoy\u00e9 au 20 octobre 2022.<\/p>\n<p><strong>Pour plus d&rsquo;informations et d&rsquo;analyses sur la <a href=\"https:\/\/www.africa-press.net\/cameroun\">Cameroun<\/a>, suivez <a href=\"https:\/\/www.africa-press.net\/\">Africa-Press<\/a><\/strong><\/p>\n","protected":false},"excerpt":{"rendered":"<p>Africa-Press &#8211; Cameroun. L\u2019information est du pr\u00e9sident du Mouvement pour la renaissance du Cameroun (MRC) Maurice Kamto. Cinq militants du MRC viennent de recouvrer la libert\u00e9 \u00e0 Douala. Ils avaient \u00e9t\u00e9 interpell\u00e9s et incarc\u00e9r\u00e9s dans le cadre des marches dites pacifiques du 22 septembre 2020. Ce 20 septembre 2022, deux ans apr\u00e8s, ils respirent \u00e0 [&hellip;]<\/p>\n","protected":false},"author":82,"featured_media":27870,"comment_status":"open","ping_status":"closed","sticky":false,"template":"","format":"standard","meta":{"footnotes":""},"categories":[11,2,10],"tags":[36,50,49],"class_list":["post-27871","post","type-post","status-publish","format-standard","has-post-thumbnail","hentry","category-homepage-french","category-politique","category-toutes-les-actualites","tag-africa-press","tag-africa-press-cameroun","tag-cameroun"],"yoast_head":"<!-- This site is optimized with the Yoast SEO Premium plugin v26.1 (Yoast SEO v27.0) - https:\/\/yoast.com\/product\/yoast-seo-premium-wordpress\/ -->\n<title>Cameroun : cinq militants du MRC lib\u00e9r\u00e9s \u00e0 Douala - Cameroun<\/title>\n<meta name=\"description\" content=\"L\u2019information est du pr\u00e9sident du Mouvement pour la renaissance du Cameroun (MRC) Maurice Kamto. Cinq militants ...\" \/>\n<meta name=\"robots\" content=\"index, follow, max-snippet:-1, max-image-preview:large, max-video-preview:-1\" \/>\n<link rel=\"canonical\" href=\"https:\/\/www.africa-press.net\/cameroun\/politique\/cameroun-cinq-militants-du-mrc-liberes-a-douala\" \/>\n<meta property=\"og:locale\" content=\"fr_FR\" \/>\n<meta property=\"og:type\" content=\"article\" \/>\n<meta property=\"og:title\" content=\"Cameroun : cinq militants du MRC lib\u00e9r\u00e9s \u00e0 Douala\" \/>\n<meta property=\"og:description\" content=\"L\u2019information est du pr\u00e9sident du Mouvement pour la renaissance du Cameroun (MRC) Maurice Kamto. Cinq militants ...\" \/>\n<meta property=\"og:url\" content=\"https:\/\/www.africa-press.net\/cameroun\/politique\/cameroun-cinq-militants-du-mrc-liberes-a-douala\" \/>\n<meta property=\"og:site_name\" content=\"Cameroun\" \/>\n<meta property=\"article:published_time\" content=\"2022-09-20T18:15:35+00:00\" \/>\n<meta property=\"article:modified_time\" content=\"2022-09-20T19:06:51+00:00\" \/>\n<meta property=\"og:image\" content=\"https:\/\/static.africa-press.net\/cameroun\/sites\/57\/2022\/09\/img-632a0f3269d99.jpg\" \/>\n\t<meta property=\"og:image:width\" content=\"780\" \/>\n\t<meta property=\"og:image:height\" content=\"440\" \/>\n\t<meta property=\"og:image:type\" content=\"image\/jpeg\" \/>\n<meta name=\"author\" content=\"cfeditorfr\" \/>\n<meta name=\"twitter:card\" content=\"summary_large_image\" \/>\n<meta name=\"twitter:label1\" content=\"\u00c9crit par\" \/>\n\t<meta name=\"twitter:data1\" content=\"cfeditorfr\" \/>\n\t<meta name=\"twitter:label2\" content=\"Dur\u00e9e de lecture estim\u00e9e\" \/>\n\t<meta name=\"twitter:data2\" content=\"2 minutes\" \/>\n<script type=\"application\/ld+json\" class=\"yoast-schema-graph\">{\"@context\":\"https:\/\/schema.org\",\"@graph\":[{\"@type\":\"Article\",\"@id\":\"https:\/\/www.africa-press.net\/cameroun\/politique\/cameroun-cinq-militants-du-mrc-liberes-a-douala#article\",\"isPartOf\":{\"@id\":\"https:\/\/www.africa-press.net\/cameroun\/politique\/cameroun-cinq-militants-du-mrc-liberes-a-douala\"},\"author\":{\"name\":\"cfeditorfr\",\"@id\":\"https:\/\/www.africa-press.net\/cameroun\/#\/schema\/person\/2b1cf3cd81a31e3cd26889ca66d677f1\"},\"headline\":\"Cameroun : cinq militants du MRC lib\u00e9r\u00e9s \u00e0 Douala\",\"datePublished\":\"2022-09-20T18:15:35+00:00\",\"dateModified\":\"2022-09-20T19:06:51+00:00\",\"mainEntityOfPage\":{\"@id\":\"https:\/\/www.africa-press.net\/cameroun\/politique\/cameroun-cinq-militants-du-mrc-liberes-a-douala\"},\"wordCount\":276,\"commentCount\":0,\"image\":{\"@id\":\"https:\/\/www.africa-press.net\/cameroun\/politique\/cameroun-cinq-militants-du-mrc-liberes-a-douala#primaryimage\"},\"thumbnailUrl\":\"https:\/\/static.africa-press.net\/cameroun\/sites\/57\/2022\/09\/img-632a0f3269d99.jpg\",\"keywords\":[\"Africa Press\",\"Africa Press-Cameroun\",\"Cameroun\"],\"articleSection\":[\"homepage-french\",\"Politique\",\"Toutes les actualit\u00e9s\"],\"inLanguage\":\"fr-FR\",\"potentialAction\":[{\"@type\":\"CommentAction\",\"name\":\"Comment\",\"target\":[\"https:\/\/www.africa-press.net\/cameroun\/politique\/cameroun-cinq-militants-du-mrc-liberes-a-douala#respond\"]}]},{\"@type\":\"WebPage\",\"@id\":\"https:\/\/www.africa-press.net\/cameroun\/politique\/cameroun-cinq-militants-du-mrc-liberes-a-douala\",\"url\":\"https:\/\/www.africa-press.net\/cameroun\/politique\/cameroun-cinq-militants-du-mrc-liberes-a-douala\",\"name\":\"Cameroun : cinq militants du MRC lib\u00e9r\u00e9s \u00e0 Douala - Cameroun\",\"isPartOf\":{\"@id\":\"https:\/\/www.africa-press.net\/cameroun\/#website\"},\"primaryImageOfPage\":{\"@id\":\"https:\/\/www.africa-press.net\/cameroun\/politique\/cameroun-cinq-militants-du-mrc-liberes-a-douala#primaryimage\"},\"image\":{\"@id\":\"https:\/\/www.africa-press.net\/cameroun\/politique\/cameroun-cinq-militants-du-mrc-liberes-a-douala#primaryimage\"},\"thumbnailUrl\":\"https:\/\/static.africa-press.net\/cameroun\/sites\/57\/2022\/09\/img-632a0f3269d99.jpg\",\"datePublished\":\"2022-09-20T18:15:35+00:00\",\"dateModified\":\"2022-09-20T19:06:51+00:00\",\"author\":{\"@id\":\"https:\/\/www.africa-press.net\/cameroun\/#\/schema\/person\/2b1cf3cd81a31e3cd26889ca66d677f1\"},\"description\":\"L\u2019information est du pr\u00e9sident du Mouvement pour la renaissance du Cameroun (MRC) Maurice Kamto. Cinq militants ...\",\"breadcrumb\":{\"@id\":\"https:\/\/www.africa-press.net\/cameroun\/politique\/cameroun-cinq-militants-du-mrc-liberes-a-douala#breadcrumb\"},\"inLanguage\":\"fr-FR\",\"potentialAction\":[{\"@type\":\"ReadAction\",\"target\":[\"https:\/\/www.africa-press.net\/cameroun\/politique\/cameroun-cinq-militants-du-mrc-liberes-a-douala\"]}]},{\"@type\":\"ImageObject\",\"inLanguage\":\"fr-FR\",\"@id\":\"https:\/\/www.africa-press.net\/cameroun\/politique\/cameroun-cinq-militants-du-mrc-liberes-a-douala#primaryimage\",\"url\":\"https:\/\/static.africa-press.net\/cameroun\/sites\/57\/2022\/09\/img-632a0f3269d99.jpg\",\"contentUrl\":\"https:\/\/static.africa-press.net\/cameroun\/sites\/57\/2022\/09\/img-632a0f3269d99.jpg\",\"width\":780,\"height\":440,\"caption\":\"Cameroun : cinq militants du MRC lib\u00e9r\u00e9s \u00e0 Douala\"},{\"@type\":\"BreadcrumbList\",\"@id\":\"https:\/\/www.africa-press.net\/cameroun\/politique\/cameroun-cinq-militants-du-mrc-liberes-a-douala#breadcrumb\",\"itemListElement\":[{\"@type\":\"ListItem\",\"position\":1,\"name\":\"Accueil\",\"item\":\"https:\/\/www.africa-press.net\/cameroun\/\"},{\"@type\":\"ListItem\",\"position\":2,\"name\":\"Cameroun : cinq militants du MRC lib\u00e9r\u00e9s \u00e0 Douala\"}]},{\"@type\":\"WebSite\",\"@id\":\"https:\/\/www.africa-press.net\/cameroun\/#website\",\"url\":\"https:\/\/www.africa-press.net\/cameroun\/\",\"name\":\"Cameroun\",\"description\":\"Just another Africa News Agency Sites site\",\"potentialAction\":[{\"@type\":\"SearchAction\",\"target\":{\"@type\":\"EntryPoint\",\"urlTemplate\":\"https:\/\/www.africa-press.net\/cameroun\/?s={search_term_string}\"},\"query-input\":{\"@type\":\"PropertyValueSpecification\",\"valueRequired\":true,\"valueName\":\"search_term_string\"}}],\"inLanguage\":\"fr-FR\"},{\"@type\":\"Person\",\"@id\":\"https:\/\/www.africa-press.net\/cameroun\/#\/schema\/person\/2b1cf3cd81a31e3cd26889ca66d677f1\",\"name\":\"cfeditorfr\"}]}<\/script>\n<!-- \/ Yoast SEO Premium plugin. -->","yoast_head_json":{"title":"Cameroun : cinq militants du MRC lib\u00e9r\u00e9s \u00e0 Douala - Cameroun","description":"L\u2019information est du pr\u00e9sident du Mouvement pour la renaissance du Cameroun (MRC) Maurice Kamto. Cinq militants ...","robots":{"index":"index","follow":"follow","max-snippet":"max-snippet:-1","max-image-preview":"max-image-preview:large","max-video-preview":"max-video-preview:-1"},"canonical":"https:\/\/www.africa-press.net\/cameroun\/politique\/cameroun-cinq-militants-du-mrc-liberes-a-douala","og_locale":"fr_FR","og_type":"article","og_title":"Cameroun : cinq militants du MRC lib\u00e9r\u00e9s \u00e0 Douala","og_description":"L\u2019information est du pr\u00e9sident du Mouvement pour la renaissance du Cameroun (MRC) Maurice Kamto. Cinq militants ...","og_url":"https:\/\/www.africa-press.net\/cameroun\/politique\/cameroun-cinq-militants-du-mrc-liberes-a-douala","og_site_name":"Cameroun","article_published_time":"2022-09-20T18:15:35+00:00","article_modified_time":"2022-09-20T19:06:51+00:00","og_image":[{"width":780,"height":440,"url":"https:\/\/static.africa-press.net\/cameroun\/sites\/57\/2022\/09\/img-632a0f3269d99.jpg","type":"image\/jpeg"}],"author":"cfeditorfr","twitter_card":"summary_large_image","twitter_misc":{"\u00c9crit par":"cfeditorfr","Dur\u00e9e de lecture estim\u00e9e":"2 minutes"},"schema":{"@context":"https:\/\/schema.org","@graph":[{"@type":"Article","@id":"https:\/\/www.africa-press.net\/cameroun\/politique\/cameroun-cinq-militants-du-mrc-liberes-a-douala#article","isPartOf":{"@id":"https:\/\/www.africa-press.net\/cameroun\/politique\/cameroun-cinq-militants-du-mrc-liberes-a-douala"},"author":{"name":"cfeditorfr","@id":"https:\/\/www.africa-press.net\/cameroun\/#\/schema\/person\/2b1cf3cd81a31e3cd26889ca66d677f1"},"headline":"Cameroun : cinq militants du MRC lib\u00e9r\u00e9s \u00e0 Douala","datePublished":"2022-09-20T18:15:35+00:00","dateModified":"2022-09-20T19:06:51+00:00","mainEntityOfPage":{"@id":"https:\/\/www.africa-press.net\/cameroun\/politique\/cameroun-cinq-militants-du-mrc-liberes-a-douala"},"wordCount":276,"commentCount":0,"image":{"@id":"https:\/\/www.africa-press.net\/cameroun\/politique\/cameroun-cinq-militants-du-mrc-liberes-a-douala#primaryimage"},"thumbnailUrl":"https:\/\/static.africa-press.net\/cameroun\/sites\/57\/2022\/09\/img-632a0f3269d99.jpg","keywords":["Africa Press","Africa Press-Cameroun","Cameroun"],"articleSection":["homepage-french","Politique","Toutes les actualit\u00e9s"],"inLanguage":"fr-FR","potentialAction":[{"@type":"CommentAction","name":"Comment","target":["https:\/\/www.africa-press.net\/cameroun\/politique\/cameroun-cinq-militants-du-mrc-liberes-a-douala#respond"]}]},{"@type":"WebPage","@id":"https:\/\/www.africa-press.net\/cameroun\/politique\/cameroun-cinq-militants-du-mrc-liberes-a-douala","url":"https:\/\/www.africa-press.net\/cameroun\/politique\/cameroun-cinq-militants-du-mrc-liberes-a-douala","name":"Cameroun : cinq militants du MRC lib\u00e9r\u00e9s \u00e0 Douala - Cameroun","isPartOf":{"@id":"https:\/\/www.africa-press.net\/cameroun\/#website"},"primaryImageOfPage":{"@id":"https:\/\/www.africa-press.net\/cameroun\/politique\/cameroun-cinq-militants-du-mrc-liberes-a-douala#primaryimage"},"image":{"@id":"https:\/\/www.africa-press.net\/cameroun\/politique\/cameroun-cinq-militants-du-mrc-liberes-a-douala#primaryimage"},"thumbnailUrl":"https:\/\/static.africa-press.net\/cameroun\/sites\/57\/2022\/09\/img-632a0f3269d99.jpg","datePublished":"2022-09-20T18:15:35+00:00","dateModified":"2022-09-20T19:06:51+00:00","author":{"@id":"https:\/\/www.africa-press.net\/cameroun\/#\/schema\/person\/2b1cf3cd81a31e3cd26889ca66d677f1"},"description":"L\u2019information est du pr\u00e9sident du Mouvement pour la renaissance du Cameroun (MRC) Maurice Kamto. Cinq militants ...","breadcrumb":{"@id":"https:\/\/www.africa-press.net\/cameroun\/politique\/cameroun-cinq-militants-du-mrc-liberes-a-douala#breadcrumb"},"inLanguage":"fr-FR","potentialAction":[{"@type":"ReadAction","target":["https:\/\/www.africa-press.net\/cameroun\/politique\/cameroun-cinq-militants-du-mrc-liberes-a-douala"]}]},{"@type":"ImageObject","inLanguage":"fr-FR","@id":"https:\/\/www.africa-press.net\/cameroun\/politique\/cameroun-cinq-militants-du-mrc-liberes-a-douala#primaryimage","url":"https:\/\/static.africa-press.net\/cameroun\/sites\/57\/2022\/09\/img-632a0f3269d99.jpg","contentUrl":"https:\/\/static.africa-press.net\/cameroun\/sites\/57\/2022\/09\/img-632a0f3269d99.jpg","width":780,"height":440,"caption":"Cameroun : cinq militants du MRC lib\u00e9r\u00e9s \u00e0 Douala"},{"@type":"BreadcrumbList","@id":"https:\/\/www.africa-press.net\/cameroun\/politique\/cameroun-cinq-militants-du-mrc-liberes-a-douala#breadcrumb","itemListElement":[{"@type":"ListItem","position":1,"name":"Accueil","item":"https:\/\/www.africa-press.net\/cameroun\/"},{"@type":"ListItem","position":2,"name":"Cameroun : cinq militants du MRC lib\u00e9r\u00e9s \u00e0 Douala"}]},{"@type":"WebSite","@id":"https:\/\/www.africa-press.net\/cameroun\/#website","url":"https:\/\/www.africa-press.net\/cameroun\/","name":"Cameroun","description":"Just another Africa News Agency Sites site","potentialAction":[{"@type":"SearchAction","target":{"@type":"EntryPoint","urlTemplate":"https:\/\/www.africa-press.net\/cameroun\/?s={search_term_string}"},"query-input":{"@type":"PropertyValueSpecification","valueRequired":true,"valueName":"search_term_string"}}],"inLanguage":"fr-FR"},{"@type":"Person","@id":"https:\/\/www.africa-press.net\/cameroun\/#\/schema\/person\/2b1cf3cd81a31e3cd26889ca66d677f1","name":"cfeditorfr"}]}},"_links":{"self":[{"href":"https:\/\/www.africa-press.net\/cameroun\/wp-json\/wp\/v2\/posts\/27871","targetHints":{"allow":["GET"]}}],"collection":[{"href":"https:\/\/www.africa-press.net\/cameroun\/wp-json\/wp\/v2\/posts"}],"about":[{"href":"https:\/\/www.africa-press.net\/cameroun\/wp-json\/wp\/v2\/types\/post"}],"author":[{"embeddable":true,"href":"https:\/\/www.africa-press.net\/cameroun\/wp-json\/wp\/v2\/users\/82"}],"replies":[{"embeddable":true,"href":"https:\/\/www.africa-press.net\/cameroun\/wp-json\/wp\/v2\/comments?post=27871"}],"version-history":[{"count":0,"href":"https:\/\/www.africa-press.net\/cameroun\/wp-json\/wp\/v2\/posts\/27871\/revisions"}],"wp:featuredmedia":[{"embeddable":true,"href":"https:\/\/www.africa-press.net\/cameroun\/wp-json\/wp\/v2\/media\/27870"}],"wp:attachment":[{"href":"https:\/\/www.africa-press.net\/cameroun\/wp-json\/wp\/v2\/media?parent=27871"}],"wp:term":[{"taxonomy":"category","embeddable":true,"href":"https:\/\/www.africa-press.net\/cameroun\/wp-json\/wp\/v2\/categories?post=27871"},{"taxonomy":"post_tag","embeddable":true,"href":"https:\/\/www.africa-press.net\/cameroun\/wp-json\/wp\/v2\/tags?post=27871"}],"curies":[{"name":"wp","href":"https:\/\/api.w.org\/{rel}","templated":true}]}}