{"id":27911,"date":"2022-09-21T14:04:12","date_gmt":"2022-09-21T14:04:12","guid":{"rendered":"https:\/\/www.africa-press.net\/cameroun\/politique\/incendie-de-la-sonatrel-samuel-ivaha-diboua-gouverneur-du-littoral-cet-incident-risque-dimpacter-le-secteur-industriel-de-bassa-video"},"modified":"2022-09-21T16:47:36","modified_gmt":"2022-09-21T16:47:36","slug":"incendie-de-la-sonatrel-samuel-ivaha-diboua-gouverneur-du-littoral-cet-incident-risque-dimpacter-le-secteur-industriel-de-bassa-video","status":"publish","type":"post","link":"https:\/\/www.africa-press.net\/cameroun\/toutes-les-actualites\/incendie-de-la-sonatrel-samuel-ivaha-diboua-gouverneur-du-littoral-cet-incident-risque-dimpacter-le-secteur-industriel-de-bassa-video","title":{"rendered":"Incendie\u00a0 de la Sonatrel\/Samuel Ivaha Diboua (Gouverneur du Littoral): \u00abCet incident risque d\u2019impacter le secteur industriel de Bassa\u00bb (Vid\u00e9o)"},"content":{"rendered":"<p><span style=\"color: #ff6600\"><strong>Africa-Press &#8211; Cameroun. <\/strong><\/span>Un incendie s\u2019est de\u0301clare\u0301 en de\u0301but de soire\u0301e du mardi 20 septembre 2022 au centre de transport d\u2019e\u0301lectricite\u0301 de la Socie\u0301te\u0301 nationale de transport d\u2019e\u0301lectricite\u0301 (Sonatrel) au quartier Logbaba a\u0300 Douala. Les causes de cet incident n\u2019ont pas encore e\u0301te\u0301 identifie\u0301es par les responsables de cette entreprise. Dans l\u2019urgence, le Gouverneur de la Re\u0301gion du Littoral, Samuel Dieudonne\u0301 Ivaha Diboua, a effectue\u0301 une descente sur le lieu de cet incident, et a fait nuitamment une e\u0301valuation de la situation, non sans de\u0301gager quelques conse\u0301quences qui pourraient de\u0301couler de cet incendie.<\/p>\n<p>Le patron de la re\u0301gion redoute une rupture de la fourniture d\u2019e\u0301nergie e\u0301lectrique dans la zone industrielle de Bassa, ou\u0300 plusieurs industries, parmi les plus gros consommateurs d\u2019e\u0301nergie sont implante\u0301es. C\u2019est le cas de la socie\u0301te\u0301 Aluminium du Cameroun (Alucam). \u00ab Cet incident risque d\u2019impacter le secteur industriel de Bassa. Les responsables de la Sonatrel vont rapidement se mettre au travail pour qu\u2019un autre transformateur puisse venir de Yaounde\u0301, pour que toutes les lignes soient remises en ordre \u00bb, a de\u0301clare\u0301 le gouverneur chez nos confre\u0300res de la Cameroon Radio Television (CRTV).<\/p>\n<p>L\u2019activite\u0301 e\u0301conomique pourrait en pa\u0302tir se\u0301rieusement, emboitant le pas a\u0300 de nombreux me\u0301nages de\u0301ja\u0300 plonge\u0301s dans le noir. \u00ab L\u2019incendie a e\u0301te\u0301 assez violent parce qu\u2019il a tenu pendant a\u0300 peu pre\u0300s cinq heures de temps, et heureusement, la synergie qui a e\u0301te\u0301 au rendez-vous a permis de maitriser ce feu. Les responsables de Sonatrel ont rapidement isole\u0301 la ligne 22KV, c\u2019est pour cela que toute la ville est dans le noir, et e\u0301viter que la catastrophe ne puisse pendre une certaine ampleur \u00bb, a explique\u0301 Samuel Dieudonne\u0301 Ivaha Diboua, qui a par ailleurs rassure\u0301 que le retour de l\u2019e\u0301lectricite\u0301 se faisait de manie\u0300re progressive dans la capitale e\u0301conomique.<\/p>\n<p><b>De\u0301clarations du Gouverneur du Littoral :<\/b><\/p>\n<p><strong>Pour plus d&rsquo;informations et d&rsquo;analyses sur la <a href=\"https:\/\/www.africa-press.net\/cameroun\">Cameroun<\/a>, suivez <a href=\"https:\/\/www.africa-press.net\/\">Africa-Press<\/a><\/strong><\/p>\n","protected":false},"excerpt":{"rendered":"<p>Africa-Press &#8211; Cameroun. Un incendie s\u2019est de\u0301clare\u0301 en de\u0301but de soire\u0301e du mardi 20 septembre 2022 au centre de transport d\u2019e\u0301lectricite\u0301 de la Socie\u0301te\u0301 nationale de transport d\u2019e\u0301lectricite\u0301 (Sonatrel) au quartier Logbaba a\u0300 Douala. Les causes de cet incident n\u2019ont pas encore e\u0301te\u0301 identifie\u0301es par les responsables de cette entreprise. Dans l\u2019urgence, le Gouverneur de [&hellip;]<\/p>\n","protected":false},"author":82,"featured_media":27910,"comment_status":"open","ping_status":"closed","sticky":false,"template":"","format":"standard","meta":{"footnotes":""},"categories":[21,10],"tags":[36,50,49],"class_list":["post-27911","post","type-post","status-publish","format-standard","has-post-thumbnail","hentry","category-communaute","category-toutes-les-actualites","tag-africa-press","tag-africa-press-cameroun","tag-cameroun"],"yoast_head":"<!-- This site is optimized with the Yoast SEO Premium plugin v26.1 (Yoast SEO v27.0) - https:\/\/yoast.com\/product\/yoast-seo-premium-wordpress\/ -->\n<title>Incendie\u00a0 de la Sonatrel\/Samuel Ivaha Diboua (Gouverneur du Littoral): \u00abCet incident risque d\u2019impacter le secteur industriel de Bassa\u00bb (Vid\u00e9o) - Cameroun<\/title>\n<meta name=\"description\" content=\"Un incendie s\u2019est de\u0301clare\u0301 en de\u0301but de soire\u0301e du mardi 20 septembre 2022 au centre de transport d\u2019e\u0301lectricite\u0301 de la ...\" \/>\n<meta name=\"robots\" content=\"index, follow, max-snippet:-1, max-image-preview:large, max-video-preview:-1\" \/>\n<link rel=\"canonical\" href=\"https:\/\/www.africa-press.net\/cameroun\/toutes-les-actualites\/incendie-de-la-sonatrel-samuel-ivaha-diboua-gouverneur-du-littoral-cet-incident-risque-dimpacter-le-secteur-industriel-de-bassa-video\" \/>\n<meta property=\"og:locale\" content=\"fr_FR\" \/>\n<meta property=\"og:type\" content=\"article\" \/>\n<meta property=\"og:title\" content=\"Incendie\u00a0 de la Sonatrel\/Samuel Ivaha Diboua (Gouverneur du Littoral): \u00abCet incident risque d\u2019impacter le secteur industriel de Bassa\u00bb (Vid\u00e9o)\" \/>\n<meta property=\"og:description\" content=\"Un incendie s\u2019est de\u0301clare\u0301 en de\u0301but de soire\u0301e du mardi 20 septembre 2022 au centre de transport d\u2019e\u0301lectricite\u0301 de la ...\" \/>\n<meta property=\"og:url\" content=\"https:\/\/www.africa-press.net\/cameroun\/toutes-les-actualites\/incendie-de-la-sonatrel-samuel-ivaha-diboua-gouverneur-du-littoral-cet-incident-risque-dimpacter-le-secteur-industriel-de-bassa-video\" \/>\n<meta property=\"og:site_name\" content=\"Cameroun\" \/>\n<meta property=\"article:published_time\" content=\"2022-09-21T14:04:12+00:00\" \/>\n<meta property=\"article:modified_time\" content=\"2022-09-21T16:47:36+00:00\" \/>\n<meta property=\"og:image\" content=\"https:\/\/static.africa-press.net\/cameroun\/sites\/57\/2022\/09\/img-632b40034197b.jpg\" \/>\n\t<meta property=\"og:image:width\" content=\"800\" \/>\n\t<meta property=\"og:image:height\" content=\"514\" \/>\n\t<meta property=\"og:image:type\" content=\"image\/jpeg\" \/>\n<meta name=\"author\" content=\"cfeditorfr\" \/>\n<meta name=\"twitter:card\" content=\"summary_large_image\" \/>\n<meta name=\"twitter:label1\" content=\"\u00c9crit par\" \/>\n\t<meta name=\"twitter:data1\" content=\"cfeditorfr\" \/>\n\t<meta name=\"twitter:label2\" content=\"Dur\u00e9e de lecture estim\u00e9e\" \/>\n\t<meta name=\"twitter:data2\" content=\"2 minutes\" \/>\n<script type=\"application\/ld+json\" class=\"yoast-schema-graph\">{\"@context\":\"https:\/\/schema.org\",\"@graph\":[{\"@type\":\"Article\",\"@id\":\"https:\/\/www.africa-press.net\/cameroun\/toutes-les-actualites\/incendie-de-la-sonatrel-samuel-ivaha-diboua-gouverneur-du-littoral-cet-incident-risque-dimpacter-le-secteur-industriel-de-bassa-video#article\",\"isPartOf\":{\"@id\":\"https:\/\/www.africa-press.net\/cameroun\/toutes-les-actualites\/incendie-de-la-sonatrel-samuel-ivaha-diboua-gouverneur-du-littoral-cet-incident-risque-dimpacter-le-secteur-industriel-de-bassa-video\"},\"author\":{\"name\":\"cfeditorfr\",\"@id\":\"https:\/\/www.africa-press.net\/cameroun\/#\/schema\/person\/2b1cf3cd81a31e3cd26889ca66d677f1\"},\"headline\":\"Incendie\u00a0 de la Sonatrel\/Samuel Ivaha Diboua (Gouverneur du Littoral): \u00abCet incident risque d\u2019impacter le secteur industriel de Bassa\u00bb (Vid\u00e9o)\",\"datePublished\":\"2022-09-21T14:04:12+00:00\",\"dateModified\":\"2022-09-21T16:47:36+00:00\",\"mainEntityOfPage\":{\"@id\":\"https:\/\/www.africa-press.net\/cameroun\/toutes-les-actualites\/incendie-de-la-sonatrel-samuel-ivaha-diboua-gouverneur-du-littoral-cet-incident-risque-dimpacter-le-secteur-industriel-de-bassa-video\"},\"wordCount\":377,\"commentCount\":0,\"image\":{\"@id\":\"https:\/\/www.africa-press.net\/cameroun\/toutes-les-actualites\/incendie-de-la-sonatrel-samuel-ivaha-diboua-gouverneur-du-littoral-cet-incident-risque-dimpacter-le-secteur-industriel-de-bassa-video#primaryimage\"},\"thumbnailUrl\":\"https:\/\/static.africa-press.net\/cameroun\/sites\/57\/2022\/09\/img-632b40034197b.jpg\",\"keywords\":[\"Africa Press\",\"Africa Press-Cameroun\",\"Cameroun\"],\"articleSection\":[\"Communaut\u00e9\",\"Toutes les actualit\u00e9s\"],\"inLanguage\":\"fr-FR\",\"potentialAction\":[{\"@type\":\"CommentAction\",\"name\":\"Comment\",\"target\":[\"https:\/\/www.africa-press.net\/cameroun\/toutes-les-actualites\/incendie-de-la-sonatrel-samuel-ivaha-diboua-gouverneur-du-littoral-cet-incident-risque-dimpacter-le-secteur-industriel-de-bassa-video#respond\"]}]},{\"@type\":\"WebPage\",\"@id\":\"https:\/\/www.africa-press.net\/cameroun\/toutes-les-actualites\/incendie-de-la-sonatrel-samuel-ivaha-diboua-gouverneur-du-littoral-cet-incident-risque-dimpacter-le-secteur-industriel-de-bassa-video\",\"url\":\"https:\/\/www.africa-press.net\/cameroun\/toutes-les-actualites\/incendie-de-la-sonatrel-samuel-ivaha-diboua-gouverneur-du-littoral-cet-incident-risque-dimpacter-le-secteur-industriel-de-bassa-video\",\"name\":\"Incendie\u00a0 de la Sonatrel\/Samuel Ivaha Diboua (Gouverneur du Littoral): \u00abCet incident risque d\u2019impacter le secteur industriel de Bassa\u00bb (Vid\u00e9o) - Cameroun\",\"isPartOf\":{\"@id\":\"https:\/\/www.africa-press.net\/cameroun\/#website\"},\"primaryImageOfPage\":{\"@id\":\"https:\/\/www.africa-press.net\/cameroun\/toutes-les-actualites\/incendie-de-la-sonatrel-samuel-ivaha-diboua-gouverneur-du-littoral-cet-incident-risque-dimpacter-le-secteur-industriel-de-bassa-video#primaryimage\"},\"image\":{\"@id\":\"https:\/\/www.africa-press.net\/cameroun\/toutes-les-actualites\/incendie-de-la-sonatrel-samuel-ivaha-diboua-gouverneur-du-littoral-cet-incident-risque-dimpacter-le-secteur-industriel-de-bassa-video#primaryimage\"},\"thumbnailUrl\":\"https:\/\/static.africa-press.net\/cameroun\/sites\/57\/2022\/09\/img-632b40034197b.jpg\",\"datePublished\":\"2022-09-21T14:04:12+00:00\",\"dateModified\":\"2022-09-21T16:47:36+00:00\",\"author\":{\"@id\":\"https:\/\/www.africa-press.net\/cameroun\/#\/schema\/person\/2b1cf3cd81a31e3cd26889ca66d677f1\"},\"description\":\"Un incendie s\u2019est de\u0301clare\u0301 en de\u0301but de soire\u0301e du mardi 20 septembre 2022 au centre de transport d\u2019e\u0301lectricite\u0301 de la ...\",\"breadcrumb\":{\"@id\":\"https:\/\/www.africa-press.net\/cameroun\/toutes-les-actualites\/incendie-de-la-sonatrel-samuel-ivaha-diboua-gouverneur-du-littoral-cet-incident-risque-dimpacter-le-secteur-industriel-de-bassa-video#breadcrumb\"},\"inLanguage\":\"fr-FR\",\"potentialAction\":[{\"@type\":\"ReadAction\",\"target\":[\"https:\/\/www.africa-press.net\/cameroun\/toutes-les-actualites\/incendie-de-la-sonatrel-samuel-ivaha-diboua-gouverneur-du-littoral-cet-incident-risque-dimpacter-le-secteur-industriel-de-bassa-video\"]}]},{\"@type\":\"ImageObject\",\"inLanguage\":\"fr-FR\",\"@id\":\"https:\/\/www.africa-press.net\/cameroun\/toutes-les-actualites\/incendie-de-la-sonatrel-samuel-ivaha-diboua-gouverneur-du-littoral-cet-incident-risque-dimpacter-le-secteur-industriel-de-bassa-video#primaryimage\",\"url\":\"https:\/\/static.africa-press.net\/cameroun\/sites\/57\/2022\/09\/img-632b40034197b.jpg\",\"contentUrl\":\"https:\/\/static.africa-press.net\/cameroun\/sites\/57\/2022\/09\/img-632b40034197b.jpg\",\"width\":800,\"height\":514,\"caption\":\"Incendie\u00a0 de la Sonatrel\/Samuel Ivaha Diboua (Gouverneur du Littoral): \u00abCet incident risque d\u2019impacter le secteur industriel de Bassa\u00bb (Vid\u00e9o)\"},{\"@type\":\"BreadcrumbList\",\"@id\":\"https:\/\/www.africa-press.net\/cameroun\/toutes-les-actualites\/incendie-de-la-sonatrel-samuel-ivaha-diboua-gouverneur-du-littoral-cet-incident-risque-dimpacter-le-secteur-industriel-de-bassa-video#breadcrumb\",\"itemListElement\":[{\"@type\":\"ListItem\",\"position\":1,\"name\":\"Accueil\",\"item\":\"https:\/\/www.africa-press.net\/cameroun\/\"},{\"@type\":\"ListItem\",\"position\":2,\"name\":\"Incendie\u00a0 de la Sonatrel\/Samuel Ivaha Diboua (Gouverneur du Littoral): \u00abCet incident risque d\u2019impacter le secteur industriel de Bassa\u00bb (Vid\u00e9o)\"}]},{\"@type\":\"WebSite\",\"@id\":\"https:\/\/www.africa-press.net\/cameroun\/#website\",\"url\":\"https:\/\/www.africa-press.net\/cameroun\/\",\"name\":\"Cameroun\",\"description\":\"Just another Africa News Agency Sites site\",\"potentialAction\":[{\"@type\":\"SearchAction\",\"target\":{\"@type\":\"EntryPoint\",\"urlTemplate\":\"https:\/\/www.africa-press.net\/cameroun\/?s={search_term_string}\"},\"query-input\":{\"@type\":\"PropertyValueSpecification\",\"valueRequired\":true,\"valueName\":\"search_term_string\"}}],\"inLanguage\":\"fr-FR\"},{\"@type\":\"Person\",\"@id\":\"https:\/\/www.africa-press.net\/cameroun\/#\/schema\/person\/2b1cf3cd81a31e3cd26889ca66d677f1\",\"name\":\"cfeditorfr\"}]}<\/script>\n<!-- \/ Yoast SEO Premium plugin. -->","yoast_head_json":{"title":"Incendie\u00a0 de la Sonatrel\/Samuel Ivaha Diboua (Gouverneur du Littoral): \u00abCet incident risque d\u2019impacter le secteur industriel de Bassa\u00bb (Vid\u00e9o) - Cameroun","description":"Un incendie s\u2019est de\u0301clare\u0301 en de\u0301but de soire\u0301e du mardi 20 septembre 2022 au centre de transport d\u2019e\u0301lectricite\u0301 de la ...","robots":{"index":"index","follow":"follow","max-snippet":"max-snippet:-1","max-image-preview":"max-image-preview:large","max-video-preview":"max-video-preview:-1"},"canonical":"https:\/\/www.africa-press.net\/cameroun\/toutes-les-actualites\/incendie-de-la-sonatrel-samuel-ivaha-diboua-gouverneur-du-littoral-cet-incident-risque-dimpacter-le-secteur-industriel-de-bassa-video","og_locale":"fr_FR","og_type":"article","og_title":"Incendie\u00a0 de la Sonatrel\/Samuel Ivaha Diboua (Gouverneur du Littoral): \u00abCet incident risque d\u2019impacter le secteur industriel de Bassa\u00bb (Vid\u00e9o)","og_description":"Un incendie s\u2019est de\u0301clare\u0301 en de\u0301but de soire\u0301e du mardi 20 septembre 2022 au centre de transport d\u2019e\u0301lectricite\u0301 de la ...","og_url":"https:\/\/www.africa-press.net\/cameroun\/toutes-les-actualites\/incendie-de-la-sonatrel-samuel-ivaha-diboua-gouverneur-du-littoral-cet-incident-risque-dimpacter-le-secteur-industriel-de-bassa-video","og_site_name":"Cameroun","article_published_time":"2022-09-21T14:04:12+00:00","article_modified_time":"2022-09-21T16:47:36+00:00","og_image":[{"width":800,"height":514,"url":"https:\/\/static.africa-press.net\/cameroun\/sites\/57\/2022\/09\/img-632b40034197b.jpg","type":"image\/jpeg"}],"author":"cfeditorfr","twitter_card":"summary_large_image","twitter_misc":{"\u00c9crit par":"cfeditorfr","Dur\u00e9e de lecture estim\u00e9e":"2 minutes"},"schema":{"@context":"https:\/\/schema.org","@graph":[{"@type":"Article","@id":"https:\/\/www.africa-press.net\/cameroun\/toutes-les-actualites\/incendie-de-la-sonatrel-samuel-ivaha-diboua-gouverneur-du-littoral-cet-incident-risque-dimpacter-le-secteur-industriel-de-bassa-video#article","isPartOf":{"@id":"https:\/\/www.africa-press.net\/cameroun\/toutes-les-actualites\/incendie-de-la-sonatrel-samuel-ivaha-diboua-gouverneur-du-littoral-cet-incident-risque-dimpacter-le-secteur-industriel-de-bassa-video"},"author":{"name":"cfeditorfr","@id":"https:\/\/www.africa-press.net\/cameroun\/#\/schema\/person\/2b1cf3cd81a31e3cd26889ca66d677f1"},"headline":"Incendie\u00a0 de la Sonatrel\/Samuel Ivaha Diboua (Gouverneur du Littoral): \u00abCet incident risque d\u2019impacter le secteur industriel de Bassa\u00bb (Vid\u00e9o)","datePublished":"2022-09-21T14:04:12+00:00","dateModified":"2022-09-21T16:47:36+00:00","mainEntityOfPage":{"@id":"https:\/\/www.africa-press.net\/cameroun\/toutes-les-actualites\/incendie-de-la-sonatrel-samuel-ivaha-diboua-gouverneur-du-littoral-cet-incident-risque-dimpacter-le-secteur-industriel-de-bassa-video"},"wordCount":377,"commentCount":0,"image":{"@id":"https:\/\/www.africa-press.net\/cameroun\/toutes-les-actualites\/incendie-de-la-sonatrel-samuel-ivaha-diboua-gouverneur-du-littoral-cet-incident-risque-dimpacter-le-secteur-industriel-de-bassa-video#primaryimage"},"thumbnailUrl":"https:\/\/static.africa-press.net\/cameroun\/sites\/57\/2022\/09\/img-632b40034197b.jpg","keywords":["Africa Press","Africa Press-Cameroun","Cameroun"],"articleSection":["Communaut\u00e9","Toutes les actualit\u00e9s"],"inLanguage":"fr-FR","potentialAction":[{"@type":"CommentAction","name":"Comment","target":["https:\/\/www.africa-press.net\/cameroun\/toutes-les-actualites\/incendie-de-la-sonatrel-samuel-ivaha-diboua-gouverneur-du-littoral-cet-incident-risque-dimpacter-le-secteur-industriel-de-bassa-video#respond"]}]},{"@type":"WebPage","@id":"https:\/\/www.africa-press.net\/cameroun\/toutes-les-actualites\/incendie-de-la-sonatrel-samuel-ivaha-diboua-gouverneur-du-littoral-cet-incident-risque-dimpacter-le-secteur-industriel-de-bassa-video","url":"https:\/\/www.africa-press.net\/cameroun\/toutes-les-actualites\/incendie-de-la-sonatrel-samuel-ivaha-diboua-gouverneur-du-littoral-cet-incident-risque-dimpacter-le-secteur-industriel-de-bassa-video","name":"Incendie\u00a0 de la Sonatrel\/Samuel Ivaha Diboua (Gouverneur du Littoral): \u00abCet incident risque d\u2019impacter le secteur industriel de Bassa\u00bb (Vid\u00e9o) - Cameroun","isPartOf":{"@id":"https:\/\/www.africa-press.net\/cameroun\/#website"},"primaryImageOfPage":{"@id":"https:\/\/www.africa-press.net\/cameroun\/toutes-les-actualites\/incendie-de-la-sonatrel-samuel-ivaha-diboua-gouverneur-du-littoral-cet-incident-risque-dimpacter-le-secteur-industriel-de-bassa-video#primaryimage"},"image":{"@id":"https:\/\/www.africa-press.net\/cameroun\/toutes-les-actualites\/incendie-de-la-sonatrel-samuel-ivaha-diboua-gouverneur-du-littoral-cet-incident-risque-dimpacter-le-secteur-industriel-de-bassa-video#primaryimage"},"thumbnailUrl":"https:\/\/static.africa-press.net\/cameroun\/sites\/57\/2022\/09\/img-632b40034197b.jpg","datePublished":"2022-09-21T14:04:12+00:00","dateModified":"2022-09-21T16:47:36+00:00","author":{"@id":"https:\/\/www.africa-press.net\/cameroun\/#\/schema\/person\/2b1cf3cd81a31e3cd26889ca66d677f1"},"description":"Un incendie s\u2019est de\u0301clare\u0301 en de\u0301but de soire\u0301e du mardi 20 septembre 2022 au centre de transport d\u2019e\u0301lectricite\u0301 de la ...","breadcrumb":{"@id":"https:\/\/www.africa-press.net\/cameroun\/toutes-les-actualites\/incendie-de-la-sonatrel-samuel-ivaha-diboua-gouverneur-du-littoral-cet-incident-risque-dimpacter-le-secteur-industriel-de-bassa-video#breadcrumb"},"inLanguage":"fr-FR","potentialAction":[{"@type":"ReadAction","target":["https:\/\/www.africa-press.net\/cameroun\/toutes-les-actualites\/incendie-de-la-sonatrel-samuel-ivaha-diboua-gouverneur-du-littoral-cet-incident-risque-dimpacter-le-secteur-industriel-de-bassa-video"]}]},{"@type":"ImageObject","inLanguage":"fr-FR","@id":"https:\/\/www.africa-press.net\/cameroun\/toutes-les-actualites\/incendie-de-la-sonatrel-samuel-ivaha-diboua-gouverneur-du-littoral-cet-incident-risque-dimpacter-le-secteur-industriel-de-bassa-video#primaryimage","url":"https:\/\/static.africa-press.net\/cameroun\/sites\/57\/2022\/09\/img-632b40034197b.jpg","contentUrl":"https:\/\/static.africa-press.net\/cameroun\/sites\/57\/2022\/09\/img-632b40034197b.jpg","width":800,"height":514,"caption":"Incendie\u00a0 de la Sonatrel\/Samuel Ivaha Diboua (Gouverneur du Littoral): \u00abCet incident risque d\u2019impacter le secteur industriel de Bassa\u00bb (Vid\u00e9o)"},{"@type":"BreadcrumbList","@id":"https:\/\/www.africa-press.net\/cameroun\/toutes-les-actualites\/incendie-de-la-sonatrel-samuel-ivaha-diboua-gouverneur-du-littoral-cet-incident-risque-dimpacter-le-secteur-industriel-de-bassa-video#breadcrumb","itemListElement":[{"@type":"ListItem","position":1,"name":"Accueil","item":"https:\/\/www.africa-press.net\/cameroun\/"},{"@type":"ListItem","position":2,"name":"Incendie\u00a0 de la Sonatrel\/Samuel Ivaha Diboua (Gouverneur du Littoral): \u00abCet incident risque d\u2019impacter le secteur industriel de Bassa\u00bb (Vid\u00e9o)"}]},{"@type":"WebSite","@id":"https:\/\/www.africa-press.net\/cameroun\/#website","url":"https:\/\/www.africa-press.net\/cameroun\/","name":"Cameroun","description":"Just another Africa News Agency Sites site","potentialAction":[{"@type":"SearchAction","target":{"@type":"EntryPoint","urlTemplate":"https:\/\/www.africa-press.net\/cameroun\/?s={search_term_string}"},"query-input":{"@type":"PropertyValueSpecification","valueRequired":true,"valueName":"search_term_string"}}],"inLanguage":"fr-FR"},{"@type":"Person","@id":"https:\/\/www.africa-press.net\/cameroun\/#\/schema\/person\/2b1cf3cd81a31e3cd26889ca66d677f1","name":"cfeditorfr"}]}},"_links":{"self":[{"href":"https:\/\/www.africa-press.net\/cameroun\/wp-json\/wp\/v2\/posts\/27911","targetHints":{"allow":["GET"]}}],"collection":[{"href":"https:\/\/www.africa-press.net\/cameroun\/wp-json\/wp\/v2\/posts"}],"about":[{"href":"https:\/\/www.africa-press.net\/cameroun\/wp-json\/wp\/v2\/types\/post"}],"author":[{"embeddable":true,"href":"https:\/\/www.africa-press.net\/cameroun\/wp-json\/wp\/v2\/users\/82"}],"replies":[{"embeddable":true,"href":"https:\/\/www.africa-press.net\/cameroun\/wp-json\/wp\/v2\/comments?post=27911"}],"version-history":[{"count":0,"href":"https:\/\/www.africa-press.net\/cameroun\/wp-json\/wp\/v2\/posts\/27911\/revisions"}],"wp:featuredmedia":[{"embeddable":true,"href":"https:\/\/www.africa-press.net\/cameroun\/wp-json\/wp\/v2\/media\/27910"}],"wp:attachment":[{"href":"https:\/\/www.africa-press.net\/cameroun\/wp-json\/wp\/v2\/media?parent=27911"}],"wp:term":[{"taxonomy":"category","embeddable":true,"href":"https:\/\/www.africa-press.net\/cameroun\/wp-json\/wp\/v2\/categories?post=27911"},{"taxonomy":"post_tag","embeddable":true,"href":"https:\/\/www.africa-press.net\/cameroun\/wp-json\/wp\/v2\/tags?post=27911"}],"curies":[{"name":"wp","href":"https:\/\/api.w.org\/{rel}","templated":true}]}}