{"id":27914,"date":"2022-09-21T14:13:07","date_gmt":"2022-09-21T14:13:07","guid":{"rendered":"https:\/\/www.africa-press.net\/cameroun\/politique\/football-des-arbitres-de-mtn-elite-two-revendiquent-des-impayes-a-la-fecafoot-au-titre-de-la-saison-ecoulee"},"modified":"2022-09-21T16:48:32","modified_gmt":"2022-09-21T16:48:32","slug":"football-des-arbitres-de-mtn-elite-two-revendiquent-des-impayes-a-la-fecafoot-au-titre-de-la-saison-ecoulee","status":"publish","type":"post","link":"https:\/\/www.africa-press.net\/cameroun\/sports\/football-des-arbitres-de-mtn-elite-two-revendiquent-des-impayes-a-la-fecafoot-au-titre-de-la-saison-ecoulee","title":{"rendered":"Football: Des arbitres de MTN Elite Two revendiquent des impay\u00e9s \u00e0 la FECAFOOT au titre de la saison \u00e9coul\u00e9e"},"content":{"rendered":"<p><span style=\"color: #ff6600\"><strong>Africa-Press &#8211; Cameroun. <\/strong><\/span>Alors que l\u2019heure est de\u0301ja\u0300 la pre\u0301paration de la saison 2022-2023 a\u0300 la Fe\u0301de\u0301ration Camerounaise de Football (FECAFOOT), l\u2019on apprend que le passif de la saison e\u0301coule\u0301e n\u2019est pas encore totalement solde\u0301. En effet, il y en a des arbitres qui revendiquent encore des impaye\u0301s a\u0300 la FECAFOOT, repre\u0301sentant des indemnite\u0301s de matchs de la saison 2021-2022 en MTN Elite Two.<\/p>\n<p>C\u2019est ce qui transparait dans une correspondance adresse\u0301e le 6 septembre 2022 par l\u2019arbitre Fabrice Heumou au pre\u0301sident de la fe\u0301de\u0301ration, Samuel Eto\u2019o Fils. Dans cette lettre avec pour objet \u00ab management irrationnel et outrageant des arbitres de football fe\u0301de\u0301raux I \u00bb, cet arbitre re\u0301ve\u0300le que \u00ab les arbitres fe\u0301de\u0301raux I restent encore dans l\u2019attente de payement de nombreuses indemnite\u0301s de match. En plus, me\u0302me la Commission centrale des arbitres n\u2019arrive pas a\u0300 nous fournir aucune information relative a\u0300 cette situation de\u0301sobligeante et re\u0301voltante \u00bb, de\u0301plore-t-il, sans donner le montant global des arrie\u0301re\u0301s, encore moins le nombre d\u2019arbitres concerne\u0301s par cette situation. Il appert clairement qu\u2019il met en index la Commission centrale des arbitres dirige\u0301e par Divine Evehe.<\/p>\n<p>Aussi, Fabrice Heumou qui se fait porte-parole des arbitres de sa division, de\u0301plore en outre la prise en compte des tests physiques dans le processus de promotion, de maintien ou de re\u0301trogradation des arbitres. \u00ab Il avait e\u0301galement e\u0301te\u0301 dit qu\u2019a\u0300 la fin de la saison, les arbitres auront droit a\u0300 une pe\u0301riode de vacances, ensuite une phase de pre\u0301paration physique, avant les tests physiques qui permettaient de de\u0301terminer leur aptitude a\u0300 prendre part aux diffe\u0301rents championnats \u00bb, rappelle-t-il.<\/p>\n<p>Il s\u2019agit la\u0300 d\u2019un dossier que le pre\u0301sident de la FECAFOOT devra impe\u0301rativement e\u0301vacuer avant la reprise des championnats en octobre prochain.<\/p>\n<p><strong>Pour plus d&rsquo;informations et d&rsquo;analyses sur la <a href=\"https:\/\/www.africa-press.net\/cameroun\">Cameroun<\/a>, suivez <a href=\"https:\/\/www.africa-press.net\/\">Africa-Press<\/a><\/strong><\/p>\n","protected":false},"excerpt":{"rendered":"<p>Africa-Press &#8211; Cameroun. Alors que l\u2019heure est de\u0301ja\u0300 la pre\u0301paration de la saison 2022-2023 a\u0300 la Fe\u0301de\u0301ration Camerounaise de Football (FECAFOOT), l\u2019on apprend que le passif de la saison e\u0301coule\u0301e n\u2019est pas encore totalement solde\u0301. En effet, il y en a des arbitres qui revendiquent encore des impaye\u0301s a\u0300 la FECAFOOT, repre\u0301sentant des indemnite\u0301s de [&hellip;]<\/p>\n","protected":false},"author":82,"featured_media":27913,"comment_status":"open","ping_status":"closed","sticky":false,"template":"","format":"standard","meta":{"footnotes":""},"categories":[6,10],"tags":[36,50,49],"class_list":["post-27914","post","type-post","status-publish","format-standard","has-post-thumbnail","hentry","category-sports","category-toutes-les-actualites","tag-africa-press","tag-africa-press-cameroun","tag-cameroun"],"yoast_head":"<!-- This site is optimized with the Yoast SEO Premium plugin v26.1 (Yoast SEO v27.0) - https:\/\/yoast.com\/product\/yoast-seo-premium-wordpress\/ -->\n<title>Football: Des arbitres de MTN Elite Two revendiquent des impay\u00e9s \u00e0 la FECAFOOT au titre de la saison \u00e9coul\u00e9e - Cameroun<\/title>\n<meta name=\"description\" content=\"Alors que l\u2019heure est de\u0301ja\u0300 la pre\u0301paration de la saison 2022-2023 a\u0300 la Fe\u0301de\u0301ration Camerounaise de Football (FECAFOO ...\" \/>\n<meta name=\"robots\" content=\"index, follow, max-snippet:-1, max-image-preview:large, max-video-preview:-1\" \/>\n<link rel=\"canonical\" href=\"https:\/\/www.africa-press.net\/cameroun\/sports\/football-des-arbitres-de-mtn-elite-two-revendiquent-des-impayes-a-la-fecafoot-au-titre-de-la-saison-ecoulee\" \/>\n<meta property=\"og:locale\" content=\"fr_FR\" \/>\n<meta property=\"og:type\" content=\"article\" \/>\n<meta property=\"og:title\" content=\"Football: Des arbitres de MTN Elite Two revendiquent des impay\u00e9s \u00e0 la FECAFOOT au titre de la saison \u00e9coul\u00e9e\" \/>\n<meta property=\"og:description\" content=\"Alors que l\u2019heure est de\u0301ja\u0300 la pre\u0301paration de la saison 2022-2023 a\u0300 la Fe\u0301de\u0301ration Camerounaise de Football (FECAFOO ...\" \/>\n<meta property=\"og:url\" content=\"https:\/\/www.africa-press.net\/cameroun\/sports\/football-des-arbitres-de-mtn-elite-two-revendiquent-des-impayes-a-la-fecafoot-au-titre-de-la-saison-ecoulee\" \/>\n<meta property=\"og:site_name\" content=\"Cameroun\" \/>\n<meta property=\"article:published_time\" content=\"2022-09-21T14:13:07+00:00\" \/>\n<meta property=\"article:modified_time\" content=\"2022-09-21T16:48:32+00:00\" \/>\n<meta property=\"og:image\" content=\"https:\/\/static.africa-press.net\/cameroun\/sites\/57\/2022\/09\/img-632b4038cb496.jpg\" \/>\n\t<meta property=\"og:image:width\" content=\"800\" \/>\n\t<meta property=\"og:image:height\" content=\"638\" \/>\n\t<meta property=\"og:image:type\" content=\"image\/jpeg\" \/>\n<meta name=\"author\" content=\"cfeditorfr\" \/>\n<meta name=\"twitter:card\" content=\"summary_large_image\" \/>\n<meta name=\"twitter:label1\" content=\"\u00c9crit par\" \/>\n\t<meta name=\"twitter:data1\" content=\"cfeditorfr\" \/>\n\t<meta name=\"twitter:label2\" content=\"Dur\u00e9e de lecture estim\u00e9e\" \/>\n\t<meta name=\"twitter:data2\" content=\"2 minutes\" \/>\n<script type=\"application\/ld+json\" class=\"yoast-schema-graph\">{\"@context\":\"https:\/\/schema.org\",\"@graph\":[{\"@type\":\"Article\",\"@id\":\"https:\/\/www.africa-press.net\/cameroun\/sports\/football-des-arbitres-de-mtn-elite-two-revendiquent-des-impayes-a-la-fecafoot-au-titre-de-la-saison-ecoulee#article\",\"isPartOf\":{\"@id\":\"https:\/\/www.africa-press.net\/cameroun\/sports\/football-des-arbitres-de-mtn-elite-two-revendiquent-des-impayes-a-la-fecafoot-au-titre-de-la-saison-ecoulee\"},\"author\":{\"name\":\"cfeditorfr\",\"@id\":\"https:\/\/www.africa-press.net\/cameroun\/#\/schema\/person\/2b1cf3cd81a31e3cd26889ca66d677f1\"},\"headline\":\"Football: Des arbitres de MTN Elite Two revendiquent des impay\u00e9s \u00e0 la FECAFOOT au titre de la saison \u00e9coul\u00e9e\",\"datePublished\":\"2022-09-21T14:13:07+00:00\",\"dateModified\":\"2022-09-21T16:48:32+00:00\",\"mainEntityOfPage\":{\"@id\":\"https:\/\/www.africa-press.net\/cameroun\/sports\/football-des-arbitres-de-mtn-elite-two-revendiquent-des-impayes-a-la-fecafoot-au-titre-de-la-saison-ecoulee\"},\"wordCount\":359,\"commentCount\":0,\"image\":{\"@id\":\"https:\/\/www.africa-press.net\/cameroun\/sports\/football-des-arbitres-de-mtn-elite-two-revendiquent-des-impayes-a-la-fecafoot-au-titre-de-la-saison-ecoulee#primaryimage\"},\"thumbnailUrl\":\"https:\/\/static.africa-press.net\/cameroun\/sites\/57\/2022\/09\/img-632b4038cb496.jpg\",\"keywords\":[\"Africa Press\",\"Africa Press-Cameroun\",\"Cameroun\"],\"articleSection\":[\"Sports\",\"Toutes les actualit\u00e9s\"],\"inLanguage\":\"fr-FR\",\"potentialAction\":[{\"@type\":\"CommentAction\",\"name\":\"Comment\",\"target\":[\"https:\/\/www.africa-press.net\/cameroun\/sports\/football-des-arbitres-de-mtn-elite-two-revendiquent-des-impayes-a-la-fecafoot-au-titre-de-la-saison-ecoulee#respond\"]}]},{\"@type\":\"WebPage\",\"@id\":\"https:\/\/www.africa-press.net\/cameroun\/sports\/football-des-arbitres-de-mtn-elite-two-revendiquent-des-impayes-a-la-fecafoot-au-titre-de-la-saison-ecoulee\",\"url\":\"https:\/\/www.africa-press.net\/cameroun\/sports\/football-des-arbitres-de-mtn-elite-two-revendiquent-des-impayes-a-la-fecafoot-au-titre-de-la-saison-ecoulee\",\"name\":\"Football: Des arbitres de MTN Elite Two revendiquent des impay\u00e9s \u00e0 la FECAFOOT au titre de la saison \u00e9coul\u00e9e - Cameroun\",\"isPartOf\":{\"@id\":\"https:\/\/www.africa-press.net\/cameroun\/#website\"},\"primaryImageOfPage\":{\"@id\":\"https:\/\/www.africa-press.net\/cameroun\/sports\/football-des-arbitres-de-mtn-elite-two-revendiquent-des-impayes-a-la-fecafoot-au-titre-de-la-saison-ecoulee#primaryimage\"},\"image\":{\"@id\":\"https:\/\/www.africa-press.net\/cameroun\/sports\/football-des-arbitres-de-mtn-elite-two-revendiquent-des-impayes-a-la-fecafoot-au-titre-de-la-saison-ecoulee#primaryimage\"},\"thumbnailUrl\":\"https:\/\/static.africa-press.net\/cameroun\/sites\/57\/2022\/09\/img-632b4038cb496.jpg\",\"datePublished\":\"2022-09-21T14:13:07+00:00\",\"dateModified\":\"2022-09-21T16:48:32+00:00\",\"author\":{\"@id\":\"https:\/\/www.africa-press.net\/cameroun\/#\/schema\/person\/2b1cf3cd81a31e3cd26889ca66d677f1\"},\"description\":\"Alors que l\u2019heure est de\u0301ja\u0300 la pre\u0301paration de la saison 2022-2023 a\u0300 la Fe\u0301de\u0301ration Camerounaise de Football (FECAFOO ...\",\"breadcrumb\":{\"@id\":\"https:\/\/www.africa-press.net\/cameroun\/sports\/football-des-arbitres-de-mtn-elite-two-revendiquent-des-impayes-a-la-fecafoot-au-titre-de-la-saison-ecoulee#breadcrumb\"},\"inLanguage\":\"fr-FR\",\"potentialAction\":[{\"@type\":\"ReadAction\",\"target\":[\"https:\/\/www.africa-press.net\/cameroun\/sports\/football-des-arbitres-de-mtn-elite-two-revendiquent-des-impayes-a-la-fecafoot-au-titre-de-la-saison-ecoulee\"]}]},{\"@type\":\"ImageObject\",\"inLanguage\":\"fr-FR\",\"@id\":\"https:\/\/www.africa-press.net\/cameroun\/sports\/football-des-arbitres-de-mtn-elite-two-revendiquent-des-impayes-a-la-fecafoot-au-titre-de-la-saison-ecoulee#primaryimage\",\"url\":\"https:\/\/static.africa-press.net\/cameroun\/sites\/57\/2022\/09\/img-632b4038cb496.jpg\",\"contentUrl\":\"https:\/\/static.africa-press.net\/cameroun\/sites\/57\/2022\/09\/img-632b4038cb496.jpg\",\"width\":800,\"height\":638,\"caption\":\"Football: Des arbitres de MTN Elite Two revendiquent des impay\u00e9s \u00e0 la FECAFOOT au titre de la saison \u00e9coul\u00e9e\"},{\"@type\":\"BreadcrumbList\",\"@id\":\"https:\/\/www.africa-press.net\/cameroun\/sports\/football-des-arbitres-de-mtn-elite-two-revendiquent-des-impayes-a-la-fecafoot-au-titre-de-la-saison-ecoulee#breadcrumb\",\"itemListElement\":[{\"@type\":\"ListItem\",\"position\":1,\"name\":\"Accueil\",\"item\":\"https:\/\/www.africa-press.net\/cameroun\/\"},{\"@type\":\"ListItem\",\"position\":2,\"name\":\"Football: Des arbitres de MTN Elite Two revendiquent des impay\u00e9s \u00e0 la FECAFOOT au titre de la saison \u00e9coul\u00e9e\"}]},{\"@type\":\"WebSite\",\"@id\":\"https:\/\/www.africa-press.net\/cameroun\/#website\",\"url\":\"https:\/\/www.africa-press.net\/cameroun\/\",\"name\":\"Cameroun\",\"description\":\"Just another Africa News Agency Sites site\",\"potentialAction\":[{\"@type\":\"SearchAction\",\"target\":{\"@type\":\"EntryPoint\",\"urlTemplate\":\"https:\/\/www.africa-press.net\/cameroun\/?s={search_term_string}\"},\"query-input\":{\"@type\":\"PropertyValueSpecification\",\"valueRequired\":true,\"valueName\":\"search_term_string\"}}],\"inLanguage\":\"fr-FR\"},{\"@type\":\"Person\",\"@id\":\"https:\/\/www.africa-press.net\/cameroun\/#\/schema\/person\/2b1cf3cd81a31e3cd26889ca66d677f1\",\"name\":\"cfeditorfr\"}]}<\/script>\n<!-- \/ Yoast SEO Premium plugin. -->","yoast_head_json":{"title":"Football: Des arbitres de MTN Elite Two revendiquent des impay\u00e9s \u00e0 la FECAFOOT au titre de la saison \u00e9coul\u00e9e - Cameroun","description":"Alors que l\u2019heure est de\u0301ja\u0300 la pre\u0301paration de la saison 2022-2023 a\u0300 la Fe\u0301de\u0301ration Camerounaise de Football (FECAFOO ...","robots":{"index":"index","follow":"follow","max-snippet":"max-snippet:-1","max-image-preview":"max-image-preview:large","max-video-preview":"max-video-preview:-1"},"canonical":"https:\/\/www.africa-press.net\/cameroun\/sports\/football-des-arbitres-de-mtn-elite-two-revendiquent-des-impayes-a-la-fecafoot-au-titre-de-la-saison-ecoulee","og_locale":"fr_FR","og_type":"article","og_title":"Football: Des arbitres de MTN Elite Two revendiquent des impay\u00e9s \u00e0 la FECAFOOT au titre de la saison \u00e9coul\u00e9e","og_description":"Alors que l\u2019heure est de\u0301ja\u0300 la pre\u0301paration de la saison 2022-2023 a\u0300 la Fe\u0301de\u0301ration Camerounaise de Football (FECAFOO ...","og_url":"https:\/\/www.africa-press.net\/cameroun\/sports\/football-des-arbitres-de-mtn-elite-two-revendiquent-des-impayes-a-la-fecafoot-au-titre-de-la-saison-ecoulee","og_site_name":"Cameroun","article_published_time":"2022-09-21T14:13:07+00:00","article_modified_time":"2022-09-21T16:48:32+00:00","og_image":[{"width":800,"height":638,"url":"https:\/\/static.africa-press.net\/cameroun\/sites\/57\/2022\/09\/img-632b4038cb496.jpg","type":"image\/jpeg"}],"author":"cfeditorfr","twitter_card":"summary_large_image","twitter_misc":{"\u00c9crit par":"cfeditorfr","Dur\u00e9e de lecture estim\u00e9e":"2 minutes"},"schema":{"@context":"https:\/\/schema.org","@graph":[{"@type":"Article","@id":"https:\/\/www.africa-press.net\/cameroun\/sports\/football-des-arbitres-de-mtn-elite-two-revendiquent-des-impayes-a-la-fecafoot-au-titre-de-la-saison-ecoulee#article","isPartOf":{"@id":"https:\/\/www.africa-press.net\/cameroun\/sports\/football-des-arbitres-de-mtn-elite-two-revendiquent-des-impayes-a-la-fecafoot-au-titre-de-la-saison-ecoulee"},"author":{"name":"cfeditorfr","@id":"https:\/\/www.africa-press.net\/cameroun\/#\/schema\/person\/2b1cf3cd81a31e3cd26889ca66d677f1"},"headline":"Football: Des arbitres de MTN Elite Two revendiquent des impay\u00e9s \u00e0 la FECAFOOT au titre de la saison \u00e9coul\u00e9e","datePublished":"2022-09-21T14:13:07+00:00","dateModified":"2022-09-21T16:48:32+00:00","mainEntityOfPage":{"@id":"https:\/\/www.africa-press.net\/cameroun\/sports\/football-des-arbitres-de-mtn-elite-two-revendiquent-des-impayes-a-la-fecafoot-au-titre-de-la-saison-ecoulee"},"wordCount":359,"commentCount":0,"image":{"@id":"https:\/\/www.africa-press.net\/cameroun\/sports\/football-des-arbitres-de-mtn-elite-two-revendiquent-des-impayes-a-la-fecafoot-au-titre-de-la-saison-ecoulee#primaryimage"},"thumbnailUrl":"https:\/\/static.africa-press.net\/cameroun\/sites\/57\/2022\/09\/img-632b4038cb496.jpg","keywords":["Africa Press","Africa Press-Cameroun","Cameroun"],"articleSection":["Sports","Toutes les actualit\u00e9s"],"inLanguage":"fr-FR","potentialAction":[{"@type":"CommentAction","name":"Comment","target":["https:\/\/www.africa-press.net\/cameroun\/sports\/football-des-arbitres-de-mtn-elite-two-revendiquent-des-impayes-a-la-fecafoot-au-titre-de-la-saison-ecoulee#respond"]}]},{"@type":"WebPage","@id":"https:\/\/www.africa-press.net\/cameroun\/sports\/football-des-arbitres-de-mtn-elite-two-revendiquent-des-impayes-a-la-fecafoot-au-titre-de-la-saison-ecoulee","url":"https:\/\/www.africa-press.net\/cameroun\/sports\/football-des-arbitres-de-mtn-elite-two-revendiquent-des-impayes-a-la-fecafoot-au-titre-de-la-saison-ecoulee","name":"Football: Des arbitres de MTN Elite Two revendiquent des impay\u00e9s \u00e0 la FECAFOOT au titre de la saison \u00e9coul\u00e9e - Cameroun","isPartOf":{"@id":"https:\/\/www.africa-press.net\/cameroun\/#website"},"primaryImageOfPage":{"@id":"https:\/\/www.africa-press.net\/cameroun\/sports\/football-des-arbitres-de-mtn-elite-two-revendiquent-des-impayes-a-la-fecafoot-au-titre-de-la-saison-ecoulee#primaryimage"},"image":{"@id":"https:\/\/www.africa-press.net\/cameroun\/sports\/football-des-arbitres-de-mtn-elite-two-revendiquent-des-impayes-a-la-fecafoot-au-titre-de-la-saison-ecoulee#primaryimage"},"thumbnailUrl":"https:\/\/static.africa-press.net\/cameroun\/sites\/57\/2022\/09\/img-632b4038cb496.jpg","datePublished":"2022-09-21T14:13:07+00:00","dateModified":"2022-09-21T16:48:32+00:00","author":{"@id":"https:\/\/www.africa-press.net\/cameroun\/#\/schema\/person\/2b1cf3cd81a31e3cd26889ca66d677f1"},"description":"Alors que l\u2019heure est de\u0301ja\u0300 la pre\u0301paration de la saison 2022-2023 a\u0300 la Fe\u0301de\u0301ration Camerounaise de Football (FECAFOO ...","breadcrumb":{"@id":"https:\/\/www.africa-press.net\/cameroun\/sports\/football-des-arbitres-de-mtn-elite-two-revendiquent-des-impayes-a-la-fecafoot-au-titre-de-la-saison-ecoulee#breadcrumb"},"inLanguage":"fr-FR","potentialAction":[{"@type":"ReadAction","target":["https:\/\/www.africa-press.net\/cameroun\/sports\/football-des-arbitres-de-mtn-elite-two-revendiquent-des-impayes-a-la-fecafoot-au-titre-de-la-saison-ecoulee"]}]},{"@type":"ImageObject","inLanguage":"fr-FR","@id":"https:\/\/www.africa-press.net\/cameroun\/sports\/football-des-arbitres-de-mtn-elite-two-revendiquent-des-impayes-a-la-fecafoot-au-titre-de-la-saison-ecoulee#primaryimage","url":"https:\/\/static.africa-press.net\/cameroun\/sites\/57\/2022\/09\/img-632b4038cb496.jpg","contentUrl":"https:\/\/static.africa-press.net\/cameroun\/sites\/57\/2022\/09\/img-632b4038cb496.jpg","width":800,"height":638,"caption":"Football: Des arbitres de MTN Elite Two revendiquent des impay\u00e9s \u00e0 la FECAFOOT au titre de la saison \u00e9coul\u00e9e"},{"@type":"BreadcrumbList","@id":"https:\/\/www.africa-press.net\/cameroun\/sports\/football-des-arbitres-de-mtn-elite-two-revendiquent-des-impayes-a-la-fecafoot-au-titre-de-la-saison-ecoulee#breadcrumb","itemListElement":[{"@type":"ListItem","position":1,"name":"Accueil","item":"https:\/\/www.africa-press.net\/cameroun\/"},{"@type":"ListItem","position":2,"name":"Football: Des arbitres de MTN Elite Two revendiquent des impay\u00e9s \u00e0 la FECAFOOT au titre de la saison \u00e9coul\u00e9e"}]},{"@type":"WebSite","@id":"https:\/\/www.africa-press.net\/cameroun\/#website","url":"https:\/\/www.africa-press.net\/cameroun\/","name":"Cameroun","description":"Just another Africa News Agency Sites site","potentialAction":[{"@type":"SearchAction","target":{"@type":"EntryPoint","urlTemplate":"https:\/\/www.africa-press.net\/cameroun\/?s={search_term_string}"},"query-input":{"@type":"PropertyValueSpecification","valueRequired":true,"valueName":"search_term_string"}}],"inLanguage":"fr-FR"},{"@type":"Person","@id":"https:\/\/www.africa-press.net\/cameroun\/#\/schema\/person\/2b1cf3cd81a31e3cd26889ca66d677f1","name":"cfeditorfr"}]}},"_links":{"self":[{"href":"https:\/\/www.africa-press.net\/cameroun\/wp-json\/wp\/v2\/posts\/27914","targetHints":{"allow":["GET"]}}],"collection":[{"href":"https:\/\/www.africa-press.net\/cameroun\/wp-json\/wp\/v2\/posts"}],"about":[{"href":"https:\/\/www.africa-press.net\/cameroun\/wp-json\/wp\/v2\/types\/post"}],"author":[{"embeddable":true,"href":"https:\/\/www.africa-press.net\/cameroun\/wp-json\/wp\/v2\/users\/82"}],"replies":[{"embeddable":true,"href":"https:\/\/www.africa-press.net\/cameroun\/wp-json\/wp\/v2\/comments?post=27914"}],"version-history":[{"count":0,"href":"https:\/\/www.africa-press.net\/cameroun\/wp-json\/wp\/v2\/posts\/27914\/revisions"}],"wp:featuredmedia":[{"embeddable":true,"href":"https:\/\/www.africa-press.net\/cameroun\/wp-json\/wp\/v2\/media\/27913"}],"wp:attachment":[{"href":"https:\/\/www.africa-press.net\/cameroun\/wp-json\/wp\/v2\/media?parent=27914"}],"wp:term":[{"taxonomy":"category","embeddable":true,"href":"https:\/\/www.africa-press.net\/cameroun\/wp-json\/wp\/v2\/categories?post=27914"},{"taxonomy":"post_tag","embeddable":true,"href":"https:\/\/www.africa-press.net\/cameroun\/wp-json\/wp\/v2\/tags?post=27914"}],"curies":[{"name":"wp","href":"https:\/\/api.w.org\/{rel}","templated":true}]}}