{"id":27917,"date":"2022-09-21T14:19:01","date_gmt":"2022-09-21T14:19:01","guid":{"rendered":"https:\/\/www.africa-press.net\/cameroun\/politique\/journee-mondiale-de-la-paix-levangile-de-la-paix-prechee-dans-les-ecoles-ou-la-violence-juvenile-prend-de-lampleur"},"modified":"2022-09-21T16:49:25","modified_gmt":"2022-09-21T16:49:25","slug":"journee-mondiale-de-la-paix-levangile-de-la-paix-prechee-dans-les-ecoles-ou-la-violence-juvenile-prend-de-lampleur","status":"publish","type":"post","link":"https:\/\/www.africa-press.net\/cameroun\/toutes-les-actualites\/journee-mondiale-de-la-paix-levangile-de-la-paix-prechee-dans-les-ecoles-ou-la-violence-juvenile-prend-de-lampleur","title":{"rendered":"Journ\u00e9e mondiale de la Paix\u00a0: L\u2019\u00e9vangile de la paix pr\u00each\u00e9e dans les \u00e9coles o\u00f9 la violence juv\u00e9nile prend de l\u2019ampleur"},"content":{"rendered":"<p><span style=\"color: #ff6600\"><strong>Africa-Press &#8211; Cameroun. <\/strong><\/span>La communaute\u0301 internationale ce\u0301le\u0300bre ce mercredi 21 septembre 2022 la 41e e\u0301dition Journe\u0301e Internationale de la Paix, sous le the\u0300me : \u00ab Agir pour l\u2019e\u0301galite\u0301 : mettre fin au racisme, ba\u0302tir la paix \u00bb. A l\u2019occasion, la branche camerounaise de l\u2019ONG Women International League for Peace and Freedom (WILPF) a organise\u0301 depuis le 16 septembre dernier, avec l\u2019appui de l\u2019agence ONU Femmes, une se\u0301rie d\u2019activite\u0301s baptise\u0301e \u00ab Semaine d\u2019appel a\u0300 la paix par les femmes \u00bb. Elle a de\u0301marre\u0301 par une journe\u0301e d\u2019e\u0301ducation a\u0300 la paix au Lyce\u0301e Bilingue d\u2019Emana a\u0300 Yaounde\u0301, en pre\u0301sence des e\u0301le\u0300ves de cet e\u0301tablissement scolaire.<\/p>\n<p>Le choix de l\u2019e\u0301cole pour ve\u0301hiculer les valeurs de paix n\u2019est pas anodin dans un contexte ou\u0300 la violence en milieu scolaire a pris des proportions difficilement contro\u0302le\u0301es par les chefs d\u2019e\u0301tablissement. \u00ab Pour l\u2019e\u0301ducation des jeunes, il faut mettre un accent particulier sur l\u2019e\u0301ducation a\u0300 la paix, aux valeurs qui pro\u0302nent la paix, la tole\u0301rance. On s\u2019est rendu compte qu\u2019ils ne savent plus faire la diffe\u0301rence sur comment re\u0301soudre un conflit pacifiquement ou avec violence. Et la violence prend l\u2019escalier dans les e\u0301tablissements scolaires \u00bb, a e\u0301taye\u0301 Viviane Nguimeya, pre\u0301sidente de la branche camerounaise de Women International League for Peace and Freedom.<\/p>\n<p>Au cours de cette journe\u0301e, les e\u0301le\u0300ves ont pris part a\u0300 des ateliers anime\u0301s par les responsables de cette organisation non-gouvernementale, avec le concours des administrations publiques implique\u0301es dans l\u2019e\u0301ducation de la jeunesse. Et apre\u0300s un Brainstorming, les e\u0301coliers ont e\u0301te\u0301 initie\u0301s sur les diffe\u0301rents visages de la violence, et sur les valeurs qui incarnent la paix et le vivre-ensemble, de\u0301sormais e\u0301prouve\u0301s dans un Cameroun ou\u0300 pre\u0301valent des crises multiformes, notamment dans les re\u0301gions du Nord-Ouest et du Sud-Ouest. \u00ab Notre Lyce\u0301e est bilingue, et nous avons les e\u0301le\u0300ves de deux expressions : anglaise et franc\u0327aise. Nous vivons ensemble et pro\u0302nons la paix au sein de notre e\u0301tablissement \u00bb, a rassure\u0301 Sone Mabel Ntoko, proviseur du Lyce\u0301e Bilingue d\u2019Emana.<\/p>\n<p>En apothe\u0301ose de cette \u00ab Semaine d\u2019appel a\u0300 la paix par les femmes \u00bb, WILPF Cameroon a organise\u0301 ce mercredi 21 septembre une journe\u0301e de plaidoyer pour la paix a\u0300 Yaounde\u0301, dont le but est de faire entendre la voix des femmes et filles au Cameroun, en Afrique et dans le monde. Ces voix sont soutenues par des communaute\u0301s religieuses, traditionnelles, des jeunes en faveur de la paix et de la pre\u0301vention des violences et des conflits dans le monde.<\/p>\n<p><strong>Pour plus d&rsquo;informations et d&rsquo;analyses sur la <a href=\"https:\/\/www.africa-press.net\/cameroun\">Cameroun<\/a>, suivez <a href=\"https:\/\/www.africa-press.net\/\">Africa-Press<\/a><\/strong><\/p>\n","protected":false},"excerpt":{"rendered":"<p>Africa-Press &#8211; Cameroun. La communaute\u0301 internationale ce\u0301le\u0300bre ce mercredi 21 septembre 2022 la 41e e\u0301dition Journe\u0301e Internationale de la Paix, sous le the\u0300me : \u00ab Agir pour l\u2019e\u0301galite\u0301 : mettre fin au racisme, ba\u0302tir la paix \u00bb. A l\u2019occasion, la branche camerounaise de l\u2019ONG Women International League for Peace and Freedom (WILPF) a organise\u0301 depuis [&hellip;]<\/p>\n","protected":false},"author":82,"featured_media":27916,"comment_status":"open","ping_status":"closed","sticky":false,"template":"","format":"standard","meta":{"footnotes":""},"categories":[21,10],"tags":[36,50,49],"class_list":["post-27917","post","type-post","status-publish","format-standard","has-post-thumbnail","hentry","category-communaute","category-toutes-les-actualites","tag-africa-press","tag-africa-press-cameroun","tag-cameroun"],"yoast_head":"<!-- This site is optimized with the Yoast SEO Premium plugin v26.1 (Yoast SEO v27.0) - https:\/\/yoast.com\/product\/yoast-seo-premium-wordpress\/ -->\n<title>Journ\u00e9e mondiale de la Paix\u00a0: L\u2019\u00e9vangile de la paix pr\u00each\u00e9e dans les \u00e9coles o\u00f9 la violence juv\u00e9nile prend de l\u2019ampleur - Cameroun<\/title>\n<meta name=\"description\" content=\"La communaute\u0301 internationale ce\u0301le\u0300bre ce mercredi 21 septembre 2022 la 41e e\u0301dition Journe\u0301e Internationale de la Paix ...\" \/>\n<meta name=\"robots\" content=\"index, follow, max-snippet:-1, max-image-preview:large, max-video-preview:-1\" \/>\n<link rel=\"canonical\" href=\"https:\/\/www.africa-press.net\/cameroun\/toutes-les-actualites\/journee-mondiale-de-la-paix-levangile-de-la-paix-prechee-dans-les-ecoles-ou-la-violence-juvenile-prend-de-lampleur\" \/>\n<meta property=\"og:locale\" content=\"fr_FR\" \/>\n<meta property=\"og:type\" content=\"article\" \/>\n<meta property=\"og:title\" content=\"Journ\u00e9e mondiale de la Paix\u00a0: L\u2019\u00e9vangile de la paix pr\u00each\u00e9e dans les \u00e9coles o\u00f9 la violence juv\u00e9nile prend de l\u2019ampleur\" \/>\n<meta property=\"og:description\" content=\"La communaute\u0301 internationale ce\u0301le\u0300bre ce mercredi 21 septembre 2022 la 41e e\u0301dition Journe\u0301e Internationale de la Paix ...\" \/>\n<meta property=\"og:url\" content=\"https:\/\/www.africa-press.net\/cameroun\/toutes-les-actualites\/journee-mondiale-de-la-paix-levangile-de-la-paix-prechee-dans-les-ecoles-ou-la-violence-juvenile-prend-de-lampleur\" \/>\n<meta property=\"og:site_name\" content=\"Cameroun\" \/>\n<meta property=\"article:published_time\" content=\"2022-09-21T14:19:01+00:00\" \/>\n<meta property=\"article:modified_time\" content=\"2022-09-21T16:49:25+00:00\" \/>\n<meta property=\"og:image\" content=\"https:\/\/static.africa-press.net\/cameroun\/sites\/57\/2022\/09\/img-632b406f0949e.jpg\" \/>\n\t<meta property=\"og:image:width\" content=\"800\" \/>\n\t<meta property=\"og:image:height\" content=\"358\" \/>\n\t<meta property=\"og:image:type\" content=\"image\/jpeg\" \/>\n<meta name=\"author\" content=\"cfeditorfr\" \/>\n<meta name=\"twitter:card\" content=\"summary_large_image\" \/>\n<meta name=\"twitter:label1\" content=\"\u00c9crit par\" \/>\n\t<meta name=\"twitter:data1\" content=\"cfeditorfr\" \/>\n\t<meta name=\"twitter:label2\" content=\"Dur\u00e9e de lecture estim\u00e9e\" \/>\n\t<meta name=\"twitter:data2\" content=\"3 minutes\" \/>\n<script type=\"application\/ld+json\" class=\"yoast-schema-graph\">{\"@context\":\"https:\/\/schema.org\",\"@graph\":[{\"@type\":\"Article\",\"@id\":\"https:\/\/www.africa-press.net\/cameroun\/toutes-les-actualites\/journee-mondiale-de-la-paix-levangile-de-la-paix-prechee-dans-les-ecoles-ou-la-violence-juvenile-prend-de-lampleur#article\",\"isPartOf\":{\"@id\":\"https:\/\/www.africa-press.net\/cameroun\/toutes-les-actualites\/journee-mondiale-de-la-paix-levangile-de-la-paix-prechee-dans-les-ecoles-ou-la-violence-juvenile-prend-de-lampleur\"},\"author\":{\"name\":\"cfeditorfr\",\"@id\":\"https:\/\/www.africa-press.net\/cameroun\/#\/schema\/person\/2b1cf3cd81a31e3cd26889ca66d677f1\"},\"headline\":\"Journ\u00e9e mondiale de la Paix\u00a0: L\u2019\u00e9vangile de la paix pr\u00each\u00e9e dans les \u00e9coles o\u00f9 la violence juv\u00e9nile prend de l\u2019ampleur\",\"datePublished\":\"2022-09-21T14:19:01+00:00\",\"dateModified\":\"2022-09-21T16:49:25+00:00\",\"mainEntityOfPage\":{\"@id\":\"https:\/\/www.africa-press.net\/cameroun\/toutes-les-actualites\/journee-mondiale-de-la-paix-levangile-de-la-paix-prechee-dans-les-ecoles-ou-la-violence-juvenile-prend-de-lampleur\"},\"wordCount\":505,\"commentCount\":0,\"image\":{\"@id\":\"https:\/\/www.africa-press.net\/cameroun\/toutes-les-actualites\/journee-mondiale-de-la-paix-levangile-de-la-paix-prechee-dans-les-ecoles-ou-la-violence-juvenile-prend-de-lampleur#primaryimage\"},\"thumbnailUrl\":\"https:\/\/static.africa-press.net\/cameroun\/sites\/57\/2022\/09\/img-632b406f0949e.jpg\",\"keywords\":[\"Africa Press\",\"Africa Press-Cameroun\",\"Cameroun\"],\"articleSection\":[\"Communaut\u00e9\",\"Toutes les actualit\u00e9s\"],\"inLanguage\":\"fr-FR\",\"potentialAction\":[{\"@type\":\"CommentAction\",\"name\":\"Comment\",\"target\":[\"https:\/\/www.africa-press.net\/cameroun\/toutes-les-actualites\/journee-mondiale-de-la-paix-levangile-de-la-paix-prechee-dans-les-ecoles-ou-la-violence-juvenile-prend-de-lampleur#respond\"]}]},{\"@type\":\"WebPage\",\"@id\":\"https:\/\/www.africa-press.net\/cameroun\/toutes-les-actualites\/journee-mondiale-de-la-paix-levangile-de-la-paix-prechee-dans-les-ecoles-ou-la-violence-juvenile-prend-de-lampleur\",\"url\":\"https:\/\/www.africa-press.net\/cameroun\/toutes-les-actualites\/journee-mondiale-de-la-paix-levangile-de-la-paix-prechee-dans-les-ecoles-ou-la-violence-juvenile-prend-de-lampleur\",\"name\":\"Journ\u00e9e mondiale de la Paix\u00a0: L\u2019\u00e9vangile de la paix pr\u00each\u00e9e dans les \u00e9coles o\u00f9 la violence juv\u00e9nile prend de l\u2019ampleur - Cameroun\",\"isPartOf\":{\"@id\":\"https:\/\/www.africa-press.net\/cameroun\/#website\"},\"primaryImageOfPage\":{\"@id\":\"https:\/\/www.africa-press.net\/cameroun\/toutes-les-actualites\/journee-mondiale-de-la-paix-levangile-de-la-paix-prechee-dans-les-ecoles-ou-la-violence-juvenile-prend-de-lampleur#primaryimage\"},\"image\":{\"@id\":\"https:\/\/www.africa-press.net\/cameroun\/toutes-les-actualites\/journee-mondiale-de-la-paix-levangile-de-la-paix-prechee-dans-les-ecoles-ou-la-violence-juvenile-prend-de-lampleur#primaryimage\"},\"thumbnailUrl\":\"https:\/\/static.africa-press.net\/cameroun\/sites\/57\/2022\/09\/img-632b406f0949e.jpg\",\"datePublished\":\"2022-09-21T14:19:01+00:00\",\"dateModified\":\"2022-09-21T16:49:25+00:00\",\"author\":{\"@id\":\"https:\/\/www.africa-press.net\/cameroun\/#\/schema\/person\/2b1cf3cd81a31e3cd26889ca66d677f1\"},\"description\":\"La communaute\u0301 internationale ce\u0301le\u0300bre ce mercredi 21 septembre 2022 la 41e e\u0301dition Journe\u0301e Internationale de la Paix ...\",\"breadcrumb\":{\"@id\":\"https:\/\/www.africa-press.net\/cameroun\/toutes-les-actualites\/journee-mondiale-de-la-paix-levangile-de-la-paix-prechee-dans-les-ecoles-ou-la-violence-juvenile-prend-de-lampleur#breadcrumb\"},\"inLanguage\":\"fr-FR\",\"potentialAction\":[{\"@type\":\"ReadAction\",\"target\":[\"https:\/\/www.africa-press.net\/cameroun\/toutes-les-actualites\/journee-mondiale-de-la-paix-levangile-de-la-paix-prechee-dans-les-ecoles-ou-la-violence-juvenile-prend-de-lampleur\"]}]},{\"@type\":\"ImageObject\",\"inLanguage\":\"fr-FR\",\"@id\":\"https:\/\/www.africa-press.net\/cameroun\/toutes-les-actualites\/journee-mondiale-de-la-paix-levangile-de-la-paix-prechee-dans-les-ecoles-ou-la-violence-juvenile-prend-de-lampleur#primaryimage\",\"url\":\"https:\/\/static.africa-press.net\/cameroun\/sites\/57\/2022\/09\/img-632b406f0949e.jpg\",\"contentUrl\":\"https:\/\/static.africa-press.net\/cameroun\/sites\/57\/2022\/09\/img-632b406f0949e.jpg\",\"width\":800,\"height\":358,\"caption\":\"Journ\u00e9e mondiale de la Paix\u00a0: L\u2019\u00e9vangile de la paix pr\u00each\u00e9e dans les \u00e9coles o\u00f9 la violence juv\u00e9nile prend de l\u2019ampleur\"},{\"@type\":\"BreadcrumbList\",\"@id\":\"https:\/\/www.africa-press.net\/cameroun\/toutes-les-actualites\/journee-mondiale-de-la-paix-levangile-de-la-paix-prechee-dans-les-ecoles-ou-la-violence-juvenile-prend-de-lampleur#breadcrumb\",\"itemListElement\":[{\"@type\":\"ListItem\",\"position\":1,\"name\":\"Accueil\",\"item\":\"https:\/\/www.africa-press.net\/cameroun\/\"},{\"@type\":\"ListItem\",\"position\":2,\"name\":\"Journ\u00e9e mondiale de la Paix\u00a0: L\u2019\u00e9vangile de la paix pr\u00each\u00e9e dans les \u00e9coles o\u00f9 la violence juv\u00e9nile prend de l\u2019ampleur\"}]},{\"@type\":\"WebSite\",\"@id\":\"https:\/\/www.africa-press.net\/cameroun\/#website\",\"url\":\"https:\/\/www.africa-press.net\/cameroun\/\",\"name\":\"Cameroun\",\"description\":\"Just another Africa News Agency Sites site\",\"potentialAction\":[{\"@type\":\"SearchAction\",\"target\":{\"@type\":\"EntryPoint\",\"urlTemplate\":\"https:\/\/www.africa-press.net\/cameroun\/?s={search_term_string}\"},\"query-input\":{\"@type\":\"PropertyValueSpecification\",\"valueRequired\":true,\"valueName\":\"search_term_string\"}}],\"inLanguage\":\"fr-FR\"},{\"@type\":\"Person\",\"@id\":\"https:\/\/www.africa-press.net\/cameroun\/#\/schema\/person\/2b1cf3cd81a31e3cd26889ca66d677f1\",\"name\":\"cfeditorfr\"}]}<\/script>\n<!-- \/ Yoast SEO Premium plugin. -->","yoast_head_json":{"title":"Journ\u00e9e mondiale de la Paix\u00a0: L\u2019\u00e9vangile de la paix pr\u00each\u00e9e dans les \u00e9coles o\u00f9 la violence juv\u00e9nile prend de l\u2019ampleur - Cameroun","description":"La communaute\u0301 internationale ce\u0301le\u0300bre ce mercredi 21 septembre 2022 la 41e e\u0301dition Journe\u0301e Internationale de la Paix ...","robots":{"index":"index","follow":"follow","max-snippet":"max-snippet:-1","max-image-preview":"max-image-preview:large","max-video-preview":"max-video-preview:-1"},"canonical":"https:\/\/www.africa-press.net\/cameroun\/toutes-les-actualites\/journee-mondiale-de-la-paix-levangile-de-la-paix-prechee-dans-les-ecoles-ou-la-violence-juvenile-prend-de-lampleur","og_locale":"fr_FR","og_type":"article","og_title":"Journ\u00e9e mondiale de la Paix\u00a0: L\u2019\u00e9vangile de la paix pr\u00each\u00e9e dans les \u00e9coles o\u00f9 la violence juv\u00e9nile prend de l\u2019ampleur","og_description":"La communaute\u0301 internationale ce\u0301le\u0300bre ce mercredi 21 septembre 2022 la 41e e\u0301dition Journe\u0301e Internationale de la Paix ...","og_url":"https:\/\/www.africa-press.net\/cameroun\/toutes-les-actualites\/journee-mondiale-de-la-paix-levangile-de-la-paix-prechee-dans-les-ecoles-ou-la-violence-juvenile-prend-de-lampleur","og_site_name":"Cameroun","article_published_time":"2022-09-21T14:19:01+00:00","article_modified_time":"2022-09-21T16:49:25+00:00","og_image":[{"width":800,"height":358,"url":"https:\/\/static.africa-press.net\/cameroun\/sites\/57\/2022\/09\/img-632b406f0949e.jpg","type":"image\/jpeg"}],"author":"cfeditorfr","twitter_card":"summary_large_image","twitter_misc":{"\u00c9crit par":"cfeditorfr","Dur\u00e9e de lecture estim\u00e9e":"3 minutes"},"schema":{"@context":"https:\/\/schema.org","@graph":[{"@type":"Article","@id":"https:\/\/www.africa-press.net\/cameroun\/toutes-les-actualites\/journee-mondiale-de-la-paix-levangile-de-la-paix-prechee-dans-les-ecoles-ou-la-violence-juvenile-prend-de-lampleur#article","isPartOf":{"@id":"https:\/\/www.africa-press.net\/cameroun\/toutes-les-actualites\/journee-mondiale-de-la-paix-levangile-de-la-paix-prechee-dans-les-ecoles-ou-la-violence-juvenile-prend-de-lampleur"},"author":{"name":"cfeditorfr","@id":"https:\/\/www.africa-press.net\/cameroun\/#\/schema\/person\/2b1cf3cd81a31e3cd26889ca66d677f1"},"headline":"Journ\u00e9e mondiale de la Paix\u00a0: L\u2019\u00e9vangile de la paix pr\u00each\u00e9e dans les \u00e9coles o\u00f9 la violence juv\u00e9nile prend de l\u2019ampleur","datePublished":"2022-09-21T14:19:01+00:00","dateModified":"2022-09-21T16:49:25+00:00","mainEntityOfPage":{"@id":"https:\/\/www.africa-press.net\/cameroun\/toutes-les-actualites\/journee-mondiale-de-la-paix-levangile-de-la-paix-prechee-dans-les-ecoles-ou-la-violence-juvenile-prend-de-lampleur"},"wordCount":505,"commentCount":0,"image":{"@id":"https:\/\/www.africa-press.net\/cameroun\/toutes-les-actualites\/journee-mondiale-de-la-paix-levangile-de-la-paix-prechee-dans-les-ecoles-ou-la-violence-juvenile-prend-de-lampleur#primaryimage"},"thumbnailUrl":"https:\/\/static.africa-press.net\/cameroun\/sites\/57\/2022\/09\/img-632b406f0949e.jpg","keywords":["Africa Press","Africa Press-Cameroun","Cameroun"],"articleSection":["Communaut\u00e9","Toutes les actualit\u00e9s"],"inLanguage":"fr-FR","potentialAction":[{"@type":"CommentAction","name":"Comment","target":["https:\/\/www.africa-press.net\/cameroun\/toutes-les-actualites\/journee-mondiale-de-la-paix-levangile-de-la-paix-prechee-dans-les-ecoles-ou-la-violence-juvenile-prend-de-lampleur#respond"]}]},{"@type":"WebPage","@id":"https:\/\/www.africa-press.net\/cameroun\/toutes-les-actualites\/journee-mondiale-de-la-paix-levangile-de-la-paix-prechee-dans-les-ecoles-ou-la-violence-juvenile-prend-de-lampleur","url":"https:\/\/www.africa-press.net\/cameroun\/toutes-les-actualites\/journee-mondiale-de-la-paix-levangile-de-la-paix-prechee-dans-les-ecoles-ou-la-violence-juvenile-prend-de-lampleur","name":"Journ\u00e9e mondiale de la Paix\u00a0: L\u2019\u00e9vangile de la paix pr\u00each\u00e9e dans les \u00e9coles o\u00f9 la violence juv\u00e9nile prend de l\u2019ampleur - Cameroun","isPartOf":{"@id":"https:\/\/www.africa-press.net\/cameroun\/#website"},"primaryImageOfPage":{"@id":"https:\/\/www.africa-press.net\/cameroun\/toutes-les-actualites\/journee-mondiale-de-la-paix-levangile-de-la-paix-prechee-dans-les-ecoles-ou-la-violence-juvenile-prend-de-lampleur#primaryimage"},"image":{"@id":"https:\/\/www.africa-press.net\/cameroun\/toutes-les-actualites\/journee-mondiale-de-la-paix-levangile-de-la-paix-prechee-dans-les-ecoles-ou-la-violence-juvenile-prend-de-lampleur#primaryimage"},"thumbnailUrl":"https:\/\/static.africa-press.net\/cameroun\/sites\/57\/2022\/09\/img-632b406f0949e.jpg","datePublished":"2022-09-21T14:19:01+00:00","dateModified":"2022-09-21T16:49:25+00:00","author":{"@id":"https:\/\/www.africa-press.net\/cameroun\/#\/schema\/person\/2b1cf3cd81a31e3cd26889ca66d677f1"},"description":"La communaute\u0301 internationale ce\u0301le\u0300bre ce mercredi 21 septembre 2022 la 41e e\u0301dition Journe\u0301e Internationale de la Paix ...","breadcrumb":{"@id":"https:\/\/www.africa-press.net\/cameroun\/toutes-les-actualites\/journee-mondiale-de-la-paix-levangile-de-la-paix-prechee-dans-les-ecoles-ou-la-violence-juvenile-prend-de-lampleur#breadcrumb"},"inLanguage":"fr-FR","potentialAction":[{"@type":"ReadAction","target":["https:\/\/www.africa-press.net\/cameroun\/toutes-les-actualites\/journee-mondiale-de-la-paix-levangile-de-la-paix-prechee-dans-les-ecoles-ou-la-violence-juvenile-prend-de-lampleur"]}]},{"@type":"ImageObject","inLanguage":"fr-FR","@id":"https:\/\/www.africa-press.net\/cameroun\/toutes-les-actualites\/journee-mondiale-de-la-paix-levangile-de-la-paix-prechee-dans-les-ecoles-ou-la-violence-juvenile-prend-de-lampleur#primaryimage","url":"https:\/\/static.africa-press.net\/cameroun\/sites\/57\/2022\/09\/img-632b406f0949e.jpg","contentUrl":"https:\/\/static.africa-press.net\/cameroun\/sites\/57\/2022\/09\/img-632b406f0949e.jpg","width":800,"height":358,"caption":"Journ\u00e9e mondiale de la Paix\u00a0: L\u2019\u00e9vangile de la paix pr\u00each\u00e9e dans les \u00e9coles o\u00f9 la violence juv\u00e9nile prend de l\u2019ampleur"},{"@type":"BreadcrumbList","@id":"https:\/\/www.africa-press.net\/cameroun\/toutes-les-actualites\/journee-mondiale-de-la-paix-levangile-de-la-paix-prechee-dans-les-ecoles-ou-la-violence-juvenile-prend-de-lampleur#breadcrumb","itemListElement":[{"@type":"ListItem","position":1,"name":"Accueil","item":"https:\/\/www.africa-press.net\/cameroun\/"},{"@type":"ListItem","position":2,"name":"Journ\u00e9e mondiale de la Paix\u00a0: L\u2019\u00e9vangile de la paix pr\u00each\u00e9e dans les \u00e9coles o\u00f9 la violence juv\u00e9nile prend de l\u2019ampleur"}]},{"@type":"WebSite","@id":"https:\/\/www.africa-press.net\/cameroun\/#website","url":"https:\/\/www.africa-press.net\/cameroun\/","name":"Cameroun","description":"Just another Africa News Agency Sites site","potentialAction":[{"@type":"SearchAction","target":{"@type":"EntryPoint","urlTemplate":"https:\/\/www.africa-press.net\/cameroun\/?s={search_term_string}"},"query-input":{"@type":"PropertyValueSpecification","valueRequired":true,"valueName":"search_term_string"}}],"inLanguage":"fr-FR"},{"@type":"Person","@id":"https:\/\/www.africa-press.net\/cameroun\/#\/schema\/person\/2b1cf3cd81a31e3cd26889ca66d677f1","name":"cfeditorfr"}]}},"_links":{"self":[{"href":"https:\/\/www.africa-press.net\/cameroun\/wp-json\/wp\/v2\/posts\/27917","targetHints":{"allow":["GET"]}}],"collection":[{"href":"https:\/\/www.africa-press.net\/cameroun\/wp-json\/wp\/v2\/posts"}],"about":[{"href":"https:\/\/www.africa-press.net\/cameroun\/wp-json\/wp\/v2\/types\/post"}],"author":[{"embeddable":true,"href":"https:\/\/www.africa-press.net\/cameroun\/wp-json\/wp\/v2\/users\/82"}],"replies":[{"embeddable":true,"href":"https:\/\/www.africa-press.net\/cameroun\/wp-json\/wp\/v2\/comments?post=27917"}],"version-history":[{"count":0,"href":"https:\/\/www.africa-press.net\/cameroun\/wp-json\/wp\/v2\/posts\/27917\/revisions"}],"wp:featuredmedia":[{"embeddable":true,"href":"https:\/\/www.africa-press.net\/cameroun\/wp-json\/wp\/v2\/media\/27916"}],"wp:attachment":[{"href":"https:\/\/www.africa-press.net\/cameroun\/wp-json\/wp\/v2\/media?parent=27917"}],"wp:term":[{"taxonomy":"category","embeddable":true,"href":"https:\/\/www.africa-press.net\/cameroun\/wp-json\/wp\/v2\/categories?post=27917"},{"taxonomy":"post_tag","embeddable":true,"href":"https:\/\/www.africa-press.net\/cameroun\/wp-json\/wp\/v2\/tags?post=27917"}],"curies":[{"name":"wp","href":"https:\/\/api.w.org\/{rel}","templated":true}]}}