{"id":27932,"date":"2022-09-21T15:00:51","date_gmt":"2022-09-21T15:00:51","guid":{"rendered":"https:\/\/www.africa-press.net\/cameroun\/politique\/cameroun-deux-accords-de-pret-dun-montant-de-908-milliards-fcfa-signes-hier-mardi-20-septembre-2022-a-yaounde-avec-la-banque-africaine-de-developpement"},"modified":"2022-09-21T16:54:24","modified_gmt":"2022-09-21T16:54:24","slug":"cameroun-deux-accords-de-pret-dun-montant-de-908-milliards-fcfa-signes-hier-mardi-20-septembre-2022-a-yaounde-avec-la-banque-africaine-de-developpement","status":"publish","type":"post","link":"https:\/\/www.africa-press.net\/cameroun\/economie\/cameroun-deux-accords-de-pret-dun-montant-de-908-milliards-fcfa-signes-hier-mardi-20-septembre-2022-a-yaounde-avec-la-banque-africaine-de-developpement","title":{"rendered":"Cameroun: Deux accords de pr\u00eat d\u2019un montant de 90,8 milliards FCFA sign\u00e9s hier mardi 20 septembre 2022 \u00e0 Yaound\u00e9, avec la Banque africaine de d\u00e9veloppement"},"content":{"rendered":"<p><span style=\"color: #ff6600\"><strong>Africa-Press &#8211; Cameroun. <\/strong><\/span>Alamine Ousmane Mey, ministre de l\u2019Economie, de la planification et de l\u2019ame\u0301nagement du territoire (Minepat) a signe\u0301 hier mardi 20 septembre avec Serge N\u2019Guessan, directeur ge\u0301ne\u0301ral de la BAD pour l\u2019Afrique Centrale, deux accords de pre\u0302t d\u2019un total de 90,8 milliards FCFA, pour le financement de deux projets de de\u0301veloppement.<\/p>\n<p>Soit 75 milliards FCFA pour le Projet d\u2019ame\u0301nagement des routes de de\u0301senclavement de la zone industrielle et portuaire de Kribi (PARZIK) et 15,8 milliards FCFA pour le Projet comple\u0301mentaire d\u2019assainissement pluvial de la ville de Yaounde\u0301 (PCADY).<\/p>\n<p>Pour ce qui est premier projet dont le but est de contribuer a\u0300 l\u2019ame\u0301lioration du syste\u0300me de transport a\u0300 travers l\u2019optimisation du fonctionnement du complexe industriel et portuaire de Kribi dans la re\u0301gion du Sud et le l\u2019inte\u0301gration sous-re\u0301gional, il va permettre la re\u0301habilitation de la route Ede\u0301a-Kribi (110km), l\u2019ame\u0301nagement de la voie expresse Lolabe\u0301-Campo (39km), l\u2019ame\u0301nagement d\u2019une liaison viable de 50km permettant une interconnexion entre le port de Kribi et plusieurs agro industries.<\/p>\n<p>Avec la phase comple\u0301mentaire du PCADY dans la lutte contre les inondations, l\u2019on devrait s\u2019attendre a\u0300 re\u0301duction de la fre\u0301quence de ces de\u0301bordements d\u2019eau, notamment au centre-ville de Yaounde\u0301, avec la construction d\u2019un bassin d\u2019e\u0301cre\u0302tage des crues et une meilleure gestion des de\u0301chets solides.<\/p>\n<p>Ce projet sera e\u0301galement soutenu par un don du Fonds pour l\u2019environnement mondial d\u2019une enveloppe de 5,8 milliards FCFA, qui devra servir a\u0300 financer des e\u0301tudes pour la nouvelle de\u0301charge d\u2019Ongot a\u0300 Yaounde\u0301 et les travaux de construction d\u2019un centre de traitement des de\u0301chets de classe 1 a\u0300 Ngombe\u0301, dans la ville de Douala, capitale e\u0301conomique du pays.<\/p>\n<p><b>Jean Daniel Obama <\/b><\/p>\n<p><strong>Pour plus d&rsquo;informations et d&rsquo;analyses sur la <a href=\"https:\/\/www.africa-press.net\/cameroun\">Cameroun<\/a>, suivez <a href=\"https:\/\/www.africa-press.net\/\">Africa-Press<\/a><\/strong><\/p>\n","protected":false},"excerpt":{"rendered":"<p>Africa-Press &#8211; Cameroun. Alamine Ousmane Mey, ministre de l\u2019Economie, de la planification et de l\u2019ame\u0301nagement du territoire (Minepat) a signe\u0301 hier mardi 20 septembre avec Serge N\u2019Guessan, directeur ge\u0301ne\u0301ral de la BAD pour l\u2019Afrique Centrale, deux accords de pre\u0302t d\u2019un total de 90,8 milliards FCFA, pour le financement de deux projets de de\u0301veloppement. Soit 75 [&hellip;]<\/p>\n","protected":false},"author":82,"featured_media":27931,"comment_status":"open","ping_status":"closed","sticky":false,"template":"","format":"standard","meta":{"footnotes":""},"categories":[3,10],"tags":[36,50,49],"class_list":["post-27932","post","type-post","status-publish","format-standard","has-post-thumbnail","hentry","category-economie","category-toutes-les-actualites","tag-africa-press","tag-africa-press-cameroun","tag-cameroun"],"yoast_head":"<!-- This site is optimized with the Yoast SEO Premium plugin v26.1 (Yoast SEO v27.0) - https:\/\/yoast.com\/product\/yoast-seo-premium-wordpress\/ -->\n<title>Cameroun: Deux accords de pr\u00eat d\u2019un montant de 90,8 milliards FCFA sign\u00e9s hier mardi 20 septembre 2022 \u00e0 Yaound\u00e9, avec la Banque africaine de d\u00e9veloppement - Cameroun<\/title>\n<meta name=\"description\" content=\"Alamine Ousmane Mey, ministre de l\u2019Economie, de la planification et de l\u2019ame\u0301nagement du territoire (Minepat) a signe\u0301 h ...\" \/>\n<meta name=\"robots\" content=\"index, follow, max-snippet:-1, max-image-preview:large, max-video-preview:-1\" \/>\n<link rel=\"canonical\" href=\"https:\/\/www.africa-press.net\/cameroun\/economie\/cameroun-deux-accords-de-pret-dun-montant-de-908-milliards-fcfa-signes-hier-mardi-20-septembre-2022-a-yaounde-avec-la-banque-africaine-de-developpement\" \/>\n<meta property=\"og:locale\" content=\"fr_FR\" \/>\n<meta property=\"og:type\" content=\"article\" \/>\n<meta property=\"og:title\" content=\"Cameroun: Deux accords de pr\u00eat d\u2019un montant de 90,8 milliards FCFA sign\u00e9s hier mardi 20 septembre 2022 \u00e0 Yaound\u00e9, avec la Banque africaine de d\u00e9veloppement\" \/>\n<meta property=\"og:description\" content=\"Alamine Ousmane Mey, ministre de l\u2019Economie, de la planification et de l\u2019ame\u0301nagement du territoire (Minepat) a signe\u0301 h ...\" \/>\n<meta property=\"og:url\" content=\"https:\/\/www.africa-press.net\/cameroun\/economie\/cameroun-deux-accords-de-pret-dun-montant-de-908-milliards-fcfa-signes-hier-mardi-20-septembre-2022-a-yaounde-avec-la-banque-africaine-de-developpement\" \/>\n<meta property=\"og:site_name\" content=\"Cameroun\" \/>\n<meta property=\"article:published_time\" content=\"2022-09-21T15:00:51+00:00\" \/>\n<meta property=\"article:modified_time\" content=\"2022-09-21T16:54:24+00:00\" \/>\n<meta property=\"og:image\" content=\"https:\/\/static.africa-press.net\/cameroun\/sites\/57\/2022\/09\/img-632b418ea29e7.jpg\" \/>\n\t<meta property=\"og:image:width\" content=\"800\" \/>\n\t<meta property=\"og:image:height\" content=\"522\" \/>\n\t<meta property=\"og:image:type\" content=\"image\/jpeg\" \/>\n<meta name=\"author\" content=\"cfeditorfr\" \/>\n<meta name=\"twitter:card\" content=\"summary_large_image\" \/>\n<meta name=\"twitter:label1\" content=\"\u00c9crit par\" \/>\n\t<meta name=\"twitter:data1\" content=\"cfeditorfr\" \/>\n\t<meta name=\"twitter:label2\" content=\"Dur\u00e9e de lecture estim\u00e9e\" \/>\n\t<meta name=\"twitter:data2\" content=\"2 minutes\" \/>\n<script type=\"application\/ld+json\" class=\"yoast-schema-graph\">{\"@context\":\"https:\/\/schema.org\",\"@graph\":[{\"@type\":\"Article\",\"@id\":\"https:\/\/www.africa-press.net\/cameroun\/economie\/cameroun-deux-accords-de-pret-dun-montant-de-908-milliards-fcfa-signes-hier-mardi-20-septembre-2022-a-yaounde-avec-la-banque-africaine-de-developpement#article\",\"isPartOf\":{\"@id\":\"https:\/\/www.africa-press.net\/cameroun\/economie\/cameroun-deux-accords-de-pret-dun-montant-de-908-milliards-fcfa-signes-hier-mardi-20-septembre-2022-a-yaounde-avec-la-banque-africaine-de-developpement\"},\"author\":{\"name\":\"cfeditorfr\",\"@id\":\"https:\/\/www.africa-press.net\/cameroun\/#\/schema\/person\/2b1cf3cd81a31e3cd26889ca66d677f1\"},\"headline\":\"Cameroun: Deux accords de pr\u00eat d\u2019un montant de 90,8 milliards FCFA sign\u00e9s hier mardi 20 septembre 2022 \u00e0 Yaound\u00e9, avec la Banque africaine de d\u00e9veloppement\",\"datePublished\":\"2022-09-21T15:00:51+00:00\",\"dateModified\":\"2022-09-21T16:54:24+00:00\",\"mainEntityOfPage\":{\"@id\":\"https:\/\/www.africa-press.net\/cameroun\/economie\/cameroun-deux-accords-de-pret-dun-montant-de-908-milliards-fcfa-signes-hier-mardi-20-septembre-2022-a-yaounde-avec-la-banque-africaine-de-developpement\"},\"wordCount\":352,\"commentCount\":0,\"image\":{\"@id\":\"https:\/\/www.africa-press.net\/cameroun\/economie\/cameroun-deux-accords-de-pret-dun-montant-de-908-milliards-fcfa-signes-hier-mardi-20-septembre-2022-a-yaounde-avec-la-banque-africaine-de-developpement#primaryimage\"},\"thumbnailUrl\":\"https:\/\/static.africa-press.net\/cameroun\/sites\/57\/2022\/09\/img-632b418ea29e7.jpg\",\"keywords\":[\"Africa Press\",\"Africa Press-Cameroun\",\"Cameroun\"],\"articleSection\":[\"\u00c9conomie\",\"Toutes les actualit\u00e9s\"],\"inLanguage\":\"fr-FR\",\"potentialAction\":[{\"@type\":\"CommentAction\",\"name\":\"Comment\",\"target\":[\"https:\/\/www.africa-press.net\/cameroun\/economie\/cameroun-deux-accords-de-pret-dun-montant-de-908-milliards-fcfa-signes-hier-mardi-20-septembre-2022-a-yaounde-avec-la-banque-africaine-de-developpement#respond\"]}]},{\"@type\":\"WebPage\",\"@id\":\"https:\/\/www.africa-press.net\/cameroun\/economie\/cameroun-deux-accords-de-pret-dun-montant-de-908-milliards-fcfa-signes-hier-mardi-20-septembre-2022-a-yaounde-avec-la-banque-africaine-de-developpement\",\"url\":\"https:\/\/www.africa-press.net\/cameroun\/economie\/cameroun-deux-accords-de-pret-dun-montant-de-908-milliards-fcfa-signes-hier-mardi-20-septembre-2022-a-yaounde-avec-la-banque-africaine-de-developpement\",\"name\":\"Cameroun: Deux accords de pr\u00eat d\u2019un montant de 90,8 milliards FCFA sign\u00e9s hier mardi 20 septembre 2022 \u00e0 Yaound\u00e9, avec la Banque africaine de d\u00e9veloppement - Cameroun\",\"isPartOf\":{\"@id\":\"https:\/\/www.africa-press.net\/cameroun\/#website\"},\"primaryImageOfPage\":{\"@id\":\"https:\/\/www.africa-press.net\/cameroun\/economie\/cameroun-deux-accords-de-pret-dun-montant-de-908-milliards-fcfa-signes-hier-mardi-20-septembre-2022-a-yaounde-avec-la-banque-africaine-de-developpement#primaryimage\"},\"image\":{\"@id\":\"https:\/\/www.africa-press.net\/cameroun\/economie\/cameroun-deux-accords-de-pret-dun-montant-de-908-milliards-fcfa-signes-hier-mardi-20-septembre-2022-a-yaounde-avec-la-banque-africaine-de-developpement#primaryimage\"},\"thumbnailUrl\":\"https:\/\/static.africa-press.net\/cameroun\/sites\/57\/2022\/09\/img-632b418ea29e7.jpg\",\"datePublished\":\"2022-09-21T15:00:51+00:00\",\"dateModified\":\"2022-09-21T16:54:24+00:00\",\"author\":{\"@id\":\"https:\/\/www.africa-press.net\/cameroun\/#\/schema\/person\/2b1cf3cd81a31e3cd26889ca66d677f1\"},\"description\":\"Alamine Ousmane Mey, ministre de l\u2019Economie, de la planification et de l\u2019ame\u0301nagement du territoire (Minepat) a signe\u0301 h ...\",\"breadcrumb\":{\"@id\":\"https:\/\/www.africa-press.net\/cameroun\/economie\/cameroun-deux-accords-de-pret-dun-montant-de-908-milliards-fcfa-signes-hier-mardi-20-septembre-2022-a-yaounde-avec-la-banque-africaine-de-developpement#breadcrumb\"},\"inLanguage\":\"fr-FR\",\"potentialAction\":[{\"@type\":\"ReadAction\",\"target\":[\"https:\/\/www.africa-press.net\/cameroun\/economie\/cameroun-deux-accords-de-pret-dun-montant-de-908-milliards-fcfa-signes-hier-mardi-20-septembre-2022-a-yaounde-avec-la-banque-africaine-de-developpement\"]}]},{\"@type\":\"ImageObject\",\"inLanguage\":\"fr-FR\",\"@id\":\"https:\/\/www.africa-press.net\/cameroun\/economie\/cameroun-deux-accords-de-pret-dun-montant-de-908-milliards-fcfa-signes-hier-mardi-20-septembre-2022-a-yaounde-avec-la-banque-africaine-de-developpement#primaryimage\",\"url\":\"https:\/\/static.africa-press.net\/cameroun\/sites\/57\/2022\/09\/img-632b418ea29e7.jpg\",\"contentUrl\":\"https:\/\/static.africa-press.net\/cameroun\/sites\/57\/2022\/09\/img-632b418ea29e7.jpg\",\"width\":800,\"height\":522,\"caption\":\"Cameroun: Deux accords de pr\u00eat d\u2019un montant de 90,8 milliards FCFA sign\u00e9s hier mardi 20 septembre 2022 \u00e0 Yaound\u00e9, avec la Banque africaine de d\u00e9veloppement\"},{\"@type\":\"BreadcrumbList\",\"@id\":\"https:\/\/www.africa-press.net\/cameroun\/economie\/cameroun-deux-accords-de-pret-dun-montant-de-908-milliards-fcfa-signes-hier-mardi-20-septembre-2022-a-yaounde-avec-la-banque-africaine-de-developpement#breadcrumb\",\"itemListElement\":[{\"@type\":\"ListItem\",\"position\":1,\"name\":\"Accueil\",\"item\":\"https:\/\/www.africa-press.net\/cameroun\/\"},{\"@type\":\"ListItem\",\"position\":2,\"name\":\"Cameroun: Deux accords de pr\u00eat d\u2019un montant de 90,8 milliards FCFA sign\u00e9s hier mardi 20 septembre 2022 \u00e0 Yaound\u00e9, avec la Banque africaine de d\u00e9veloppement\"}]},{\"@type\":\"WebSite\",\"@id\":\"https:\/\/www.africa-press.net\/cameroun\/#website\",\"url\":\"https:\/\/www.africa-press.net\/cameroun\/\",\"name\":\"Cameroun\",\"description\":\"Just another Africa News Agency Sites site\",\"potentialAction\":[{\"@type\":\"SearchAction\",\"target\":{\"@type\":\"EntryPoint\",\"urlTemplate\":\"https:\/\/www.africa-press.net\/cameroun\/?s={search_term_string}\"},\"query-input\":{\"@type\":\"PropertyValueSpecification\",\"valueRequired\":true,\"valueName\":\"search_term_string\"}}],\"inLanguage\":\"fr-FR\"},{\"@type\":\"Person\",\"@id\":\"https:\/\/www.africa-press.net\/cameroun\/#\/schema\/person\/2b1cf3cd81a31e3cd26889ca66d677f1\",\"name\":\"cfeditorfr\"}]}<\/script>\n<!-- \/ Yoast SEO Premium plugin. -->","yoast_head_json":{"title":"Cameroun: Deux accords de pr\u00eat d\u2019un montant de 90,8 milliards FCFA sign\u00e9s hier mardi 20 septembre 2022 \u00e0 Yaound\u00e9, avec la Banque africaine de d\u00e9veloppement - Cameroun","description":"Alamine Ousmane Mey, ministre de l\u2019Economie, de la planification et de l\u2019ame\u0301nagement du territoire (Minepat) a signe\u0301 h ...","robots":{"index":"index","follow":"follow","max-snippet":"max-snippet:-1","max-image-preview":"max-image-preview:large","max-video-preview":"max-video-preview:-1"},"canonical":"https:\/\/www.africa-press.net\/cameroun\/economie\/cameroun-deux-accords-de-pret-dun-montant-de-908-milliards-fcfa-signes-hier-mardi-20-septembre-2022-a-yaounde-avec-la-banque-africaine-de-developpement","og_locale":"fr_FR","og_type":"article","og_title":"Cameroun: Deux accords de pr\u00eat d\u2019un montant de 90,8 milliards FCFA sign\u00e9s hier mardi 20 septembre 2022 \u00e0 Yaound\u00e9, avec la Banque africaine de d\u00e9veloppement","og_description":"Alamine Ousmane Mey, ministre de l\u2019Economie, de la planification et de l\u2019ame\u0301nagement du territoire (Minepat) a signe\u0301 h ...","og_url":"https:\/\/www.africa-press.net\/cameroun\/economie\/cameroun-deux-accords-de-pret-dun-montant-de-908-milliards-fcfa-signes-hier-mardi-20-septembre-2022-a-yaounde-avec-la-banque-africaine-de-developpement","og_site_name":"Cameroun","article_published_time":"2022-09-21T15:00:51+00:00","article_modified_time":"2022-09-21T16:54:24+00:00","og_image":[{"width":800,"height":522,"url":"https:\/\/static.africa-press.net\/cameroun\/sites\/57\/2022\/09\/img-632b418ea29e7.jpg","type":"image\/jpeg"}],"author":"cfeditorfr","twitter_card":"summary_large_image","twitter_misc":{"\u00c9crit par":"cfeditorfr","Dur\u00e9e de lecture estim\u00e9e":"2 minutes"},"schema":{"@context":"https:\/\/schema.org","@graph":[{"@type":"Article","@id":"https:\/\/www.africa-press.net\/cameroun\/economie\/cameroun-deux-accords-de-pret-dun-montant-de-908-milliards-fcfa-signes-hier-mardi-20-septembre-2022-a-yaounde-avec-la-banque-africaine-de-developpement#article","isPartOf":{"@id":"https:\/\/www.africa-press.net\/cameroun\/economie\/cameroun-deux-accords-de-pret-dun-montant-de-908-milliards-fcfa-signes-hier-mardi-20-septembre-2022-a-yaounde-avec-la-banque-africaine-de-developpement"},"author":{"name":"cfeditorfr","@id":"https:\/\/www.africa-press.net\/cameroun\/#\/schema\/person\/2b1cf3cd81a31e3cd26889ca66d677f1"},"headline":"Cameroun: Deux accords de pr\u00eat d\u2019un montant de 90,8 milliards FCFA sign\u00e9s hier mardi 20 septembre 2022 \u00e0 Yaound\u00e9, avec la Banque africaine de d\u00e9veloppement","datePublished":"2022-09-21T15:00:51+00:00","dateModified":"2022-09-21T16:54:24+00:00","mainEntityOfPage":{"@id":"https:\/\/www.africa-press.net\/cameroun\/economie\/cameroun-deux-accords-de-pret-dun-montant-de-908-milliards-fcfa-signes-hier-mardi-20-septembre-2022-a-yaounde-avec-la-banque-africaine-de-developpement"},"wordCount":352,"commentCount":0,"image":{"@id":"https:\/\/www.africa-press.net\/cameroun\/economie\/cameroun-deux-accords-de-pret-dun-montant-de-908-milliards-fcfa-signes-hier-mardi-20-septembre-2022-a-yaounde-avec-la-banque-africaine-de-developpement#primaryimage"},"thumbnailUrl":"https:\/\/static.africa-press.net\/cameroun\/sites\/57\/2022\/09\/img-632b418ea29e7.jpg","keywords":["Africa Press","Africa Press-Cameroun","Cameroun"],"articleSection":["\u00c9conomie","Toutes les actualit\u00e9s"],"inLanguage":"fr-FR","potentialAction":[{"@type":"CommentAction","name":"Comment","target":["https:\/\/www.africa-press.net\/cameroun\/economie\/cameroun-deux-accords-de-pret-dun-montant-de-908-milliards-fcfa-signes-hier-mardi-20-septembre-2022-a-yaounde-avec-la-banque-africaine-de-developpement#respond"]}]},{"@type":"WebPage","@id":"https:\/\/www.africa-press.net\/cameroun\/economie\/cameroun-deux-accords-de-pret-dun-montant-de-908-milliards-fcfa-signes-hier-mardi-20-septembre-2022-a-yaounde-avec-la-banque-africaine-de-developpement","url":"https:\/\/www.africa-press.net\/cameroun\/economie\/cameroun-deux-accords-de-pret-dun-montant-de-908-milliards-fcfa-signes-hier-mardi-20-septembre-2022-a-yaounde-avec-la-banque-africaine-de-developpement","name":"Cameroun: Deux accords de pr\u00eat d\u2019un montant de 90,8 milliards FCFA sign\u00e9s hier mardi 20 septembre 2022 \u00e0 Yaound\u00e9, avec la Banque africaine de d\u00e9veloppement - Cameroun","isPartOf":{"@id":"https:\/\/www.africa-press.net\/cameroun\/#website"},"primaryImageOfPage":{"@id":"https:\/\/www.africa-press.net\/cameroun\/economie\/cameroun-deux-accords-de-pret-dun-montant-de-908-milliards-fcfa-signes-hier-mardi-20-septembre-2022-a-yaounde-avec-la-banque-africaine-de-developpement#primaryimage"},"image":{"@id":"https:\/\/www.africa-press.net\/cameroun\/economie\/cameroun-deux-accords-de-pret-dun-montant-de-908-milliards-fcfa-signes-hier-mardi-20-septembre-2022-a-yaounde-avec-la-banque-africaine-de-developpement#primaryimage"},"thumbnailUrl":"https:\/\/static.africa-press.net\/cameroun\/sites\/57\/2022\/09\/img-632b418ea29e7.jpg","datePublished":"2022-09-21T15:00:51+00:00","dateModified":"2022-09-21T16:54:24+00:00","author":{"@id":"https:\/\/www.africa-press.net\/cameroun\/#\/schema\/person\/2b1cf3cd81a31e3cd26889ca66d677f1"},"description":"Alamine Ousmane Mey, ministre de l\u2019Economie, de la planification et de l\u2019ame\u0301nagement du territoire (Minepat) a signe\u0301 h ...","breadcrumb":{"@id":"https:\/\/www.africa-press.net\/cameroun\/economie\/cameroun-deux-accords-de-pret-dun-montant-de-908-milliards-fcfa-signes-hier-mardi-20-septembre-2022-a-yaounde-avec-la-banque-africaine-de-developpement#breadcrumb"},"inLanguage":"fr-FR","potentialAction":[{"@type":"ReadAction","target":["https:\/\/www.africa-press.net\/cameroun\/economie\/cameroun-deux-accords-de-pret-dun-montant-de-908-milliards-fcfa-signes-hier-mardi-20-septembre-2022-a-yaounde-avec-la-banque-africaine-de-developpement"]}]},{"@type":"ImageObject","inLanguage":"fr-FR","@id":"https:\/\/www.africa-press.net\/cameroun\/economie\/cameroun-deux-accords-de-pret-dun-montant-de-908-milliards-fcfa-signes-hier-mardi-20-septembre-2022-a-yaounde-avec-la-banque-africaine-de-developpement#primaryimage","url":"https:\/\/static.africa-press.net\/cameroun\/sites\/57\/2022\/09\/img-632b418ea29e7.jpg","contentUrl":"https:\/\/static.africa-press.net\/cameroun\/sites\/57\/2022\/09\/img-632b418ea29e7.jpg","width":800,"height":522,"caption":"Cameroun: Deux accords de pr\u00eat d\u2019un montant de 90,8 milliards FCFA sign\u00e9s hier mardi 20 septembre 2022 \u00e0 Yaound\u00e9, avec la Banque africaine de d\u00e9veloppement"},{"@type":"BreadcrumbList","@id":"https:\/\/www.africa-press.net\/cameroun\/economie\/cameroun-deux-accords-de-pret-dun-montant-de-908-milliards-fcfa-signes-hier-mardi-20-septembre-2022-a-yaounde-avec-la-banque-africaine-de-developpement#breadcrumb","itemListElement":[{"@type":"ListItem","position":1,"name":"Accueil","item":"https:\/\/www.africa-press.net\/cameroun\/"},{"@type":"ListItem","position":2,"name":"Cameroun: Deux accords de pr\u00eat d\u2019un montant de 90,8 milliards FCFA sign\u00e9s hier mardi 20 septembre 2022 \u00e0 Yaound\u00e9, avec la Banque africaine de d\u00e9veloppement"}]},{"@type":"WebSite","@id":"https:\/\/www.africa-press.net\/cameroun\/#website","url":"https:\/\/www.africa-press.net\/cameroun\/","name":"Cameroun","description":"Just another Africa News Agency Sites site","potentialAction":[{"@type":"SearchAction","target":{"@type":"EntryPoint","urlTemplate":"https:\/\/www.africa-press.net\/cameroun\/?s={search_term_string}"},"query-input":{"@type":"PropertyValueSpecification","valueRequired":true,"valueName":"search_term_string"}}],"inLanguage":"fr-FR"},{"@type":"Person","@id":"https:\/\/www.africa-press.net\/cameroun\/#\/schema\/person\/2b1cf3cd81a31e3cd26889ca66d677f1","name":"cfeditorfr"}]}},"_links":{"self":[{"href":"https:\/\/www.africa-press.net\/cameroun\/wp-json\/wp\/v2\/posts\/27932","targetHints":{"allow":["GET"]}}],"collection":[{"href":"https:\/\/www.africa-press.net\/cameroun\/wp-json\/wp\/v2\/posts"}],"about":[{"href":"https:\/\/www.africa-press.net\/cameroun\/wp-json\/wp\/v2\/types\/post"}],"author":[{"embeddable":true,"href":"https:\/\/www.africa-press.net\/cameroun\/wp-json\/wp\/v2\/users\/82"}],"replies":[{"embeddable":true,"href":"https:\/\/www.africa-press.net\/cameroun\/wp-json\/wp\/v2\/comments?post=27932"}],"version-history":[{"count":0,"href":"https:\/\/www.africa-press.net\/cameroun\/wp-json\/wp\/v2\/posts\/27932\/revisions"}],"wp:featuredmedia":[{"embeddable":true,"href":"https:\/\/www.africa-press.net\/cameroun\/wp-json\/wp\/v2\/media\/27931"}],"wp:attachment":[{"href":"https:\/\/www.africa-press.net\/cameroun\/wp-json\/wp\/v2\/media?parent=27932"}],"wp:term":[{"taxonomy":"category","embeddable":true,"href":"https:\/\/www.africa-press.net\/cameroun\/wp-json\/wp\/v2\/categories?post=27932"},{"taxonomy":"post_tag","embeddable":true,"href":"https:\/\/www.africa-press.net\/cameroun\/wp-json\/wp\/v2\/tags?post=27932"}],"curies":[{"name":"wp","href":"https:\/\/api.w.org\/{rel}","templated":true}]}}