{"id":27935,"date":"2022-09-21T15:09:47","date_gmt":"2022-09-21T15:09:47","guid":{"rendered":"https:\/\/www.africa-press.net\/cameroun\/politique\/cameroun-violences-scolaires-lenseignant-aime-valere-ebouele-suspendu-de-toutes-activites"},"modified":"2022-09-21T16:55:26","modified_gmt":"2022-09-21T16:55:26","slug":"cameroun-violences-scolaires-lenseignant-aime-valere-ebouele-suspendu-de-toutes-activites","status":"publish","type":"post","link":"https:\/\/www.africa-press.net\/cameroun\/toutes-les-actualites\/cameroun-violences-scolaires-lenseignant-aime-valere-ebouele-suspendu-de-toutes-activites","title":{"rendered":"Cameroun-violences scolaires : l\u2019enseignant Aim\u00e9 Val\u00e8re Ebouele suspendu de toutes activit\u00e9s"},"content":{"rendered":"<p><span style=\"color: #ff6600\"><strong>Africa-Press &#8211; Cameroun. <\/strong><\/span><b>Le conseiller d\u2019orientation e\u0301cope de cette sanction apre\u0300s avoir donne\u0301 des coups a\u0300 un e\u0301le\u0300ve de premie\u0300re F3 au lyce\u0301e technique d\u2019Ambam.<\/b><\/p>\n<p>Apre\u0300s la sce\u0300ne de violence au lyce\u0301e technique d\u2019Ambam dans la re\u0301gion du Sud, la premie\u0300re sanction tombe. L\u2019enseignant Aime\u0301 Vale\u0300re Ebouele, conseiller principal d\u2019orientation, est suspendu de toutes activite\u0301s dans cet e\u0301tablissement scolaire. Il est aussi proscrit de tout contact avec les e\u0301le\u0300ves. La de\u0301cision est contenue dans une correspondance en date du 20 septembre 2022. Elle est du de\u0301le\u0301gue\u0301 re\u0301gional des enseignements secondaires pour le Sud et adresse\u0301e au proviseur du lyce\u0301e technique d\u2019Ambam.<\/p>\n<p>A la lecture de ce document dont journal du Cameroun a rec\u0327u une copie, la suspension est prononce\u0301e \u00ab sur instruction de madame le ministre des Enseignements secondaires et dans l\u2019attente de sa de\u0301cision finale sur la situation \u00bb de l\u2019enseignement concerne\u0301.<\/p>\n<p>Pour rappel, le mardi 13 septembre 2022, Alors que M. Aime\u0301 Vale\u0300re Ebouele dispense les conseils aux e\u0301le\u0300ves dans une classe de premie\u0300re F3, l\u2019ambiance surchauffe. Une altercation s\u2019en suit entre l\u2019enseignant et l\u2019apprenant de 17 ans, re\u0301pondant au nom de Ulrich Ngane Ateba. Des coups du pe\u0301dagogue inflige\u0301s a\u0300 ce dernier le plongent dans un e\u0301tat de choc entrai\u0302nant la rupture de la rate. Transporte\u0301 d\u2019urgence a\u0300 l\u2019ho\u0302pital re\u0301gional d\u2019Ebolowa, il subit une ope\u0301ration.<\/p>\n<p>Suite a\u0300 la sce\u0300ne, le ministre des Enseignements secondaires a effectue\u0301 une descente le 15 septembre. Sur les lieux, Pauline Nalova Lyonga a de\u0301clare\u0301 qu\u2019il est inadmissible qu\u2019un enseignant soit a\u0300 l\u2019origine du malheur d\u2019un e\u0301le\u0300ve ou des violences en milieu scolaire. La sanction liminaire tombe cinq jours apre\u0300s cette de\u0301claration. La \u00ab sanction finale \u00bb quant a\u0300 elle, reste attendue, comme le pre\u0301cise le de\u0301le\u0301gue\u0301 re\u0301gional.<\/p>\n<p><strong>Pour plus d&rsquo;informations et d&rsquo;analyses sur la <a href=\"https:\/\/www.africa-press.net\/cameroun\">Cameroun<\/a>, suivez <a href=\"https:\/\/www.africa-press.net\/\">Africa-Press<\/a><\/strong><\/p>\n","protected":false},"excerpt":{"rendered":"<p>Africa-Press &#8211; Cameroun. Le conseiller d\u2019orientation e\u0301cope de cette sanction apre\u0300s avoir donne\u0301 des coups a\u0300 un e\u0301le\u0300ve de premie\u0300re F3 au lyce\u0301e technique d\u2019Ambam. Apre\u0300s la sce\u0300ne de violence au lyce\u0301e technique d\u2019Ambam dans la re\u0301gion du Sud, la premie\u0300re sanction tombe. L\u2019enseignant Aime\u0301 Vale\u0300re Ebouele, conseiller principal d\u2019orientation, est suspendu de toutes activite\u0301s [&hellip;]<\/p>\n","protected":false},"author":82,"featured_media":27934,"comment_status":"open","ping_status":"closed","sticky":false,"template":"","format":"standard","meta":{"footnotes":""},"categories":[21,10],"tags":[36,50,49],"class_list":["post-27935","post","type-post","status-publish","format-standard","has-post-thumbnail","hentry","category-communaute","category-toutes-les-actualites","tag-africa-press","tag-africa-press-cameroun","tag-cameroun"],"yoast_head":"<!-- This site is optimized with the Yoast SEO Premium plugin v26.1 (Yoast SEO v27.0) - https:\/\/yoast.com\/product\/yoast-seo-premium-wordpress\/ -->\n<title>Cameroun-violences scolaires : l\u2019enseignant Aim\u00e9 Val\u00e8re Ebouele suspendu de toutes activit\u00e9s - Cameroun<\/title>\n<meta name=\"description\" content=\"Le conseiller d\u2019orientation e\u0301cope de cette sanction apre\u0300s avoir donne\u0301 des coups a\u0300 un e\u0301le\u0300ve de premie\u0300re F3 au l ...\" \/>\n<meta name=\"robots\" content=\"index, follow, max-snippet:-1, max-image-preview:large, max-video-preview:-1\" \/>\n<link rel=\"canonical\" href=\"https:\/\/www.africa-press.net\/cameroun\/toutes-les-actualites\/cameroun-violences-scolaires-lenseignant-aime-valere-ebouele-suspendu-de-toutes-activites\" \/>\n<meta property=\"og:locale\" content=\"fr_FR\" \/>\n<meta property=\"og:type\" content=\"article\" \/>\n<meta property=\"og:title\" content=\"Cameroun-violences scolaires : l\u2019enseignant Aim\u00e9 Val\u00e8re Ebouele suspendu de toutes activit\u00e9s\" \/>\n<meta property=\"og:description\" content=\"Le conseiller d\u2019orientation e\u0301cope de cette sanction apre\u0300s avoir donne\u0301 des coups a\u0300 un e\u0301le\u0300ve de premie\u0300re F3 au l ...\" \/>\n<meta property=\"og:url\" content=\"https:\/\/www.africa-press.net\/cameroun\/toutes-les-actualites\/cameroun-violences-scolaires-lenseignant-aime-valere-ebouele-suspendu-de-toutes-activites\" \/>\n<meta property=\"og:site_name\" content=\"Cameroun\" \/>\n<meta property=\"article:published_time\" content=\"2022-09-21T15:09:47+00:00\" \/>\n<meta property=\"article:modified_time\" content=\"2022-09-21T16:55:26+00:00\" \/>\n<meta property=\"og:image\" content=\"https:\/\/static.africa-press.net\/cameroun\/sites\/57\/2022\/09\/img-632b41c7b9329.jpg\" \/>\n\t<meta property=\"og:image:width\" content=\"720\" \/>\n\t<meta property=\"og:image:height\" content=\"540\" \/>\n\t<meta property=\"og:image:type\" content=\"image\/jpeg\" \/>\n<meta name=\"author\" content=\"cfeditorfr\" \/>\n<meta name=\"twitter:card\" content=\"summary_large_image\" \/>\n<meta name=\"twitter:label1\" content=\"\u00c9crit par\" \/>\n\t<meta name=\"twitter:data1\" content=\"cfeditorfr\" \/>\n\t<meta name=\"twitter:label2\" content=\"Dur\u00e9e de lecture estim\u00e9e\" \/>\n\t<meta name=\"twitter:data2\" content=\"2 minutes\" \/>\n<script type=\"application\/ld+json\" class=\"yoast-schema-graph\">{\"@context\":\"https:\/\/schema.org\",\"@graph\":[{\"@type\":\"Article\",\"@id\":\"https:\/\/www.africa-press.net\/cameroun\/toutes-les-actualites\/cameroun-violences-scolaires-lenseignant-aime-valere-ebouele-suspendu-de-toutes-activites#article\",\"isPartOf\":{\"@id\":\"https:\/\/www.africa-press.net\/cameroun\/toutes-les-actualites\/cameroun-violences-scolaires-lenseignant-aime-valere-ebouele-suspendu-de-toutes-activites\"},\"author\":{\"name\":\"cfeditorfr\",\"@id\":\"https:\/\/www.africa-press.net\/cameroun\/#\/schema\/person\/2b1cf3cd81a31e3cd26889ca66d677f1\"},\"headline\":\"Cameroun-violences scolaires : l\u2019enseignant Aim\u00e9 Val\u00e8re Ebouele suspendu de toutes activit\u00e9s\",\"datePublished\":\"2022-09-21T15:09:47+00:00\",\"dateModified\":\"2022-09-21T16:55:26+00:00\",\"mainEntityOfPage\":{\"@id\":\"https:\/\/www.africa-press.net\/cameroun\/toutes-les-actualites\/cameroun-violences-scolaires-lenseignant-aime-valere-ebouele-suspendu-de-toutes-activites\"},\"wordCount\":366,\"commentCount\":0,\"image\":{\"@id\":\"https:\/\/www.africa-press.net\/cameroun\/toutes-les-actualites\/cameroun-violences-scolaires-lenseignant-aime-valere-ebouele-suspendu-de-toutes-activites#primaryimage\"},\"thumbnailUrl\":\"https:\/\/static.africa-press.net\/cameroun\/sites\/57\/2022\/09\/img-632b41c7b9329.jpg\",\"keywords\":[\"Africa Press\",\"Africa Press-Cameroun\",\"Cameroun\"],\"articleSection\":[\"Communaut\u00e9\",\"Toutes les actualit\u00e9s\"],\"inLanguage\":\"fr-FR\",\"potentialAction\":[{\"@type\":\"CommentAction\",\"name\":\"Comment\",\"target\":[\"https:\/\/www.africa-press.net\/cameroun\/toutes-les-actualites\/cameroun-violences-scolaires-lenseignant-aime-valere-ebouele-suspendu-de-toutes-activites#respond\"]}]},{\"@type\":\"WebPage\",\"@id\":\"https:\/\/www.africa-press.net\/cameroun\/toutes-les-actualites\/cameroun-violences-scolaires-lenseignant-aime-valere-ebouele-suspendu-de-toutes-activites\",\"url\":\"https:\/\/www.africa-press.net\/cameroun\/toutes-les-actualites\/cameroun-violences-scolaires-lenseignant-aime-valere-ebouele-suspendu-de-toutes-activites\",\"name\":\"Cameroun-violences scolaires : l\u2019enseignant Aim\u00e9 Val\u00e8re Ebouele suspendu de toutes activit\u00e9s - Cameroun\",\"isPartOf\":{\"@id\":\"https:\/\/www.africa-press.net\/cameroun\/#website\"},\"primaryImageOfPage\":{\"@id\":\"https:\/\/www.africa-press.net\/cameroun\/toutes-les-actualites\/cameroun-violences-scolaires-lenseignant-aime-valere-ebouele-suspendu-de-toutes-activites#primaryimage\"},\"image\":{\"@id\":\"https:\/\/www.africa-press.net\/cameroun\/toutes-les-actualites\/cameroun-violences-scolaires-lenseignant-aime-valere-ebouele-suspendu-de-toutes-activites#primaryimage\"},\"thumbnailUrl\":\"https:\/\/static.africa-press.net\/cameroun\/sites\/57\/2022\/09\/img-632b41c7b9329.jpg\",\"datePublished\":\"2022-09-21T15:09:47+00:00\",\"dateModified\":\"2022-09-21T16:55:26+00:00\",\"author\":{\"@id\":\"https:\/\/www.africa-press.net\/cameroun\/#\/schema\/person\/2b1cf3cd81a31e3cd26889ca66d677f1\"},\"description\":\"Le conseiller d\u2019orientation e\u0301cope de cette sanction apre\u0300s avoir donne\u0301 des coups a\u0300 un e\u0301le\u0300ve de premie\u0300re F3 au l ...\",\"breadcrumb\":{\"@id\":\"https:\/\/www.africa-press.net\/cameroun\/toutes-les-actualites\/cameroun-violences-scolaires-lenseignant-aime-valere-ebouele-suspendu-de-toutes-activites#breadcrumb\"},\"inLanguage\":\"fr-FR\",\"potentialAction\":[{\"@type\":\"ReadAction\",\"target\":[\"https:\/\/www.africa-press.net\/cameroun\/toutes-les-actualites\/cameroun-violences-scolaires-lenseignant-aime-valere-ebouele-suspendu-de-toutes-activites\"]}]},{\"@type\":\"ImageObject\",\"inLanguage\":\"fr-FR\",\"@id\":\"https:\/\/www.africa-press.net\/cameroun\/toutes-les-actualites\/cameroun-violences-scolaires-lenseignant-aime-valere-ebouele-suspendu-de-toutes-activites#primaryimage\",\"url\":\"https:\/\/static.africa-press.net\/cameroun\/sites\/57\/2022\/09\/img-632b41c7b9329.jpg\",\"contentUrl\":\"https:\/\/static.africa-press.net\/cameroun\/sites\/57\/2022\/09\/img-632b41c7b9329.jpg\",\"width\":720,\"height\":540,\"caption\":\"Cameroun-violences scolaires : l\u2019enseignant Aim\u00e9 Val\u00e8re Ebouele suspendu de toutes activit\u00e9s\"},{\"@type\":\"BreadcrumbList\",\"@id\":\"https:\/\/www.africa-press.net\/cameroun\/toutes-les-actualites\/cameroun-violences-scolaires-lenseignant-aime-valere-ebouele-suspendu-de-toutes-activites#breadcrumb\",\"itemListElement\":[{\"@type\":\"ListItem\",\"position\":1,\"name\":\"Accueil\",\"item\":\"https:\/\/www.africa-press.net\/cameroun\/\"},{\"@type\":\"ListItem\",\"position\":2,\"name\":\"Cameroun-violences scolaires : l\u2019enseignant Aim\u00e9 Val\u00e8re Ebouele suspendu de toutes activit\u00e9s\"}]},{\"@type\":\"WebSite\",\"@id\":\"https:\/\/www.africa-press.net\/cameroun\/#website\",\"url\":\"https:\/\/www.africa-press.net\/cameroun\/\",\"name\":\"Cameroun\",\"description\":\"Just another Africa News Agency Sites site\",\"potentialAction\":[{\"@type\":\"SearchAction\",\"target\":{\"@type\":\"EntryPoint\",\"urlTemplate\":\"https:\/\/www.africa-press.net\/cameroun\/?s={search_term_string}\"},\"query-input\":{\"@type\":\"PropertyValueSpecification\",\"valueRequired\":true,\"valueName\":\"search_term_string\"}}],\"inLanguage\":\"fr-FR\"},{\"@type\":\"Person\",\"@id\":\"https:\/\/www.africa-press.net\/cameroun\/#\/schema\/person\/2b1cf3cd81a31e3cd26889ca66d677f1\",\"name\":\"cfeditorfr\"}]}<\/script>\n<!-- \/ Yoast SEO Premium plugin. -->","yoast_head_json":{"title":"Cameroun-violences scolaires : l\u2019enseignant Aim\u00e9 Val\u00e8re Ebouele suspendu de toutes activit\u00e9s - Cameroun","description":"Le conseiller d\u2019orientation e\u0301cope de cette sanction apre\u0300s avoir donne\u0301 des coups a\u0300 un e\u0301le\u0300ve de premie\u0300re F3 au l ...","robots":{"index":"index","follow":"follow","max-snippet":"max-snippet:-1","max-image-preview":"max-image-preview:large","max-video-preview":"max-video-preview:-1"},"canonical":"https:\/\/www.africa-press.net\/cameroun\/toutes-les-actualites\/cameroun-violences-scolaires-lenseignant-aime-valere-ebouele-suspendu-de-toutes-activites","og_locale":"fr_FR","og_type":"article","og_title":"Cameroun-violences scolaires : l\u2019enseignant Aim\u00e9 Val\u00e8re Ebouele suspendu de toutes activit\u00e9s","og_description":"Le conseiller d\u2019orientation e\u0301cope de cette sanction apre\u0300s avoir donne\u0301 des coups a\u0300 un e\u0301le\u0300ve de premie\u0300re F3 au l ...","og_url":"https:\/\/www.africa-press.net\/cameroun\/toutes-les-actualites\/cameroun-violences-scolaires-lenseignant-aime-valere-ebouele-suspendu-de-toutes-activites","og_site_name":"Cameroun","article_published_time":"2022-09-21T15:09:47+00:00","article_modified_time":"2022-09-21T16:55:26+00:00","og_image":[{"width":720,"height":540,"url":"https:\/\/static.africa-press.net\/cameroun\/sites\/57\/2022\/09\/img-632b41c7b9329.jpg","type":"image\/jpeg"}],"author":"cfeditorfr","twitter_card":"summary_large_image","twitter_misc":{"\u00c9crit par":"cfeditorfr","Dur\u00e9e de lecture estim\u00e9e":"2 minutes"},"schema":{"@context":"https:\/\/schema.org","@graph":[{"@type":"Article","@id":"https:\/\/www.africa-press.net\/cameroun\/toutes-les-actualites\/cameroun-violences-scolaires-lenseignant-aime-valere-ebouele-suspendu-de-toutes-activites#article","isPartOf":{"@id":"https:\/\/www.africa-press.net\/cameroun\/toutes-les-actualites\/cameroun-violences-scolaires-lenseignant-aime-valere-ebouele-suspendu-de-toutes-activites"},"author":{"name":"cfeditorfr","@id":"https:\/\/www.africa-press.net\/cameroun\/#\/schema\/person\/2b1cf3cd81a31e3cd26889ca66d677f1"},"headline":"Cameroun-violences scolaires : l\u2019enseignant Aim\u00e9 Val\u00e8re Ebouele suspendu de toutes activit\u00e9s","datePublished":"2022-09-21T15:09:47+00:00","dateModified":"2022-09-21T16:55:26+00:00","mainEntityOfPage":{"@id":"https:\/\/www.africa-press.net\/cameroun\/toutes-les-actualites\/cameroun-violences-scolaires-lenseignant-aime-valere-ebouele-suspendu-de-toutes-activites"},"wordCount":366,"commentCount":0,"image":{"@id":"https:\/\/www.africa-press.net\/cameroun\/toutes-les-actualites\/cameroun-violences-scolaires-lenseignant-aime-valere-ebouele-suspendu-de-toutes-activites#primaryimage"},"thumbnailUrl":"https:\/\/static.africa-press.net\/cameroun\/sites\/57\/2022\/09\/img-632b41c7b9329.jpg","keywords":["Africa Press","Africa Press-Cameroun","Cameroun"],"articleSection":["Communaut\u00e9","Toutes les actualit\u00e9s"],"inLanguage":"fr-FR","potentialAction":[{"@type":"CommentAction","name":"Comment","target":["https:\/\/www.africa-press.net\/cameroun\/toutes-les-actualites\/cameroun-violences-scolaires-lenseignant-aime-valere-ebouele-suspendu-de-toutes-activites#respond"]}]},{"@type":"WebPage","@id":"https:\/\/www.africa-press.net\/cameroun\/toutes-les-actualites\/cameroun-violences-scolaires-lenseignant-aime-valere-ebouele-suspendu-de-toutes-activites","url":"https:\/\/www.africa-press.net\/cameroun\/toutes-les-actualites\/cameroun-violences-scolaires-lenseignant-aime-valere-ebouele-suspendu-de-toutes-activites","name":"Cameroun-violences scolaires : l\u2019enseignant Aim\u00e9 Val\u00e8re Ebouele suspendu de toutes activit\u00e9s - Cameroun","isPartOf":{"@id":"https:\/\/www.africa-press.net\/cameroun\/#website"},"primaryImageOfPage":{"@id":"https:\/\/www.africa-press.net\/cameroun\/toutes-les-actualites\/cameroun-violences-scolaires-lenseignant-aime-valere-ebouele-suspendu-de-toutes-activites#primaryimage"},"image":{"@id":"https:\/\/www.africa-press.net\/cameroun\/toutes-les-actualites\/cameroun-violences-scolaires-lenseignant-aime-valere-ebouele-suspendu-de-toutes-activites#primaryimage"},"thumbnailUrl":"https:\/\/static.africa-press.net\/cameroun\/sites\/57\/2022\/09\/img-632b41c7b9329.jpg","datePublished":"2022-09-21T15:09:47+00:00","dateModified":"2022-09-21T16:55:26+00:00","author":{"@id":"https:\/\/www.africa-press.net\/cameroun\/#\/schema\/person\/2b1cf3cd81a31e3cd26889ca66d677f1"},"description":"Le conseiller d\u2019orientation e\u0301cope de cette sanction apre\u0300s avoir donne\u0301 des coups a\u0300 un e\u0301le\u0300ve de premie\u0300re F3 au l ...","breadcrumb":{"@id":"https:\/\/www.africa-press.net\/cameroun\/toutes-les-actualites\/cameroun-violences-scolaires-lenseignant-aime-valere-ebouele-suspendu-de-toutes-activites#breadcrumb"},"inLanguage":"fr-FR","potentialAction":[{"@type":"ReadAction","target":["https:\/\/www.africa-press.net\/cameroun\/toutes-les-actualites\/cameroun-violences-scolaires-lenseignant-aime-valere-ebouele-suspendu-de-toutes-activites"]}]},{"@type":"ImageObject","inLanguage":"fr-FR","@id":"https:\/\/www.africa-press.net\/cameroun\/toutes-les-actualites\/cameroun-violences-scolaires-lenseignant-aime-valere-ebouele-suspendu-de-toutes-activites#primaryimage","url":"https:\/\/static.africa-press.net\/cameroun\/sites\/57\/2022\/09\/img-632b41c7b9329.jpg","contentUrl":"https:\/\/static.africa-press.net\/cameroun\/sites\/57\/2022\/09\/img-632b41c7b9329.jpg","width":720,"height":540,"caption":"Cameroun-violences scolaires : l\u2019enseignant Aim\u00e9 Val\u00e8re Ebouele suspendu de toutes activit\u00e9s"},{"@type":"BreadcrumbList","@id":"https:\/\/www.africa-press.net\/cameroun\/toutes-les-actualites\/cameroun-violences-scolaires-lenseignant-aime-valere-ebouele-suspendu-de-toutes-activites#breadcrumb","itemListElement":[{"@type":"ListItem","position":1,"name":"Accueil","item":"https:\/\/www.africa-press.net\/cameroun\/"},{"@type":"ListItem","position":2,"name":"Cameroun-violences scolaires : l\u2019enseignant Aim\u00e9 Val\u00e8re Ebouele suspendu de toutes activit\u00e9s"}]},{"@type":"WebSite","@id":"https:\/\/www.africa-press.net\/cameroun\/#website","url":"https:\/\/www.africa-press.net\/cameroun\/","name":"Cameroun","description":"Just another Africa News Agency Sites site","potentialAction":[{"@type":"SearchAction","target":{"@type":"EntryPoint","urlTemplate":"https:\/\/www.africa-press.net\/cameroun\/?s={search_term_string}"},"query-input":{"@type":"PropertyValueSpecification","valueRequired":true,"valueName":"search_term_string"}}],"inLanguage":"fr-FR"},{"@type":"Person","@id":"https:\/\/www.africa-press.net\/cameroun\/#\/schema\/person\/2b1cf3cd81a31e3cd26889ca66d677f1","name":"cfeditorfr"}]}},"_links":{"self":[{"href":"https:\/\/www.africa-press.net\/cameroun\/wp-json\/wp\/v2\/posts\/27935","targetHints":{"allow":["GET"]}}],"collection":[{"href":"https:\/\/www.africa-press.net\/cameroun\/wp-json\/wp\/v2\/posts"}],"about":[{"href":"https:\/\/www.africa-press.net\/cameroun\/wp-json\/wp\/v2\/types\/post"}],"author":[{"embeddable":true,"href":"https:\/\/www.africa-press.net\/cameroun\/wp-json\/wp\/v2\/users\/82"}],"replies":[{"embeddable":true,"href":"https:\/\/www.africa-press.net\/cameroun\/wp-json\/wp\/v2\/comments?post=27935"}],"version-history":[{"count":0,"href":"https:\/\/www.africa-press.net\/cameroun\/wp-json\/wp\/v2\/posts\/27935\/revisions"}],"wp:featuredmedia":[{"embeddable":true,"href":"https:\/\/www.africa-press.net\/cameroun\/wp-json\/wp\/v2\/media\/27934"}],"wp:attachment":[{"href":"https:\/\/www.africa-press.net\/cameroun\/wp-json\/wp\/v2\/media?parent=27935"}],"wp:term":[{"taxonomy":"category","embeddable":true,"href":"https:\/\/www.africa-press.net\/cameroun\/wp-json\/wp\/v2\/categories?post=27935"},{"taxonomy":"post_tag","embeddable":true,"href":"https:\/\/www.africa-press.net\/cameroun\/wp-json\/wp\/v2\/tags?post=27935"}],"curies":[{"name":"wp","href":"https:\/\/api.w.org\/{rel}","templated":true}]}}