{"id":27941,"date":"2022-09-21T15:25:46","date_gmt":"2022-09-21T15:25:46","guid":{"rendered":"https:\/\/www.africa-press.net\/cameroun\/politique\/le-camerounais-armand-claude-abanda-finaliste-du-prix-du-leadership-transformationnel-2022"},"modified":"2022-09-21T16:57:21","modified_gmt":"2022-09-21T16:57:21","slug":"le-camerounais-armand-claude-abanda-finaliste-du-prix-du-leadership-transformationnel-2022","status":"publish","type":"post","link":"https:\/\/www.africa-press.net\/cameroun\/toutes-les-actualites\/le-camerounais-armand-claude-abanda-finaliste-du-prix-du-leadership-transformationnel-2022","title":{"rendered":"Le Camerounais Armand Claude Abanda finaliste du Prix du leadership transformationnel 2022"},"content":{"rendered":"<p><span style=\"color: #ff6600\"><strong>Africa-Press &#8211; Cameroun. <\/strong><\/span>Le vainqueur du pre\u0301cieux prix sera connu au cours du 4e\u0300 Sommet annuel sur le leadership transformationnel a\u0300 Nairobi (Kenya), du 28 au 29 septembre 2022.<\/p>\n<p>Le Camerounais Armand Claude Abanda et parmi les 18 finalistes du Prix leadership transformationnel 2022. Cet informaticien est le Repre\u0301sentant-re\u0301sident de l\u2019Institut africain d\u2019informatique (IAI) du Cameroun.<\/p>\n<p>Le sommet annuel sur le leadership transformationnel a pour mission : l\u2019e\u0301radication de la pauvrete\u0301 par l\u2019autonomisation e\u0301conomique des femmes sur le continent africain ; avec un accent particulier sur l\u2019inclusion totale de la gent fe\u0301minine dans leadership et les activite\u0301s e\u0301conomiques, en promouvant et en soutenant les femmes entrepreneurs et l\u2019entrepreneuriat au sein de la socie\u0301te\u0301.<\/p>\n<p>Armand Claude Abanda, est de\u0301ja\u0300, vainqueur du Prix d\u2019excellence pour l\u2019e\u0301ducation en Afrique centrale au cours du 1er Forum international du Livre gabonais (FILIGA).<\/p>\n<p>Celui-ci a imple\u0301mente\u0301 des programmes sociaux qui contribuent largement a\u0300 l\u2019arrimage des enfants, de la jeune fille et des femmes aux TIC, et partant a\u0300 l\u2019e\u0301conomie nume\u0301rique.<\/p>\n<p>A\u0300 travers le programme social de formation informatique au fe\u0301minin intitule\u0301 : \u00ab Ope\u0301ration 100.000 femmes, Horizon 2012 \u00bb lance\u0301 en grande pompe en 2003, l\u2019IAI-Cameroun a arrime\u0301 103 350 Camerounaises aux TIC.<\/p>\n<p>Et pre\u0300s de 500 000 jeunes, femmes et enfants sur l\u2019e\u0301tendue du territoire national ont de\u0301ja\u0300 e\u0301te\u0301 forme\u0301s aux TIC, dans le cadre de l\u2019ope\u0301ration un \u00ab Million de Jeunes, d\u2019Enfants et de Femmes (MIJEF) a\u0300 l\u2019horizon 2035 \u00bb, lance\u0301 en 2015 au Cameroun.<\/p>\n<p>Un autre programme de l\u2019auteur du roman a\u0300 succe\u0300s \u00ab Fils de Pre\u0301lat \u00bb axe\u0301 sur la promotion du genre et l\u2019insertion socioprofessionnelle des jeunes et des femmes au Cameroun. Autant de projets qui peuvent justifier sa pre\u0301sence parmi ces 18 finalistes.<\/p>\n<p><strong>Pour plus d&rsquo;informations et d&rsquo;analyses sur la <a href=\"https:\/\/www.africa-press.net\/cameroun\">Cameroun<\/a>, suivez <a href=\"https:\/\/www.africa-press.net\/\">Africa-Press<\/a><\/strong><\/p>\n","protected":false},"excerpt":{"rendered":"<p>Africa-Press &#8211; Cameroun. Le vainqueur du pre\u0301cieux prix sera connu au cours du 4e\u0300 Sommet annuel sur le leadership transformationnel a\u0300 Nairobi (Kenya), du 28 au 29 septembre 2022. Le Camerounais Armand Claude Abanda et parmi les 18 finalistes du Prix leadership transformationnel 2022. Cet informaticien est le Repre\u0301sentant-re\u0301sident de l\u2019Institut africain d\u2019informatique (IAI) du [&hellip;]<\/p>\n","protected":false},"author":82,"featured_media":27940,"comment_status":"open","ping_status":"closed","sticky":false,"template":"","format":"standard","meta":{"footnotes":""},"categories":[21,10],"tags":[36,50,49],"class_list":["post-27941","post","type-post","status-publish","format-standard","has-post-thumbnail","hentry","category-communaute","category-toutes-les-actualites","tag-africa-press","tag-africa-press-cameroun","tag-cameroun"],"yoast_head":"<!-- This site is optimized with the Yoast SEO Premium plugin v26.1 (Yoast SEO v27.0) - https:\/\/yoast.com\/product\/yoast-seo-premium-wordpress\/ -->\n<title>Le Camerounais Armand Claude Abanda finaliste du Prix du leadership transformationnel 2022 - Cameroun<\/title>\n<meta name=\"description\" content=\"Le vainqueur du pre\u0301cieux prix sera connu au cours du 4e\u0300 Sommet annuel sur le leadership transformationnel a\u0300 Nairobi ( ...\" \/>\n<meta name=\"robots\" content=\"index, follow, max-snippet:-1, max-image-preview:large, max-video-preview:-1\" \/>\n<link rel=\"canonical\" href=\"https:\/\/www.africa-press.net\/cameroun\/toutes-les-actualites\/le-camerounais-armand-claude-abanda-finaliste-du-prix-du-leadership-transformationnel-2022\" \/>\n<meta property=\"og:locale\" content=\"fr_FR\" \/>\n<meta property=\"og:type\" content=\"article\" \/>\n<meta property=\"og:title\" content=\"Le Camerounais Armand Claude Abanda finaliste du Prix du leadership transformationnel 2022\" \/>\n<meta property=\"og:description\" content=\"Le vainqueur du pre\u0301cieux prix sera connu au cours du 4e\u0300 Sommet annuel sur le leadership transformationnel a\u0300 Nairobi ( ...\" \/>\n<meta property=\"og:url\" content=\"https:\/\/www.africa-press.net\/cameroun\/toutes-les-actualites\/le-camerounais-armand-claude-abanda-finaliste-du-prix-du-leadership-transformationnel-2022\" \/>\n<meta property=\"og:site_name\" content=\"Cameroun\" \/>\n<meta property=\"article:published_time\" content=\"2022-09-21T15:25:46+00:00\" \/>\n<meta property=\"article:modified_time\" content=\"2022-09-21T16:57:21+00:00\" \/>\n<meta property=\"og:image\" content=\"https:\/\/static.africa-press.net\/cameroun\/sites\/57\/2022\/09\/img-632b423e202fe.jpg\" \/>\n\t<meta property=\"og:image:width\" content=\"814\" \/>\n\t<meta property=\"og:image:height\" content=\"573\" \/>\n\t<meta property=\"og:image:type\" content=\"image\/jpeg\" \/>\n<meta name=\"author\" content=\"cfeditorfr\" \/>\n<meta name=\"twitter:card\" content=\"summary_large_image\" \/>\n<meta name=\"twitter:label1\" content=\"\u00c9crit par\" \/>\n\t<meta name=\"twitter:data1\" content=\"cfeditorfr\" \/>\n\t<meta name=\"twitter:label2\" content=\"Dur\u00e9e de lecture estim\u00e9e\" \/>\n\t<meta name=\"twitter:data2\" content=\"2 minutes\" \/>\n<script type=\"application\/ld+json\" class=\"yoast-schema-graph\">{\"@context\":\"https:\/\/schema.org\",\"@graph\":[{\"@type\":\"Article\",\"@id\":\"https:\/\/www.africa-press.net\/cameroun\/toutes-les-actualites\/le-camerounais-armand-claude-abanda-finaliste-du-prix-du-leadership-transformationnel-2022#article\",\"isPartOf\":{\"@id\":\"https:\/\/www.africa-press.net\/cameroun\/toutes-les-actualites\/le-camerounais-armand-claude-abanda-finaliste-du-prix-du-leadership-transformationnel-2022\"},\"author\":{\"name\":\"cfeditorfr\",\"@id\":\"https:\/\/www.africa-press.net\/cameroun\/#\/schema\/person\/2b1cf3cd81a31e3cd26889ca66d677f1\"},\"headline\":\"Le Camerounais Armand Claude Abanda finaliste du Prix du leadership transformationnel 2022\",\"datePublished\":\"2022-09-21T15:25:46+00:00\",\"dateModified\":\"2022-09-21T16:57:21+00:00\",\"mainEntityOfPage\":{\"@id\":\"https:\/\/www.africa-press.net\/cameroun\/toutes-les-actualites\/le-camerounais-armand-claude-abanda-finaliste-du-prix-du-leadership-transformationnel-2022\"},\"wordCount\":324,\"commentCount\":0,\"image\":{\"@id\":\"https:\/\/www.africa-press.net\/cameroun\/toutes-les-actualites\/le-camerounais-armand-claude-abanda-finaliste-du-prix-du-leadership-transformationnel-2022#primaryimage\"},\"thumbnailUrl\":\"https:\/\/static.africa-press.net\/cameroun\/sites\/57\/2022\/09\/img-632b423e202fe.jpg\",\"keywords\":[\"Africa Press\",\"Africa Press-Cameroun\",\"Cameroun\"],\"articleSection\":[\"Communaut\u00e9\",\"Toutes les actualit\u00e9s\"],\"inLanguage\":\"fr-FR\",\"potentialAction\":[{\"@type\":\"CommentAction\",\"name\":\"Comment\",\"target\":[\"https:\/\/www.africa-press.net\/cameroun\/toutes-les-actualites\/le-camerounais-armand-claude-abanda-finaliste-du-prix-du-leadership-transformationnel-2022#respond\"]}]},{\"@type\":\"WebPage\",\"@id\":\"https:\/\/www.africa-press.net\/cameroun\/toutes-les-actualites\/le-camerounais-armand-claude-abanda-finaliste-du-prix-du-leadership-transformationnel-2022\",\"url\":\"https:\/\/www.africa-press.net\/cameroun\/toutes-les-actualites\/le-camerounais-armand-claude-abanda-finaliste-du-prix-du-leadership-transformationnel-2022\",\"name\":\"Le Camerounais Armand Claude Abanda finaliste du Prix du leadership transformationnel 2022 - Cameroun\",\"isPartOf\":{\"@id\":\"https:\/\/www.africa-press.net\/cameroun\/#website\"},\"primaryImageOfPage\":{\"@id\":\"https:\/\/www.africa-press.net\/cameroun\/toutes-les-actualites\/le-camerounais-armand-claude-abanda-finaliste-du-prix-du-leadership-transformationnel-2022#primaryimage\"},\"image\":{\"@id\":\"https:\/\/www.africa-press.net\/cameroun\/toutes-les-actualites\/le-camerounais-armand-claude-abanda-finaliste-du-prix-du-leadership-transformationnel-2022#primaryimage\"},\"thumbnailUrl\":\"https:\/\/static.africa-press.net\/cameroun\/sites\/57\/2022\/09\/img-632b423e202fe.jpg\",\"datePublished\":\"2022-09-21T15:25:46+00:00\",\"dateModified\":\"2022-09-21T16:57:21+00:00\",\"author\":{\"@id\":\"https:\/\/www.africa-press.net\/cameroun\/#\/schema\/person\/2b1cf3cd81a31e3cd26889ca66d677f1\"},\"description\":\"Le vainqueur du pre\u0301cieux prix sera connu au cours du 4e\u0300 Sommet annuel sur le leadership transformationnel a\u0300 Nairobi ( ...\",\"breadcrumb\":{\"@id\":\"https:\/\/www.africa-press.net\/cameroun\/toutes-les-actualites\/le-camerounais-armand-claude-abanda-finaliste-du-prix-du-leadership-transformationnel-2022#breadcrumb\"},\"inLanguage\":\"fr-FR\",\"potentialAction\":[{\"@type\":\"ReadAction\",\"target\":[\"https:\/\/www.africa-press.net\/cameroun\/toutes-les-actualites\/le-camerounais-armand-claude-abanda-finaliste-du-prix-du-leadership-transformationnel-2022\"]}]},{\"@type\":\"ImageObject\",\"inLanguage\":\"fr-FR\",\"@id\":\"https:\/\/www.africa-press.net\/cameroun\/toutes-les-actualites\/le-camerounais-armand-claude-abanda-finaliste-du-prix-du-leadership-transformationnel-2022#primaryimage\",\"url\":\"https:\/\/static.africa-press.net\/cameroun\/sites\/57\/2022\/09\/img-632b423e202fe.jpg\",\"contentUrl\":\"https:\/\/static.africa-press.net\/cameroun\/sites\/57\/2022\/09\/img-632b423e202fe.jpg\",\"width\":814,\"height\":573,\"caption\":\"Le Camerounais Armand Claude Abanda finaliste du Prix du leadership transformationnel 2022\"},{\"@type\":\"BreadcrumbList\",\"@id\":\"https:\/\/www.africa-press.net\/cameroun\/toutes-les-actualites\/le-camerounais-armand-claude-abanda-finaliste-du-prix-du-leadership-transformationnel-2022#breadcrumb\",\"itemListElement\":[{\"@type\":\"ListItem\",\"position\":1,\"name\":\"Accueil\",\"item\":\"https:\/\/www.africa-press.net\/cameroun\/\"},{\"@type\":\"ListItem\",\"position\":2,\"name\":\"Le Camerounais Armand Claude Abanda finaliste du Prix du leadership transformationnel 2022\"}]},{\"@type\":\"WebSite\",\"@id\":\"https:\/\/www.africa-press.net\/cameroun\/#website\",\"url\":\"https:\/\/www.africa-press.net\/cameroun\/\",\"name\":\"Cameroun\",\"description\":\"Just another Africa News Agency Sites site\",\"potentialAction\":[{\"@type\":\"SearchAction\",\"target\":{\"@type\":\"EntryPoint\",\"urlTemplate\":\"https:\/\/www.africa-press.net\/cameroun\/?s={search_term_string}\"},\"query-input\":{\"@type\":\"PropertyValueSpecification\",\"valueRequired\":true,\"valueName\":\"search_term_string\"}}],\"inLanguage\":\"fr-FR\"},{\"@type\":\"Person\",\"@id\":\"https:\/\/www.africa-press.net\/cameroun\/#\/schema\/person\/2b1cf3cd81a31e3cd26889ca66d677f1\",\"name\":\"cfeditorfr\"}]}<\/script>\n<!-- \/ Yoast SEO Premium plugin. -->","yoast_head_json":{"title":"Le Camerounais Armand Claude Abanda finaliste du Prix du leadership transformationnel 2022 - Cameroun","description":"Le vainqueur du pre\u0301cieux prix sera connu au cours du 4e\u0300 Sommet annuel sur le leadership transformationnel a\u0300 Nairobi ( ...","robots":{"index":"index","follow":"follow","max-snippet":"max-snippet:-1","max-image-preview":"max-image-preview:large","max-video-preview":"max-video-preview:-1"},"canonical":"https:\/\/www.africa-press.net\/cameroun\/toutes-les-actualites\/le-camerounais-armand-claude-abanda-finaliste-du-prix-du-leadership-transformationnel-2022","og_locale":"fr_FR","og_type":"article","og_title":"Le Camerounais Armand Claude Abanda finaliste du Prix du leadership transformationnel 2022","og_description":"Le vainqueur du pre\u0301cieux prix sera connu au cours du 4e\u0300 Sommet annuel sur le leadership transformationnel a\u0300 Nairobi ( ...","og_url":"https:\/\/www.africa-press.net\/cameroun\/toutes-les-actualites\/le-camerounais-armand-claude-abanda-finaliste-du-prix-du-leadership-transformationnel-2022","og_site_name":"Cameroun","article_published_time":"2022-09-21T15:25:46+00:00","article_modified_time":"2022-09-21T16:57:21+00:00","og_image":[{"width":814,"height":573,"url":"https:\/\/static.africa-press.net\/cameroun\/sites\/57\/2022\/09\/img-632b423e202fe.jpg","type":"image\/jpeg"}],"author":"cfeditorfr","twitter_card":"summary_large_image","twitter_misc":{"\u00c9crit par":"cfeditorfr","Dur\u00e9e de lecture estim\u00e9e":"2 minutes"},"schema":{"@context":"https:\/\/schema.org","@graph":[{"@type":"Article","@id":"https:\/\/www.africa-press.net\/cameroun\/toutes-les-actualites\/le-camerounais-armand-claude-abanda-finaliste-du-prix-du-leadership-transformationnel-2022#article","isPartOf":{"@id":"https:\/\/www.africa-press.net\/cameroun\/toutes-les-actualites\/le-camerounais-armand-claude-abanda-finaliste-du-prix-du-leadership-transformationnel-2022"},"author":{"name":"cfeditorfr","@id":"https:\/\/www.africa-press.net\/cameroun\/#\/schema\/person\/2b1cf3cd81a31e3cd26889ca66d677f1"},"headline":"Le Camerounais Armand Claude Abanda finaliste du Prix du leadership transformationnel 2022","datePublished":"2022-09-21T15:25:46+00:00","dateModified":"2022-09-21T16:57:21+00:00","mainEntityOfPage":{"@id":"https:\/\/www.africa-press.net\/cameroun\/toutes-les-actualites\/le-camerounais-armand-claude-abanda-finaliste-du-prix-du-leadership-transformationnel-2022"},"wordCount":324,"commentCount":0,"image":{"@id":"https:\/\/www.africa-press.net\/cameroun\/toutes-les-actualites\/le-camerounais-armand-claude-abanda-finaliste-du-prix-du-leadership-transformationnel-2022#primaryimage"},"thumbnailUrl":"https:\/\/static.africa-press.net\/cameroun\/sites\/57\/2022\/09\/img-632b423e202fe.jpg","keywords":["Africa Press","Africa Press-Cameroun","Cameroun"],"articleSection":["Communaut\u00e9","Toutes les actualit\u00e9s"],"inLanguage":"fr-FR","potentialAction":[{"@type":"CommentAction","name":"Comment","target":["https:\/\/www.africa-press.net\/cameroun\/toutes-les-actualites\/le-camerounais-armand-claude-abanda-finaliste-du-prix-du-leadership-transformationnel-2022#respond"]}]},{"@type":"WebPage","@id":"https:\/\/www.africa-press.net\/cameroun\/toutes-les-actualites\/le-camerounais-armand-claude-abanda-finaliste-du-prix-du-leadership-transformationnel-2022","url":"https:\/\/www.africa-press.net\/cameroun\/toutes-les-actualites\/le-camerounais-armand-claude-abanda-finaliste-du-prix-du-leadership-transformationnel-2022","name":"Le Camerounais Armand Claude Abanda finaliste du Prix du leadership transformationnel 2022 - Cameroun","isPartOf":{"@id":"https:\/\/www.africa-press.net\/cameroun\/#website"},"primaryImageOfPage":{"@id":"https:\/\/www.africa-press.net\/cameroun\/toutes-les-actualites\/le-camerounais-armand-claude-abanda-finaliste-du-prix-du-leadership-transformationnel-2022#primaryimage"},"image":{"@id":"https:\/\/www.africa-press.net\/cameroun\/toutes-les-actualites\/le-camerounais-armand-claude-abanda-finaliste-du-prix-du-leadership-transformationnel-2022#primaryimage"},"thumbnailUrl":"https:\/\/static.africa-press.net\/cameroun\/sites\/57\/2022\/09\/img-632b423e202fe.jpg","datePublished":"2022-09-21T15:25:46+00:00","dateModified":"2022-09-21T16:57:21+00:00","author":{"@id":"https:\/\/www.africa-press.net\/cameroun\/#\/schema\/person\/2b1cf3cd81a31e3cd26889ca66d677f1"},"description":"Le vainqueur du pre\u0301cieux prix sera connu au cours du 4e\u0300 Sommet annuel sur le leadership transformationnel a\u0300 Nairobi ( ...","breadcrumb":{"@id":"https:\/\/www.africa-press.net\/cameroun\/toutes-les-actualites\/le-camerounais-armand-claude-abanda-finaliste-du-prix-du-leadership-transformationnel-2022#breadcrumb"},"inLanguage":"fr-FR","potentialAction":[{"@type":"ReadAction","target":["https:\/\/www.africa-press.net\/cameroun\/toutes-les-actualites\/le-camerounais-armand-claude-abanda-finaliste-du-prix-du-leadership-transformationnel-2022"]}]},{"@type":"ImageObject","inLanguage":"fr-FR","@id":"https:\/\/www.africa-press.net\/cameroun\/toutes-les-actualites\/le-camerounais-armand-claude-abanda-finaliste-du-prix-du-leadership-transformationnel-2022#primaryimage","url":"https:\/\/static.africa-press.net\/cameroun\/sites\/57\/2022\/09\/img-632b423e202fe.jpg","contentUrl":"https:\/\/static.africa-press.net\/cameroun\/sites\/57\/2022\/09\/img-632b423e202fe.jpg","width":814,"height":573,"caption":"Le Camerounais Armand Claude Abanda finaliste du Prix du leadership transformationnel 2022"},{"@type":"BreadcrumbList","@id":"https:\/\/www.africa-press.net\/cameroun\/toutes-les-actualites\/le-camerounais-armand-claude-abanda-finaliste-du-prix-du-leadership-transformationnel-2022#breadcrumb","itemListElement":[{"@type":"ListItem","position":1,"name":"Accueil","item":"https:\/\/www.africa-press.net\/cameroun\/"},{"@type":"ListItem","position":2,"name":"Le Camerounais Armand Claude Abanda finaliste du Prix du leadership transformationnel 2022"}]},{"@type":"WebSite","@id":"https:\/\/www.africa-press.net\/cameroun\/#website","url":"https:\/\/www.africa-press.net\/cameroun\/","name":"Cameroun","description":"Just another Africa News Agency Sites site","potentialAction":[{"@type":"SearchAction","target":{"@type":"EntryPoint","urlTemplate":"https:\/\/www.africa-press.net\/cameroun\/?s={search_term_string}"},"query-input":{"@type":"PropertyValueSpecification","valueRequired":true,"valueName":"search_term_string"}}],"inLanguage":"fr-FR"},{"@type":"Person","@id":"https:\/\/www.africa-press.net\/cameroun\/#\/schema\/person\/2b1cf3cd81a31e3cd26889ca66d677f1","name":"cfeditorfr"}]}},"_links":{"self":[{"href":"https:\/\/www.africa-press.net\/cameroun\/wp-json\/wp\/v2\/posts\/27941","targetHints":{"allow":["GET"]}}],"collection":[{"href":"https:\/\/www.africa-press.net\/cameroun\/wp-json\/wp\/v2\/posts"}],"about":[{"href":"https:\/\/www.africa-press.net\/cameroun\/wp-json\/wp\/v2\/types\/post"}],"author":[{"embeddable":true,"href":"https:\/\/www.africa-press.net\/cameroun\/wp-json\/wp\/v2\/users\/82"}],"replies":[{"embeddable":true,"href":"https:\/\/www.africa-press.net\/cameroun\/wp-json\/wp\/v2\/comments?post=27941"}],"version-history":[{"count":0,"href":"https:\/\/www.africa-press.net\/cameroun\/wp-json\/wp\/v2\/posts\/27941\/revisions"}],"wp:featuredmedia":[{"embeddable":true,"href":"https:\/\/www.africa-press.net\/cameroun\/wp-json\/wp\/v2\/media\/27940"}],"wp:attachment":[{"href":"https:\/\/www.africa-press.net\/cameroun\/wp-json\/wp\/v2\/media?parent=27941"}],"wp:term":[{"taxonomy":"category","embeddable":true,"href":"https:\/\/www.africa-press.net\/cameroun\/wp-json\/wp\/v2\/categories?post=27941"},{"taxonomy":"post_tag","embeddable":true,"href":"https:\/\/www.africa-press.net\/cameroun\/wp-json\/wp\/v2\/tags?post=27941"}],"curies":[{"name":"wp","href":"https:\/\/api.w.org\/{rel}","templated":true}]}}