{"id":27944,"date":"2022-09-21T15:30:42","date_gmt":"2022-09-21T15:30:42","guid":{"rendered":"https:\/\/www.africa-press.net\/cameroun\/politique\/cameroun-la-banque-mondiale-met-pres-de-200-milliards-de-f-pour-ameliorer-la-qualite-de-lelectricite"},"modified":"2022-09-21T16:58:15","modified_gmt":"2022-09-21T16:58:15","slug":"cameroun-la-banque-mondiale-met-pres-de-200-milliards-de-f-pour-ameliorer-la-qualite-de-lelectricite","status":"publish","type":"post","link":"https:\/\/www.africa-press.net\/cameroun\/economie\/cameroun-la-banque-mondiale-met-pres-de-200-milliards-de-f-pour-ameliorer-la-qualite-de-lelectricite","title":{"rendered":"Cameroun\u00a0: la Banque mondiale met pr\u00e8s de 200 milliards de F pour am\u00e9liorer la qualit\u00e9 de l\u2019\u00e9lectricit\u00e9"},"content":{"rendered":"<p><span style=\"color: #ff6600\"><strong>Africa-Press &#8211; Cameroun. <\/strong><\/span>Une e\u0301quipe de la Banque mondiale, conduite par le Directeur re\u0301gional des Programmes Infrastructures de cette institution pour l\u2019Afrique de l\u2019Ouest et du Centre, Franz Dress-Gross, a e\u0301te\u0301 rec\u0327ue le 15 septembre 2022 par le ministre de l\u2019Economie, de la Planification et de l\u2019Ame\u0301nagement du Territoire (Minepat), Alamine Ousmane Mey.<\/p>\n<p>La Banque mondiale (BM) veut accompagner l\u2019Etat du Cameroun dans sa que\u0302te permanente des solutions aux proble\u0300mes conjoncturels et structurels qui plombent la chai\u0302ne de valeur du secteur de l\u2019e\u0301lectricite\u0301 dans le pays. Ceci a\u0300 travers la cre\u0301ation d\u2019un Programme axe\u0301 sur les re\u0301sultats dans le secteur de l\u2019e\u0301lectricite\u0301 au Cameroun (Pforr).<\/p>\n<p>Selon Franz Dress-Gross, le programme sera finance\u0301 a\u0300 hauteur de 195 milliards de F. Il a e\u0301te\u0301 mis sur pied pour aider le Cameroun a\u0300 mettre en \u0153uvre la vision qu\u2019il s\u2019est donne\u0301 pour le secteur de l\u2019e\u0301lectricite\u0301 dans la strate\u0301gie nationale de de\u0301veloppement 2020-2030 (SND 30). Parmi ces objectifs figure l\u2019augmentation de la production e\u0301lectrique.<\/p>\n<p>Le Cameroun voudrait atteindre une production de 5000 MW a\u0300 l\u2019horizon 2030. Ceci, pour passer de 60% d\u2019acce\u0300s a\u0300 l\u2019e\u0301nergie e\u0301lectrique comme c\u2019est le cas actuellement, a\u0300 100% en 2030. De ce fait, le programme va s\u2019articuler autour de la mise en \u0153uvre d\u2019infrastructures permettant la production, le transport et la distribution de l\u2019e\u0301nergie e\u0301lectrique afin de re\u0301pondre a\u0300 la demande domestique (me\u0301nages et entreprises) et exporter le surplus de la production vers les pays voisins (Nige\u0301ria, Tchad, RCA, etc.)..<\/p>\n<p>Il est surtout question de trouver des solutions pe\u0301rennes aux contraintes conjoncturelles et structurelles qui affectent la chai\u0302ne de valeur du secteur de l\u2019e\u0301lectricite\u0301 au Cameroun.<\/p>\n<p><strong>Pour plus d&rsquo;informations et d&rsquo;analyses sur la <a href=\"https:\/\/www.africa-press.net\/cameroun\">Cameroun<\/a>, suivez <a href=\"https:\/\/www.africa-press.net\/\">Africa-Press<\/a><\/strong><\/p>\n","protected":false},"excerpt":{"rendered":"<p>Africa-Press &#8211; Cameroun. Une e\u0301quipe de la Banque mondiale, conduite par le Directeur re\u0301gional des Programmes Infrastructures de cette institution pour l\u2019Afrique de l\u2019Ouest et du Centre, Franz Dress-Gross, a e\u0301te\u0301 rec\u0327ue le 15 septembre 2022 par le ministre de l\u2019Economie, de la Planification et de l\u2019Ame\u0301nagement du Territoire (Minepat), Alamine Ousmane Mey. La Banque [&hellip;]<\/p>\n","protected":false},"author":82,"featured_media":27943,"comment_status":"open","ping_status":"closed","sticky":false,"template":"","format":"standard","meta":{"footnotes":""},"categories":[3,10],"tags":[36,50,49],"class_list":["post-27944","post","type-post","status-publish","format-standard","has-post-thumbnail","hentry","category-economie","category-toutes-les-actualites","tag-africa-press","tag-africa-press-cameroun","tag-cameroun"],"yoast_head":"<!-- This site is optimized with the Yoast SEO Premium plugin v26.1 (Yoast SEO v27.0) - https:\/\/yoast.com\/product\/yoast-seo-premium-wordpress\/ -->\n<title>Cameroun\u00a0: la Banque mondiale met pr\u00e8s de 200 milliards de F pour am\u00e9liorer la qualit\u00e9 de l\u2019\u00e9lectricit\u00e9 - Cameroun<\/title>\n<meta name=\"description\" content=\"Une e\u0301quipe de la Banque mondiale, conduite par le Directeur re\u0301gional des Programmes Infrastructures de cette instituti ...\" \/>\n<meta name=\"robots\" content=\"index, follow, max-snippet:-1, max-image-preview:large, max-video-preview:-1\" \/>\n<link rel=\"canonical\" href=\"https:\/\/www.africa-press.net\/cameroun\/economie\/cameroun-la-banque-mondiale-met-pres-de-200-milliards-de-f-pour-ameliorer-la-qualite-de-lelectricite\" \/>\n<meta property=\"og:locale\" content=\"fr_FR\" \/>\n<meta property=\"og:type\" content=\"article\" \/>\n<meta property=\"og:title\" content=\"Cameroun\u00a0: la Banque mondiale met pr\u00e8s de 200 milliards de F pour am\u00e9liorer la qualit\u00e9 de l\u2019\u00e9lectricit\u00e9\" \/>\n<meta property=\"og:description\" content=\"Une e\u0301quipe de la Banque mondiale, conduite par le Directeur re\u0301gional des Programmes Infrastructures de cette instituti ...\" \/>\n<meta property=\"og:url\" content=\"https:\/\/www.africa-press.net\/cameroun\/economie\/cameroun-la-banque-mondiale-met-pres-de-200-milliards-de-f-pour-ameliorer-la-qualite-de-lelectricite\" \/>\n<meta property=\"og:site_name\" content=\"Cameroun\" \/>\n<meta property=\"article:published_time\" content=\"2022-09-21T15:30:42+00:00\" \/>\n<meta property=\"article:modified_time\" content=\"2022-09-21T16:58:15+00:00\" \/>\n<meta property=\"og:image\" content=\"https:\/\/static.africa-press.net\/cameroun\/sites\/57\/2022\/09\/img-632b427727b20.jpg\" \/>\n\t<meta property=\"og:image:width\" content=\"720\" \/>\n\t<meta property=\"og:image:height\" content=\"483\" \/>\n\t<meta property=\"og:image:type\" content=\"image\/jpeg\" \/>\n<meta name=\"author\" content=\"cfeditorfr\" \/>\n<meta name=\"twitter:card\" content=\"summary_large_image\" \/>\n<meta name=\"twitter:label1\" content=\"\u00c9crit par\" \/>\n\t<meta name=\"twitter:data1\" content=\"cfeditorfr\" \/>\n\t<meta name=\"twitter:label2\" content=\"Dur\u00e9e de lecture estim\u00e9e\" \/>\n\t<meta name=\"twitter:data2\" content=\"2 minutes\" \/>\n<script type=\"application\/ld+json\" class=\"yoast-schema-graph\">{\"@context\":\"https:\/\/schema.org\",\"@graph\":[{\"@type\":\"Article\",\"@id\":\"https:\/\/www.africa-press.net\/cameroun\/economie\/cameroun-la-banque-mondiale-met-pres-de-200-milliards-de-f-pour-ameliorer-la-qualite-de-lelectricite#article\",\"isPartOf\":{\"@id\":\"https:\/\/www.africa-press.net\/cameroun\/economie\/cameroun-la-banque-mondiale-met-pres-de-200-milliards-de-f-pour-ameliorer-la-qualite-de-lelectricite\"},\"author\":{\"name\":\"cfeditorfr\",\"@id\":\"https:\/\/www.africa-press.net\/cameroun\/#\/schema\/person\/2b1cf3cd81a31e3cd26889ca66d677f1\"},\"headline\":\"Cameroun\u00a0: la Banque mondiale met pr\u00e8s de 200 milliards de F pour am\u00e9liorer la qualit\u00e9 de l\u2019\u00e9lectricit\u00e9\",\"datePublished\":\"2022-09-21T15:30:42+00:00\",\"dateModified\":\"2022-09-21T16:58:15+00:00\",\"mainEntityOfPage\":{\"@id\":\"https:\/\/www.africa-press.net\/cameroun\/economie\/cameroun-la-banque-mondiale-met-pres-de-200-milliards-de-f-pour-ameliorer-la-qualite-de-lelectricite\"},\"wordCount\":337,\"commentCount\":0,\"image\":{\"@id\":\"https:\/\/www.africa-press.net\/cameroun\/economie\/cameroun-la-banque-mondiale-met-pres-de-200-milliards-de-f-pour-ameliorer-la-qualite-de-lelectricite#primaryimage\"},\"thumbnailUrl\":\"https:\/\/static.africa-press.net\/cameroun\/sites\/57\/2022\/09\/img-632b427727b20.jpg\",\"keywords\":[\"Africa Press\",\"Africa Press-Cameroun\",\"Cameroun\"],\"articleSection\":[\"\u00c9conomie\",\"Toutes les actualit\u00e9s\"],\"inLanguage\":\"fr-FR\",\"potentialAction\":[{\"@type\":\"CommentAction\",\"name\":\"Comment\",\"target\":[\"https:\/\/www.africa-press.net\/cameroun\/economie\/cameroun-la-banque-mondiale-met-pres-de-200-milliards-de-f-pour-ameliorer-la-qualite-de-lelectricite#respond\"]}]},{\"@type\":\"WebPage\",\"@id\":\"https:\/\/www.africa-press.net\/cameroun\/economie\/cameroun-la-banque-mondiale-met-pres-de-200-milliards-de-f-pour-ameliorer-la-qualite-de-lelectricite\",\"url\":\"https:\/\/www.africa-press.net\/cameroun\/economie\/cameroun-la-banque-mondiale-met-pres-de-200-milliards-de-f-pour-ameliorer-la-qualite-de-lelectricite\",\"name\":\"Cameroun\u00a0: la Banque mondiale met pr\u00e8s de 200 milliards de F pour am\u00e9liorer la qualit\u00e9 de l\u2019\u00e9lectricit\u00e9 - Cameroun\",\"isPartOf\":{\"@id\":\"https:\/\/www.africa-press.net\/cameroun\/#website\"},\"primaryImageOfPage\":{\"@id\":\"https:\/\/www.africa-press.net\/cameroun\/economie\/cameroun-la-banque-mondiale-met-pres-de-200-milliards-de-f-pour-ameliorer-la-qualite-de-lelectricite#primaryimage\"},\"image\":{\"@id\":\"https:\/\/www.africa-press.net\/cameroun\/economie\/cameroun-la-banque-mondiale-met-pres-de-200-milliards-de-f-pour-ameliorer-la-qualite-de-lelectricite#primaryimage\"},\"thumbnailUrl\":\"https:\/\/static.africa-press.net\/cameroun\/sites\/57\/2022\/09\/img-632b427727b20.jpg\",\"datePublished\":\"2022-09-21T15:30:42+00:00\",\"dateModified\":\"2022-09-21T16:58:15+00:00\",\"author\":{\"@id\":\"https:\/\/www.africa-press.net\/cameroun\/#\/schema\/person\/2b1cf3cd81a31e3cd26889ca66d677f1\"},\"description\":\"Une e\u0301quipe de la Banque mondiale, conduite par le Directeur re\u0301gional des Programmes Infrastructures de cette instituti ...\",\"breadcrumb\":{\"@id\":\"https:\/\/www.africa-press.net\/cameroun\/economie\/cameroun-la-banque-mondiale-met-pres-de-200-milliards-de-f-pour-ameliorer-la-qualite-de-lelectricite#breadcrumb\"},\"inLanguage\":\"fr-FR\",\"potentialAction\":[{\"@type\":\"ReadAction\",\"target\":[\"https:\/\/www.africa-press.net\/cameroun\/economie\/cameroun-la-banque-mondiale-met-pres-de-200-milliards-de-f-pour-ameliorer-la-qualite-de-lelectricite\"]}]},{\"@type\":\"ImageObject\",\"inLanguage\":\"fr-FR\",\"@id\":\"https:\/\/www.africa-press.net\/cameroun\/economie\/cameroun-la-banque-mondiale-met-pres-de-200-milliards-de-f-pour-ameliorer-la-qualite-de-lelectricite#primaryimage\",\"url\":\"https:\/\/static.africa-press.net\/cameroun\/sites\/57\/2022\/09\/img-632b427727b20.jpg\",\"contentUrl\":\"https:\/\/static.africa-press.net\/cameroun\/sites\/57\/2022\/09\/img-632b427727b20.jpg\",\"width\":720,\"height\":483,\"caption\":\"Cameroun\u00a0: la Banque mondiale met pr\u00e8s de 200 milliards de F pour am\u00e9liorer la qualit\u00e9 de l\u2019\u00e9lectricit\u00e9\"},{\"@type\":\"BreadcrumbList\",\"@id\":\"https:\/\/www.africa-press.net\/cameroun\/economie\/cameroun-la-banque-mondiale-met-pres-de-200-milliards-de-f-pour-ameliorer-la-qualite-de-lelectricite#breadcrumb\",\"itemListElement\":[{\"@type\":\"ListItem\",\"position\":1,\"name\":\"Accueil\",\"item\":\"https:\/\/www.africa-press.net\/cameroun\/\"},{\"@type\":\"ListItem\",\"position\":2,\"name\":\"Cameroun\u00a0: la Banque mondiale met pr\u00e8s de 200 milliards de F pour am\u00e9liorer la qualit\u00e9 de l\u2019\u00e9lectricit\u00e9\"}]},{\"@type\":\"WebSite\",\"@id\":\"https:\/\/www.africa-press.net\/cameroun\/#website\",\"url\":\"https:\/\/www.africa-press.net\/cameroun\/\",\"name\":\"Cameroun\",\"description\":\"Just another Africa News Agency Sites site\",\"potentialAction\":[{\"@type\":\"SearchAction\",\"target\":{\"@type\":\"EntryPoint\",\"urlTemplate\":\"https:\/\/www.africa-press.net\/cameroun\/?s={search_term_string}\"},\"query-input\":{\"@type\":\"PropertyValueSpecification\",\"valueRequired\":true,\"valueName\":\"search_term_string\"}}],\"inLanguage\":\"fr-FR\"},{\"@type\":\"Person\",\"@id\":\"https:\/\/www.africa-press.net\/cameroun\/#\/schema\/person\/2b1cf3cd81a31e3cd26889ca66d677f1\",\"name\":\"cfeditorfr\"}]}<\/script>\n<!-- \/ Yoast SEO Premium plugin. -->","yoast_head_json":{"title":"Cameroun\u00a0: la Banque mondiale met pr\u00e8s de 200 milliards de F pour am\u00e9liorer la qualit\u00e9 de l\u2019\u00e9lectricit\u00e9 - Cameroun","description":"Une e\u0301quipe de la Banque mondiale, conduite par le Directeur re\u0301gional des Programmes Infrastructures de cette instituti ...","robots":{"index":"index","follow":"follow","max-snippet":"max-snippet:-1","max-image-preview":"max-image-preview:large","max-video-preview":"max-video-preview:-1"},"canonical":"https:\/\/www.africa-press.net\/cameroun\/economie\/cameroun-la-banque-mondiale-met-pres-de-200-milliards-de-f-pour-ameliorer-la-qualite-de-lelectricite","og_locale":"fr_FR","og_type":"article","og_title":"Cameroun\u00a0: la Banque mondiale met pr\u00e8s de 200 milliards de F pour am\u00e9liorer la qualit\u00e9 de l\u2019\u00e9lectricit\u00e9","og_description":"Une e\u0301quipe de la Banque mondiale, conduite par le Directeur re\u0301gional des Programmes Infrastructures de cette instituti ...","og_url":"https:\/\/www.africa-press.net\/cameroun\/economie\/cameroun-la-banque-mondiale-met-pres-de-200-milliards-de-f-pour-ameliorer-la-qualite-de-lelectricite","og_site_name":"Cameroun","article_published_time":"2022-09-21T15:30:42+00:00","article_modified_time":"2022-09-21T16:58:15+00:00","og_image":[{"width":720,"height":483,"url":"https:\/\/static.africa-press.net\/cameroun\/sites\/57\/2022\/09\/img-632b427727b20.jpg","type":"image\/jpeg"}],"author":"cfeditorfr","twitter_card":"summary_large_image","twitter_misc":{"\u00c9crit par":"cfeditorfr","Dur\u00e9e de lecture estim\u00e9e":"2 minutes"},"schema":{"@context":"https:\/\/schema.org","@graph":[{"@type":"Article","@id":"https:\/\/www.africa-press.net\/cameroun\/economie\/cameroun-la-banque-mondiale-met-pres-de-200-milliards-de-f-pour-ameliorer-la-qualite-de-lelectricite#article","isPartOf":{"@id":"https:\/\/www.africa-press.net\/cameroun\/economie\/cameroun-la-banque-mondiale-met-pres-de-200-milliards-de-f-pour-ameliorer-la-qualite-de-lelectricite"},"author":{"name":"cfeditorfr","@id":"https:\/\/www.africa-press.net\/cameroun\/#\/schema\/person\/2b1cf3cd81a31e3cd26889ca66d677f1"},"headline":"Cameroun\u00a0: la Banque mondiale met pr\u00e8s de 200 milliards de F pour am\u00e9liorer la qualit\u00e9 de l\u2019\u00e9lectricit\u00e9","datePublished":"2022-09-21T15:30:42+00:00","dateModified":"2022-09-21T16:58:15+00:00","mainEntityOfPage":{"@id":"https:\/\/www.africa-press.net\/cameroun\/economie\/cameroun-la-banque-mondiale-met-pres-de-200-milliards-de-f-pour-ameliorer-la-qualite-de-lelectricite"},"wordCount":337,"commentCount":0,"image":{"@id":"https:\/\/www.africa-press.net\/cameroun\/economie\/cameroun-la-banque-mondiale-met-pres-de-200-milliards-de-f-pour-ameliorer-la-qualite-de-lelectricite#primaryimage"},"thumbnailUrl":"https:\/\/static.africa-press.net\/cameroun\/sites\/57\/2022\/09\/img-632b427727b20.jpg","keywords":["Africa Press","Africa Press-Cameroun","Cameroun"],"articleSection":["\u00c9conomie","Toutes les actualit\u00e9s"],"inLanguage":"fr-FR","potentialAction":[{"@type":"CommentAction","name":"Comment","target":["https:\/\/www.africa-press.net\/cameroun\/economie\/cameroun-la-banque-mondiale-met-pres-de-200-milliards-de-f-pour-ameliorer-la-qualite-de-lelectricite#respond"]}]},{"@type":"WebPage","@id":"https:\/\/www.africa-press.net\/cameroun\/economie\/cameroun-la-banque-mondiale-met-pres-de-200-milliards-de-f-pour-ameliorer-la-qualite-de-lelectricite","url":"https:\/\/www.africa-press.net\/cameroun\/economie\/cameroun-la-banque-mondiale-met-pres-de-200-milliards-de-f-pour-ameliorer-la-qualite-de-lelectricite","name":"Cameroun\u00a0: la Banque mondiale met pr\u00e8s de 200 milliards de F pour am\u00e9liorer la qualit\u00e9 de l\u2019\u00e9lectricit\u00e9 - Cameroun","isPartOf":{"@id":"https:\/\/www.africa-press.net\/cameroun\/#website"},"primaryImageOfPage":{"@id":"https:\/\/www.africa-press.net\/cameroun\/economie\/cameroun-la-banque-mondiale-met-pres-de-200-milliards-de-f-pour-ameliorer-la-qualite-de-lelectricite#primaryimage"},"image":{"@id":"https:\/\/www.africa-press.net\/cameroun\/economie\/cameroun-la-banque-mondiale-met-pres-de-200-milliards-de-f-pour-ameliorer-la-qualite-de-lelectricite#primaryimage"},"thumbnailUrl":"https:\/\/static.africa-press.net\/cameroun\/sites\/57\/2022\/09\/img-632b427727b20.jpg","datePublished":"2022-09-21T15:30:42+00:00","dateModified":"2022-09-21T16:58:15+00:00","author":{"@id":"https:\/\/www.africa-press.net\/cameroun\/#\/schema\/person\/2b1cf3cd81a31e3cd26889ca66d677f1"},"description":"Une e\u0301quipe de la Banque mondiale, conduite par le Directeur re\u0301gional des Programmes Infrastructures de cette instituti ...","breadcrumb":{"@id":"https:\/\/www.africa-press.net\/cameroun\/economie\/cameroun-la-banque-mondiale-met-pres-de-200-milliards-de-f-pour-ameliorer-la-qualite-de-lelectricite#breadcrumb"},"inLanguage":"fr-FR","potentialAction":[{"@type":"ReadAction","target":["https:\/\/www.africa-press.net\/cameroun\/economie\/cameroun-la-banque-mondiale-met-pres-de-200-milliards-de-f-pour-ameliorer-la-qualite-de-lelectricite"]}]},{"@type":"ImageObject","inLanguage":"fr-FR","@id":"https:\/\/www.africa-press.net\/cameroun\/economie\/cameroun-la-banque-mondiale-met-pres-de-200-milliards-de-f-pour-ameliorer-la-qualite-de-lelectricite#primaryimage","url":"https:\/\/static.africa-press.net\/cameroun\/sites\/57\/2022\/09\/img-632b427727b20.jpg","contentUrl":"https:\/\/static.africa-press.net\/cameroun\/sites\/57\/2022\/09\/img-632b427727b20.jpg","width":720,"height":483,"caption":"Cameroun\u00a0: la Banque mondiale met pr\u00e8s de 200 milliards de F pour am\u00e9liorer la qualit\u00e9 de l\u2019\u00e9lectricit\u00e9"},{"@type":"BreadcrumbList","@id":"https:\/\/www.africa-press.net\/cameroun\/economie\/cameroun-la-banque-mondiale-met-pres-de-200-milliards-de-f-pour-ameliorer-la-qualite-de-lelectricite#breadcrumb","itemListElement":[{"@type":"ListItem","position":1,"name":"Accueil","item":"https:\/\/www.africa-press.net\/cameroun\/"},{"@type":"ListItem","position":2,"name":"Cameroun\u00a0: la Banque mondiale met pr\u00e8s de 200 milliards de F pour am\u00e9liorer la qualit\u00e9 de l\u2019\u00e9lectricit\u00e9"}]},{"@type":"WebSite","@id":"https:\/\/www.africa-press.net\/cameroun\/#website","url":"https:\/\/www.africa-press.net\/cameroun\/","name":"Cameroun","description":"Just another Africa News Agency Sites site","potentialAction":[{"@type":"SearchAction","target":{"@type":"EntryPoint","urlTemplate":"https:\/\/www.africa-press.net\/cameroun\/?s={search_term_string}"},"query-input":{"@type":"PropertyValueSpecification","valueRequired":true,"valueName":"search_term_string"}}],"inLanguage":"fr-FR"},{"@type":"Person","@id":"https:\/\/www.africa-press.net\/cameroun\/#\/schema\/person\/2b1cf3cd81a31e3cd26889ca66d677f1","name":"cfeditorfr"}]}},"_links":{"self":[{"href":"https:\/\/www.africa-press.net\/cameroun\/wp-json\/wp\/v2\/posts\/27944","targetHints":{"allow":["GET"]}}],"collection":[{"href":"https:\/\/www.africa-press.net\/cameroun\/wp-json\/wp\/v2\/posts"}],"about":[{"href":"https:\/\/www.africa-press.net\/cameroun\/wp-json\/wp\/v2\/types\/post"}],"author":[{"embeddable":true,"href":"https:\/\/www.africa-press.net\/cameroun\/wp-json\/wp\/v2\/users\/82"}],"replies":[{"embeddable":true,"href":"https:\/\/www.africa-press.net\/cameroun\/wp-json\/wp\/v2\/comments?post=27944"}],"version-history":[{"count":0,"href":"https:\/\/www.africa-press.net\/cameroun\/wp-json\/wp\/v2\/posts\/27944\/revisions"}],"wp:featuredmedia":[{"embeddable":true,"href":"https:\/\/www.africa-press.net\/cameroun\/wp-json\/wp\/v2\/media\/27943"}],"wp:attachment":[{"href":"https:\/\/www.africa-press.net\/cameroun\/wp-json\/wp\/v2\/media?parent=27944"}],"wp:term":[{"taxonomy":"category","embeddable":true,"href":"https:\/\/www.africa-press.net\/cameroun\/wp-json\/wp\/v2\/categories?post=27944"},{"taxonomy":"post_tag","embeddable":true,"href":"https:\/\/www.africa-press.net\/cameroun\/wp-json\/wp\/v2\/tags?post=27944"}],"curies":[{"name":"wp","href":"https:\/\/api.w.org\/{rel}","templated":true}]}}