{"id":27947,"date":"2022-09-21T15:41:37","date_gmt":"2022-09-21T15:41:37","guid":{"rendered":"https:\/\/www.africa-press.net\/cameroun\/politique\/le-cameroun-participe-au-forum-mondial-sur-le-financement-des-pme"},"modified":"2022-09-21T16:59:12","modified_gmt":"2022-09-21T16:59:12","slug":"le-cameroun-participe-au-forum-mondial-sur-le-financement-des-pme","status":"publish","type":"post","link":"https:\/\/www.africa-press.net\/cameroun\/economie\/le-cameroun-participe-au-forum-mondial-sur-le-financement-des-pme","title":{"rendered":"Le Cameroun participe au Forum mondial sur le financement des PME"},"content":{"rendered":"<p><span style=\"color: #ff6600\"><strong>Africa-Press &#8211; Cameroun. <\/strong><\/span>La rencontre se tient au Cambodge du 19 au 23 septembre 2022.<\/p>\n<p>Un forum sur le financement des PME se tient au Cambodge. Pour l\u2019occasion, Achille Bassilekin III, ministre camerounais en charge des PME y conduit une de\u0301le\u0301gation.<\/p>\n<p>Les travaux en cours ont de\u0301bute\u0301 par une session ple\u0301nie\u0300re sous le the\u0300me : Financement des PME : moteur de croissance et cre\u0301ateur d\u2019emplois. Le panel e\u0301tait constitue\u0301 pour la circonstance de Hourn THY, Operations office, SME Finance Forum, de Hanh Nam NGUYEN, Program Manager IFC, et de Syed Abdul MOMEN, Deputy managing director, Head of SME, BRAC Bank.<\/p>\n<p>Les travaux qui se poursuivent sont mene\u0301s au profit du de\u0301veloppement des PME, sous-tendu par l\u2019ame\u0301lioration de l\u2019acce\u0300s aux financements, notamment au regard de l\u2019enjeu majeur de de\u0301veloppement structurel et de long terme pour les e\u0301conomies mondiales en ge\u0301ne\u0301ral et africaines en particulier.<\/p>\n<p><b>Situation du Cameroun<\/b><\/p>\n<p>L\u2019annuaire statistique sur les PMEESA a e\u0301te\u0301 pre\u0301sente\u0301 le 30 juin 2022 a\u0300 Yaounde\u0301. Selon le ministe\u0300re des PME, \u00ab les informations statistiques sur les Petites et Moyennes Entreprises (PME), les Organisations de l\u2019Economie sociale (OES) et les Unite\u0301s de Production Artisanale (UPA) sont indispensables a\u0300 la prise de de\u0301cision dans le cadre d\u2019e\u0301laboration des politiques publiques et permettent de mieux accompagner les acteurs du secteur prive\u0301 pour qu\u2019ils jouent efficacement leur ro\u0302le de catalyseur de la transformation structurelle de notre Economie \u00bb.<\/p>\n<p>En effet, cet annuaire a souligne\u0301 que, conforme\u0301ment aux derniers recensements, la croissance est de l\u2019ordre de 324 899 petites entreprises cre\u0301e\u0301es en 2021, a\u0300 cela il faut ajouter 649 grandes entreprises avec une forte pre\u0301dominance des e\u0301tablissements qui repre\u0301sentent environ 80% qu\u2019il conviendrait d\u2019accompagner pour favoriser l\u2019e\u0301mergence.<\/p>\n<p>Au de\u0301tail, il s\u2019agit de 324 250 petites et moyennes entreprises des secteurs primaire, secondaire et tertiaire, et 649 grandes entreprises. Ce chiffre a connu une augmentation par rapport a\u0300 l\u2019anne\u0301e d\u2019avant, ou\u0300 l\u2019on avait 289 428 entreprises.<\/p>\n<p>En 2021, l\u2019on a enregistre\u0301 dans les centres de formalite\u0301 de cre\u0301ation d\u2019entreprises 15 591 PME cre\u0301e\u0301es sur l\u2019e\u0301tendue du territoire, soit une croissance de 45,96%.<\/p>\n<p><strong>Pour plus d&rsquo;informations et d&rsquo;analyses sur la <a href=\"https:\/\/www.africa-press.net\/cameroun\">Cameroun<\/a>, suivez <a href=\"https:\/\/www.africa-press.net\/\">Africa-Press<\/a><\/strong><\/p>\n","protected":false},"excerpt":{"rendered":"<p>Africa-Press &#8211; Cameroun. La rencontre se tient au Cambodge du 19 au 23 septembre 2022. Un forum sur le financement des PME se tient au Cambodge. Pour l\u2019occasion, Achille Bassilekin III, ministre camerounais en charge des PME y conduit une de\u0301le\u0301gation. Les travaux en cours ont de\u0301bute\u0301 par une session ple\u0301nie\u0300re sous le the\u0300me : [&hellip;]<\/p>\n","protected":false},"author":82,"featured_media":27946,"comment_status":"open","ping_status":"closed","sticky":false,"template":"","format":"standard","meta":{"footnotes":""},"categories":[3,10],"tags":[36,50,49],"class_list":["post-27947","post","type-post","status-publish","format-standard","has-post-thumbnail","hentry","category-economie","category-toutes-les-actualites","tag-africa-press","tag-africa-press-cameroun","tag-cameroun"],"yoast_head":"<!-- This site is optimized with the Yoast SEO Premium plugin v26.1 (Yoast SEO v27.0) - https:\/\/yoast.com\/product\/yoast-seo-premium-wordpress\/ -->\n<title>Le Cameroun participe au Forum mondial sur le financement des PME - Cameroun<\/title>\n<meta name=\"description\" content=\"La rencontre se tient au Cambodge du 19 au 23 septembre 2022. Un forum sur le financement des PME se tient au Cambo ...\" \/>\n<meta name=\"robots\" content=\"index, follow, max-snippet:-1, max-image-preview:large, max-video-preview:-1\" \/>\n<link rel=\"canonical\" href=\"https:\/\/www.africa-press.net\/cameroun\/economie\/le-cameroun-participe-au-forum-mondial-sur-le-financement-des-pme\" \/>\n<meta property=\"og:locale\" content=\"fr_FR\" \/>\n<meta property=\"og:type\" content=\"article\" \/>\n<meta property=\"og:title\" content=\"Le Cameroun participe au Forum mondial sur le financement des PME\" \/>\n<meta property=\"og:description\" content=\"La rencontre se tient au Cambodge du 19 au 23 septembre 2022. Un forum sur le financement des PME se tient au Cambo ...\" \/>\n<meta property=\"og:url\" content=\"https:\/\/www.africa-press.net\/cameroun\/economie\/le-cameroun-participe-au-forum-mondial-sur-le-financement-des-pme\" \/>\n<meta property=\"og:site_name\" content=\"Cameroun\" \/>\n<meta property=\"article:published_time\" content=\"2022-09-21T15:41:37+00:00\" \/>\n<meta property=\"article:modified_time\" content=\"2022-09-21T16:59:12+00:00\" \/>\n<meta property=\"og:image\" content=\"https:\/\/static.africa-press.net\/cameroun\/sites\/57\/2022\/09\/img-632b42ac2648c.jpg\" \/>\n\t<meta property=\"og:image:width\" content=\"720\" \/>\n\t<meta property=\"og:image:height\" content=\"533\" \/>\n\t<meta property=\"og:image:type\" content=\"image\/jpeg\" \/>\n<meta name=\"author\" content=\"cfeditorfr\" \/>\n<meta name=\"twitter:card\" content=\"summary_large_image\" \/>\n<meta name=\"twitter:label1\" content=\"\u00c9crit par\" \/>\n\t<meta name=\"twitter:data1\" content=\"cfeditorfr\" \/>\n\t<meta name=\"twitter:label2\" content=\"Dur\u00e9e de lecture estim\u00e9e\" \/>\n\t<meta name=\"twitter:data2\" content=\"2 minutes\" \/>\n<script type=\"application\/ld+json\" class=\"yoast-schema-graph\">{\"@context\":\"https:\/\/schema.org\",\"@graph\":[{\"@type\":\"Article\",\"@id\":\"https:\/\/www.africa-press.net\/cameroun\/economie\/le-cameroun-participe-au-forum-mondial-sur-le-financement-des-pme#article\",\"isPartOf\":{\"@id\":\"https:\/\/www.africa-press.net\/cameroun\/economie\/le-cameroun-participe-au-forum-mondial-sur-le-financement-des-pme\"},\"author\":{\"name\":\"cfeditorfr\",\"@id\":\"https:\/\/www.africa-press.net\/cameroun\/#\/schema\/person\/2b1cf3cd81a31e3cd26889ca66d677f1\"},\"headline\":\"Le Cameroun participe au Forum mondial sur le financement des PME\",\"datePublished\":\"2022-09-21T15:41:37+00:00\",\"dateModified\":\"2022-09-21T16:59:12+00:00\",\"mainEntityOfPage\":{\"@id\":\"https:\/\/www.africa-press.net\/cameroun\/economie\/le-cameroun-participe-au-forum-mondial-sur-le-financement-des-pme\"},\"wordCount\":397,\"commentCount\":0,\"image\":{\"@id\":\"https:\/\/www.africa-press.net\/cameroun\/economie\/le-cameroun-participe-au-forum-mondial-sur-le-financement-des-pme#primaryimage\"},\"thumbnailUrl\":\"https:\/\/static.africa-press.net\/cameroun\/sites\/57\/2022\/09\/img-632b42ac2648c.jpg\",\"keywords\":[\"Africa Press\",\"Africa Press-Cameroun\",\"Cameroun\"],\"articleSection\":[\"\u00c9conomie\",\"Toutes les actualit\u00e9s\"],\"inLanguage\":\"fr-FR\",\"potentialAction\":[{\"@type\":\"CommentAction\",\"name\":\"Comment\",\"target\":[\"https:\/\/www.africa-press.net\/cameroun\/economie\/le-cameroun-participe-au-forum-mondial-sur-le-financement-des-pme#respond\"]}]},{\"@type\":\"WebPage\",\"@id\":\"https:\/\/www.africa-press.net\/cameroun\/economie\/le-cameroun-participe-au-forum-mondial-sur-le-financement-des-pme\",\"url\":\"https:\/\/www.africa-press.net\/cameroun\/economie\/le-cameroun-participe-au-forum-mondial-sur-le-financement-des-pme\",\"name\":\"Le Cameroun participe au Forum mondial sur le financement des PME - Cameroun\",\"isPartOf\":{\"@id\":\"https:\/\/www.africa-press.net\/cameroun\/#website\"},\"primaryImageOfPage\":{\"@id\":\"https:\/\/www.africa-press.net\/cameroun\/economie\/le-cameroun-participe-au-forum-mondial-sur-le-financement-des-pme#primaryimage\"},\"image\":{\"@id\":\"https:\/\/www.africa-press.net\/cameroun\/economie\/le-cameroun-participe-au-forum-mondial-sur-le-financement-des-pme#primaryimage\"},\"thumbnailUrl\":\"https:\/\/static.africa-press.net\/cameroun\/sites\/57\/2022\/09\/img-632b42ac2648c.jpg\",\"datePublished\":\"2022-09-21T15:41:37+00:00\",\"dateModified\":\"2022-09-21T16:59:12+00:00\",\"author\":{\"@id\":\"https:\/\/www.africa-press.net\/cameroun\/#\/schema\/person\/2b1cf3cd81a31e3cd26889ca66d677f1\"},\"description\":\"La rencontre se tient au Cambodge du 19 au 23 septembre 2022. Un forum sur le financement des PME se tient au Cambo ...\",\"breadcrumb\":{\"@id\":\"https:\/\/www.africa-press.net\/cameroun\/economie\/le-cameroun-participe-au-forum-mondial-sur-le-financement-des-pme#breadcrumb\"},\"inLanguage\":\"fr-FR\",\"potentialAction\":[{\"@type\":\"ReadAction\",\"target\":[\"https:\/\/www.africa-press.net\/cameroun\/economie\/le-cameroun-participe-au-forum-mondial-sur-le-financement-des-pme\"]}]},{\"@type\":\"ImageObject\",\"inLanguage\":\"fr-FR\",\"@id\":\"https:\/\/www.africa-press.net\/cameroun\/economie\/le-cameroun-participe-au-forum-mondial-sur-le-financement-des-pme#primaryimage\",\"url\":\"https:\/\/static.africa-press.net\/cameroun\/sites\/57\/2022\/09\/img-632b42ac2648c.jpg\",\"contentUrl\":\"https:\/\/static.africa-press.net\/cameroun\/sites\/57\/2022\/09\/img-632b42ac2648c.jpg\",\"width\":720,\"height\":533,\"caption\":\"Le Cameroun participe au Forum mondial sur le financement des PME\"},{\"@type\":\"BreadcrumbList\",\"@id\":\"https:\/\/www.africa-press.net\/cameroun\/economie\/le-cameroun-participe-au-forum-mondial-sur-le-financement-des-pme#breadcrumb\",\"itemListElement\":[{\"@type\":\"ListItem\",\"position\":1,\"name\":\"Accueil\",\"item\":\"https:\/\/www.africa-press.net\/cameroun\/\"},{\"@type\":\"ListItem\",\"position\":2,\"name\":\"Le Cameroun participe au Forum mondial sur le financement des PME\"}]},{\"@type\":\"WebSite\",\"@id\":\"https:\/\/www.africa-press.net\/cameroun\/#website\",\"url\":\"https:\/\/www.africa-press.net\/cameroun\/\",\"name\":\"Cameroun\",\"description\":\"Just another Africa News Agency Sites site\",\"potentialAction\":[{\"@type\":\"SearchAction\",\"target\":{\"@type\":\"EntryPoint\",\"urlTemplate\":\"https:\/\/www.africa-press.net\/cameroun\/?s={search_term_string}\"},\"query-input\":{\"@type\":\"PropertyValueSpecification\",\"valueRequired\":true,\"valueName\":\"search_term_string\"}}],\"inLanguage\":\"fr-FR\"},{\"@type\":\"Person\",\"@id\":\"https:\/\/www.africa-press.net\/cameroun\/#\/schema\/person\/2b1cf3cd81a31e3cd26889ca66d677f1\",\"name\":\"cfeditorfr\"}]}<\/script>\n<!-- \/ Yoast SEO Premium plugin. -->","yoast_head_json":{"title":"Le Cameroun participe au Forum mondial sur le financement des PME - Cameroun","description":"La rencontre se tient au Cambodge du 19 au 23 septembre 2022. Un forum sur le financement des PME se tient au Cambo ...","robots":{"index":"index","follow":"follow","max-snippet":"max-snippet:-1","max-image-preview":"max-image-preview:large","max-video-preview":"max-video-preview:-1"},"canonical":"https:\/\/www.africa-press.net\/cameroun\/economie\/le-cameroun-participe-au-forum-mondial-sur-le-financement-des-pme","og_locale":"fr_FR","og_type":"article","og_title":"Le Cameroun participe au Forum mondial sur le financement des PME","og_description":"La rencontre se tient au Cambodge du 19 au 23 septembre 2022. Un forum sur le financement des PME se tient au Cambo ...","og_url":"https:\/\/www.africa-press.net\/cameroun\/economie\/le-cameroun-participe-au-forum-mondial-sur-le-financement-des-pme","og_site_name":"Cameroun","article_published_time":"2022-09-21T15:41:37+00:00","article_modified_time":"2022-09-21T16:59:12+00:00","og_image":[{"width":720,"height":533,"url":"https:\/\/static.africa-press.net\/cameroun\/sites\/57\/2022\/09\/img-632b42ac2648c.jpg","type":"image\/jpeg"}],"author":"cfeditorfr","twitter_card":"summary_large_image","twitter_misc":{"\u00c9crit par":"cfeditorfr","Dur\u00e9e de lecture estim\u00e9e":"2 minutes"},"schema":{"@context":"https:\/\/schema.org","@graph":[{"@type":"Article","@id":"https:\/\/www.africa-press.net\/cameroun\/economie\/le-cameroun-participe-au-forum-mondial-sur-le-financement-des-pme#article","isPartOf":{"@id":"https:\/\/www.africa-press.net\/cameroun\/economie\/le-cameroun-participe-au-forum-mondial-sur-le-financement-des-pme"},"author":{"name":"cfeditorfr","@id":"https:\/\/www.africa-press.net\/cameroun\/#\/schema\/person\/2b1cf3cd81a31e3cd26889ca66d677f1"},"headline":"Le Cameroun participe au Forum mondial sur le financement des PME","datePublished":"2022-09-21T15:41:37+00:00","dateModified":"2022-09-21T16:59:12+00:00","mainEntityOfPage":{"@id":"https:\/\/www.africa-press.net\/cameroun\/economie\/le-cameroun-participe-au-forum-mondial-sur-le-financement-des-pme"},"wordCount":397,"commentCount":0,"image":{"@id":"https:\/\/www.africa-press.net\/cameroun\/economie\/le-cameroun-participe-au-forum-mondial-sur-le-financement-des-pme#primaryimage"},"thumbnailUrl":"https:\/\/static.africa-press.net\/cameroun\/sites\/57\/2022\/09\/img-632b42ac2648c.jpg","keywords":["Africa Press","Africa Press-Cameroun","Cameroun"],"articleSection":["\u00c9conomie","Toutes les actualit\u00e9s"],"inLanguage":"fr-FR","potentialAction":[{"@type":"CommentAction","name":"Comment","target":["https:\/\/www.africa-press.net\/cameroun\/economie\/le-cameroun-participe-au-forum-mondial-sur-le-financement-des-pme#respond"]}]},{"@type":"WebPage","@id":"https:\/\/www.africa-press.net\/cameroun\/economie\/le-cameroun-participe-au-forum-mondial-sur-le-financement-des-pme","url":"https:\/\/www.africa-press.net\/cameroun\/economie\/le-cameroun-participe-au-forum-mondial-sur-le-financement-des-pme","name":"Le Cameroun participe au Forum mondial sur le financement des PME - Cameroun","isPartOf":{"@id":"https:\/\/www.africa-press.net\/cameroun\/#website"},"primaryImageOfPage":{"@id":"https:\/\/www.africa-press.net\/cameroun\/economie\/le-cameroun-participe-au-forum-mondial-sur-le-financement-des-pme#primaryimage"},"image":{"@id":"https:\/\/www.africa-press.net\/cameroun\/economie\/le-cameroun-participe-au-forum-mondial-sur-le-financement-des-pme#primaryimage"},"thumbnailUrl":"https:\/\/static.africa-press.net\/cameroun\/sites\/57\/2022\/09\/img-632b42ac2648c.jpg","datePublished":"2022-09-21T15:41:37+00:00","dateModified":"2022-09-21T16:59:12+00:00","author":{"@id":"https:\/\/www.africa-press.net\/cameroun\/#\/schema\/person\/2b1cf3cd81a31e3cd26889ca66d677f1"},"description":"La rencontre se tient au Cambodge du 19 au 23 septembre 2022. Un forum sur le financement des PME se tient au Cambo ...","breadcrumb":{"@id":"https:\/\/www.africa-press.net\/cameroun\/economie\/le-cameroun-participe-au-forum-mondial-sur-le-financement-des-pme#breadcrumb"},"inLanguage":"fr-FR","potentialAction":[{"@type":"ReadAction","target":["https:\/\/www.africa-press.net\/cameroun\/economie\/le-cameroun-participe-au-forum-mondial-sur-le-financement-des-pme"]}]},{"@type":"ImageObject","inLanguage":"fr-FR","@id":"https:\/\/www.africa-press.net\/cameroun\/economie\/le-cameroun-participe-au-forum-mondial-sur-le-financement-des-pme#primaryimage","url":"https:\/\/static.africa-press.net\/cameroun\/sites\/57\/2022\/09\/img-632b42ac2648c.jpg","contentUrl":"https:\/\/static.africa-press.net\/cameroun\/sites\/57\/2022\/09\/img-632b42ac2648c.jpg","width":720,"height":533,"caption":"Le Cameroun participe au Forum mondial sur le financement des PME"},{"@type":"BreadcrumbList","@id":"https:\/\/www.africa-press.net\/cameroun\/economie\/le-cameroun-participe-au-forum-mondial-sur-le-financement-des-pme#breadcrumb","itemListElement":[{"@type":"ListItem","position":1,"name":"Accueil","item":"https:\/\/www.africa-press.net\/cameroun\/"},{"@type":"ListItem","position":2,"name":"Le Cameroun participe au Forum mondial sur le financement des PME"}]},{"@type":"WebSite","@id":"https:\/\/www.africa-press.net\/cameroun\/#website","url":"https:\/\/www.africa-press.net\/cameroun\/","name":"Cameroun","description":"Just another Africa News Agency Sites site","potentialAction":[{"@type":"SearchAction","target":{"@type":"EntryPoint","urlTemplate":"https:\/\/www.africa-press.net\/cameroun\/?s={search_term_string}"},"query-input":{"@type":"PropertyValueSpecification","valueRequired":true,"valueName":"search_term_string"}}],"inLanguage":"fr-FR"},{"@type":"Person","@id":"https:\/\/www.africa-press.net\/cameroun\/#\/schema\/person\/2b1cf3cd81a31e3cd26889ca66d677f1","name":"cfeditorfr"}]}},"_links":{"self":[{"href":"https:\/\/www.africa-press.net\/cameroun\/wp-json\/wp\/v2\/posts\/27947","targetHints":{"allow":["GET"]}}],"collection":[{"href":"https:\/\/www.africa-press.net\/cameroun\/wp-json\/wp\/v2\/posts"}],"about":[{"href":"https:\/\/www.africa-press.net\/cameroun\/wp-json\/wp\/v2\/types\/post"}],"author":[{"embeddable":true,"href":"https:\/\/www.africa-press.net\/cameroun\/wp-json\/wp\/v2\/users\/82"}],"replies":[{"embeddable":true,"href":"https:\/\/www.africa-press.net\/cameroun\/wp-json\/wp\/v2\/comments?post=27947"}],"version-history":[{"count":0,"href":"https:\/\/www.africa-press.net\/cameroun\/wp-json\/wp\/v2\/posts\/27947\/revisions"}],"wp:featuredmedia":[{"embeddable":true,"href":"https:\/\/www.africa-press.net\/cameroun\/wp-json\/wp\/v2\/media\/27946"}],"wp:attachment":[{"href":"https:\/\/www.africa-press.net\/cameroun\/wp-json\/wp\/v2\/media?parent=27947"}],"wp:term":[{"taxonomy":"category","embeddable":true,"href":"https:\/\/www.africa-press.net\/cameroun\/wp-json\/wp\/v2\/categories?post=27947"},{"taxonomy":"post_tag","embeddable":true,"href":"https:\/\/www.africa-press.net\/cameroun\/wp-json\/wp\/v2\/tags?post=27947"}],"curies":[{"name":"wp","href":"https:\/\/api.w.org\/{rel}","templated":true}]}}