{"id":27953,"date":"2022-09-21T15:57:17","date_gmt":"2022-09-21T15:57:17","guid":{"rendered":"https:\/\/www.africa-press.net\/cameroun\/politique\/ce-sera-coq-sportif-comme-prevu-dieudonne-essomba"},"modified":"2022-09-21T17:00:36","modified_gmt":"2022-09-21T17:00:36","slug":"ce-sera-coq-sportif-comme-prevu-dieudonne-essomba","status":"publish","type":"post","link":"https:\/\/www.africa-press.net\/cameroun\/toutes-les-actualites\/ce-sera-coq-sportif-comme-prevu-dieudonne-essomba","title":{"rendered":"\u00ab\u00a0Ce sera coq sportif\u2026 comme prevu\u00a0\u00bb, Dieudonn\u00e9 Essomba"},"content":{"rendered":"<p><span style=\"color: #ff6600\"><strong>Africa-Press &#8211; Cameroun. <\/strong><\/span>L\u2019e\u0301conomiste Camerounais fait une analyse qui laisse entrevoir que le Coq Sportif pourrait continuer a\u0300 habiller les Lions indomptables.<\/p>\n<p>Quand j\u2019ai dit que Coq Sportif allait e\u0301quiper les Lions Indomptables, ce n\u2019est pas parce que je serais un soutien de Yannick Noah au nom d\u2019une spe\u0301culative solidarite\u0301 Ekang, encore moins parce que je serais jaloux des succe\u0300s d\u2019Eto\u2019o fils.<\/p>\n<p>C\u2019e\u0301tait simplement une analyse des rapports de force dans un conflit. En effet, la vie ne fonctionne pas en fonction de nos de\u0301sirs pue\u0301rils, mais des rapports des forces ope\u0301rationnelles. C\u2019est cela la lec\u0327on du darwinisme.<\/p>\n<p>Ce sont donc ceux qui mai\u0302trisent l\u2019analyse des rapports de force qui font de meilleures pre\u0301visions.<\/p>\n<p>Il suffisait d\u2019analyser la situation concre\u0300te des deux entreprises concurrentes sur l\u2019e\u0301quipement des Lions Indomptables pour de\u0301duire sans risque de se tromper que non seulement Coq Sportif allait gagner, mais qu\u2019on ne parlera me\u0302me plus jamais de sa rivale au Cameroun.<\/p>\n<p>Ce n\u2019est pas un hasard et il y a bien une logique dans ce genre de choix. Nous sommes ici dans une bataille strate\u0301gique qui se de\u0301roule entre 2adversaires et le destin d\u2019une telle bataille est conditionne\u0301 par 2 choses essentielles.<\/p>\n<p><b>1. LES DONNEES STRUCTURELLES DU PROBLEME<\/b><\/p>\n<p>Ici, il s\u2019agit clairement de 2 entreprises e\u0301trange\u0300res qui pre\u0301tendent e\u0301quiper une e\u0301quipe nationale. Le choix est de\u0301termine\u0301 par les parame\u0300tres suivants<\/p>\n<p>1. La pre\u0301fe\u0301rence du Pre\u0301sident de la Fecafoot<\/p>\n<p>2. La pre\u0301fe\u0301rence de la tutelle de la Fecafoot qui peut se contenter de la position de la Fecafoot ou non<\/p>\n<p>3. L\u2019image de marque de l\u2019equimentier dans sa capacite\u0301 ope\u0301rationnelle a satisfaire le contrat<\/p>\n<p>4. Les liens historiques entre l\u2019e\u0301quipementier et le Cameroun<\/p>\n<p>4. La puissance financie\u0300re de l\u2019e\u0301quipementier<\/p>\n<p>5. Les donne\u0301es du contrat.<\/p>\n<p>6. Les relations publiques<\/p>\n<p>7. Etc.<\/p>\n<p>Pour tous ces facteurs, les avantages de Coq Sportif e\u0301taient e\u0301vidents<\/p>\n<p>-il avait l\u2019avantage d\u2019e\u0302tre un ancien e\u0301quipementier des Lions Indomptables<\/p>\n<p>-il est plus connu comme un grand e\u0301quipementier classique du football, contrairement a\u0300 sa rivale qui essayait d\u2019y entrer.<\/p>\n<p>-il a pignon sur rue, contrairement a\u0300 sa rivale dont on ignore le sie\u0300ge<\/p>\n<p>-il a un puissant re\u0301seaux de relations eu e\u0301gard a\u0300 son statut d\u2019entreprise franc\u0327aise, un pays que nous connaissons mieux compte tenu de nos relations historiques et la formation de nos e\u0301lites.<\/p>\n<p>2. <b>LE JEU DES ACTEURS<\/b><\/p>\n<p>Me\u0302mes si les donne\u0301es structurelles e\u0301taient largement favorables a Coq Sportif, il e\u0301tait possible de choisir sa rivale, a condition que tous les acteurs majeurs du syste\u0300me lui soient favorables.<\/p>\n<p>Malheureusement, il n\u2019en e\u0301tait pas ainsi.<\/p>\n<p>Dans le camp des acteurs favorables a One All Sports, il y a Eto\u2019o fils et ses partisans, ainsi que quelques nationalistes qui eructaient leur haine contre la France et trouvait dans la re\u0301siliation du contrat une de\u0301risoire revanche.<\/p>\n<p>En face, il y avait une se\u0301rie d\u2019adversaires extre\u0302mement puissants<\/p>\n<p>1. D\u2019abord les proprie\u0301taires de l\u2019entreprise qui ont des entre\u0301es libres dans la Pre\u0301sidence ou tout se joue. Ils sont venus rencontrer les hauts dignitaires du re\u0301gime, avec d\u2019ailleurs des propositions alle\u0301chantes comme l\u2019achat du coton camerounais<\/p>\n<p>2. En second lieu, l\u2019Etat franc\u0327ais a travers ses diplomates. Cela ne fait pas longtemps que Macron e\u0301tait ici se plaindre de l\u2019e\u0301rosion de la France et le de\u0301part de Coq Sportif participait pre\u0301cise\u0301ment de cette e\u0301rosion. L\u2019annulation du contrat allait apparai\u0302tre aux yeux des Franc\u0327ais comme un acte hostile<\/p>\n<p>3. En troisie\u0300me lieu, il y a les inte\u0301re\u0302ts de Yannick Noah qui est un puissant joker du re\u0301gime vis-a\u0300-vis de la France. On a tous vu Macron aller lui rendre visite dans sa propre concession, ce qui est exceptionnel. Un re\u0301gime aussi habile que celui de Biya ne peut pas se permettre de s\u2019alie\u0301ner le soutien d\u2019un individu qui peut modifier le regard que les gouvernements europe\u0301ens portent sur lui<\/p>\n<p>4. En quatrie\u0300me lieu, la tutelle de la Fecafoot qui, me\u0302me si elle n\u2019e\u0301tait pas favorable a\u0300 Coq Sportif, le soutenait pour nuire au Pre\u0301sident de la Fecafoot avec laquelle elle garde de tre\u0300s mauvais rapports<\/p>\n<p>5. Enfin, le Gouvernement ne pouvait plus laisser passer une mesure controverse\u0301e qui allait davantage conforter Eto\u2019o et ses soutiens a\u0300 poursuivre avec leurs trangressions de tous cadres de coope\u0301ration pre\u0301vus par l\u2019Etat.<\/p>\n<p>Dans ces conditions, le choix d\u2019Eto\u2019o fils au Mondial du Qatar e\u0301tait clairement un sce\u0301nario catastrophe qui nous exposait a de lourdes amendes, sans compter des risques importants de blesser inutilement la France et les Franc\u0327ais, compromettant des appuis diplomatiques dont nous avons besoin, en ces moments d\u2019ajustement structurel. Nous nous alienions trop de monde a la fois, sans une ve\u0301ritable contrepartie que de la petite satisfaction d\u2019avoir satisfait aux caprices des nationalistes de pacotille ou des re\u0302veurs d\u2019une re\u0301volution a la Dadis Camara.<\/p>\n<p>Le re\u0301gime actuel ne pouvait pas prendre un tel risque et le sce\u0301nario d\u2019Etoo ne pouvait pas marcher.<\/p>\n<p>Et c\u2019est le moment de rappeler a tous les re\u0302veurs qui re\u0302vent de venir changer le Cameroun d\u2019un coup de baguette magique que les re\u0301formes ont un cou\u0302t.<\/p>\n<p>Le cou\u0302t peut e\u0302tre financier et la Fe\u0301cafoot s\u2019en sortir avec de graves le\u0301sions financie\u0300res.<\/p>\n<p>Il peut aussi e\u0302tre e\u0301conomique et e\u0301tendre des dommages financiers autres d\u2019autres secteurs et affecter d\u2019autres acteurs<\/p>\n<p>Il peut enfin e\u0302tre politique, en reconfigurant des relations politiques et diplomatiques dans un sens tre\u0300s de\u0301favorable.<\/p>\n<p>Il est important, quand on veut faire une re\u0301forme, d\u2019en e\u0301valuer le cou\u0302t. Et surtout de s\u2019assurer que le be\u0301ne\u0301fice a en tirer est supe\u0301rieur aux cou\u0302ts, car c\u2019est cela seul qui justifie la re\u0301forme.<\/p>\n<p>Dans le cas d\u2019espece, on ne voit pas tre\u0300s bien l\u2019apport du changement de partenaire. Par contre, on voit bien le cou\u0302t excessif.<\/p>\n<p>Et le Cameroun ne peut pas se permettre de laisser sa gouvernance publique aux caprices des nationalistes a 2 sous.<\/p>\n<p>Il faut enfin se rappeler que nous sommes au Cameroun de Biya, ancien e\u0301tudiant de l\u2019Institut des Hautes E\u0301tudes d\u2019outre-mer avec pour diplo\u0302me Administrateur des Colonies obtenu dans les anne\u0301es 1960.<\/p>\n<p>Il n\u2019est pas dans vos histoires de re\u0301volution-la et souhaite une gestion plus tranquille, avec moins de forfanterie, de provocation et de brouhaha.<\/p>\n<p><strong>Pour plus d&rsquo;informations et d&rsquo;analyses sur la <a href=\"https:\/\/www.africa-press.net\/cameroun\">Cameroun<\/a>, suivez <a href=\"https:\/\/www.africa-press.net\/\">Africa-Press<\/a><\/strong><\/p>\n","protected":false},"excerpt":{"rendered":"<p>Africa-Press &#8211; Cameroun. L\u2019e\u0301conomiste Camerounais fait une analyse qui laisse entrevoir que le Coq Sportif pourrait continuer a\u0300 habiller les Lions indomptables. Quand j\u2019ai dit que Coq Sportif allait e\u0301quiper les Lions Indomptables, ce n\u2019est pas parce que je serais un soutien de Yannick Noah au nom d\u2019une spe\u0301culative solidarite\u0301 Ekang, encore moins parce que [&hellip;]<\/p>\n","protected":false},"author":82,"featured_media":27952,"comment_status":"open","ping_status":"closed","sticky":false,"template":"","format":"standard","meta":{"footnotes":""},"categories":[21,10],"tags":[36,50,49],"class_list":["post-27953","post","type-post","status-publish","format-standard","has-post-thumbnail","hentry","category-communaute","category-toutes-les-actualites","tag-africa-press","tag-africa-press-cameroun","tag-cameroun"],"yoast_head":"<!-- This site is optimized with the Yoast SEO Premium plugin v26.1 (Yoast SEO v27.0) - https:\/\/yoast.com\/product\/yoast-seo-premium-wordpress\/ -->\n<title>\u00ab\u00a0Ce sera coq sportif\u2026 comme prevu\u00a0\u00bb, Dieudonn\u00e9 Essomba - Cameroun<\/title>\n<meta name=\"description\" content=\"L\u2019e\u0301conomiste Camerounais fait une analyse qui laisse entrevoir que le Coq Sportif pourrait continuer a\u0300 habiller les Li ...\" \/>\n<meta name=\"robots\" content=\"index, follow, max-snippet:-1, max-image-preview:large, max-video-preview:-1\" \/>\n<link rel=\"canonical\" href=\"https:\/\/www.africa-press.net\/cameroun\/toutes-les-actualites\/ce-sera-coq-sportif-comme-prevu-dieudonne-essomba\" \/>\n<meta property=\"og:locale\" content=\"fr_FR\" \/>\n<meta property=\"og:type\" content=\"article\" \/>\n<meta property=\"og:title\" content=\"\u00ab\u00a0Ce sera coq sportif\u2026 comme prevu\u00a0\u00bb, Dieudonn\u00e9 Essomba\" \/>\n<meta property=\"og:description\" content=\"L\u2019e\u0301conomiste Camerounais fait une analyse qui laisse entrevoir que le Coq Sportif pourrait continuer a\u0300 habiller les Li ...\" \/>\n<meta property=\"og:url\" content=\"https:\/\/www.africa-press.net\/cameroun\/toutes-les-actualites\/ce-sera-coq-sportif-comme-prevu-dieudonne-essomba\" \/>\n<meta property=\"og:site_name\" content=\"Cameroun\" \/>\n<meta property=\"article:published_time\" content=\"2022-09-21T15:57:17+00:00\" \/>\n<meta property=\"article:modified_time\" content=\"2022-09-21T17:00:36+00:00\" \/>\n<meta property=\"og:image\" content=\"https:\/\/static.africa-press.net\/cameroun\/sites\/57\/2022\/09\/img-632b43153f325.jpg\" \/>\n\t<meta property=\"og:image:width\" content=\"720\" \/>\n\t<meta property=\"og:image:height\" content=\"500\" \/>\n\t<meta property=\"og:image:type\" content=\"image\/jpeg\" \/>\n<meta name=\"author\" content=\"cfeditorfr\" \/>\n<meta name=\"twitter:card\" content=\"summary_large_image\" \/>\n<meta name=\"twitter:label1\" content=\"\u00c9crit par\" \/>\n\t<meta name=\"twitter:data1\" content=\"cfeditorfr\" \/>\n\t<meta name=\"twitter:label2\" content=\"Dur\u00e9e de lecture estim\u00e9e\" \/>\n\t<meta name=\"twitter:data2\" content=\"6 minutes\" \/>\n<script type=\"application\/ld+json\" class=\"yoast-schema-graph\">{\"@context\":\"https:\/\/schema.org\",\"@graph\":[{\"@type\":\"Article\",\"@id\":\"https:\/\/www.africa-press.net\/cameroun\/toutes-les-actualites\/ce-sera-coq-sportif-comme-prevu-dieudonne-essomba#article\",\"isPartOf\":{\"@id\":\"https:\/\/www.africa-press.net\/cameroun\/toutes-les-actualites\/ce-sera-coq-sportif-comme-prevu-dieudonne-essomba\"},\"author\":{\"name\":\"cfeditorfr\",\"@id\":\"https:\/\/www.africa-press.net\/cameroun\/#\/schema\/person\/2b1cf3cd81a31e3cd26889ca66d677f1\"},\"headline\":\"\u00ab\u00a0Ce sera coq sportif\u2026 comme prevu\u00a0\u00bb, Dieudonn\u00e9 Essomba\",\"datePublished\":\"2022-09-21T15:57:17+00:00\",\"dateModified\":\"2022-09-21T17:00:36+00:00\",\"mainEntityOfPage\":{\"@id\":\"https:\/\/www.africa-press.net\/cameroun\/toutes-les-actualites\/ce-sera-coq-sportif-comme-prevu-dieudonne-essomba\"},\"wordCount\":1187,\"commentCount\":0,\"image\":{\"@id\":\"https:\/\/www.africa-press.net\/cameroun\/toutes-les-actualites\/ce-sera-coq-sportif-comme-prevu-dieudonne-essomba#primaryimage\"},\"thumbnailUrl\":\"https:\/\/static.africa-press.net\/cameroun\/sites\/57\/2022\/09\/img-632b43153f325.jpg\",\"keywords\":[\"Africa Press\",\"Africa Press-Cameroun\",\"Cameroun\"],\"articleSection\":[\"Communaut\u00e9\",\"Toutes les actualit\u00e9s\"],\"inLanguage\":\"fr-FR\",\"potentialAction\":[{\"@type\":\"CommentAction\",\"name\":\"Comment\",\"target\":[\"https:\/\/www.africa-press.net\/cameroun\/toutes-les-actualites\/ce-sera-coq-sportif-comme-prevu-dieudonne-essomba#respond\"]}]},{\"@type\":\"WebPage\",\"@id\":\"https:\/\/www.africa-press.net\/cameroun\/toutes-les-actualites\/ce-sera-coq-sportif-comme-prevu-dieudonne-essomba\",\"url\":\"https:\/\/www.africa-press.net\/cameroun\/toutes-les-actualites\/ce-sera-coq-sportif-comme-prevu-dieudonne-essomba\",\"name\":\"\u00ab\u00a0Ce sera coq sportif\u2026 comme prevu\u00a0\u00bb, Dieudonn\u00e9 Essomba - Cameroun\",\"isPartOf\":{\"@id\":\"https:\/\/www.africa-press.net\/cameroun\/#website\"},\"primaryImageOfPage\":{\"@id\":\"https:\/\/www.africa-press.net\/cameroun\/toutes-les-actualites\/ce-sera-coq-sportif-comme-prevu-dieudonne-essomba#primaryimage\"},\"image\":{\"@id\":\"https:\/\/www.africa-press.net\/cameroun\/toutes-les-actualites\/ce-sera-coq-sportif-comme-prevu-dieudonne-essomba#primaryimage\"},\"thumbnailUrl\":\"https:\/\/static.africa-press.net\/cameroun\/sites\/57\/2022\/09\/img-632b43153f325.jpg\",\"datePublished\":\"2022-09-21T15:57:17+00:00\",\"dateModified\":\"2022-09-21T17:00:36+00:00\",\"author\":{\"@id\":\"https:\/\/www.africa-press.net\/cameroun\/#\/schema\/person\/2b1cf3cd81a31e3cd26889ca66d677f1\"},\"description\":\"L\u2019e\u0301conomiste Camerounais fait une analyse qui laisse entrevoir que le Coq Sportif pourrait continuer a\u0300 habiller les Li ...\",\"breadcrumb\":{\"@id\":\"https:\/\/www.africa-press.net\/cameroun\/toutes-les-actualites\/ce-sera-coq-sportif-comme-prevu-dieudonne-essomba#breadcrumb\"},\"inLanguage\":\"fr-FR\",\"potentialAction\":[{\"@type\":\"ReadAction\",\"target\":[\"https:\/\/www.africa-press.net\/cameroun\/toutes-les-actualites\/ce-sera-coq-sportif-comme-prevu-dieudonne-essomba\"]}]},{\"@type\":\"ImageObject\",\"inLanguage\":\"fr-FR\",\"@id\":\"https:\/\/www.africa-press.net\/cameroun\/toutes-les-actualites\/ce-sera-coq-sportif-comme-prevu-dieudonne-essomba#primaryimage\",\"url\":\"https:\/\/static.africa-press.net\/cameroun\/sites\/57\/2022\/09\/img-632b43153f325.jpg\",\"contentUrl\":\"https:\/\/static.africa-press.net\/cameroun\/sites\/57\/2022\/09\/img-632b43153f325.jpg\",\"width\":720,\"height\":500,\"caption\":\"\u00ab\u00a0Ce sera coq sportif\u2026 comme prevu\u00a0\u00bb, Dieudonn\u00e9 Essomba\"},{\"@type\":\"BreadcrumbList\",\"@id\":\"https:\/\/www.africa-press.net\/cameroun\/toutes-les-actualites\/ce-sera-coq-sportif-comme-prevu-dieudonne-essomba#breadcrumb\",\"itemListElement\":[{\"@type\":\"ListItem\",\"position\":1,\"name\":\"Accueil\",\"item\":\"https:\/\/www.africa-press.net\/cameroun\/\"},{\"@type\":\"ListItem\",\"position\":2,\"name\":\"\u00ab\u00a0Ce sera coq sportif\u2026 comme prevu\u00a0\u00bb, Dieudonn\u00e9 Essomba\"}]},{\"@type\":\"WebSite\",\"@id\":\"https:\/\/www.africa-press.net\/cameroun\/#website\",\"url\":\"https:\/\/www.africa-press.net\/cameroun\/\",\"name\":\"Cameroun\",\"description\":\"Just another Africa News Agency Sites site\",\"potentialAction\":[{\"@type\":\"SearchAction\",\"target\":{\"@type\":\"EntryPoint\",\"urlTemplate\":\"https:\/\/www.africa-press.net\/cameroun\/?s={search_term_string}\"},\"query-input\":{\"@type\":\"PropertyValueSpecification\",\"valueRequired\":true,\"valueName\":\"search_term_string\"}}],\"inLanguage\":\"fr-FR\"},{\"@type\":\"Person\",\"@id\":\"https:\/\/www.africa-press.net\/cameroun\/#\/schema\/person\/2b1cf3cd81a31e3cd26889ca66d677f1\",\"name\":\"cfeditorfr\"}]}<\/script>\n<!-- \/ Yoast SEO Premium plugin. -->","yoast_head_json":{"title":"\u00ab\u00a0Ce sera coq sportif\u2026 comme prevu\u00a0\u00bb, Dieudonn\u00e9 Essomba - Cameroun","description":"L\u2019e\u0301conomiste Camerounais fait une analyse qui laisse entrevoir que le Coq Sportif pourrait continuer a\u0300 habiller les Li ...","robots":{"index":"index","follow":"follow","max-snippet":"max-snippet:-1","max-image-preview":"max-image-preview:large","max-video-preview":"max-video-preview:-1"},"canonical":"https:\/\/www.africa-press.net\/cameroun\/toutes-les-actualites\/ce-sera-coq-sportif-comme-prevu-dieudonne-essomba","og_locale":"fr_FR","og_type":"article","og_title":"\u00ab\u00a0Ce sera coq sportif\u2026 comme prevu\u00a0\u00bb, Dieudonn\u00e9 Essomba","og_description":"L\u2019e\u0301conomiste Camerounais fait une analyse qui laisse entrevoir que le Coq Sportif pourrait continuer a\u0300 habiller les Li ...","og_url":"https:\/\/www.africa-press.net\/cameroun\/toutes-les-actualites\/ce-sera-coq-sportif-comme-prevu-dieudonne-essomba","og_site_name":"Cameroun","article_published_time":"2022-09-21T15:57:17+00:00","article_modified_time":"2022-09-21T17:00:36+00:00","og_image":[{"width":720,"height":500,"url":"https:\/\/static.africa-press.net\/cameroun\/sites\/57\/2022\/09\/img-632b43153f325.jpg","type":"image\/jpeg"}],"author":"cfeditorfr","twitter_card":"summary_large_image","twitter_misc":{"\u00c9crit par":"cfeditorfr","Dur\u00e9e de lecture estim\u00e9e":"6 minutes"},"schema":{"@context":"https:\/\/schema.org","@graph":[{"@type":"Article","@id":"https:\/\/www.africa-press.net\/cameroun\/toutes-les-actualites\/ce-sera-coq-sportif-comme-prevu-dieudonne-essomba#article","isPartOf":{"@id":"https:\/\/www.africa-press.net\/cameroun\/toutes-les-actualites\/ce-sera-coq-sportif-comme-prevu-dieudonne-essomba"},"author":{"name":"cfeditorfr","@id":"https:\/\/www.africa-press.net\/cameroun\/#\/schema\/person\/2b1cf3cd81a31e3cd26889ca66d677f1"},"headline":"\u00ab\u00a0Ce sera coq sportif\u2026 comme prevu\u00a0\u00bb, Dieudonn\u00e9 Essomba","datePublished":"2022-09-21T15:57:17+00:00","dateModified":"2022-09-21T17:00:36+00:00","mainEntityOfPage":{"@id":"https:\/\/www.africa-press.net\/cameroun\/toutes-les-actualites\/ce-sera-coq-sportif-comme-prevu-dieudonne-essomba"},"wordCount":1187,"commentCount":0,"image":{"@id":"https:\/\/www.africa-press.net\/cameroun\/toutes-les-actualites\/ce-sera-coq-sportif-comme-prevu-dieudonne-essomba#primaryimage"},"thumbnailUrl":"https:\/\/static.africa-press.net\/cameroun\/sites\/57\/2022\/09\/img-632b43153f325.jpg","keywords":["Africa Press","Africa Press-Cameroun","Cameroun"],"articleSection":["Communaut\u00e9","Toutes les actualit\u00e9s"],"inLanguage":"fr-FR","potentialAction":[{"@type":"CommentAction","name":"Comment","target":["https:\/\/www.africa-press.net\/cameroun\/toutes-les-actualites\/ce-sera-coq-sportif-comme-prevu-dieudonne-essomba#respond"]}]},{"@type":"WebPage","@id":"https:\/\/www.africa-press.net\/cameroun\/toutes-les-actualites\/ce-sera-coq-sportif-comme-prevu-dieudonne-essomba","url":"https:\/\/www.africa-press.net\/cameroun\/toutes-les-actualites\/ce-sera-coq-sportif-comme-prevu-dieudonne-essomba","name":"\u00ab\u00a0Ce sera coq sportif\u2026 comme prevu\u00a0\u00bb, Dieudonn\u00e9 Essomba - Cameroun","isPartOf":{"@id":"https:\/\/www.africa-press.net\/cameroun\/#website"},"primaryImageOfPage":{"@id":"https:\/\/www.africa-press.net\/cameroun\/toutes-les-actualites\/ce-sera-coq-sportif-comme-prevu-dieudonne-essomba#primaryimage"},"image":{"@id":"https:\/\/www.africa-press.net\/cameroun\/toutes-les-actualites\/ce-sera-coq-sportif-comme-prevu-dieudonne-essomba#primaryimage"},"thumbnailUrl":"https:\/\/static.africa-press.net\/cameroun\/sites\/57\/2022\/09\/img-632b43153f325.jpg","datePublished":"2022-09-21T15:57:17+00:00","dateModified":"2022-09-21T17:00:36+00:00","author":{"@id":"https:\/\/www.africa-press.net\/cameroun\/#\/schema\/person\/2b1cf3cd81a31e3cd26889ca66d677f1"},"description":"L\u2019e\u0301conomiste Camerounais fait une analyse qui laisse entrevoir que le Coq Sportif pourrait continuer a\u0300 habiller les Li ...","breadcrumb":{"@id":"https:\/\/www.africa-press.net\/cameroun\/toutes-les-actualites\/ce-sera-coq-sportif-comme-prevu-dieudonne-essomba#breadcrumb"},"inLanguage":"fr-FR","potentialAction":[{"@type":"ReadAction","target":["https:\/\/www.africa-press.net\/cameroun\/toutes-les-actualites\/ce-sera-coq-sportif-comme-prevu-dieudonne-essomba"]}]},{"@type":"ImageObject","inLanguage":"fr-FR","@id":"https:\/\/www.africa-press.net\/cameroun\/toutes-les-actualites\/ce-sera-coq-sportif-comme-prevu-dieudonne-essomba#primaryimage","url":"https:\/\/static.africa-press.net\/cameroun\/sites\/57\/2022\/09\/img-632b43153f325.jpg","contentUrl":"https:\/\/static.africa-press.net\/cameroun\/sites\/57\/2022\/09\/img-632b43153f325.jpg","width":720,"height":500,"caption":"\u00ab\u00a0Ce sera coq sportif\u2026 comme prevu\u00a0\u00bb, Dieudonn\u00e9 Essomba"},{"@type":"BreadcrumbList","@id":"https:\/\/www.africa-press.net\/cameroun\/toutes-les-actualites\/ce-sera-coq-sportif-comme-prevu-dieudonne-essomba#breadcrumb","itemListElement":[{"@type":"ListItem","position":1,"name":"Accueil","item":"https:\/\/www.africa-press.net\/cameroun\/"},{"@type":"ListItem","position":2,"name":"\u00ab\u00a0Ce sera coq sportif\u2026 comme prevu\u00a0\u00bb, Dieudonn\u00e9 Essomba"}]},{"@type":"WebSite","@id":"https:\/\/www.africa-press.net\/cameroun\/#website","url":"https:\/\/www.africa-press.net\/cameroun\/","name":"Cameroun","description":"Just another Africa News Agency Sites site","potentialAction":[{"@type":"SearchAction","target":{"@type":"EntryPoint","urlTemplate":"https:\/\/www.africa-press.net\/cameroun\/?s={search_term_string}"},"query-input":{"@type":"PropertyValueSpecification","valueRequired":true,"valueName":"search_term_string"}}],"inLanguage":"fr-FR"},{"@type":"Person","@id":"https:\/\/www.africa-press.net\/cameroun\/#\/schema\/person\/2b1cf3cd81a31e3cd26889ca66d677f1","name":"cfeditorfr"}]}},"_links":{"self":[{"href":"https:\/\/www.africa-press.net\/cameroun\/wp-json\/wp\/v2\/posts\/27953","targetHints":{"allow":["GET"]}}],"collection":[{"href":"https:\/\/www.africa-press.net\/cameroun\/wp-json\/wp\/v2\/posts"}],"about":[{"href":"https:\/\/www.africa-press.net\/cameroun\/wp-json\/wp\/v2\/types\/post"}],"author":[{"embeddable":true,"href":"https:\/\/www.africa-press.net\/cameroun\/wp-json\/wp\/v2\/users\/82"}],"replies":[{"embeddable":true,"href":"https:\/\/www.africa-press.net\/cameroun\/wp-json\/wp\/v2\/comments?post=27953"}],"version-history":[{"count":0,"href":"https:\/\/www.africa-press.net\/cameroun\/wp-json\/wp\/v2\/posts\/27953\/revisions"}],"wp:featuredmedia":[{"embeddable":true,"href":"https:\/\/www.africa-press.net\/cameroun\/wp-json\/wp\/v2\/media\/27952"}],"wp:attachment":[{"href":"https:\/\/www.africa-press.net\/cameroun\/wp-json\/wp\/v2\/media?parent=27953"}],"wp:term":[{"taxonomy":"category","embeddable":true,"href":"https:\/\/www.africa-press.net\/cameroun\/wp-json\/wp\/v2\/categories?post=27953"},{"taxonomy":"post_tag","embeddable":true,"href":"https:\/\/www.africa-press.net\/cameroun\/wp-json\/wp\/v2\/tags?post=27953"}],"curies":[{"name":"wp","href":"https:\/\/api.w.org\/{rel}","templated":true}]}}