{"id":27963,"date":"2022-09-21T16:47:06","date_gmt":"2022-09-21T16:47:06","guid":{"rendered":"https:\/\/www.africa-press.net\/cameroun\/politique\/cameroun-entre-mopa-fatoing-et-celestin-tawamba-lheure-de-la-treve"},"modified":"2022-09-21T17:03:52","modified_gmt":"2022-09-21T17:03:52","slug":"cameroun-entre-mopa-fatoing-et-celestin-tawamba-lheure-de-la-treve","status":"publish","type":"post","link":"https:\/\/www.africa-press.net\/cameroun\/economie\/cameroun-entre-mopa-fatoing-et-celestin-tawamba-lheure-de-la-treve","title":{"rendered":"Cameroun : entre Mopa Fatoing et C\u00e9lestin Tawamba, l\u2019heure de la tr\u00e8ve"},"content":{"rendered":"<p><span style=\"color: #ff6600\"><strong>Africa-Press &#8211; Cameroun. <\/strong><\/span>Une poign\u00e9e de main et des sourires pour des retrouvailles remarqu\u00e9es. Le 14 septembre dernier, Modeste Mopa Fatoing, le directeur g\u00e9n\u00e9ral des imp\u00f4ts, \u00e9tait re\u00e7u au si\u00e8ge du Groupement inter-patronal du Cameroun (Gicam) \u00e0 Douala, o\u00f9 il a tenu une concertation avec les membres du syndicat patronal que dirige l\u2019homme d\u2019affaires C\u00e9lestin Tawamba.<\/p>\n<p>Mopa n\u2019avait plus remis les pieds au Gicam depuis un d\u00eener-d\u00e9bat organis\u00e9 en 2017, quelques mois avant l\u2019\u00e9lection de Tawamba \u00e0 la t\u00eate de l\u2019instance. Depuis lors, de vives tensions ont oppos\u00e9 les deux hommes, au sujet notamment d\u2019une proposition de r\u00e9forme du syst\u00e8me fiscal faite par le Gicam et qui, selon ce dernier, a \u00e9t\u00e9 bloqu\u00e9e par la direction g\u00e9n\u00e9rale des imp\u00f4ts.<\/p>\n<p><b>1 597 milliards de francs CFA<\/b><\/p>\n<p>Une \u00e9poque qui semble aujourd\u2019hui r\u00e9volue pour les deux personnalit\u00e9s, qui ont multipli\u00e9 les signes de rapprochement au cours des trois jours qu\u2019ont dur\u00e9 la visite de Mopa Fatoing \u00e0 Douala. La premi\u00e8re \u00e9tape d\u2019une \u00ab op\u00e9ration de d\u00e9gel \u00bb entam\u00e9e quelques semaines auparavant, \u00e0 laquelle les deux parties ont \u00e9t\u00e9 quasi oblig\u00e9es de se soumettre.<\/p>\n<p>En effet, si Mopa Fatoing est arriv\u00e9 \u00e0 Douala nanti d\u2019un r\u00e9sultat record de 1 597 milliards de francs CFA (plus de 2,4 milliards d\u2019euros) de recettes fiscales collect\u00e9es au premier semestre 2022 (soit 23 % de plus qu\u2019en 2021 sur la m\u00eame p\u00e9riode), il portait \u00e9galement dans ses bagages les stigmates de l\u2019\u00e9pineux contentieux fiscal qui l\u2019oppose \u00e0 l\u2019influent homme d\u2019affaire Jean-Pierre Amougou Belinga.<\/p>\n<p>Et m\u00eame si, le 2 septembre dernier, Paul Biya lui a donn\u00e9 raison dans sa d\u00e9marche de recouvrement, l\u2019arrestation et l\u2019incarc\u00e9ration de certains collaborateurs soup\u00e7onn\u00e9s de corruption dans ce dossier n\u2019a pas manqu\u00e9 de laisser des traces.<\/p>\n<p><b>Table rase du pass\u00e9<\/b><\/p>\n<p>Le directeur g\u00e9n\u00e9ral des imp\u00f4ts cherche-t-il \u00e0 r\u00e9duire la liste de ses ennemis ? Emp\u00eatr\u00e9 malgr\u00e9 lui dans la guerre de clans que se livrent les caciques du pouvoir dans la perspective de l\u2019apr\u00e8s-Biya, Mopa sait qu\u2019il faut r\u00e9duire les fronts de combat.<\/p>\n<p>C\u2019est d\u2019ailleurs pour cela qu\u2019il est \u00e0 l\u2019initiative de la rencontre avec le patronat. La demande est arriv\u00e9e sur la table de C\u00e9lestin Tawamba d\u00e8s le 30 ao\u00fbt, soit deux semaines avant l\u2019\u00e9v\u00e9nement. Une pr\u00e9caution prise pour \u00e9viter de reproduire la b\u00e9vue de f\u00e9vrier 2021. En effet, \u00e0 cette date, des membres parmi les plus importants du Gicam, invit\u00e9s \u00e0 rencontrer le DGI alors en visite dans leur ville, avaient tardivement re\u00e7u leurs invitations \u2013 les cartons \u00e9tant partis de Yaound\u00e9 48 heures avant la venue de Mopa \u2013, et avaient d\u00e9cid\u00e9 de ne pas s\u2019y rendre en signe de protestation.<\/p>\n<p>De son c\u00f4t\u00e9, C\u00e9lestin Tawamba pourra tirer profit de cet apaisement. Le pr\u00e9sident du Gicam, par ailleurs pr\u00e9sident du Groupement des industries meuni\u00e8res du Cameroun (GIMC) et pr\u00e9sident de l\u2019Union des patronats d\u2019Afrique centrale (Unipace), n\u2019avait \u00e9galement pas d\u2019autres choix que de r\u00e9pondre favorablement \u00e0 la main tendue par son ancien adversaire.<\/p>\n<p><b>Changer de cap ?<\/b><\/p>\n<p>Engag\u00e9 depuis sa r\u00e9\u00e9lection, en 2020, dans une bataille pour la modification du r\u00e9gime fiscal des entreprises, C\u00e9lestin Tawamba a d\u00fb faire face \u00e0 des critiques en interne, notamment en raison de ses m\u00e9thodes jug\u00e9es brutales dans une institution habitu\u00e9e \u00e0 un lobbying discret.<\/p>\n<p>Ce fut le cas en avril 2021, lorsqu\u2019une frange du comit\u00e9 des Sages emmen\u00e9e par l\u2019ancien pr\u00e9sident du Gicam, Andr\u00e9 Siaka, l\u2019avait tanc\u00e9 apr\u00e8s que l\u2019institution a refus\u00e9 de recevoir le ministre d\u00e9l\u00e9gu\u00e9 \u00e0 la Justice, Jean de Dieu Momo, en lieu et place du Garde des sceaux, Laurent Esso, emp\u00each\u00e9. M\u00eame si Tawamba avait re\u00e7u le soutien d\u2019une large majorit\u00e9 des membres du syndicat patronal, ses d\u00e9tracteurs avaient d\u00e9nonc\u00e9 les tensions r\u00e9currentes avec les pouvoirs publics, avant d\u2019inviter l\u2019ex\u00e9cutif du patronat \u00e0 changer de cap.<\/p>\n<p><b>LE LEITMOTIV DU MANDAT DE TAWAMBA : LUTTER POUR UN RENOUVEAU FISCAL<\/b><\/p>\n<p>Malgr\u00e9 les critiques, C\u00e9lestin Tawamba ne semble pas pour autant avoir abandonn\u00e9 le leitmotiv de son mandat : lutter pour un renouveau fiscal. \u00c0 cet \u00e9gard, lors de sa rencontre avec son ex-rival \u00e0 la mi-septembre, il n\u2019a pas manqu\u00e9 de d\u00e9noncer une nouvelle fois le manque de confiance entre les entreprises et le fisc. Il a toutefois plaid\u00e9 pour une r\u00e9forme fiscale qui int\u00e9grerait notamment un \u00ab rapide retour \u00e0 l\u2019imposition des entreprises, bas\u00e9e non pas sur le chiffre d\u2019affaires, mais sur le b\u00e9n\u00e9fice r\u00e9alis\u00e9 \u00bb. Et d\u2019assurer \u00ab l\u2019implication du patronat en amont de la pr\u00e9paration de la Circulaire de cadrage budg\u00e9taire du pr\u00e9sident de la R\u00e9publique.<\/p>\n<p>Pour la premi\u00e8re fois, Mopa Fatoing a reconnu que \u00ab certaines incompr\u00e9hensions ont pu apparaitre \u00bb entre les deux institutions. \u00ab Comment pourrait-il en \u00eatre autrement, tant nos attentes peuvent se r\u00e9v\u00e9ler contradictoires, condamn\u00e9s que nous sommes \u00e0 cheminer main dans la main \u00bb, a-t-il affirm\u00e9 au cours de la rencontre. R\u00e9pondant \u00e0 son interlocuteur, Mopa Fatoing a pr\u00e9cis\u00e9 qu\u2019aussi \u00ab pertinente seront [les propositions du Gicam], elles ne seront pas toujours int\u00e9gralement reprises dans les projets d\u00e9finitifs \u00bb. Il a ajout\u00e9 que \u00ab ceci ne devrait pas \u00eatre interpr\u00e9t\u00e9 comme un d\u00e9saveu du Gicam, ni comme une insuffisance d\u2019\u00e9coute \u00e0 son endroit \u00bb. Et d\u2019annoncer : \u00ab Celles des propositions qui n\u2019appellent pas une modification de la l\u00e9gislation fiscale en vigueur et dont la pertinence est av\u00e9r\u00e9e feront l\u2019objet d\u2019une application imm\u00e9diate aux moyens de mesures administratives. \u00bb<\/p>\n<p><strong>Pour plus d&rsquo;informations et d&rsquo;analyses sur la <a href=\"https:\/\/www.africa-press.net\/cameroun\">Cameroun<\/a>, suivez <a href=\"https:\/\/www.africa-press.net\/\">Africa-Press<\/a><\/strong><\/p>\n","protected":false},"excerpt":{"rendered":"<p>Africa-Press &#8211; Cameroun. Une poign\u00e9e de main et des sourires pour des retrouvailles remarqu\u00e9es. Le 14 septembre dernier, Modeste Mopa Fatoing, le directeur g\u00e9n\u00e9ral des imp\u00f4ts, \u00e9tait re\u00e7u au si\u00e8ge du Groupement inter-patronal du Cameroun (Gicam) \u00e0 Douala, o\u00f9 il a tenu une concertation avec les membres du syndicat patronal que dirige l\u2019homme d\u2019affaires C\u00e9lestin [&hellip;]<\/p>\n","protected":false},"author":82,"featured_media":27961,"comment_status":"open","ping_status":"closed","sticky":false,"template":"","format":"standard","meta":{"footnotes":""},"categories":[7,3,10],"tags":[36,50,49],"class_list":["post-27963","post","type-post","status-publish","format-standard","has-post-thumbnail","hentry","category-dossiers","category-economie","category-toutes-les-actualites","tag-africa-press","tag-africa-press-cameroun","tag-cameroun"],"yoast_head":"<!-- This site is optimized with the Yoast SEO Premium plugin v26.1 (Yoast SEO v27.0) - https:\/\/yoast.com\/product\/yoast-seo-premium-wordpress\/ -->\n<title>Cameroun : entre Mopa Fatoing et C\u00e9lestin Tawamba, l\u2019heure de la tr\u00e8ve - Cameroun<\/title>\n<meta name=\"description\" content=\"Une poign\u00e9e de main et des sourires pour des retrouvailles remarqu\u00e9es. Le 14 septembre dernier, Modeste Mopa Fatoing, le ...\" \/>\n<meta name=\"robots\" content=\"index, follow, max-snippet:-1, max-image-preview:large, max-video-preview:-1\" \/>\n<link rel=\"canonical\" href=\"https:\/\/www.africa-press.net\/cameroun\/economie\/cameroun-entre-mopa-fatoing-et-celestin-tawamba-lheure-de-la-treve\" \/>\n<meta property=\"og:locale\" content=\"fr_FR\" \/>\n<meta property=\"og:type\" content=\"article\" \/>\n<meta property=\"og:title\" content=\"Cameroun : entre Mopa Fatoing et C\u00e9lestin Tawamba, l\u2019heure de la tr\u00e8ve\" \/>\n<meta property=\"og:description\" content=\"Une poign\u00e9e de main et des sourires pour des retrouvailles remarqu\u00e9es. Le 14 septembre dernier, Modeste Mopa Fatoing, le ...\" \/>\n<meta property=\"og:url\" content=\"https:\/\/www.africa-press.net\/cameroun\/economie\/cameroun-entre-mopa-fatoing-et-celestin-tawamba-lheure-de-la-treve\" \/>\n<meta property=\"og:site_name\" content=\"Cameroun\" \/>\n<meta property=\"article:published_time\" content=\"2022-09-21T16:47:06+00:00\" \/>\n<meta property=\"article:modified_time\" content=\"2022-09-21T17:03:52+00:00\" \/>\n<meta property=\"og:image\" content=\"https:\/\/static.africa-press.net\/cameroun\/sites\/57\/2022\/09\/postQueueImg_2-632b43a723d42.jpg\" \/>\n\t<meta property=\"og:image:width\" content=\"1256\" \/>\n\t<meta property=\"og:image:height\" content=\"628\" \/>\n\t<meta property=\"og:image:type\" content=\"image\/jpeg\" \/>\n<meta name=\"author\" content=\"cfeditorfr\" \/>\n<meta name=\"twitter:card\" content=\"summary_large_image\" \/>\n<meta name=\"twitter:label1\" content=\"\u00c9crit par\" \/>\n\t<meta name=\"twitter:data1\" content=\"cfeditorfr\" \/>\n\t<meta name=\"twitter:label2\" content=\"Dur\u00e9e de lecture estim\u00e9e\" \/>\n\t<meta name=\"twitter:data2\" content=\"5 minutes\" \/>\n<script type=\"application\/ld+json\" class=\"yoast-schema-graph\">{\"@context\":\"https:\/\/schema.org\",\"@graph\":[{\"@type\":\"Article\",\"@id\":\"https:\/\/www.africa-press.net\/cameroun\/economie\/cameroun-entre-mopa-fatoing-et-celestin-tawamba-lheure-de-la-treve#article\",\"isPartOf\":{\"@id\":\"https:\/\/www.africa-press.net\/cameroun\/economie\/cameroun-entre-mopa-fatoing-et-celestin-tawamba-lheure-de-la-treve\"},\"author\":{\"name\":\"cfeditorfr\",\"@id\":\"https:\/\/www.africa-press.net\/cameroun\/#\/schema\/person\/2b1cf3cd81a31e3cd26889ca66d677f1\"},\"headline\":\"Cameroun : entre Mopa Fatoing et C\u00e9lestin Tawamba, l\u2019heure de la tr\u00e8ve\",\"datePublished\":\"2022-09-21T16:47:06+00:00\",\"dateModified\":\"2022-09-21T17:03:52+00:00\",\"mainEntityOfPage\":{\"@id\":\"https:\/\/www.africa-press.net\/cameroun\/economie\/cameroun-entre-mopa-fatoing-et-celestin-tawamba-lheure-de-la-treve\"},\"wordCount\":995,\"commentCount\":0,\"image\":{\"@id\":\"https:\/\/www.africa-press.net\/cameroun\/economie\/cameroun-entre-mopa-fatoing-et-celestin-tawamba-lheure-de-la-treve#primaryimage\"},\"thumbnailUrl\":\"https:\/\/static.africa-press.net\/cameroun\/sites\/57\/2022\/09\/postQueueImg_2-632b43a723d42.jpg\",\"keywords\":[\"Africa Press\",\"Africa Press-Cameroun\",\"Cameroun\"],\"articleSection\":[\"Dossiers\",\"\u00c9conomie\",\"Toutes les actualit\u00e9s\"],\"inLanguage\":\"fr-FR\",\"potentialAction\":[{\"@type\":\"CommentAction\",\"name\":\"Comment\",\"target\":[\"https:\/\/www.africa-press.net\/cameroun\/economie\/cameroun-entre-mopa-fatoing-et-celestin-tawamba-lheure-de-la-treve#respond\"]}]},{\"@type\":\"WebPage\",\"@id\":\"https:\/\/www.africa-press.net\/cameroun\/economie\/cameroun-entre-mopa-fatoing-et-celestin-tawamba-lheure-de-la-treve\",\"url\":\"https:\/\/www.africa-press.net\/cameroun\/economie\/cameroun-entre-mopa-fatoing-et-celestin-tawamba-lheure-de-la-treve\",\"name\":\"Cameroun : entre Mopa Fatoing et C\u00e9lestin Tawamba, l\u2019heure de la tr\u00e8ve - Cameroun\",\"isPartOf\":{\"@id\":\"https:\/\/www.africa-press.net\/cameroun\/#website\"},\"primaryImageOfPage\":{\"@id\":\"https:\/\/www.africa-press.net\/cameroun\/economie\/cameroun-entre-mopa-fatoing-et-celestin-tawamba-lheure-de-la-treve#primaryimage\"},\"image\":{\"@id\":\"https:\/\/www.africa-press.net\/cameroun\/economie\/cameroun-entre-mopa-fatoing-et-celestin-tawamba-lheure-de-la-treve#primaryimage\"},\"thumbnailUrl\":\"https:\/\/static.africa-press.net\/cameroun\/sites\/57\/2022\/09\/postQueueImg_2-632b43a723d42.jpg\",\"datePublished\":\"2022-09-21T16:47:06+00:00\",\"dateModified\":\"2022-09-21T17:03:52+00:00\",\"author\":{\"@id\":\"https:\/\/www.africa-press.net\/cameroun\/#\/schema\/person\/2b1cf3cd81a31e3cd26889ca66d677f1\"},\"description\":\"Une poign\u00e9e de main et des sourires pour des retrouvailles remarqu\u00e9es. Le 14 septembre dernier, Modeste Mopa Fatoing, le ...\",\"breadcrumb\":{\"@id\":\"https:\/\/www.africa-press.net\/cameroun\/economie\/cameroun-entre-mopa-fatoing-et-celestin-tawamba-lheure-de-la-treve#breadcrumb\"},\"inLanguage\":\"fr-FR\",\"potentialAction\":[{\"@type\":\"ReadAction\",\"target\":[\"https:\/\/www.africa-press.net\/cameroun\/economie\/cameroun-entre-mopa-fatoing-et-celestin-tawamba-lheure-de-la-treve\"]}]},{\"@type\":\"ImageObject\",\"inLanguage\":\"fr-FR\",\"@id\":\"https:\/\/www.africa-press.net\/cameroun\/economie\/cameroun-entre-mopa-fatoing-et-celestin-tawamba-lheure-de-la-treve#primaryimage\",\"url\":\"https:\/\/static.africa-press.net\/cameroun\/sites\/57\/2022\/09\/postQueueImg_2-632b43a723d42.jpg\",\"contentUrl\":\"https:\/\/static.africa-press.net\/cameroun\/sites\/57\/2022\/09\/postQueueImg_2-632b43a723d42.jpg\",\"width\":1256,\"height\":628,\"caption\":\"Cameroun : entre Mopa Fatoing et C\u00e9lestin Tawamba, l\u2019heure de la tr\u00e8ve\"},{\"@type\":\"BreadcrumbList\",\"@id\":\"https:\/\/www.africa-press.net\/cameroun\/economie\/cameroun-entre-mopa-fatoing-et-celestin-tawamba-lheure-de-la-treve#breadcrumb\",\"itemListElement\":[{\"@type\":\"ListItem\",\"position\":1,\"name\":\"Accueil\",\"item\":\"https:\/\/www.africa-press.net\/cameroun\/\"},{\"@type\":\"ListItem\",\"position\":2,\"name\":\"Cameroun : entre Mopa Fatoing et C\u00e9lestin Tawamba, l\u2019heure de la tr\u00e8ve\"}]},{\"@type\":\"WebSite\",\"@id\":\"https:\/\/www.africa-press.net\/cameroun\/#website\",\"url\":\"https:\/\/www.africa-press.net\/cameroun\/\",\"name\":\"Cameroun\",\"description\":\"Just another Africa News Agency Sites site\",\"potentialAction\":[{\"@type\":\"SearchAction\",\"target\":{\"@type\":\"EntryPoint\",\"urlTemplate\":\"https:\/\/www.africa-press.net\/cameroun\/?s={search_term_string}\"},\"query-input\":{\"@type\":\"PropertyValueSpecification\",\"valueRequired\":true,\"valueName\":\"search_term_string\"}}],\"inLanguage\":\"fr-FR\"},{\"@type\":\"Person\",\"@id\":\"https:\/\/www.africa-press.net\/cameroun\/#\/schema\/person\/2b1cf3cd81a31e3cd26889ca66d677f1\",\"name\":\"cfeditorfr\"}]}<\/script>\n<!-- \/ Yoast SEO Premium plugin. -->","yoast_head_json":{"title":"Cameroun : entre Mopa Fatoing et C\u00e9lestin Tawamba, l\u2019heure de la tr\u00e8ve - Cameroun","description":"Une poign\u00e9e de main et des sourires pour des retrouvailles remarqu\u00e9es. Le 14 septembre dernier, Modeste Mopa Fatoing, le ...","robots":{"index":"index","follow":"follow","max-snippet":"max-snippet:-1","max-image-preview":"max-image-preview:large","max-video-preview":"max-video-preview:-1"},"canonical":"https:\/\/www.africa-press.net\/cameroun\/economie\/cameroun-entre-mopa-fatoing-et-celestin-tawamba-lheure-de-la-treve","og_locale":"fr_FR","og_type":"article","og_title":"Cameroun : entre Mopa Fatoing et C\u00e9lestin Tawamba, l\u2019heure de la tr\u00e8ve","og_description":"Une poign\u00e9e de main et des sourires pour des retrouvailles remarqu\u00e9es. Le 14 septembre dernier, Modeste Mopa Fatoing, le ...","og_url":"https:\/\/www.africa-press.net\/cameroun\/economie\/cameroun-entre-mopa-fatoing-et-celestin-tawamba-lheure-de-la-treve","og_site_name":"Cameroun","article_published_time":"2022-09-21T16:47:06+00:00","article_modified_time":"2022-09-21T17:03:52+00:00","og_image":[{"width":1256,"height":628,"url":"https:\/\/static.africa-press.net\/cameroun\/sites\/57\/2022\/09\/postQueueImg_2-632b43a723d42.jpg","type":"image\/jpeg"}],"author":"cfeditorfr","twitter_card":"summary_large_image","twitter_misc":{"\u00c9crit par":"cfeditorfr","Dur\u00e9e de lecture estim\u00e9e":"5 minutes"},"schema":{"@context":"https:\/\/schema.org","@graph":[{"@type":"Article","@id":"https:\/\/www.africa-press.net\/cameroun\/economie\/cameroun-entre-mopa-fatoing-et-celestin-tawamba-lheure-de-la-treve#article","isPartOf":{"@id":"https:\/\/www.africa-press.net\/cameroun\/economie\/cameroun-entre-mopa-fatoing-et-celestin-tawamba-lheure-de-la-treve"},"author":{"name":"cfeditorfr","@id":"https:\/\/www.africa-press.net\/cameroun\/#\/schema\/person\/2b1cf3cd81a31e3cd26889ca66d677f1"},"headline":"Cameroun : entre Mopa Fatoing et C\u00e9lestin Tawamba, l\u2019heure de la tr\u00e8ve","datePublished":"2022-09-21T16:47:06+00:00","dateModified":"2022-09-21T17:03:52+00:00","mainEntityOfPage":{"@id":"https:\/\/www.africa-press.net\/cameroun\/economie\/cameroun-entre-mopa-fatoing-et-celestin-tawamba-lheure-de-la-treve"},"wordCount":995,"commentCount":0,"image":{"@id":"https:\/\/www.africa-press.net\/cameroun\/economie\/cameroun-entre-mopa-fatoing-et-celestin-tawamba-lheure-de-la-treve#primaryimage"},"thumbnailUrl":"https:\/\/static.africa-press.net\/cameroun\/sites\/57\/2022\/09\/postQueueImg_2-632b43a723d42.jpg","keywords":["Africa Press","Africa Press-Cameroun","Cameroun"],"articleSection":["Dossiers","\u00c9conomie","Toutes les actualit\u00e9s"],"inLanguage":"fr-FR","potentialAction":[{"@type":"CommentAction","name":"Comment","target":["https:\/\/www.africa-press.net\/cameroun\/economie\/cameroun-entre-mopa-fatoing-et-celestin-tawamba-lheure-de-la-treve#respond"]}]},{"@type":"WebPage","@id":"https:\/\/www.africa-press.net\/cameroun\/economie\/cameroun-entre-mopa-fatoing-et-celestin-tawamba-lheure-de-la-treve","url":"https:\/\/www.africa-press.net\/cameroun\/economie\/cameroun-entre-mopa-fatoing-et-celestin-tawamba-lheure-de-la-treve","name":"Cameroun : entre Mopa Fatoing et C\u00e9lestin Tawamba, l\u2019heure de la tr\u00e8ve - Cameroun","isPartOf":{"@id":"https:\/\/www.africa-press.net\/cameroun\/#website"},"primaryImageOfPage":{"@id":"https:\/\/www.africa-press.net\/cameroun\/economie\/cameroun-entre-mopa-fatoing-et-celestin-tawamba-lheure-de-la-treve#primaryimage"},"image":{"@id":"https:\/\/www.africa-press.net\/cameroun\/economie\/cameroun-entre-mopa-fatoing-et-celestin-tawamba-lheure-de-la-treve#primaryimage"},"thumbnailUrl":"https:\/\/static.africa-press.net\/cameroun\/sites\/57\/2022\/09\/postQueueImg_2-632b43a723d42.jpg","datePublished":"2022-09-21T16:47:06+00:00","dateModified":"2022-09-21T17:03:52+00:00","author":{"@id":"https:\/\/www.africa-press.net\/cameroun\/#\/schema\/person\/2b1cf3cd81a31e3cd26889ca66d677f1"},"description":"Une poign\u00e9e de main et des sourires pour des retrouvailles remarqu\u00e9es. Le 14 septembre dernier, Modeste Mopa Fatoing, le ...","breadcrumb":{"@id":"https:\/\/www.africa-press.net\/cameroun\/economie\/cameroun-entre-mopa-fatoing-et-celestin-tawamba-lheure-de-la-treve#breadcrumb"},"inLanguage":"fr-FR","potentialAction":[{"@type":"ReadAction","target":["https:\/\/www.africa-press.net\/cameroun\/economie\/cameroun-entre-mopa-fatoing-et-celestin-tawamba-lheure-de-la-treve"]}]},{"@type":"ImageObject","inLanguage":"fr-FR","@id":"https:\/\/www.africa-press.net\/cameroun\/economie\/cameroun-entre-mopa-fatoing-et-celestin-tawamba-lheure-de-la-treve#primaryimage","url":"https:\/\/static.africa-press.net\/cameroun\/sites\/57\/2022\/09\/postQueueImg_2-632b43a723d42.jpg","contentUrl":"https:\/\/static.africa-press.net\/cameroun\/sites\/57\/2022\/09\/postQueueImg_2-632b43a723d42.jpg","width":1256,"height":628,"caption":"Cameroun : entre Mopa Fatoing et C\u00e9lestin Tawamba, l\u2019heure de la tr\u00e8ve"},{"@type":"BreadcrumbList","@id":"https:\/\/www.africa-press.net\/cameroun\/economie\/cameroun-entre-mopa-fatoing-et-celestin-tawamba-lheure-de-la-treve#breadcrumb","itemListElement":[{"@type":"ListItem","position":1,"name":"Accueil","item":"https:\/\/www.africa-press.net\/cameroun\/"},{"@type":"ListItem","position":2,"name":"Cameroun : entre Mopa Fatoing et C\u00e9lestin Tawamba, l\u2019heure de la tr\u00e8ve"}]},{"@type":"WebSite","@id":"https:\/\/www.africa-press.net\/cameroun\/#website","url":"https:\/\/www.africa-press.net\/cameroun\/","name":"Cameroun","description":"Just another Africa News Agency Sites site","potentialAction":[{"@type":"SearchAction","target":{"@type":"EntryPoint","urlTemplate":"https:\/\/www.africa-press.net\/cameroun\/?s={search_term_string}"},"query-input":{"@type":"PropertyValueSpecification","valueRequired":true,"valueName":"search_term_string"}}],"inLanguage":"fr-FR"},{"@type":"Person","@id":"https:\/\/www.africa-press.net\/cameroun\/#\/schema\/person\/2b1cf3cd81a31e3cd26889ca66d677f1","name":"cfeditorfr"}]}},"_links":{"self":[{"href":"https:\/\/www.africa-press.net\/cameroun\/wp-json\/wp\/v2\/posts\/27963","targetHints":{"allow":["GET"]}}],"collection":[{"href":"https:\/\/www.africa-press.net\/cameroun\/wp-json\/wp\/v2\/posts"}],"about":[{"href":"https:\/\/www.africa-press.net\/cameroun\/wp-json\/wp\/v2\/types\/post"}],"author":[{"embeddable":true,"href":"https:\/\/www.africa-press.net\/cameroun\/wp-json\/wp\/v2\/users\/82"}],"replies":[{"embeddable":true,"href":"https:\/\/www.africa-press.net\/cameroun\/wp-json\/wp\/v2\/comments?post=27963"}],"version-history":[{"count":0,"href":"https:\/\/www.africa-press.net\/cameroun\/wp-json\/wp\/v2\/posts\/27963\/revisions"}],"wp:featuredmedia":[{"embeddable":true,"href":"https:\/\/www.africa-press.net\/cameroun\/wp-json\/wp\/v2\/media\/27961"}],"wp:attachment":[{"href":"https:\/\/www.africa-press.net\/cameroun\/wp-json\/wp\/v2\/media?parent=27963"}],"wp:term":[{"taxonomy":"category","embeddable":true,"href":"https:\/\/www.africa-press.net\/cameroun\/wp-json\/wp\/v2\/categories?post=27963"},{"taxonomy":"post_tag","embeddable":true,"href":"https:\/\/www.africa-press.net\/cameroun\/wp-json\/wp\/v2\/tags?post=27963"}],"curies":[{"name":"wp","href":"https:\/\/api.w.org\/{rel}","templated":true}]}}