{"id":27975,"date":"2022-09-23T21:34:33","date_gmt":"2022-09-23T21:34:33","guid":{"rendered":"https:\/\/www.africa-press.net\/cameroun\/politique\/football-prepa-mondial-2022-karl-toko-ekambi-forfait-face-a-louzbekistan-en-amical"},"modified":"2022-09-23T21:35:07","modified_gmt":"2022-09-23T21:35:07","slug":"football-prepa-mondial-2022-karl-toko-ekambi-forfait-face-a-louzbekistan-en-amical","status":"publish","type":"post","link":"https:\/\/www.africa-press.net\/cameroun\/sports\/football-prepa-mondial-2022-karl-toko-ekambi-forfait-face-a-louzbekistan-en-amical","title":{"rendered":"Football\/Prepa. Mondial 2022: Karl Toko Ekambi forfait face \u00e0 l\u2019Ouzb\u00e9kistan en amical"},"content":{"rendered":"<p><span style=\"color: #ff6600\"><strong>Africa-Press &#8211; Cameroun. <\/strong><\/span>Sur les 26 joueurs se\u0301lectionne\u0301s par le manager se\u0301lectionneur Rigobert Song a\u0300 l\u2019occasion de pe\u0301riode FIFA du mois de septembre en cours, un seul n\u2019a pas re\u0301pondu a\u0300 l\u2019appel. Il s\u2019agit de Karl Toko Ekambi, qui n\u2019a pas pu rejoindre le lieu du regroupement a\u0300 Seoul la capitale sud-core\u0301enne. Selon une note d\u2019informations rendue publique par l\u2019attache\u0301 de presse de la se\u0301lection, Thierry Ndoh, l\u2019attaquant de l\u2019Olympique Lyonnais est \u00ab forfait et indisponible \u00bb.<\/p>\n<p>Les raisons de son absence ne sont pas encore officiellement connues, mais d\u2019autres sources d\u2019informations au sein de la presse locale laissent entendre qu\u2019il est blesse\u0301. Il ne prendra donc pas part a\u0300 la rencontre amicale de ce vendredi 23 septembre 2022 face a\u0300 l\u2019Ouzbe\u0301kistan, encore moins a\u0300 celle du 27 septembre contre la Core\u0301e du Sud.<\/p>\n<p>Il importe de rappeler que les Lions se sont entraine\u0301s ce jeudi apre\u0300s-midi sur la pelouse du stade annexe du Goyang Kfootball club. \u00ab Pendant une heure, les hommes de Rigobert Song ont re\u0301cite\u0301 leurs gammes d&rsquo;avant match en travaillant l&rsquo;adresse devant les buts et la rigueur dans les phases de\u0301fensives \u00bb, renseigne la note de l\u2019attache\u0301 de presse. Les derniers joueurs a\u0300 avoir regagne\u0301 le groupe sont Oumar Gonzalez et d&rsquo;Olivier Mbai\u0308zo.<\/p>\n<p><strong>Pour plus d&rsquo;informations et d&rsquo;analyses sur la <a href=\"https:\/\/www.africa-press.net\/cameroun\">Cameroun<\/a>, suivez <a href=\"https:\/\/www.africa-press.net\/\">Africa-Press<\/a><\/strong><\/p>\n","protected":false},"excerpt":{"rendered":"<p>Africa-Press &#8211; Cameroun. Sur les 26 joueurs se\u0301lectionne\u0301s par le manager se\u0301lectionneur Rigobert Song a\u0300 l\u2019occasion de pe\u0301riode FIFA du mois de septembre en cours, un seul n\u2019a pas re\u0301pondu a\u0300 l\u2019appel. Il s\u2019agit de Karl Toko Ekambi, qui n\u2019a pas pu rejoindre le lieu du regroupement a\u0300 Seoul la capitale sud-core\u0301enne. Selon une note [&hellip;]<\/p>\n","protected":false},"author":82,"featured_media":27974,"comment_status":"open","ping_status":"closed","sticky":false,"template":"","format":"standard","meta":{"footnotes":""},"categories":[6,10],"tags":[36,50,49],"class_list":["post-27975","post","type-post","status-publish","format-standard","has-post-thumbnail","hentry","category-sports","category-toutes-les-actualites","tag-africa-press","tag-africa-press-cameroun","tag-cameroun"],"yoast_head":"<!-- This site is optimized with the Yoast SEO Premium plugin v26.1 (Yoast SEO v27.0) - https:\/\/yoast.com\/product\/yoast-seo-premium-wordpress\/ -->\n<title>Football\/Prepa. Mondial 2022: Karl Toko Ekambi forfait face \u00e0 l\u2019Ouzb\u00e9kistan en amical - Cameroun<\/title>\n<meta name=\"description\" content=\"Sur les 26 joueurs se\u0301lectionne\u0301s par le manager se\u0301lectionneur Rigobert Song a\u0300 l\u2019occasion de pe\u0301riode FIFA du mois de ...\" \/>\n<meta name=\"robots\" content=\"index, follow, max-snippet:-1, max-image-preview:large, max-video-preview:-1\" \/>\n<link rel=\"canonical\" href=\"https:\/\/www.africa-press.net\/cameroun\/sports\/football-prepa-mondial-2022-karl-toko-ekambi-forfait-face-a-louzbekistan-en-amical\" \/>\n<meta property=\"og:locale\" content=\"fr_FR\" \/>\n<meta property=\"og:type\" content=\"article\" \/>\n<meta property=\"og:title\" content=\"Football\/Prepa. Mondial 2022: Karl Toko Ekambi forfait face \u00e0 l\u2019Ouzb\u00e9kistan en amical\" \/>\n<meta property=\"og:description\" content=\"Sur les 26 joueurs se\u0301lectionne\u0301s par le manager se\u0301lectionneur Rigobert Song a\u0300 l\u2019occasion de pe\u0301riode FIFA du mois de ...\" \/>\n<meta property=\"og:url\" content=\"https:\/\/www.africa-press.net\/cameroun\/sports\/football-prepa-mondial-2022-karl-toko-ekambi-forfait-face-a-louzbekistan-en-amical\" \/>\n<meta property=\"og:site_name\" content=\"Cameroun\" \/>\n<meta property=\"article:published_time\" content=\"2022-09-23T21:34:33+00:00\" \/>\n<meta property=\"article:modified_time\" content=\"2022-09-23T21:35:07+00:00\" \/>\n<meta property=\"og:image\" content=\"https:\/\/static.africa-press.net\/cameroun\/sites\/57\/2022\/09\/img-632e265ddfdc8.jpg\" \/>\n\t<meta property=\"og:image:width\" content=\"800\" \/>\n\t<meta property=\"og:image:height\" content=\"450\" \/>\n\t<meta property=\"og:image:type\" content=\"image\/jpeg\" \/>\n<meta name=\"author\" content=\"cfeditorfr\" \/>\n<meta name=\"twitter:card\" content=\"summary_large_image\" \/>\n<meta name=\"twitter:label1\" content=\"\u00c9crit par\" \/>\n\t<meta name=\"twitter:data1\" content=\"cfeditorfr\" \/>\n\t<meta name=\"twitter:label2\" content=\"Dur\u00e9e de lecture estim\u00e9e\" \/>\n\t<meta name=\"twitter:data2\" content=\"2 minutes\" \/>\n<script type=\"application\/ld+json\" class=\"yoast-schema-graph\">{\"@context\":\"https:\/\/schema.org\",\"@graph\":[{\"@type\":\"Article\",\"@id\":\"https:\/\/www.africa-press.net\/cameroun\/sports\/football-prepa-mondial-2022-karl-toko-ekambi-forfait-face-a-louzbekistan-en-amical#article\",\"isPartOf\":{\"@id\":\"https:\/\/www.africa-press.net\/cameroun\/sports\/football-prepa-mondial-2022-karl-toko-ekambi-forfait-face-a-louzbekistan-en-amical\"},\"author\":{\"name\":\"cfeditorfr\",\"@id\":\"https:\/\/www.africa-press.net\/cameroun\/#\/schema\/person\/2b1cf3cd81a31e3cd26889ca66d677f1\"},\"headline\":\"Football\/Prepa. Mondial 2022: Karl Toko Ekambi forfait face \u00e0 l\u2019Ouzb\u00e9kistan en amical\",\"datePublished\":\"2022-09-23T21:34:33+00:00\",\"dateModified\":\"2022-09-23T21:35:07+00:00\",\"mainEntityOfPage\":{\"@id\":\"https:\/\/www.africa-press.net\/cameroun\/sports\/football-prepa-mondial-2022-karl-toko-ekambi-forfait-face-a-louzbekistan-en-amical\"},\"wordCount\":255,\"commentCount\":0,\"image\":{\"@id\":\"https:\/\/www.africa-press.net\/cameroun\/sports\/football-prepa-mondial-2022-karl-toko-ekambi-forfait-face-a-louzbekistan-en-amical#primaryimage\"},\"thumbnailUrl\":\"https:\/\/static.africa-press.net\/cameroun\/sites\/57\/2022\/09\/img-632e265ddfdc8.jpg\",\"keywords\":[\"Africa Press\",\"Africa Press-Cameroun\",\"Cameroun\"],\"articleSection\":[\"Sports\",\"Toutes les actualit\u00e9s\"],\"inLanguage\":\"fr-FR\",\"potentialAction\":[{\"@type\":\"CommentAction\",\"name\":\"Comment\",\"target\":[\"https:\/\/www.africa-press.net\/cameroun\/sports\/football-prepa-mondial-2022-karl-toko-ekambi-forfait-face-a-louzbekistan-en-amical#respond\"]}]},{\"@type\":\"WebPage\",\"@id\":\"https:\/\/www.africa-press.net\/cameroun\/sports\/football-prepa-mondial-2022-karl-toko-ekambi-forfait-face-a-louzbekistan-en-amical\",\"url\":\"https:\/\/www.africa-press.net\/cameroun\/sports\/football-prepa-mondial-2022-karl-toko-ekambi-forfait-face-a-louzbekistan-en-amical\",\"name\":\"Football\/Prepa. Mondial 2022: Karl Toko Ekambi forfait face \u00e0 l\u2019Ouzb\u00e9kistan en amical - Cameroun\",\"isPartOf\":{\"@id\":\"https:\/\/www.africa-press.net\/cameroun\/#website\"},\"primaryImageOfPage\":{\"@id\":\"https:\/\/www.africa-press.net\/cameroun\/sports\/football-prepa-mondial-2022-karl-toko-ekambi-forfait-face-a-louzbekistan-en-amical#primaryimage\"},\"image\":{\"@id\":\"https:\/\/www.africa-press.net\/cameroun\/sports\/football-prepa-mondial-2022-karl-toko-ekambi-forfait-face-a-louzbekistan-en-amical#primaryimage\"},\"thumbnailUrl\":\"https:\/\/static.africa-press.net\/cameroun\/sites\/57\/2022\/09\/img-632e265ddfdc8.jpg\",\"datePublished\":\"2022-09-23T21:34:33+00:00\",\"dateModified\":\"2022-09-23T21:35:07+00:00\",\"author\":{\"@id\":\"https:\/\/www.africa-press.net\/cameroun\/#\/schema\/person\/2b1cf3cd81a31e3cd26889ca66d677f1\"},\"description\":\"Sur les 26 joueurs se\u0301lectionne\u0301s par le manager se\u0301lectionneur Rigobert Song a\u0300 l\u2019occasion de pe\u0301riode FIFA du mois de ...\",\"breadcrumb\":{\"@id\":\"https:\/\/www.africa-press.net\/cameroun\/sports\/football-prepa-mondial-2022-karl-toko-ekambi-forfait-face-a-louzbekistan-en-amical#breadcrumb\"},\"inLanguage\":\"fr-FR\",\"potentialAction\":[{\"@type\":\"ReadAction\",\"target\":[\"https:\/\/www.africa-press.net\/cameroun\/sports\/football-prepa-mondial-2022-karl-toko-ekambi-forfait-face-a-louzbekistan-en-amical\"]}]},{\"@type\":\"ImageObject\",\"inLanguage\":\"fr-FR\",\"@id\":\"https:\/\/www.africa-press.net\/cameroun\/sports\/football-prepa-mondial-2022-karl-toko-ekambi-forfait-face-a-louzbekistan-en-amical#primaryimage\",\"url\":\"https:\/\/static.africa-press.net\/cameroun\/sites\/57\/2022\/09\/img-632e265ddfdc8.jpg\",\"contentUrl\":\"https:\/\/static.africa-press.net\/cameroun\/sites\/57\/2022\/09\/img-632e265ddfdc8.jpg\",\"width\":800,\"height\":450,\"caption\":\"Football\/Prepa. Mondial 2022: Karl Toko Ekambi forfait face \u00e0 l\u2019Ouzb\u00e9kistan en amical\"},{\"@type\":\"BreadcrumbList\",\"@id\":\"https:\/\/www.africa-press.net\/cameroun\/sports\/football-prepa-mondial-2022-karl-toko-ekambi-forfait-face-a-louzbekistan-en-amical#breadcrumb\",\"itemListElement\":[{\"@type\":\"ListItem\",\"position\":1,\"name\":\"Accueil\",\"item\":\"https:\/\/www.africa-press.net\/cameroun\/\"},{\"@type\":\"ListItem\",\"position\":2,\"name\":\"Football\/Prepa. Mondial 2022: Karl Toko Ekambi forfait face \u00e0 l\u2019Ouzb\u00e9kistan en amical\"}]},{\"@type\":\"WebSite\",\"@id\":\"https:\/\/www.africa-press.net\/cameroun\/#website\",\"url\":\"https:\/\/www.africa-press.net\/cameroun\/\",\"name\":\"Cameroun\",\"description\":\"Just another Africa News Agency Sites site\",\"potentialAction\":[{\"@type\":\"SearchAction\",\"target\":{\"@type\":\"EntryPoint\",\"urlTemplate\":\"https:\/\/www.africa-press.net\/cameroun\/?s={search_term_string}\"},\"query-input\":{\"@type\":\"PropertyValueSpecification\",\"valueRequired\":true,\"valueName\":\"search_term_string\"}}],\"inLanguage\":\"fr-FR\"},{\"@type\":\"Person\",\"@id\":\"https:\/\/www.africa-press.net\/cameroun\/#\/schema\/person\/2b1cf3cd81a31e3cd26889ca66d677f1\",\"name\":\"cfeditorfr\"}]}<\/script>\n<!-- \/ Yoast SEO Premium plugin. -->","yoast_head_json":{"title":"Football\/Prepa. Mondial 2022: Karl Toko Ekambi forfait face \u00e0 l\u2019Ouzb\u00e9kistan en amical - Cameroun","description":"Sur les 26 joueurs se\u0301lectionne\u0301s par le manager se\u0301lectionneur Rigobert Song a\u0300 l\u2019occasion de pe\u0301riode FIFA du mois de ...","robots":{"index":"index","follow":"follow","max-snippet":"max-snippet:-1","max-image-preview":"max-image-preview:large","max-video-preview":"max-video-preview:-1"},"canonical":"https:\/\/www.africa-press.net\/cameroun\/sports\/football-prepa-mondial-2022-karl-toko-ekambi-forfait-face-a-louzbekistan-en-amical","og_locale":"fr_FR","og_type":"article","og_title":"Football\/Prepa. Mondial 2022: Karl Toko Ekambi forfait face \u00e0 l\u2019Ouzb\u00e9kistan en amical","og_description":"Sur les 26 joueurs se\u0301lectionne\u0301s par le manager se\u0301lectionneur Rigobert Song a\u0300 l\u2019occasion de pe\u0301riode FIFA du mois de ...","og_url":"https:\/\/www.africa-press.net\/cameroun\/sports\/football-prepa-mondial-2022-karl-toko-ekambi-forfait-face-a-louzbekistan-en-amical","og_site_name":"Cameroun","article_published_time":"2022-09-23T21:34:33+00:00","article_modified_time":"2022-09-23T21:35:07+00:00","og_image":[{"width":800,"height":450,"url":"https:\/\/static.africa-press.net\/cameroun\/sites\/57\/2022\/09\/img-632e265ddfdc8.jpg","type":"image\/jpeg"}],"author":"cfeditorfr","twitter_card":"summary_large_image","twitter_misc":{"\u00c9crit par":"cfeditorfr","Dur\u00e9e de lecture estim\u00e9e":"2 minutes"},"schema":{"@context":"https:\/\/schema.org","@graph":[{"@type":"Article","@id":"https:\/\/www.africa-press.net\/cameroun\/sports\/football-prepa-mondial-2022-karl-toko-ekambi-forfait-face-a-louzbekistan-en-amical#article","isPartOf":{"@id":"https:\/\/www.africa-press.net\/cameroun\/sports\/football-prepa-mondial-2022-karl-toko-ekambi-forfait-face-a-louzbekistan-en-amical"},"author":{"name":"cfeditorfr","@id":"https:\/\/www.africa-press.net\/cameroun\/#\/schema\/person\/2b1cf3cd81a31e3cd26889ca66d677f1"},"headline":"Football\/Prepa. Mondial 2022: Karl Toko Ekambi forfait face \u00e0 l\u2019Ouzb\u00e9kistan en amical","datePublished":"2022-09-23T21:34:33+00:00","dateModified":"2022-09-23T21:35:07+00:00","mainEntityOfPage":{"@id":"https:\/\/www.africa-press.net\/cameroun\/sports\/football-prepa-mondial-2022-karl-toko-ekambi-forfait-face-a-louzbekistan-en-amical"},"wordCount":255,"commentCount":0,"image":{"@id":"https:\/\/www.africa-press.net\/cameroun\/sports\/football-prepa-mondial-2022-karl-toko-ekambi-forfait-face-a-louzbekistan-en-amical#primaryimage"},"thumbnailUrl":"https:\/\/static.africa-press.net\/cameroun\/sites\/57\/2022\/09\/img-632e265ddfdc8.jpg","keywords":["Africa Press","Africa Press-Cameroun","Cameroun"],"articleSection":["Sports","Toutes les actualit\u00e9s"],"inLanguage":"fr-FR","potentialAction":[{"@type":"CommentAction","name":"Comment","target":["https:\/\/www.africa-press.net\/cameroun\/sports\/football-prepa-mondial-2022-karl-toko-ekambi-forfait-face-a-louzbekistan-en-amical#respond"]}]},{"@type":"WebPage","@id":"https:\/\/www.africa-press.net\/cameroun\/sports\/football-prepa-mondial-2022-karl-toko-ekambi-forfait-face-a-louzbekistan-en-amical","url":"https:\/\/www.africa-press.net\/cameroun\/sports\/football-prepa-mondial-2022-karl-toko-ekambi-forfait-face-a-louzbekistan-en-amical","name":"Football\/Prepa. Mondial 2022: Karl Toko Ekambi forfait face \u00e0 l\u2019Ouzb\u00e9kistan en amical - Cameroun","isPartOf":{"@id":"https:\/\/www.africa-press.net\/cameroun\/#website"},"primaryImageOfPage":{"@id":"https:\/\/www.africa-press.net\/cameroun\/sports\/football-prepa-mondial-2022-karl-toko-ekambi-forfait-face-a-louzbekistan-en-amical#primaryimage"},"image":{"@id":"https:\/\/www.africa-press.net\/cameroun\/sports\/football-prepa-mondial-2022-karl-toko-ekambi-forfait-face-a-louzbekistan-en-amical#primaryimage"},"thumbnailUrl":"https:\/\/static.africa-press.net\/cameroun\/sites\/57\/2022\/09\/img-632e265ddfdc8.jpg","datePublished":"2022-09-23T21:34:33+00:00","dateModified":"2022-09-23T21:35:07+00:00","author":{"@id":"https:\/\/www.africa-press.net\/cameroun\/#\/schema\/person\/2b1cf3cd81a31e3cd26889ca66d677f1"},"description":"Sur les 26 joueurs se\u0301lectionne\u0301s par le manager se\u0301lectionneur Rigobert Song a\u0300 l\u2019occasion de pe\u0301riode FIFA du mois de ...","breadcrumb":{"@id":"https:\/\/www.africa-press.net\/cameroun\/sports\/football-prepa-mondial-2022-karl-toko-ekambi-forfait-face-a-louzbekistan-en-amical#breadcrumb"},"inLanguage":"fr-FR","potentialAction":[{"@type":"ReadAction","target":["https:\/\/www.africa-press.net\/cameroun\/sports\/football-prepa-mondial-2022-karl-toko-ekambi-forfait-face-a-louzbekistan-en-amical"]}]},{"@type":"ImageObject","inLanguage":"fr-FR","@id":"https:\/\/www.africa-press.net\/cameroun\/sports\/football-prepa-mondial-2022-karl-toko-ekambi-forfait-face-a-louzbekistan-en-amical#primaryimage","url":"https:\/\/static.africa-press.net\/cameroun\/sites\/57\/2022\/09\/img-632e265ddfdc8.jpg","contentUrl":"https:\/\/static.africa-press.net\/cameroun\/sites\/57\/2022\/09\/img-632e265ddfdc8.jpg","width":800,"height":450,"caption":"Football\/Prepa. Mondial 2022: Karl Toko Ekambi forfait face \u00e0 l\u2019Ouzb\u00e9kistan en amical"},{"@type":"BreadcrumbList","@id":"https:\/\/www.africa-press.net\/cameroun\/sports\/football-prepa-mondial-2022-karl-toko-ekambi-forfait-face-a-louzbekistan-en-amical#breadcrumb","itemListElement":[{"@type":"ListItem","position":1,"name":"Accueil","item":"https:\/\/www.africa-press.net\/cameroun\/"},{"@type":"ListItem","position":2,"name":"Football\/Prepa. Mondial 2022: Karl Toko Ekambi forfait face \u00e0 l\u2019Ouzb\u00e9kistan en amical"}]},{"@type":"WebSite","@id":"https:\/\/www.africa-press.net\/cameroun\/#website","url":"https:\/\/www.africa-press.net\/cameroun\/","name":"Cameroun","description":"Just another Africa News Agency Sites site","potentialAction":[{"@type":"SearchAction","target":{"@type":"EntryPoint","urlTemplate":"https:\/\/www.africa-press.net\/cameroun\/?s={search_term_string}"},"query-input":{"@type":"PropertyValueSpecification","valueRequired":true,"valueName":"search_term_string"}}],"inLanguage":"fr-FR"},{"@type":"Person","@id":"https:\/\/www.africa-press.net\/cameroun\/#\/schema\/person\/2b1cf3cd81a31e3cd26889ca66d677f1","name":"cfeditorfr"}]}},"_links":{"self":[{"href":"https:\/\/www.africa-press.net\/cameroun\/wp-json\/wp\/v2\/posts\/27975","targetHints":{"allow":["GET"]}}],"collection":[{"href":"https:\/\/www.africa-press.net\/cameroun\/wp-json\/wp\/v2\/posts"}],"about":[{"href":"https:\/\/www.africa-press.net\/cameroun\/wp-json\/wp\/v2\/types\/post"}],"author":[{"embeddable":true,"href":"https:\/\/www.africa-press.net\/cameroun\/wp-json\/wp\/v2\/users\/82"}],"replies":[{"embeddable":true,"href":"https:\/\/www.africa-press.net\/cameroun\/wp-json\/wp\/v2\/comments?post=27975"}],"version-history":[{"count":0,"href":"https:\/\/www.africa-press.net\/cameroun\/wp-json\/wp\/v2\/posts\/27975\/revisions"}],"wp:featuredmedia":[{"embeddable":true,"href":"https:\/\/www.africa-press.net\/cameroun\/wp-json\/wp\/v2\/media\/27974"}],"wp:attachment":[{"href":"https:\/\/www.africa-press.net\/cameroun\/wp-json\/wp\/v2\/media?parent=27975"}],"wp:term":[{"taxonomy":"category","embeddable":true,"href":"https:\/\/www.africa-press.net\/cameroun\/wp-json\/wp\/v2\/categories?post=27975"},{"taxonomy":"post_tag","embeddable":true,"href":"https:\/\/www.africa-press.net\/cameroun\/wp-json\/wp\/v2\/tags?post=27975"}],"curies":[{"name":"wp","href":"https:\/\/api.w.org\/{rel}","templated":true}]}}