{"id":27979,"date":"2022-09-23T18:45:26","date_gmt":"2022-09-23T18:45:26","guid":{"rendered":"https:\/\/www.africa-press.net\/cameroun\/politique\/football-prepa-mondial-2022-voici-le-onze-de-depart-des-lions-face-a-louzbekistan-avec-nkoulou-et-mandjeck"},"modified":"2022-09-23T22:22:38","modified_gmt":"2022-09-23T22:22:38","slug":"football-prepa-mondial-2022-voici-le-onze-de-depart-des-lions-face-a-louzbekistan-avec-nkoulou-et-mandjeck","status":"publish","type":"post","link":"https:\/\/www.africa-press.net\/cameroun\/sports\/football-prepa-mondial-2022-voici-le-onze-de-depart-des-lions-face-a-louzbekistan-avec-nkoulou-et-mandjeck","title":{"rendered":"Football\/Prepa. Mondial 2022\u00a0: Voici le onze de d\u00e9part des Lions face \u00e0 l\u2019Ouzb\u00e9kistan avec Nkoulou et Mandjeck"},"content":{"rendered":"<p><span style=\"color: #ff6600\"><strong>Africa-Press &#8211; Cameroun. <\/strong><\/span>Une heure avant le coup d\u2019envoi de la premie\u0300re rencontre amicale qui oppose les Lions indomptables du Cameroun a\u0300 l\u2019Ouzbe\u0301kistan a\u0300 Seoul ce vendredi 23 septembre 2022, dans le cadre des pre\u0301paratifs de la Coupe du monde \u00ab Qatar 2022 \u00bb, la Fe\u0301de\u0301ration Camerounaise de Football a rendu public le onze de de\u0301part de l\u2019e\u0301quipe camerounaise.<\/p>\n<p>Pour ce faire, le manager se\u0301lectionneur Rigobert Song a jete\u0301 son de\u0301volu sur Nicolas Nkoulou et Georges Mandjeck pour de\u0301buter la partie, deux champions d\u2019Afrique de l\u2019expe\u0301dition 2017 au Gabon, qu\u2019on n\u2019avait plus aperc\u0327u en se\u0301lection depuis lors. Le technicien camerounais a e\u0301galement choisi d\u2019offrir leur premie\u0300re se\u0301lection au jeune de\u0301fenseur Enzo Ebosse, et a\u0300 l\u2019attaquant Bryan Mbeumo.<\/p>\n<p><strong>Pour plus d&rsquo;informations et d&rsquo;analyses sur la <a href=\"https:\/\/www.africa-press.net\/cameroun\">Cameroun<\/a>, suivez <a href=\"https:\/\/www.africa-press.net\/\">Africa-Press<\/a><\/strong><\/p>\n","protected":false},"excerpt":{"rendered":"<p>Africa-Press &#8211; Cameroun. Une heure avant le coup d\u2019envoi de la premie\u0300re rencontre amicale qui oppose les Lions indomptables du Cameroun a\u0300 l\u2019Ouzbe\u0301kistan a\u0300 Seoul ce vendredi 23 septembre 2022, dans le cadre des pre\u0301paratifs de la Coupe du monde \u00ab Qatar 2022 \u00bb, la Fe\u0301de\u0301ration Camerounaise de Football a rendu public le onze de [&hellip;]<\/p>\n","protected":false},"author":82,"featured_media":27978,"comment_status":"open","ping_status":"closed","sticky":false,"template":"","format":"standard","meta":{"footnotes":""},"categories":[6,10],"tags":[36,50,49],"class_list":["post-27979","post","type-post","status-publish","format-standard","has-post-thumbnail","hentry","category-sports","category-toutes-les-actualites","tag-africa-press","tag-africa-press-cameroun","tag-cameroun"],"yoast_head":"<!-- This site is optimized with the Yoast SEO Premium plugin v26.1 (Yoast SEO v27.0) - https:\/\/yoast.com\/product\/yoast-seo-premium-wordpress\/ -->\n<title>Football\/Prepa. Mondial 2022\u00a0: Voici le onze de d\u00e9part des Lions face \u00e0 l\u2019Ouzb\u00e9kistan avec Nkoulou et Mandjeck - Cameroun<\/title>\n<meta name=\"description\" content=\"Une heure avant le coup d\u2019envoi de la premie\u0300re rencontre amicale qui oppose les Lions indomptables du Cameroun a\u0300 l\u2019Ouz ...\" \/>\n<meta name=\"robots\" content=\"index, follow, max-snippet:-1, max-image-preview:large, max-video-preview:-1\" \/>\n<link rel=\"canonical\" href=\"https:\/\/www.africa-press.net\/cameroun\/sports\/football-prepa-mondial-2022-voici-le-onze-de-depart-des-lions-face-a-louzbekistan-avec-nkoulou-et-mandjeck\" \/>\n<meta property=\"og:locale\" content=\"fr_FR\" \/>\n<meta property=\"og:type\" content=\"article\" \/>\n<meta property=\"og:title\" content=\"Football\/Prepa. Mondial 2022\u00a0: Voici le onze de d\u00e9part des Lions face \u00e0 l\u2019Ouzb\u00e9kistan avec Nkoulou et Mandjeck\" \/>\n<meta property=\"og:description\" content=\"Une heure avant le coup d\u2019envoi de la premie\u0300re rencontre amicale qui oppose les Lions indomptables du Cameroun a\u0300 l\u2019Ouz ...\" \/>\n<meta property=\"og:url\" content=\"https:\/\/www.africa-press.net\/cameroun\/sports\/football-prepa-mondial-2022-voici-le-onze-de-depart-des-lions-face-a-louzbekistan-avec-nkoulou-et-mandjeck\" \/>\n<meta property=\"og:site_name\" content=\"Cameroun\" \/>\n<meta property=\"article:published_time\" content=\"2022-09-23T18:45:26+00:00\" \/>\n<meta property=\"article:modified_time\" content=\"2022-09-23T22:22:38+00:00\" \/>\n<meta property=\"og:image\" content=\"https:\/\/static.africa-press.net\/cameroun\/sites\/57\/2022\/09\/img-632e2696eb415.jpg\" \/>\n\t<meta property=\"og:image:width\" content=\"800\" \/>\n\t<meta property=\"og:image:height\" content=\"494\" \/>\n\t<meta property=\"og:image:type\" content=\"image\/jpeg\" \/>\n<meta name=\"author\" content=\"cfeditorfr\" \/>\n<meta name=\"twitter:card\" content=\"summary_large_image\" \/>\n<meta name=\"twitter:label1\" content=\"\u00c9crit par\" \/>\n\t<meta name=\"twitter:data1\" content=\"cfeditorfr\" \/>\n\t<meta name=\"twitter:label2\" content=\"Dur\u00e9e de lecture estim\u00e9e\" \/>\n\t<meta name=\"twitter:data2\" content=\"1 minute\" \/>\n<script type=\"application\/ld+json\" class=\"yoast-schema-graph\">{\"@context\":\"https:\/\/schema.org\",\"@graph\":[{\"@type\":\"Article\",\"@id\":\"https:\/\/www.africa-press.net\/cameroun\/sports\/football-prepa-mondial-2022-voici-le-onze-de-depart-des-lions-face-a-louzbekistan-avec-nkoulou-et-mandjeck#article\",\"isPartOf\":{\"@id\":\"https:\/\/www.africa-press.net\/cameroun\/sports\/football-prepa-mondial-2022-voici-le-onze-de-depart-des-lions-face-a-louzbekistan-avec-nkoulou-et-mandjeck\"},\"author\":{\"name\":\"cfeditorfr\",\"@id\":\"https:\/\/www.africa-press.net\/cameroun\/#\/schema\/person\/2b1cf3cd81a31e3cd26889ca66d677f1\"},\"headline\":\"Football\/Prepa. Mondial 2022\u00a0: Voici le onze de d\u00e9part des Lions face \u00e0 l\u2019Ouzb\u00e9kistan avec Nkoulou et Mandjeck\",\"datePublished\":\"2022-09-23T18:45:26+00:00\",\"dateModified\":\"2022-09-23T22:22:38+00:00\",\"mainEntityOfPage\":{\"@id\":\"https:\/\/www.africa-press.net\/cameroun\/sports\/football-prepa-mondial-2022-voici-le-onze-de-depart-des-lions-face-a-louzbekistan-avec-nkoulou-et-mandjeck\"},\"wordCount\":168,\"commentCount\":0,\"image\":{\"@id\":\"https:\/\/www.africa-press.net\/cameroun\/sports\/football-prepa-mondial-2022-voici-le-onze-de-depart-des-lions-face-a-louzbekistan-avec-nkoulou-et-mandjeck#primaryimage\"},\"thumbnailUrl\":\"https:\/\/static.africa-press.net\/cameroun\/sites\/57\/2022\/09\/img-632e2696eb415.jpg\",\"keywords\":[\"Africa Press\",\"Africa Press-Cameroun\",\"Cameroun\"],\"articleSection\":[\"Sports\",\"Toutes les actualit\u00e9s\"],\"inLanguage\":\"fr-FR\",\"potentialAction\":[{\"@type\":\"CommentAction\",\"name\":\"Comment\",\"target\":[\"https:\/\/www.africa-press.net\/cameroun\/sports\/football-prepa-mondial-2022-voici-le-onze-de-depart-des-lions-face-a-louzbekistan-avec-nkoulou-et-mandjeck#respond\"]}]},{\"@type\":\"WebPage\",\"@id\":\"https:\/\/www.africa-press.net\/cameroun\/sports\/football-prepa-mondial-2022-voici-le-onze-de-depart-des-lions-face-a-louzbekistan-avec-nkoulou-et-mandjeck\",\"url\":\"https:\/\/www.africa-press.net\/cameroun\/sports\/football-prepa-mondial-2022-voici-le-onze-de-depart-des-lions-face-a-louzbekistan-avec-nkoulou-et-mandjeck\",\"name\":\"Football\/Prepa. Mondial 2022\u00a0: Voici le onze de d\u00e9part des Lions face \u00e0 l\u2019Ouzb\u00e9kistan avec Nkoulou et Mandjeck - Cameroun\",\"isPartOf\":{\"@id\":\"https:\/\/www.africa-press.net\/cameroun\/#website\"},\"primaryImageOfPage\":{\"@id\":\"https:\/\/www.africa-press.net\/cameroun\/sports\/football-prepa-mondial-2022-voici-le-onze-de-depart-des-lions-face-a-louzbekistan-avec-nkoulou-et-mandjeck#primaryimage\"},\"image\":{\"@id\":\"https:\/\/www.africa-press.net\/cameroun\/sports\/football-prepa-mondial-2022-voici-le-onze-de-depart-des-lions-face-a-louzbekistan-avec-nkoulou-et-mandjeck#primaryimage\"},\"thumbnailUrl\":\"https:\/\/static.africa-press.net\/cameroun\/sites\/57\/2022\/09\/img-632e2696eb415.jpg\",\"datePublished\":\"2022-09-23T18:45:26+00:00\",\"dateModified\":\"2022-09-23T22:22:38+00:00\",\"author\":{\"@id\":\"https:\/\/www.africa-press.net\/cameroun\/#\/schema\/person\/2b1cf3cd81a31e3cd26889ca66d677f1\"},\"description\":\"Une heure avant le coup d\u2019envoi de la premie\u0300re rencontre amicale qui oppose les Lions indomptables du Cameroun a\u0300 l\u2019Ouz ...\",\"breadcrumb\":{\"@id\":\"https:\/\/www.africa-press.net\/cameroun\/sports\/football-prepa-mondial-2022-voici-le-onze-de-depart-des-lions-face-a-louzbekistan-avec-nkoulou-et-mandjeck#breadcrumb\"},\"inLanguage\":\"fr-FR\",\"potentialAction\":[{\"@type\":\"ReadAction\",\"target\":[\"https:\/\/www.africa-press.net\/cameroun\/sports\/football-prepa-mondial-2022-voici-le-onze-de-depart-des-lions-face-a-louzbekistan-avec-nkoulou-et-mandjeck\"]}]},{\"@type\":\"ImageObject\",\"inLanguage\":\"fr-FR\",\"@id\":\"https:\/\/www.africa-press.net\/cameroun\/sports\/football-prepa-mondial-2022-voici-le-onze-de-depart-des-lions-face-a-louzbekistan-avec-nkoulou-et-mandjeck#primaryimage\",\"url\":\"https:\/\/static.africa-press.net\/cameroun\/sites\/57\/2022\/09\/img-632e2696eb415.jpg\",\"contentUrl\":\"https:\/\/static.africa-press.net\/cameroun\/sites\/57\/2022\/09\/img-632e2696eb415.jpg\",\"width\":800,\"height\":494,\"caption\":\"Football\/Prepa. Mondial 2022\u00a0: Voici le onze de d\u00e9part des Lions face \u00e0 l\u2019Ouzb\u00e9kistan avec Nkoulou et Mandjeck\"},{\"@type\":\"BreadcrumbList\",\"@id\":\"https:\/\/www.africa-press.net\/cameroun\/sports\/football-prepa-mondial-2022-voici-le-onze-de-depart-des-lions-face-a-louzbekistan-avec-nkoulou-et-mandjeck#breadcrumb\",\"itemListElement\":[{\"@type\":\"ListItem\",\"position\":1,\"name\":\"Accueil\",\"item\":\"https:\/\/www.africa-press.net\/cameroun\/\"},{\"@type\":\"ListItem\",\"position\":2,\"name\":\"Football\/Prepa. Mondial 2022\u00a0: Voici le onze de d\u00e9part des Lions face \u00e0 l\u2019Ouzb\u00e9kistan avec Nkoulou et Mandjeck\"}]},{\"@type\":\"WebSite\",\"@id\":\"https:\/\/www.africa-press.net\/cameroun\/#website\",\"url\":\"https:\/\/www.africa-press.net\/cameroun\/\",\"name\":\"Cameroun\",\"description\":\"Just another Africa News Agency Sites site\",\"potentialAction\":[{\"@type\":\"SearchAction\",\"target\":{\"@type\":\"EntryPoint\",\"urlTemplate\":\"https:\/\/www.africa-press.net\/cameroun\/?s={search_term_string}\"},\"query-input\":{\"@type\":\"PropertyValueSpecification\",\"valueRequired\":true,\"valueName\":\"search_term_string\"}}],\"inLanguage\":\"fr-FR\"},{\"@type\":\"Person\",\"@id\":\"https:\/\/www.africa-press.net\/cameroun\/#\/schema\/person\/2b1cf3cd81a31e3cd26889ca66d677f1\",\"name\":\"cfeditorfr\"}]}<\/script>\n<!-- \/ Yoast SEO Premium plugin. -->","yoast_head_json":{"title":"Football\/Prepa. Mondial 2022\u00a0: Voici le onze de d\u00e9part des Lions face \u00e0 l\u2019Ouzb\u00e9kistan avec Nkoulou et Mandjeck - Cameroun","description":"Une heure avant le coup d\u2019envoi de la premie\u0300re rencontre amicale qui oppose les Lions indomptables du Cameroun a\u0300 l\u2019Ouz ...","robots":{"index":"index","follow":"follow","max-snippet":"max-snippet:-1","max-image-preview":"max-image-preview:large","max-video-preview":"max-video-preview:-1"},"canonical":"https:\/\/www.africa-press.net\/cameroun\/sports\/football-prepa-mondial-2022-voici-le-onze-de-depart-des-lions-face-a-louzbekistan-avec-nkoulou-et-mandjeck","og_locale":"fr_FR","og_type":"article","og_title":"Football\/Prepa. Mondial 2022\u00a0: Voici le onze de d\u00e9part des Lions face \u00e0 l\u2019Ouzb\u00e9kistan avec Nkoulou et Mandjeck","og_description":"Une heure avant le coup d\u2019envoi de la premie\u0300re rencontre amicale qui oppose les Lions indomptables du Cameroun a\u0300 l\u2019Ouz ...","og_url":"https:\/\/www.africa-press.net\/cameroun\/sports\/football-prepa-mondial-2022-voici-le-onze-de-depart-des-lions-face-a-louzbekistan-avec-nkoulou-et-mandjeck","og_site_name":"Cameroun","article_published_time":"2022-09-23T18:45:26+00:00","article_modified_time":"2022-09-23T22:22:38+00:00","og_image":[{"width":800,"height":494,"url":"https:\/\/static.africa-press.net\/cameroun\/sites\/57\/2022\/09\/img-632e2696eb415.jpg","type":"image\/jpeg"}],"author":"cfeditorfr","twitter_card":"summary_large_image","twitter_misc":{"\u00c9crit par":"cfeditorfr","Dur\u00e9e de lecture estim\u00e9e":"1 minute"},"schema":{"@context":"https:\/\/schema.org","@graph":[{"@type":"Article","@id":"https:\/\/www.africa-press.net\/cameroun\/sports\/football-prepa-mondial-2022-voici-le-onze-de-depart-des-lions-face-a-louzbekistan-avec-nkoulou-et-mandjeck#article","isPartOf":{"@id":"https:\/\/www.africa-press.net\/cameroun\/sports\/football-prepa-mondial-2022-voici-le-onze-de-depart-des-lions-face-a-louzbekistan-avec-nkoulou-et-mandjeck"},"author":{"name":"cfeditorfr","@id":"https:\/\/www.africa-press.net\/cameroun\/#\/schema\/person\/2b1cf3cd81a31e3cd26889ca66d677f1"},"headline":"Football\/Prepa. Mondial 2022\u00a0: Voici le onze de d\u00e9part des Lions face \u00e0 l\u2019Ouzb\u00e9kistan avec Nkoulou et Mandjeck","datePublished":"2022-09-23T18:45:26+00:00","dateModified":"2022-09-23T22:22:38+00:00","mainEntityOfPage":{"@id":"https:\/\/www.africa-press.net\/cameroun\/sports\/football-prepa-mondial-2022-voici-le-onze-de-depart-des-lions-face-a-louzbekistan-avec-nkoulou-et-mandjeck"},"wordCount":168,"commentCount":0,"image":{"@id":"https:\/\/www.africa-press.net\/cameroun\/sports\/football-prepa-mondial-2022-voici-le-onze-de-depart-des-lions-face-a-louzbekistan-avec-nkoulou-et-mandjeck#primaryimage"},"thumbnailUrl":"https:\/\/static.africa-press.net\/cameroun\/sites\/57\/2022\/09\/img-632e2696eb415.jpg","keywords":["Africa Press","Africa Press-Cameroun","Cameroun"],"articleSection":["Sports","Toutes les actualit\u00e9s"],"inLanguage":"fr-FR","potentialAction":[{"@type":"CommentAction","name":"Comment","target":["https:\/\/www.africa-press.net\/cameroun\/sports\/football-prepa-mondial-2022-voici-le-onze-de-depart-des-lions-face-a-louzbekistan-avec-nkoulou-et-mandjeck#respond"]}]},{"@type":"WebPage","@id":"https:\/\/www.africa-press.net\/cameroun\/sports\/football-prepa-mondial-2022-voici-le-onze-de-depart-des-lions-face-a-louzbekistan-avec-nkoulou-et-mandjeck","url":"https:\/\/www.africa-press.net\/cameroun\/sports\/football-prepa-mondial-2022-voici-le-onze-de-depart-des-lions-face-a-louzbekistan-avec-nkoulou-et-mandjeck","name":"Football\/Prepa. Mondial 2022\u00a0: Voici le onze de d\u00e9part des Lions face \u00e0 l\u2019Ouzb\u00e9kistan avec Nkoulou et Mandjeck - Cameroun","isPartOf":{"@id":"https:\/\/www.africa-press.net\/cameroun\/#website"},"primaryImageOfPage":{"@id":"https:\/\/www.africa-press.net\/cameroun\/sports\/football-prepa-mondial-2022-voici-le-onze-de-depart-des-lions-face-a-louzbekistan-avec-nkoulou-et-mandjeck#primaryimage"},"image":{"@id":"https:\/\/www.africa-press.net\/cameroun\/sports\/football-prepa-mondial-2022-voici-le-onze-de-depart-des-lions-face-a-louzbekistan-avec-nkoulou-et-mandjeck#primaryimage"},"thumbnailUrl":"https:\/\/static.africa-press.net\/cameroun\/sites\/57\/2022\/09\/img-632e2696eb415.jpg","datePublished":"2022-09-23T18:45:26+00:00","dateModified":"2022-09-23T22:22:38+00:00","author":{"@id":"https:\/\/www.africa-press.net\/cameroun\/#\/schema\/person\/2b1cf3cd81a31e3cd26889ca66d677f1"},"description":"Une heure avant le coup d\u2019envoi de la premie\u0300re rencontre amicale qui oppose les Lions indomptables du Cameroun a\u0300 l\u2019Ouz ...","breadcrumb":{"@id":"https:\/\/www.africa-press.net\/cameroun\/sports\/football-prepa-mondial-2022-voici-le-onze-de-depart-des-lions-face-a-louzbekistan-avec-nkoulou-et-mandjeck#breadcrumb"},"inLanguage":"fr-FR","potentialAction":[{"@type":"ReadAction","target":["https:\/\/www.africa-press.net\/cameroun\/sports\/football-prepa-mondial-2022-voici-le-onze-de-depart-des-lions-face-a-louzbekistan-avec-nkoulou-et-mandjeck"]}]},{"@type":"ImageObject","inLanguage":"fr-FR","@id":"https:\/\/www.africa-press.net\/cameroun\/sports\/football-prepa-mondial-2022-voici-le-onze-de-depart-des-lions-face-a-louzbekistan-avec-nkoulou-et-mandjeck#primaryimage","url":"https:\/\/static.africa-press.net\/cameroun\/sites\/57\/2022\/09\/img-632e2696eb415.jpg","contentUrl":"https:\/\/static.africa-press.net\/cameroun\/sites\/57\/2022\/09\/img-632e2696eb415.jpg","width":800,"height":494,"caption":"Football\/Prepa. Mondial 2022\u00a0: Voici le onze de d\u00e9part des Lions face \u00e0 l\u2019Ouzb\u00e9kistan avec Nkoulou et Mandjeck"},{"@type":"BreadcrumbList","@id":"https:\/\/www.africa-press.net\/cameroun\/sports\/football-prepa-mondial-2022-voici-le-onze-de-depart-des-lions-face-a-louzbekistan-avec-nkoulou-et-mandjeck#breadcrumb","itemListElement":[{"@type":"ListItem","position":1,"name":"Accueil","item":"https:\/\/www.africa-press.net\/cameroun\/"},{"@type":"ListItem","position":2,"name":"Football\/Prepa. Mondial 2022\u00a0: Voici le onze de d\u00e9part des Lions face \u00e0 l\u2019Ouzb\u00e9kistan avec Nkoulou et Mandjeck"}]},{"@type":"WebSite","@id":"https:\/\/www.africa-press.net\/cameroun\/#website","url":"https:\/\/www.africa-press.net\/cameroun\/","name":"Cameroun","description":"Just another Africa News Agency Sites site","potentialAction":[{"@type":"SearchAction","target":{"@type":"EntryPoint","urlTemplate":"https:\/\/www.africa-press.net\/cameroun\/?s={search_term_string}"},"query-input":{"@type":"PropertyValueSpecification","valueRequired":true,"valueName":"search_term_string"}}],"inLanguage":"fr-FR"},{"@type":"Person","@id":"https:\/\/www.africa-press.net\/cameroun\/#\/schema\/person\/2b1cf3cd81a31e3cd26889ca66d677f1","name":"cfeditorfr"}]}},"_links":{"self":[{"href":"https:\/\/www.africa-press.net\/cameroun\/wp-json\/wp\/v2\/posts\/27979","targetHints":{"allow":["GET"]}}],"collection":[{"href":"https:\/\/www.africa-press.net\/cameroun\/wp-json\/wp\/v2\/posts"}],"about":[{"href":"https:\/\/www.africa-press.net\/cameroun\/wp-json\/wp\/v2\/types\/post"}],"author":[{"embeddable":true,"href":"https:\/\/www.africa-press.net\/cameroun\/wp-json\/wp\/v2\/users\/82"}],"replies":[{"embeddable":true,"href":"https:\/\/www.africa-press.net\/cameroun\/wp-json\/wp\/v2\/comments?post=27979"}],"version-history":[{"count":0,"href":"https:\/\/www.africa-press.net\/cameroun\/wp-json\/wp\/v2\/posts\/27979\/revisions"}],"wp:featuredmedia":[{"embeddable":true,"href":"https:\/\/www.africa-press.net\/cameroun\/wp-json\/wp\/v2\/media\/27978"}],"wp:attachment":[{"href":"https:\/\/www.africa-press.net\/cameroun\/wp-json\/wp\/v2\/media?parent=27979"}],"wp:term":[{"taxonomy":"category","embeddable":true,"href":"https:\/\/www.africa-press.net\/cameroun\/wp-json\/wp\/v2\/categories?post=27979"},{"taxonomy":"post_tag","embeddable":true,"href":"https:\/\/www.africa-press.net\/cameroun\/wp-json\/wp\/v2\/tags?post=27979"}],"curies":[{"name":"wp","href":"https:\/\/api.w.org\/{rel}","templated":true}]}}