{"id":27988,"date":"2022-09-23T19:06:06","date_gmt":"2022-09-23T19:06:06","guid":{"rendered":"https:\/\/www.africa-press.net\/cameroun\/politique\/obseques-dananga-messina-le-cabinet-civil-de-la-presidence-tranche-la-defunte-ministre-sera-inhumee-a-zima-centre-en-presence-de-joseph-dion-ngute"},"modified":"2022-09-23T21:37:23","modified_gmt":"2022-09-23T21:37:23","slug":"obseques-dananga-messina-le-cabinet-civil-de-la-presidence-tranche-la-defunte-ministre-sera-inhumee-a-zima-centre-en-presence-de-joseph-dion-ngute","status":"publish","type":"post","link":"https:\/\/www.africa-press.net\/cameroun\/politique\/obseques-dananga-messina-le-cabinet-civil-de-la-presidence-tranche-la-defunte-ministre-sera-inhumee-a-zima-centre-en-presence-de-joseph-dion-ngute","title":{"rendered":"Obs\u00e8ques d\u2019Ananga Messina: Le Cabinet civil de la pr\u00e9sidence tranche, la d\u00e9funte ministre sera inhum\u00e9e \u00e0 Zima (Centre) en pr\u00e9sence de Joseph Dion Ngute"},"content":{"rendered":"<p><span style=\"color: #ff6600\"><strong>Africa-Press &#8211; Cameroun. <\/strong><\/span>La ministre de\u0301le\u0301gue\u0301e aupre\u0300s du ministre de l\u2019Agriculture et du De\u0301veloppement Rural, Cle\u0301mentine Ananga Messina, de\u0301ce\u0301de\u0301e le 5 aou\u0302t 2022 en Turquie, puis rapatrie\u0301e au Cameroun le 11 aou\u0302t 2022, entame son dernier voyage de\u0300s ce vendredi 23 septembre 2022. Sa de\u0301pouille sera leve\u0301e en matine\u0301e a\u0300 l\u2019ho\u0302pital ge\u0301ne\u0301ral de Yaounde\u0301, selon le programme officiel des obse\u0300ques, puis suivra une ce\u0301le\u0301bration eucharistique a\u0300 la Basilique Marie Reine des Apo\u0302tres de Mvolye\u0301. En en fin d\u2019apre\u0300s-midi, le corte\u0300ge fune\u0300bre sera transfe\u0301re\u0301 a\u0300 Zima, par Obala dans le de\u0301partement de la Lekie\u0301, re\u0301gion du Centre. C\u2019est dans cette localite\u0301 que vont se poursuivre les obse\u0300ques de l\u2019ancienne ministre.<\/p>\n<p>C\u2019est finalement a\u0300 Zima qu\u2019elle sera inhume\u0301e, ainsi en a de\u0301cide\u0301 le directeur du cabinet civil, Samuel Mvondo Ayolo, qui avait e\u0301te\u0301 alerte\u0301 dans une lettre date\u0301e du 28 aou\u0302t 2022 par la fille de la de\u0301funte, Jacqueline Christelle Messina, d\u2019un conflit familial avec son pe\u0300re, Pierre Ananga Messina, sur le lieu de l\u2019enterrement de la ministre. \u00ab Bien que la concession familiale (lieu choisi par la de\u0301funte) dispose de suffisamment d\u2019espace (expertise d\u2019un architecte a\u0300 l\u2019appui), son e\u0301poux, notre papa, a de\u0301cide\u0301 pour des raisons qui nous e\u0301chappent de l\u2019inhumer dans son champs de manioc, un terrain vague expose\u0301 aux profanations de tous ordre avec pour seul argument des promesses d\u2019investissement a\u0300 une e\u0301che\u0301ance incertaine \u00bb, de\u0301chantait Jacqueline Christelle Messina, qui avait sur ces entrefaites sollicite\u0301 la \u00ab bienveillance \u00bb de Samuel Mvondo Ayolo pour trancher sur ce bras de fer.<\/p>\n<p>Le directeur du cabinet civil a donc donne\u0301 raison aux enfants, honorant ainsi la volonte\u0301 de Cle\u0301mentine Ananga Messina d\u2019e\u0302tre enterre\u0301e au domicile familial a\u0300 Zima. Le premier ministre prendra part a\u0300 ces obse\u0300ques, en tant que repre\u0301sentant personnel du chef de l\u2019Etat Paul Biya, a indique\u0301 le cabinet civil dans un communique\u0301 signe\u0301 le jeudi 22 septembre par Samuel Mvondo Ayolo.<\/p>\n<p><strong>Pour plus d&rsquo;informations et d&rsquo;analyses sur la <a href=\"https:\/\/www.africa-press.net\/cameroun\">Cameroun<\/a>, suivez <a href=\"https:\/\/www.africa-press.net\/\">Africa-Press<\/a><\/strong><\/p>\n","protected":false},"excerpt":{"rendered":"<p>Africa-Press &#8211; Cameroun. La ministre de\u0301le\u0301gue\u0301e aupre\u0300s du ministre de l\u2019Agriculture et du De\u0301veloppement Rural, Cle\u0301mentine Ananga Messina, de\u0301ce\u0301de\u0301e le 5 aou\u0302t 2022 en Turquie, puis rapatrie\u0301e au Cameroun le 11 aou\u0302t 2022, entame son dernier voyage de\u0300s ce vendredi 23 septembre 2022. Sa de\u0301pouille sera leve\u0301e en matine\u0301e a\u0300 l\u2019ho\u0302pital ge\u0301ne\u0301ral de Yaounde\u0301, selon [&hellip;]<\/p>\n","protected":false},"author":82,"featured_media":27987,"comment_status":"open","ping_status":"closed","sticky":false,"template":"","format":"standard","meta":{"footnotes":""},"categories":[2,10],"tags":[36,50,49],"class_list":["post-27988","post","type-post","status-publish","format-standard","has-post-thumbnail","hentry","category-politique","category-toutes-les-actualites","tag-africa-press","tag-africa-press-cameroun","tag-cameroun"],"yoast_head":"<!-- This site is optimized with the Yoast SEO Premium plugin v26.1 (Yoast SEO v27.0) - https:\/\/yoast.com\/product\/yoast-seo-premium-wordpress\/ -->\n<title>Obs\u00e8ques d\u2019Ananga Messina: Le Cabinet civil de la pr\u00e9sidence tranche, la d\u00e9funte ministre sera inhum\u00e9e \u00e0 Zima (Centre) en pr\u00e9sence de Joseph Dion Ngute - Cameroun<\/title>\n<meta name=\"description\" content=\"La ministre de\u0301le\u0301gue\u0301e aupre\u0300s du ministre de l\u2019Agriculture et du De\u0301veloppement Rural, Cle\u0301mentine Ananga Messina, de\u0301 ...\" \/>\n<meta name=\"robots\" content=\"index, follow, max-snippet:-1, max-image-preview:large, max-video-preview:-1\" \/>\n<link rel=\"canonical\" href=\"https:\/\/www.africa-press.net\/cameroun\/politique\/obseques-dananga-messina-le-cabinet-civil-de-la-presidence-tranche-la-defunte-ministre-sera-inhumee-a-zima-centre-en-presence-de-joseph-dion-ngute\" \/>\n<meta property=\"og:locale\" content=\"fr_FR\" \/>\n<meta property=\"og:type\" content=\"article\" \/>\n<meta property=\"og:title\" content=\"Obs\u00e8ques d\u2019Ananga Messina: Le Cabinet civil de la pr\u00e9sidence tranche, la d\u00e9funte ministre sera inhum\u00e9e \u00e0 Zima (Centre) en pr\u00e9sence de Joseph Dion Ngute\" \/>\n<meta property=\"og:description\" content=\"La ministre de\u0301le\u0301gue\u0301e aupre\u0300s du ministre de l\u2019Agriculture et du De\u0301veloppement Rural, Cle\u0301mentine Ananga Messina, de\u0301 ...\" \/>\n<meta property=\"og:url\" content=\"https:\/\/www.africa-press.net\/cameroun\/politique\/obseques-dananga-messina-le-cabinet-civil-de-la-presidence-tranche-la-defunte-ministre-sera-inhumee-a-zima-centre-en-presence-de-joseph-dion-ngute\" \/>\n<meta property=\"og:site_name\" content=\"Cameroun\" \/>\n<meta property=\"article:published_time\" content=\"2022-09-23T19:06:06+00:00\" \/>\n<meta property=\"article:modified_time\" content=\"2022-09-23T21:37:23+00:00\" \/>\n<meta property=\"og:image\" content=\"https:\/\/static.africa-press.net\/cameroun\/sites\/57\/2022\/09\/img-632e26fbf1414.jpg\" \/>\n\t<meta property=\"og:image:width\" content=\"800\" \/>\n\t<meta property=\"og:image:height\" content=\"560\" \/>\n\t<meta property=\"og:image:type\" content=\"image\/jpeg\" \/>\n<meta name=\"author\" content=\"cfeditorfr\" \/>\n<meta name=\"twitter:card\" content=\"summary_large_image\" \/>\n<meta name=\"twitter:label1\" content=\"\u00c9crit par\" \/>\n\t<meta name=\"twitter:data1\" content=\"cfeditorfr\" \/>\n\t<meta name=\"twitter:label2\" content=\"Dur\u00e9e de lecture estim\u00e9e\" \/>\n\t<meta name=\"twitter:data2\" content=\"2 minutes\" \/>\n<script type=\"application\/ld+json\" class=\"yoast-schema-graph\">{\"@context\":\"https:\/\/schema.org\",\"@graph\":[{\"@type\":\"Article\",\"@id\":\"https:\/\/www.africa-press.net\/cameroun\/politique\/obseques-dananga-messina-le-cabinet-civil-de-la-presidence-tranche-la-defunte-ministre-sera-inhumee-a-zima-centre-en-presence-de-joseph-dion-ngute#article\",\"isPartOf\":{\"@id\":\"https:\/\/www.africa-press.net\/cameroun\/politique\/obseques-dananga-messina-le-cabinet-civil-de-la-presidence-tranche-la-defunte-ministre-sera-inhumee-a-zima-centre-en-presence-de-joseph-dion-ngute\"},\"author\":{\"name\":\"cfeditorfr\",\"@id\":\"https:\/\/www.africa-press.net\/cameroun\/#\/schema\/person\/2b1cf3cd81a31e3cd26889ca66d677f1\"},\"headline\":\"Obs\u00e8ques d\u2019Ananga Messina: Le Cabinet civil de la pr\u00e9sidence tranche, la d\u00e9funte ministre sera inhum\u00e9e \u00e0 Zima (Centre) en pr\u00e9sence de Joseph Dion Ngute\",\"datePublished\":\"2022-09-23T19:06:06+00:00\",\"dateModified\":\"2022-09-23T21:37:23+00:00\",\"mainEntityOfPage\":{\"@id\":\"https:\/\/www.africa-press.net\/cameroun\/politique\/obseques-dananga-messina-le-cabinet-civil-de-la-presidence-tranche-la-defunte-ministre-sera-inhumee-a-zima-centre-en-presence-de-joseph-dion-ngute\"},\"wordCount\":406,\"commentCount\":0,\"image\":{\"@id\":\"https:\/\/www.africa-press.net\/cameroun\/politique\/obseques-dananga-messina-le-cabinet-civil-de-la-presidence-tranche-la-defunte-ministre-sera-inhumee-a-zima-centre-en-presence-de-joseph-dion-ngute#primaryimage\"},\"thumbnailUrl\":\"https:\/\/static.africa-press.net\/cameroun\/sites\/57\/2022\/09\/img-632e26fbf1414.jpg\",\"keywords\":[\"Africa Press\",\"Africa Press-Cameroun\",\"Cameroun\"],\"articleSection\":[\"Politique\",\"Toutes les actualit\u00e9s\"],\"inLanguage\":\"fr-FR\",\"potentialAction\":[{\"@type\":\"CommentAction\",\"name\":\"Comment\",\"target\":[\"https:\/\/www.africa-press.net\/cameroun\/politique\/obseques-dananga-messina-le-cabinet-civil-de-la-presidence-tranche-la-defunte-ministre-sera-inhumee-a-zima-centre-en-presence-de-joseph-dion-ngute#respond\"]}]},{\"@type\":\"WebPage\",\"@id\":\"https:\/\/www.africa-press.net\/cameroun\/politique\/obseques-dananga-messina-le-cabinet-civil-de-la-presidence-tranche-la-defunte-ministre-sera-inhumee-a-zima-centre-en-presence-de-joseph-dion-ngute\",\"url\":\"https:\/\/www.africa-press.net\/cameroun\/politique\/obseques-dananga-messina-le-cabinet-civil-de-la-presidence-tranche-la-defunte-ministre-sera-inhumee-a-zima-centre-en-presence-de-joseph-dion-ngute\",\"name\":\"Obs\u00e8ques d\u2019Ananga Messina: Le Cabinet civil de la pr\u00e9sidence tranche, la d\u00e9funte ministre sera inhum\u00e9e \u00e0 Zima (Centre) en pr\u00e9sence de Joseph Dion Ngute - Cameroun\",\"isPartOf\":{\"@id\":\"https:\/\/www.africa-press.net\/cameroun\/#website\"},\"primaryImageOfPage\":{\"@id\":\"https:\/\/www.africa-press.net\/cameroun\/politique\/obseques-dananga-messina-le-cabinet-civil-de-la-presidence-tranche-la-defunte-ministre-sera-inhumee-a-zima-centre-en-presence-de-joseph-dion-ngute#primaryimage\"},\"image\":{\"@id\":\"https:\/\/www.africa-press.net\/cameroun\/politique\/obseques-dananga-messina-le-cabinet-civil-de-la-presidence-tranche-la-defunte-ministre-sera-inhumee-a-zima-centre-en-presence-de-joseph-dion-ngute#primaryimage\"},\"thumbnailUrl\":\"https:\/\/static.africa-press.net\/cameroun\/sites\/57\/2022\/09\/img-632e26fbf1414.jpg\",\"datePublished\":\"2022-09-23T19:06:06+00:00\",\"dateModified\":\"2022-09-23T21:37:23+00:00\",\"author\":{\"@id\":\"https:\/\/www.africa-press.net\/cameroun\/#\/schema\/person\/2b1cf3cd81a31e3cd26889ca66d677f1\"},\"description\":\"La ministre de\u0301le\u0301gue\u0301e aupre\u0300s du ministre de l\u2019Agriculture et du De\u0301veloppement Rural, Cle\u0301mentine Ananga Messina, de\u0301 ...\",\"breadcrumb\":{\"@id\":\"https:\/\/www.africa-press.net\/cameroun\/politique\/obseques-dananga-messina-le-cabinet-civil-de-la-presidence-tranche-la-defunte-ministre-sera-inhumee-a-zima-centre-en-presence-de-joseph-dion-ngute#breadcrumb\"},\"inLanguage\":\"fr-FR\",\"potentialAction\":[{\"@type\":\"ReadAction\",\"target\":[\"https:\/\/www.africa-press.net\/cameroun\/politique\/obseques-dananga-messina-le-cabinet-civil-de-la-presidence-tranche-la-defunte-ministre-sera-inhumee-a-zima-centre-en-presence-de-joseph-dion-ngute\"]}]},{\"@type\":\"ImageObject\",\"inLanguage\":\"fr-FR\",\"@id\":\"https:\/\/www.africa-press.net\/cameroun\/politique\/obseques-dananga-messina-le-cabinet-civil-de-la-presidence-tranche-la-defunte-ministre-sera-inhumee-a-zima-centre-en-presence-de-joseph-dion-ngute#primaryimage\",\"url\":\"https:\/\/static.africa-press.net\/cameroun\/sites\/57\/2022\/09\/img-632e26fbf1414.jpg\",\"contentUrl\":\"https:\/\/static.africa-press.net\/cameroun\/sites\/57\/2022\/09\/img-632e26fbf1414.jpg\",\"width\":800,\"height\":560,\"caption\":\"Obs\u00e8ques d\u2019Ananga Messina: Le Cabinet civil de la pr\u00e9sidence tranche, la d\u00e9funte ministre sera inhum\u00e9e \u00e0 Zima (Centre) en pr\u00e9sence de Joseph Dion Ngute\"},{\"@type\":\"BreadcrumbList\",\"@id\":\"https:\/\/www.africa-press.net\/cameroun\/politique\/obseques-dananga-messina-le-cabinet-civil-de-la-presidence-tranche-la-defunte-ministre-sera-inhumee-a-zima-centre-en-presence-de-joseph-dion-ngute#breadcrumb\",\"itemListElement\":[{\"@type\":\"ListItem\",\"position\":1,\"name\":\"Accueil\",\"item\":\"https:\/\/www.africa-press.net\/cameroun\/\"},{\"@type\":\"ListItem\",\"position\":2,\"name\":\"Obs\u00e8ques d\u2019Ananga Messina: Le Cabinet civil de la pr\u00e9sidence tranche, la d\u00e9funte ministre sera inhum\u00e9e \u00e0 Zima (Centre) en pr\u00e9sence de Joseph Dion Ngute\"}]},{\"@type\":\"WebSite\",\"@id\":\"https:\/\/www.africa-press.net\/cameroun\/#website\",\"url\":\"https:\/\/www.africa-press.net\/cameroun\/\",\"name\":\"Cameroun\",\"description\":\"Just another Africa News Agency Sites site\",\"potentialAction\":[{\"@type\":\"SearchAction\",\"target\":{\"@type\":\"EntryPoint\",\"urlTemplate\":\"https:\/\/www.africa-press.net\/cameroun\/?s={search_term_string}\"},\"query-input\":{\"@type\":\"PropertyValueSpecification\",\"valueRequired\":true,\"valueName\":\"search_term_string\"}}],\"inLanguage\":\"fr-FR\"},{\"@type\":\"Person\",\"@id\":\"https:\/\/www.africa-press.net\/cameroun\/#\/schema\/person\/2b1cf3cd81a31e3cd26889ca66d677f1\",\"name\":\"cfeditorfr\"}]}<\/script>\n<!-- \/ Yoast SEO Premium plugin. -->","yoast_head_json":{"title":"Obs\u00e8ques d\u2019Ananga Messina: Le Cabinet civil de la pr\u00e9sidence tranche, la d\u00e9funte ministre sera inhum\u00e9e \u00e0 Zima (Centre) en pr\u00e9sence de Joseph Dion Ngute - Cameroun","description":"La ministre de\u0301le\u0301gue\u0301e aupre\u0300s du ministre de l\u2019Agriculture et du De\u0301veloppement Rural, Cle\u0301mentine Ananga Messina, de\u0301 ...","robots":{"index":"index","follow":"follow","max-snippet":"max-snippet:-1","max-image-preview":"max-image-preview:large","max-video-preview":"max-video-preview:-1"},"canonical":"https:\/\/www.africa-press.net\/cameroun\/politique\/obseques-dananga-messina-le-cabinet-civil-de-la-presidence-tranche-la-defunte-ministre-sera-inhumee-a-zima-centre-en-presence-de-joseph-dion-ngute","og_locale":"fr_FR","og_type":"article","og_title":"Obs\u00e8ques d\u2019Ananga Messina: Le Cabinet civil de la pr\u00e9sidence tranche, la d\u00e9funte ministre sera inhum\u00e9e \u00e0 Zima (Centre) en pr\u00e9sence de Joseph Dion Ngute","og_description":"La ministre de\u0301le\u0301gue\u0301e aupre\u0300s du ministre de l\u2019Agriculture et du De\u0301veloppement Rural, Cle\u0301mentine Ananga Messina, de\u0301 ...","og_url":"https:\/\/www.africa-press.net\/cameroun\/politique\/obseques-dananga-messina-le-cabinet-civil-de-la-presidence-tranche-la-defunte-ministre-sera-inhumee-a-zima-centre-en-presence-de-joseph-dion-ngute","og_site_name":"Cameroun","article_published_time":"2022-09-23T19:06:06+00:00","article_modified_time":"2022-09-23T21:37:23+00:00","og_image":[{"width":800,"height":560,"url":"https:\/\/static.africa-press.net\/cameroun\/sites\/57\/2022\/09\/img-632e26fbf1414.jpg","type":"image\/jpeg"}],"author":"cfeditorfr","twitter_card":"summary_large_image","twitter_misc":{"\u00c9crit par":"cfeditorfr","Dur\u00e9e de lecture estim\u00e9e":"2 minutes"},"schema":{"@context":"https:\/\/schema.org","@graph":[{"@type":"Article","@id":"https:\/\/www.africa-press.net\/cameroun\/politique\/obseques-dananga-messina-le-cabinet-civil-de-la-presidence-tranche-la-defunte-ministre-sera-inhumee-a-zima-centre-en-presence-de-joseph-dion-ngute#article","isPartOf":{"@id":"https:\/\/www.africa-press.net\/cameroun\/politique\/obseques-dananga-messina-le-cabinet-civil-de-la-presidence-tranche-la-defunte-ministre-sera-inhumee-a-zima-centre-en-presence-de-joseph-dion-ngute"},"author":{"name":"cfeditorfr","@id":"https:\/\/www.africa-press.net\/cameroun\/#\/schema\/person\/2b1cf3cd81a31e3cd26889ca66d677f1"},"headline":"Obs\u00e8ques d\u2019Ananga Messina: Le Cabinet civil de la pr\u00e9sidence tranche, la d\u00e9funte ministre sera inhum\u00e9e \u00e0 Zima (Centre) en pr\u00e9sence de Joseph Dion Ngute","datePublished":"2022-09-23T19:06:06+00:00","dateModified":"2022-09-23T21:37:23+00:00","mainEntityOfPage":{"@id":"https:\/\/www.africa-press.net\/cameroun\/politique\/obseques-dananga-messina-le-cabinet-civil-de-la-presidence-tranche-la-defunte-ministre-sera-inhumee-a-zima-centre-en-presence-de-joseph-dion-ngute"},"wordCount":406,"commentCount":0,"image":{"@id":"https:\/\/www.africa-press.net\/cameroun\/politique\/obseques-dananga-messina-le-cabinet-civil-de-la-presidence-tranche-la-defunte-ministre-sera-inhumee-a-zima-centre-en-presence-de-joseph-dion-ngute#primaryimage"},"thumbnailUrl":"https:\/\/static.africa-press.net\/cameroun\/sites\/57\/2022\/09\/img-632e26fbf1414.jpg","keywords":["Africa Press","Africa Press-Cameroun","Cameroun"],"articleSection":["Politique","Toutes les actualit\u00e9s"],"inLanguage":"fr-FR","potentialAction":[{"@type":"CommentAction","name":"Comment","target":["https:\/\/www.africa-press.net\/cameroun\/politique\/obseques-dananga-messina-le-cabinet-civil-de-la-presidence-tranche-la-defunte-ministre-sera-inhumee-a-zima-centre-en-presence-de-joseph-dion-ngute#respond"]}]},{"@type":"WebPage","@id":"https:\/\/www.africa-press.net\/cameroun\/politique\/obseques-dananga-messina-le-cabinet-civil-de-la-presidence-tranche-la-defunte-ministre-sera-inhumee-a-zima-centre-en-presence-de-joseph-dion-ngute","url":"https:\/\/www.africa-press.net\/cameroun\/politique\/obseques-dananga-messina-le-cabinet-civil-de-la-presidence-tranche-la-defunte-ministre-sera-inhumee-a-zima-centre-en-presence-de-joseph-dion-ngute","name":"Obs\u00e8ques d\u2019Ananga Messina: Le Cabinet civil de la pr\u00e9sidence tranche, la d\u00e9funte ministre sera inhum\u00e9e \u00e0 Zima (Centre) en pr\u00e9sence de Joseph Dion Ngute - Cameroun","isPartOf":{"@id":"https:\/\/www.africa-press.net\/cameroun\/#website"},"primaryImageOfPage":{"@id":"https:\/\/www.africa-press.net\/cameroun\/politique\/obseques-dananga-messina-le-cabinet-civil-de-la-presidence-tranche-la-defunte-ministre-sera-inhumee-a-zima-centre-en-presence-de-joseph-dion-ngute#primaryimage"},"image":{"@id":"https:\/\/www.africa-press.net\/cameroun\/politique\/obseques-dananga-messina-le-cabinet-civil-de-la-presidence-tranche-la-defunte-ministre-sera-inhumee-a-zima-centre-en-presence-de-joseph-dion-ngute#primaryimage"},"thumbnailUrl":"https:\/\/static.africa-press.net\/cameroun\/sites\/57\/2022\/09\/img-632e26fbf1414.jpg","datePublished":"2022-09-23T19:06:06+00:00","dateModified":"2022-09-23T21:37:23+00:00","author":{"@id":"https:\/\/www.africa-press.net\/cameroun\/#\/schema\/person\/2b1cf3cd81a31e3cd26889ca66d677f1"},"description":"La ministre de\u0301le\u0301gue\u0301e aupre\u0300s du ministre de l\u2019Agriculture et du De\u0301veloppement Rural, Cle\u0301mentine Ananga Messina, de\u0301 ...","breadcrumb":{"@id":"https:\/\/www.africa-press.net\/cameroun\/politique\/obseques-dananga-messina-le-cabinet-civil-de-la-presidence-tranche-la-defunte-ministre-sera-inhumee-a-zima-centre-en-presence-de-joseph-dion-ngute#breadcrumb"},"inLanguage":"fr-FR","potentialAction":[{"@type":"ReadAction","target":["https:\/\/www.africa-press.net\/cameroun\/politique\/obseques-dananga-messina-le-cabinet-civil-de-la-presidence-tranche-la-defunte-ministre-sera-inhumee-a-zima-centre-en-presence-de-joseph-dion-ngute"]}]},{"@type":"ImageObject","inLanguage":"fr-FR","@id":"https:\/\/www.africa-press.net\/cameroun\/politique\/obseques-dananga-messina-le-cabinet-civil-de-la-presidence-tranche-la-defunte-ministre-sera-inhumee-a-zima-centre-en-presence-de-joseph-dion-ngute#primaryimage","url":"https:\/\/static.africa-press.net\/cameroun\/sites\/57\/2022\/09\/img-632e26fbf1414.jpg","contentUrl":"https:\/\/static.africa-press.net\/cameroun\/sites\/57\/2022\/09\/img-632e26fbf1414.jpg","width":800,"height":560,"caption":"Obs\u00e8ques d\u2019Ananga Messina: Le Cabinet civil de la pr\u00e9sidence tranche, la d\u00e9funte ministre sera inhum\u00e9e \u00e0 Zima (Centre) en pr\u00e9sence de Joseph Dion Ngute"},{"@type":"BreadcrumbList","@id":"https:\/\/www.africa-press.net\/cameroun\/politique\/obseques-dananga-messina-le-cabinet-civil-de-la-presidence-tranche-la-defunte-ministre-sera-inhumee-a-zima-centre-en-presence-de-joseph-dion-ngute#breadcrumb","itemListElement":[{"@type":"ListItem","position":1,"name":"Accueil","item":"https:\/\/www.africa-press.net\/cameroun\/"},{"@type":"ListItem","position":2,"name":"Obs\u00e8ques d\u2019Ananga Messina: Le Cabinet civil de la pr\u00e9sidence tranche, la d\u00e9funte ministre sera inhum\u00e9e \u00e0 Zima (Centre) en pr\u00e9sence de Joseph Dion Ngute"}]},{"@type":"WebSite","@id":"https:\/\/www.africa-press.net\/cameroun\/#website","url":"https:\/\/www.africa-press.net\/cameroun\/","name":"Cameroun","description":"Just another Africa News Agency Sites site","potentialAction":[{"@type":"SearchAction","target":{"@type":"EntryPoint","urlTemplate":"https:\/\/www.africa-press.net\/cameroun\/?s={search_term_string}"},"query-input":{"@type":"PropertyValueSpecification","valueRequired":true,"valueName":"search_term_string"}}],"inLanguage":"fr-FR"},{"@type":"Person","@id":"https:\/\/www.africa-press.net\/cameroun\/#\/schema\/person\/2b1cf3cd81a31e3cd26889ca66d677f1","name":"cfeditorfr"}]}},"_links":{"self":[{"href":"https:\/\/www.africa-press.net\/cameroun\/wp-json\/wp\/v2\/posts\/27988","targetHints":{"allow":["GET"]}}],"collection":[{"href":"https:\/\/www.africa-press.net\/cameroun\/wp-json\/wp\/v2\/posts"}],"about":[{"href":"https:\/\/www.africa-press.net\/cameroun\/wp-json\/wp\/v2\/types\/post"}],"author":[{"embeddable":true,"href":"https:\/\/www.africa-press.net\/cameroun\/wp-json\/wp\/v2\/users\/82"}],"replies":[{"embeddable":true,"href":"https:\/\/www.africa-press.net\/cameroun\/wp-json\/wp\/v2\/comments?post=27988"}],"version-history":[{"count":0,"href":"https:\/\/www.africa-press.net\/cameroun\/wp-json\/wp\/v2\/posts\/27988\/revisions"}],"wp:featuredmedia":[{"embeddable":true,"href":"https:\/\/www.africa-press.net\/cameroun\/wp-json\/wp\/v2\/media\/27987"}],"wp:attachment":[{"href":"https:\/\/www.africa-press.net\/cameroun\/wp-json\/wp\/v2\/media?parent=27988"}],"wp:term":[{"taxonomy":"category","embeddable":true,"href":"https:\/\/www.africa-press.net\/cameroun\/wp-json\/wp\/v2\/categories?post=27988"},{"taxonomy":"post_tag","embeddable":true,"href":"https:\/\/www.africa-press.net\/cameroun\/wp-json\/wp\/v2\/tags?post=27988"}],"curies":[{"name":"wp","href":"https:\/\/api.w.org\/{rel}","templated":true}]}}