{"id":27997,"date":"2022-09-23T19:29:49","date_gmt":"2022-09-23T19:29:49","guid":{"rendered":"https:\/\/www.africa-press.net\/cameroun\/politique\/drame-le-gendarme-blesse-par-des-malfrats-le-16-septembre-2022-est-mort"},"modified":"2022-09-23T21:39:04","modified_gmt":"2022-09-23T21:39:04","slug":"drame-le-gendarme-blesse-par-des-malfrats-le-16-septembre-2022-est-mort","status":"publish","type":"post","link":"https:\/\/www.africa-press.net\/cameroun\/toutes-les-actualites\/drame-le-gendarme-blesse-par-des-malfrats-le-16-septembre-2022-est-mort","title":{"rendered":"Drame : Le gendarme bless\u00e9 par des malfrats le 16 Septembre 2022 est mort !"},"content":{"rendered":"<p><span style=\"color: #ff6600\"><strong>Africa-Press &#8211; Cameroun. <\/strong><\/span>Il n\u2019a pas surve\u0301cu. Le mare\u0301chal de logis Mbiack he\u0301ros malheureux de l\u2019opposition avec des malfrats dans les rues de Douala le 16 Septembre dernier, a passe\u0301 l\u2019arme a\u0300 gauche. Le courageux gendarme avait rec\u0327u une balle en pleine te\u0302te alors qu\u2019il poursuivait les bandits qui venaient de voir leur ope\u0301ration de braquage d\u2019un expatrie\u0301 e\u0301chouer. L\u2019homme en tenue, imme\u0301diatement pris en charge a\u0300 la polyclinique Muna e\u0301tait depuis dans le coma.<\/p>\n<p>Deux membres du groupe de malfaiteurs que le de\u0301funt poursuivait avaient finalement e\u0301te\u0301 attrape\u0301s. Un troisie\u0300me avait re\u0301ussi a\u0300 semer ses poursuivants. Peu avant, les malfaiteurs avait fait paniquer les populations par les coups de feu tire\u0301s en l\u2019air au niveau de la cathe\u0301drale d\u2019Akwa pour tenter de se frayer un chemin.<\/p>\n<p>\u00abAlors qu&rsquo;ils se sont retrouve\u0301s coince\u0301s dans les embouteillages, ces malfrats cagoule\u0301s qui se trouvaient a\u0300 bord d&rsquo;un ve\u0301hicule sont sortis et ont tire\u0301 des coups de feu dans l&rsquo;air. Ils ont ainsi seme\u0301 la panique pour disperser les autres usagers sur la voie avant de poursuivre leur course folle \u00bb, relatait un te\u0301moin peu apre\u0300s l\u2019incident.<\/p>\n<p><strong>Pour plus d&rsquo;informations et d&rsquo;analyses sur la <a href=\"https:\/\/www.africa-press.net\/cameroun\">Cameroun<\/a>, suivez <a href=\"https:\/\/www.africa-press.net\/\">Africa-Press<\/a><\/strong><\/p>\n","protected":false},"excerpt":{"rendered":"<p>Africa-Press &#8211; Cameroun. Il n\u2019a pas surve\u0301cu. Le mare\u0301chal de logis Mbiack he\u0301ros malheureux de l\u2019opposition avec des malfrats dans les rues de Douala le 16 Septembre dernier, a passe\u0301 l\u2019arme a\u0300 gauche. Le courageux gendarme avait rec\u0327u une balle en pleine te\u0302te alors qu\u2019il poursuivait les bandits qui venaient de voir leur ope\u0301ration de [&hellip;]<\/p>\n","protected":false},"author":82,"featured_media":27996,"comment_status":"open","ping_status":"closed","sticky":false,"template":"","format":"standard","meta":{"footnotes":""},"categories":[21,10],"tags":[36,50,49],"class_list":["post-27997","post","type-post","status-publish","format-standard","has-post-thumbnail","hentry","category-communaute","category-toutes-les-actualites","tag-africa-press","tag-africa-press-cameroun","tag-cameroun"],"yoast_head":"<!-- This site is optimized with the Yoast SEO Premium plugin v26.1 (Yoast SEO v27.0) - https:\/\/yoast.com\/product\/yoast-seo-premium-wordpress\/ -->\n<title>Drame : Le gendarme bless\u00e9 par des malfrats le 16 Septembre 2022 est mort ! - Cameroun<\/title>\n<meta name=\"description\" content=\"Il n\u2019a pas surve\u0301cu. Le mare\u0301chal de logis Mbiack he\u0301ros malheureux de l\u2019opposition avec des malfrats dans les rues de D ...\" \/>\n<meta name=\"robots\" content=\"index, follow, max-snippet:-1, max-image-preview:large, max-video-preview:-1\" \/>\n<link rel=\"canonical\" href=\"https:\/\/www.africa-press.net\/cameroun\/toutes-les-actualites\/drame-le-gendarme-blesse-par-des-malfrats-le-16-septembre-2022-est-mort\" \/>\n<meta property=\"og:locale\" content=\"fr_FR\" \/>\n<meta property=\"og:type\" content=\"article\" \/>\n<meta property=\"og:title\" content=\"Drame : Le gendarme bless\u00e9 par des malfrats le 16 Septembre 2022 est mort !\" \/>\n<meta property=\"og:description\" content=\"Il n\u2019a pas surve\u0301cu. Le mare\u0301chal de logis Mbiack he\u0301ros malheureux de l\u2019opposition avec des malfrats dans les rues de D ...\" \/>\n<meta property=\"og:url\" content=\"https:\/\/www.africa-press.net\/cameroun\/toutes-les-actualites\/drame-le-gendarme-blesse-par-des-malfrats-le-16-septembre-2022-est-mort\" \/>\n<meta property=\"og:site_name\" content=\"Cameroun\" \/>\n<meta property=\"article:published_time\" content=\"2022-09-23T19:29:49+00:00\" \/>\n<meta property=\"article:modified_time\" content=\"2022-09-23T21:39:04+00:00\" \/>\n<meta property=\"og:image\" content=\"https:\/\/static.africa-press.net\/cameroun\/sites\/57\/2022\/09\/img-632e27619fded.jpg\" \/>\n\t<meta property=\"og:image:width\" content=\"800\" \/>\n\t<meta property=\"og:image:height\" content=\"800\" \/>\n\t<meta property=\"og:image:type\" content=\"image\/jpeg\" \/>\n<meta name=\"author\" content=\"cfeditorfr\" \/>\n<meta name=\"twitter:card\" content=\"summary_large_image\" \/>\n<meta name=\"twitter:label1\" content=\"\u00c9crit par\" \/>\n\t<meta name=\"twitter:data1\" content=\"cfeditorfr\" \/>\n\t<meta name=\"twitter:label2\" content=\"Dur\u00e9e de lecture estim\u00e9e\" \/>\n\t<meta name=\"twitter:data2\" content=\"1 minute\" \/>\n<script type=\"application\/ld+json\" class=\"yoast-schema-graph\">{\"@context\":\"https:\/\/schema.org\",\"@graph\":[{\"@type\":\"Article\",\"@id\":\"https:\/\/www.africa-press.net\/cameroun\/toutes-les-actualites\/drame-le-gendarme-blesse-par-des-malfrats-le-16-septembre-2022-est-mort#article\",\"isPartOf\":{\"@id\":\"https:\/\/www.africa-press.net\/cameroun\/toutes-les-actualites\/drame-le-gendarme-blesse-par-des-malfrats-le-16-septembre-2022-est-mort\"},\"author\":{\"name\":\"cfeditorfr\",\"@id\":\"https:\/\/www.africa-press.net\/cameroun\/#\/schema\/person\/2b1cf3cd81a31e3cd26889ca66d677f1\"},\"headline\":\"Drame : Le gendarme bless\u00e9 par des malfrats le 16 Septembre 2022 est mort !\",\"datePublished\":\"2022-09-23T19:29:49+00:00\",\"dateModified\":\"2022-09-23T21:39:04+00:00\",\"mainEntityOfPage\":{\"@id\":\"https:\/\/www.africa-press.net\/cameroun\/toutes-les-actualites\/drame-le-gendarme-blesse-par-des-malfrats-le-16-septembre-2022-est-mort\"},\"wordCount\":239,\"commentCount\":0,\"image\":{\"@id\":\"https:\/\/www.africa-press.net\/cameroun\/toutes-les-actualites\/drame-le-gendarme-blesse-par-des-malfrats-le-16-septembre-2022-est-mort#primaryimage\"},\"thumbnailUrl\":\"https:\/\/static.africa-press.net\/cameroun\/sites\/57\/2022\/09\/img-632e27619fded.jpg\",\"keywords\":[\"Africa Press\",\"Africa Press-Cameroun\",\"Cameroun\"],\"articleSection\":[\"Communaut\u00e9\",\"Toutes les actualit\u00e9s\"],\"inLanguage\":\"fr-FR\",\"potentialAction\":[{\"@type\":\"CommentAction\",\"name\":\"Comment\",\"target\":[\"https:\/\/www.africa-press.net\/cameroun\/toutes-les-actualites\/drame-le-gendarme-blesse-par-des-malfrats-le-16-septembre-2022-est-mort#respond\"]}]},{\"@type\":\"WebPage\",\"@id\":\"https:\/\/www.africa-press.net\/cameroun\/toutes-les-actualites\/drame-le-gendarme-blesse-par-des-malfrats-le-16-septembre-2022-est-mort\",\"url\":\"https:\/\/www.africa-press.net\/cameroun\/toutes-les-actualites\/drame-le-gendarme-blesse-par-des-malfrats-le-16-septembre-2022-est-mort\",\"name\":\"Drame : Le gendarme bless\u00e9 par des malfrats le 16 Septembre 2022 est mort ! - Cameroun\",\"isPartOf\":{\"@id\":\"https:\/\/www.africa-press.net\/cameroun\/#website\"},\"primaryImageOfPage\":{\"@id\":\"https:\/\/www.africa-press.net\/cameroun\/toutes-les-actualites\/drame-le-gendarme-blesse-par-des-malfrats-le-16-septembre-2022-est-mort#primaryimage\"},\"image\":{\"@id\":\"https:\/\/www.africa-press.net\/cameroun\/toutes-les-actualites\/drame-le-gendarme-blesse-par-des-malfrats-le-16-septembre-2022-est-mort#primaryimage\"},\"thumbnailUrl\":\"https:\/\/static.africa-press.net\/cameroun\/sites\/57\/2022\/09\/img-632e27619fded.jpg\",\"datePublished\":\"2022-09-23T19:29:49+00:00\",\"dateModified\":\"2022-09-23T21:39:04+00:00\",\"author\":{\"@id\":\"https:\/\/www.africa-press.net\/cameroun\/#\/schema\/person\/2b1cf3cd81a31e3cd26889ca66d677f1\"},\"description\":\"Il n\u2019a pas surve\u0301cu. Le mare\u0301chal de logis Mbiack he\u0301ros malheureux de l\u2019opposition avec des malfrats dans les rues de D ...\",\"breadcrumb\":{\"@id\":\"https:\/\/www.africa-press.net\/cameroun\/toutes-les-actualites\/drame-le-gendarme-blesse-par-des-malfrats-le-16-septembre-2022-est-mort#breadcrumb\"},\"inLanguage\":\"fr-FR\",\"potentialAction\":[{\"@type\":\"ReadAction\",\"target\":[\"https:\/\/www.africa-press.net\/cameroun\/toutes-les-actualites\/drame-le-gendarme-blesse-par-des-malfrats-le-16-septembre-2022-est-mort\"]}]},{\"@type\":\"ImageObject\",\"inLanguage\":\"fr-FR\",\"@id\":\"https:\/\/www.africa-press.net\/cameroun\/toutes-les-actualites\/drame-le-gendarme-blesse-par-des-malfrats-le-16-septembre-2022-est-mort#primaryimage\",\"url\":\"https:\/\/static.africa-press.net\/cameroun\/sites\/57\/2022\/09\/img-632e27619fded.jpg\",\"contentUrl\":\"https:\/\/static.africa-press.net\/cameroun\/sites\/57\/2022\/09\/img-632e27619fded.jpg\",\"width\":800,\"height\":800,\"caption\":\"Drame : Le gendarme bless\u00e9 par des malfrats le 16 Septembre 2022 est mort !\"},{\"@type\":\"BreadcrumbList\",\"@id\":\"https:\/\/www.africa-press.net\/cameroun\/toutes-les-actualites\/drame-le-gendarme-blesse-par-des-malfrats-le-16-septembre-2022-est-mort#breadcrumb\",\"itemListElement\":[{\"@type\":\"ListItem\",\"position\":1,\"name\":\"Accueil\",\"item\":\"https:\/\/www.africa-press.net\/cameroun\/\"},{\"@type\":\"ListItem\",\"position\":2,\"name\":\"Drame : Le gendarme bless\u00e9 par des malfrats le 16 Septembre 2022 est mort !\"}]},{\"@type\":\"WebSite\",\"@id\":\"https:\/\/www.africa-press.net\/cameroun\/#website\",\"url\":\"https:\/\/www.africa-press.net\/cameroun\/\",\"name\":\"Cameroun\",\"description\":\"Just another Africa News Agency Sites site\",\"potentialAction\":[{\"@type\":\"SearchAction\",\"target\":{\"@type\":\"EntryPoint\",\"urlTemplate\":\"https:\/\/www.africa-press.net\/cameroun\/?s={search_term_string}\"},\"query-input\":{\"@type\":\"PropertyValueSpecification\",\"valueRequired\":true,\"valueName\":\"search_term_string\"}}],\"inLanguage\":\"fr-FR\"},{\"@type\":\"Person\",\"@id\":\"https:\/\/www.africa-press.net\/cameroun\/#\/schema\/person\/2b1cf3cd81a31e3cd26889ca66d677f1\",\"name\":\"cfeditorfr\"}]}<\/script>\n<!-- \/ Yoast SEO Premium plugin. -->","yoast_head_json":{"title":"Drame : Le gendarme bless\u00e9 par des malfrats le 16 Septembre 2022 est mort ! - Cameroun","description":"Il n\u2019a pas surve\u0301cu. Le mare\u0301chal de logis Mbiack he\u0301ros malheureux de l\u2019opposition avec des malfrats dans les rues de D ...","robots":{"index":"index","follow":"follow","max-snippet":"max-snippet:-1","max-image-preview":"max-image-preview:large","max-video-preview":"max-video-preview:-1"},"canonical":"https:\/\/www.africa-press.net\/cameroun\/toutes-les-actualites\/drame-le-gendarme-blesse-par-des-malfrats-le-16-septembre-2022-est-mort","og_locale":"fr_FR","og_type":"article","og_title":"Drame : Le gendarme bless\u00e9 par des malfrats le 16 Septembre 2022 est mort !","og_description":"Il n\u2019a pas surve\u0301cu. Le mare\u0301chal de logis Mbiack he\u0301ros malheureux de l\u2019opposition avec des malfrats dans les rues de D ...","og_url":"https:\/\/www.africa-press.net\/cameroun\/toutes-les-actualites\/drame-le-gendarme-blesse-par-des-malfrats-le-16-septembre-2022-est-mort","og_site_name":"Cameroun","article_published_time":"2022-09-23T19:29:49+00:00","article_modified_time":"2022-09-23T21:39:04+00:00","og_image":[{"width":800,"height":800,"url":"https:\/\/static.africa-press.net\/cameroun\/sites\/57\/2022\/09\/img-632e27619fded.jpg","type":"image\/jpeg"}],"author":"cfeditorfr","twitter_card":"summary_large_image","twitter_misc":{"\u00c9crit par":"cfeditorfr","Dur\u00e9e de lecture estim\u00e9e":"1 minute"},"schema":{"@context":"https:\/\/schema.org","@graph":[{"@type":"Article","@id":"https:\/\/www.africa-press.net\/cameroun\/toutes-les-actualites\/drame-le-gendarme-blesse-par-des-malfrats-le-16-septembre-2022-est-mort#article","isPartOf":{"@id":"https:\/\/www.africa-press.net\/cameroun\/toutes-les-actualites\/drame-le-gendarme-blesse-par-des-malfrats-le-16-septembre-2022-est-mort"},"author":{"name":"cfeditorfr","@id":"https:\/\/www.africa-press.net\/cameroun\/#\/schema\/person\/2b1cf3cd81a31e3cd26889ca66d677f1"},"headline":"Drame : Le gendarme bless\u00e9 par des malfrats le 16 Septembre 2022 est mort !","datePublished":"2022-09-23T19:29:49+00:00","dateModified":"2022-09-23T21:39:04+00:00","mainEntityOfPage":{"@id":"https:\/\/www.africa-press.net\/cameroun\/toutes-les-actualites\/drame-le-gendarme-blesse-par-des-malfrats-le-16-septembre-2022-est-mort"},"wordCount":239,"commentCount":0,"image":{"@id":"https:\/\/www.africa-press.net\/cameroun\/toutes-les-actualites\/drame-le-gendarme-blesse-par-des-malfrats-le-16-septembre-2022-est-mort#primaryimage"},"thumbnailUrl":"https:\/\/static.africa-press.net\/cameroun\/sites\/57\/2022\/09\/img-632e27619fded.jpg","keywords":["Africa Press","Africa Press-Cameroun","Cameroun"],"articleSection":["Communaut\u00e9","Toutes les actualit\u00e9s"],"inLanguage":"fr-FR","potentialAction":[{"@type":"CommentAction","name":"Comment","target":["https:\/\/www.africa-press.net\/cameroun\/toutes-les-actualites\/drame-le-gendarme-blesse-par-des-malfrats-le-16-septembre-2022-est-mort#respond"]}]},{"@type":"WebPage","@id":"https:\/\/www.africa-press.net\/cameroun\/toutes-les-actualites\/drame-le-gendarme-blesse-par-des-malfrats-le-16-septembre-2022-est-mort","url":"https:\/\/www.africa-press.net\/cameroun\/toutes-les-actualites\/drame-le-gendarme-blesse-par-des-malfrats-le-16-septembre-2022-est-mort","name":"Drame : Le gendarme bless\u00e9 par des malfrats le 16 Septembre 2022 est mort ! - Cameroun","isPartOf":{"@id":"https:\/\/www.africa-press.net\/cameroun\/#website"},"primaryImageOfPage":{"@id":"https:\/\/www.africa-press.net\/cameroun\/toutes-les-actualites\/drame-le-gendarme-blesse-par-des-malfrats-le-16-septembre-2022-est-mort#primaryimage"},"image":{"@id":"https:\/\/www.africa-press.net\/cameroun\/toutes-les-actualites\/drame-le-gendarme-blesse-par-des-malfrats-le-16-septembre-2022-est-mort#primaryimage"},"thumbnailUrl":"https:\/\/static.africa-press.net\/cameroun\/sites\/57\/2022\/09\/img-632e27619fded.jpg","datePublished":"2022-09-23T19:29:49+00:00","dateModified":"2022-09-23T21:39:04+00:00","author":{"@id":"https:\/\/www.africa-press.net\/cameroun\/#\/schema\/person\/2b1cf3cd81a31e3cd26889ca66d677f1"},"description":"Il n\u2019a pas surve\u0301cu. Le mare\u0301chal de logis Mbiack he\u0301ros malheureux de l\u2019opposition avec des malfrats dans les rues de D ...","breadcrumb":{"@id":"https:\/\/www.africa-press.net\/cameroun\/toutes-les-actualites\/drame-le-gendarme-blesse-par-des-malfrats-le-16-septembre-2022-est-mort#breadcrumb"},"inLanguage":"fr-FR","potentialAction":[{"@type":"ReadAction","target":["https:\/\/www.africa-press.net\/cameroun\/toutes-les-actualites\/drame-le-gendarme-blesse-par-des-malfrats-le-16-septembre-2022-est-mort"]}]},{"@type":"ImageObject","inLanguage":"fr-FR","@id":"https:\/\/www.africa-press.net\/cameroun\/toutes-les-actualites\/drame-le-gendarme-blesse-par-des-malfrats-le-16-septembre-2022-est-mort#primaryimage","url":"https:\/\/static.africa-press.net\/cameroun\/sites\/57\/2022\/09\/img-632e27619fded.jpg","contentUrl":"https:\/\/static.africa-press.net\/cameroun\/sites\/57\/2022\/09\/img-632e27619fded.jpg","width":800,"height":800,"caption":"Drame : Le gendarme bless\u00e9 par des malfrats le 16 Septembre 2022 est mort !"},{"@type":"BreadcrumbList","@id":"https:\/\/www.africa-press.net\/cameroun\/toutes-les-actualites\/drame-le-gendarme-blesse-par-des-malfrats-le-16-septembre-2022-est-mort#breadcrumb","itemListElement":[{"@type":"ListItem","position":1,"name":"Accueil","item":"https:\/\/www.africa-press.net\/cameroun\/"},{"@type":"ListItem","position":2,"name":"Drame : Le gendarme bless\u00e9 par des malfrats le 16 Septembre 2022 est mort !"}]},{"@type":"WebSite","@id":"https:\/\/www.africa-press.net\/cameroun\/#website","url":"https:\/\/www.africa-press.net\/cameroun\/","name":"Cameroun","description":"Just another Africa News Agency Sites site","potentialAction":[{"@type":"SearchAction","target":{"@type":"EntryPoint","urlTemplate":"https:\/\/www.africa-press.net\/cameroun\/?s={search_term_string}"},"query-input":{"@type":"PropertyValueSpecification","valueRequired":true,"valueName":"search_term_string"}}],"inLanguage":"fr-FR"},{"@type":"Person","@id":"https:\/\/www.africa-press.net\/cameroun\/#\/schema\/person\/2b1cf3cd81a31e3cd26889ca66d677f1","name":"cfeditorfr"}]}},"_links":{"self":[{"href":"https:\/\/www.africa-press.net\/cameroun\/wp-json\/wp\/v2\/posts\/27997","targetHints":{"allow":["GET"]}}],"collection":[{"href":"https:\/\/www.africa-press.net\/cameroun\/wp-json\/wp\/v2\/posts"}],"about":[{"href":"https:\/\/www.africa-press.net\/cameroun\/wp-json\/wp\/v2\/types\/post"}],"author":[{"embeddable":true,"href":"https:\/\/www.africa-press.net\/cameroun\/wp-json\/wp\/v2\/users\/82"}],"replies":[{"embeddable":true,"href":"https:\/\/www.africa-press.net\/cameroun\/wp-json\/wp\/v2\/comments?post=27997"}],"version-history":[{"count":0,"href":"https:\/\/www.africa-press.net\/cameroun\/wp-json\/wp\/v2\/posts\/27997\/revisions"}],"wp:featuredmedia":[{"embeddable":true,"href":"https:\/\/www.africa-press.net\/cameroun\/wp-json\/wp\/v2\/media\/27996"}],"wp:attachment":[{"href":"https:\/\/www.africa-press.net\/cameroun\/wp-json\/wp\/v2\/media?parent=27997"}],"wp:term":[{"taxonomy":"category","embeddable":true,"href":"https:\/\/www.africa-press.net\/cameroun\/wp-json\/wp\/v2\/categories?post=27997"},{"taxonomy":"post_tag","embeddable":true,"href":"https:\/\/www.africa-press.net\/cameroun\/wp-json\/wp\/v2\/tags?post=27997"}],"curies":[{"name":"wp","href":"https:\/\/api.w.org\/{rel}","templated":true}]}}