{"id":28009,"date":"2022-09-23T20:03:04","date_gmt":"2022-09-23T20:03:04","guid":{"rendered":"https:\/\/www.africa-press.net\/cameroun\/politique\/aeronautique-greve-un-avion-de-camair-co-empeche-datterrir-a-yaounde"},"modified":"2022-09-23T21:41:20","modified_gmt":"2022-09-23T21:41:20","slug":"aeronautique-greve-un-avion-de-camair-co-empeche-datterrir-a-yaounde","status":"publish","type":"post","link":"https:\/\/www.africa-press.net\/cameroun\/toutes-les-actualites\/aeronautique-greve-un-avion-de-camair-co-empeche-datterrir-a-yaounde","title":{"rendered":"A\u00e9ronautique &#8211; Gr\u00e8ve: Un avion de Camair Co emp\u00each\u00e9 d\u2019atterrir \u00e0 Yaound\u00e9"},"content":{"rendered":"<p><span style=\"color: #ff6600\"><strong>Africa-Press &#8211; Cameroun. <\/strong><\/span>C\u2019est une situation qui de\u0301passe tout entendement. Un avion de la compagnie nationale, Camer Co n\u2019a pas pu atterrir ce jour a\u0300 l\u2019ae\u0301roport international de Nsimalen a\u0300 Yaounde\u0301. Face a\u0300 cette situation, le pilote a e\u0301te\u0301 contraint de rejoindre la capitale e\u0301conomique du pays, Douala, apre\u0300s avoir fait plusieurs tours dans le vide. Selon Yolande Bodiong, dans un post sur sa page Facebook, \u00ab Les passagers sont de\u0301barque\u0301s a\u0300 Douala et renvoye\u0301s en salle d\u2019embarquement \u00bb. Elle rele\u0300ve pour le regretter le manque de prise en charge des passagers. \u00ab Me\u0302me pas une bouteille d\u2019eau servie aux passagers. Les gens ont faim ici. Depuis 9h&#8230; \u00bb, de\u0301plore la directrice de Sun +, une web te\u0301le\u0301vision base\u0301e a\u0300 Douala.<\/p>\n<p>Cette gre\u0300ve est partie de l&rsquo;Afrique de l&rsquo;Ouest. Elle tend a\u0300 se ge\u0301ne\u0301raliser. Jusqu&rsquo;ici, la compagnie ae\u0301rienne nationale n&rsquo;a pas encore fait une sortie pour clarifier la situation qui pre\u0301vaut en ce moment. Cette situation va entrainer des perturbations. Air Co\u0302te d&rsquo;Ivoire a d&rsquo;ailleurs fait une sortie sur sa page Facebook il y a quelques heures : \u00ab Malgre\u0301 la volonte\u0301 des Etats membres de l\u2019ASECNA, de trouver une solution avant le de\u0301clenchement effectif de la gre\u0300ve des contro\u0302leurs ae\u0301riens et toutes les assurances donne\u0301es, nous constatons l\u2019effectivite\u0301 de la gre\u0300ve en Co\u0302te d\u2019Ivoire et sur la quasi-totalite\u0301 des pays desservis par Air Co\u0302te d&rsquo;Ivoire \u00bb.<\/p>\n<p><strong>Pour plus d&rsquo;informations et d&rsquo;analyses sur la <a href=\"https:\/\/www.africa-press.net\/cameroun\">Cameroun<\/a>, suivez <a href=\"https:\/\/www.africa-press.net\/\">Africa-Press<\/a><\/strong><\/p>\n","protected":false},"excerpt":{"rendered":"<p>Africa-Press &#8211; Cameroun. C\u2019est une situation qui de\u0301passe tout entendement. Un avion de la compagnie nationale, Camer Co n\u2019a pas pu atterrir ce jour a\u0300 l\u2019ae\u0301roport international de Nsimalen a\u0300 Yaounde\u0301. Face a\u0300 cette situation, le pilote a e\u0301te\u0301 contraint de rejoindre la capitale e\u0301conomique du pays, Douala, apre\u0300s avoir fait plusieurs tours dans le [&hellip;]<\/p>\n","protected":false},"author":82,"featured_media":28008,"comment_status":"open","ping_status":"closed","sticky":false,"template":"","format":"standard","meta":{"footnotes":""},"categories":[21,10],"tags":[36,50,49],"class_list":["post-28009","post","type-post","status-publish","format-standard","has-post-thumbnail","hentry","category-communaute","category-toutes-les-actualites","tag-africa-press","tag-africa-press-cameroun","tag-cameroun"],"yoast_head":"<!-- This site is optimized with the Yoast SEO Premium plugin v26.1 (Yoast SEO v27.0) - https:\/\/yoast.com\/product\/yoast-seo-premium-wordpress\/ -->\n<title>A\u00e9ronautique - Gr\u00e8ve: Un avion de Camair Co emp\u00each\u00e9 d\u2019atterrir \u00e0 Yaound\u00e9 - Cameroun<\/title>\n<meta name=\"description\" content=\"C\u2019est une situation qui de\u0301passe tout entendement. Un avion de la compagnie nationale, Camer Co n\u2019a pas pu atterrir ce j ...\" \/>\n<meta name=\"robots\" content=\"index, follow, max-snippet:-1, max-image-preview:large, max-video-preview:-1\" \/>\n<link rel=\"canonical\" href=\"https:\/\/www.africa-press.net\/cameroun\/toutes-les-actualites\/aeronautique-greve-un-avion-de-camair-co-empeche-datterrir-a-yaounde\" \/>\n<meta property=\"og:locale\" content=\"fr_FR\" \/>\n<meta property=\"og:type\" content=\"article\" \/>\n<meta property=\"og:title\" content=\"A\u00e9ronautique - Gr\u00e8ve: Un avion de Camair Co emp\u00each\u00e9 d\u2019atterrir \u00e0 Yaound\u00e9\" \/>\n<meta property=\"og:description\" content=\"C\u2019est une situation qui de\u0301passe tout entendement. Un avion de la compagnie nationale, Camer Co n\u2019a pas pu atterrir ce j ...\" \/>\n<meta property=\"og:url\" content=\"https:\/\/www.africa-press.net\/cameroun\/toutes-les-actualites\/aeronautique-greve-un-avion-de-camair-co-empeche-datterrir-a-yaounde\" \/>\n<meta property=\"og:site_name\" content=\"Cameroun\" \/>\n<meta property=\"article:published_time\" content=\"2022-09-23T20:03:04+00:00\" \/>\n<meta property=\"article:modified_time\" content=\"2022-09-23T21:41:20+00:00\" \/>\n<meta property=\"og:image\" content=\"https:\/\/static.africa-press.net\/cameroun\/sites\/57\/2022\/09\/img-632e27e6a31e1.jpg\" \/>\n\t<meta property=\"og:image:width\" content=\"800\" \/>\n\t<meta property=\"og:image:height\" content=\"524\" \/>\n\t<meta property=\"og:image:type\" content=\"image\/jpeg\" \/>\n<meta name=\"author\" content=\"cfeditorfr\" \/>\n<meta name=\"twitter:card\" content=\"summary_large_image\" \/>\n<meta name=\"twitter:label1\" content=\"\u00c9crit par\" \/>\n\t<meta name=\"twitter:data1\" content=\"cfeditorfr\" \/>\n\t<meta name=\"twitter:label2\" content=\"Dur\u00e9e de lecture estim\u00e9e\" \/>\n\t<meta name=\"twitter:data2\" content=\"2 minutes\" \/>\n<script type=\"application\/ld+json\" class=\"yoast-schema-graph\">{\"@context\":\"https:\/\/schema.org\",\"@graph\":[{\"@type\":\"Article\",\"@id\":\"https:\/\/www.africa-press.net\/cameroun\/toutes-les-actualites\/aeronautique-greve-un-avion-de-camair-co-empeche-datterrir-a-yaounde#article\",\"isPartOf\":{\"@id\":\"https:\/\/www.africa-press.net\/cameroun\/toutes-les-actualites\/aeronautique-greve-un-avion-de-camair-co-empeche-datterrir-a-yaounde\"},\"author\":{\"name\":\"cfeditorfr\",\"@id\":\"https:\/\/www.africa-press.net\/cameroun\/#\/schema\/person\/2b1cf3cd81a31e3cd26889ca66d677f1\"},\"headline\":\"A\u00e9ronautique &#8211; Gr\u00e8ve: Un avion de Camair Co emp\u00each\u00e9 d\u2019atterrir \u00e0 Yaound\u00e9\",\"datePublished\":\"2022-09-23T20:03:04+00:00\",\"dateModified\":\"2022-09-23T21:41:20+00:00\",\"mainEntityOfPage\":{\"@id\":\"https:\/\/www.africa-press.net\/cameroun\/toutes-les-actualites\/aeronautique-greve-un-avion-de-camair-co-empeche-datterrir-a-yaounde\"},\"wordCount\":289,\"commentCount\":0,\"image\":{\"@id\":\"https:\/\/www.africa-press.net\/cameroun\/toutes-les-actualites\/aeronautique-greve-un-avion-de-camair-co-empeche-datterrir-a-yaounde#primaryimage\"},\"thumbnailUrl\":\"https:\/\/static.africa-press.net\/cameroun\/sites\/57\/2022\/09\/img-632e27e6a31e1.jpg\",\"keywords\":[\"Africa Press\",\"Africa Press-Cameroun\",\"Cameroun\"],\"articleSection\":[\"Communaut\u00e9\",\"Toutes les actualit\u00e9s\"],\"inLanguage\":\"fr-FR\",\"potentialAction\":[{\"@type\":\"CommentAction\",\"name\":\"Comment\",\"target\":[\"https:\/\/www.africa-press.net\/cameroun\/toutes-les-actualites\/aeronautique-greve-un-avion-de-camair-co-empeche-datterrir-a-yaounde#respond\"]}]},{\"@type\":\"WebPage\",\"@id\":\"https:\/\/www.africa-press.net\/cameroun\/toutes-les-actualites\/aeronautique-greve-un-avion-de-camair-co-empeche-datterrir-a-yaounde\",\"url\":\"https:\/\/www.africa-press.net\/cameroun\/toutes-les-actualites\/aeronautique-greve-un-avion-de-camair-co-empeche-datterrir-a-yaounde\",\"name\":\"A\u00e9ronautique - Gr\u00e8ve: Un avion de Camair Co emp\u00each\u00e9 d\u2019atterrir \u00e0 Yaound\u00e9 - Cameroun\",\"isPartOf\":{\"@id\":\"https:\/\/www.africa-press.net\/cameroun\/#website\"},\"primaryImageOfPage\":{\"@id\":\"https:\/\/www.africa-press.net\/cameroun\/toutes-les-actualites\/aeronautique-greve-un-avion-de-camair-co-empeche-datterrir-a-yaounde#primaryimage\"},\"image\":{\"@id\":\"https:\/\/www.africa-press.net\/cameroun\/toutes-les-actualites\/aeronautique-greve-un-avion-de-camair-co-empeche-datterrir-a-yaounde#primaryimage\"},\"thumbnailUrl\":\"https:\/\/static.africa-press.net\/cameroun\/sites\/57\/2022\/09\/img-632e27e6a31e1.jpg\",\"datePublished\":\"2022-09-23T20:03:04+00:00\",\"dateModified\":\"2022-09-23T21:41:20+00:00\",\"author\":{\"@id\":\"https:\/\/www.africa-press.net\/cameroun\/#\/schema\/person\/2b1cf3cd81a31e3cd26889ca66d677f1\"},\"description\":\"C\u2019est une situation qui de\u0301passe tout entendement. Un avion de la compagnie nationale, Camer Co n\u2019a pas pu atterrir ce j ...\",\"breadcrumb\":{\"@id\":\"https:\/\/www.africa-press.net\/cameroun\/toutes-les-actualites\/aeronautique-greve-un-avion-de-camair-co-empeche-datterrir-a-yaounde#breadcrumb\"},\"inLanguage\":\"fr-FR\",\"potentialAction\":[{\"@type\":\"ReadAction\",\"target\":[\"https:\/\/www.africa-press.net\/cameroun\/toutes-les-actualites\/aeronautique-greve-un-avion-de-camair-co-empeche-datterrir-a-yaounde\"]}]},{\"@type\":\"ImageObject\",\"inLanguage\":\"fr-FR\",\"@id\":\"https:\/\/www.africa-press.net\/cameroun\/toutes-les-actualites\/aeronautique-greve-un-avion-de-camair-co-empeche-datterrir-a-yaounde#primaryimage\",\"url\":\"https:\/\/static.africa-press.net\/cameroun\/sites\/57\/2022\/09\/img-632e27e6a31e1.jpg\",\"contentUrl\":\"https:\/\/static.africa-press.net\/cameroun\/sites\/57\/2022\/09\/img-632e27e6a31e1.jpg\",\"width\":800,\"height\":524,\"caption\":\"A\u00e9ronautique - Gr\u00e8ve: Un avion de Camair Co emp\u00each\u00e9 d\u2019atterrir \u00e0 Yaound\u00e9\"},{\"@type\":\"BreadcrumbList\",\"@id\":\"https:\/\/www.africa-press.net\/cameroun\/toutes-les-actualites\/aeronautique-greve-un-avion-de-camair-co-empeche-datterrir-a-yaounde#breadcrumb\",\"itemListElement\":[{\"@type\":\"ListItem\",\"position\":1,\"name\":\"Accueil\",\"item\":\"https:\/\/www.africa-press.net\/cameroun\/\"},{\"@type\":\"ListItem\",\"position\":2,\"name\":\"A\u00e9ronautique &#8211; Gr\u00e8ve: Un avion de Camair Co emp\u00each\u00e9 d\u2019atterrir \u00e0 Yaound\u00e9\"}]},{\"@type\":\"WebSite\",\"@id\":\"https:\/\/www.africa-press.net\/cameroun\/#website\",\"url\":\"https:\/\/www.africa-press.net\/cameroun\/\",\"name\":\"Cameroun\",\"description\":\"Just another Africa News Agency Sites site\",\"potentialAction\":[{\"@type\":\"SearchAction\",\"target\":{\"@type\":\"EntryPoint\",\"urlTemplate\":\"https:\/\/www.africa-press.net\/cameroun\/?s={search_term_string}\"},\"query-input\":{\"@type\":\"PropertyValueSpecification\",\"valueRequired\":true,\"valueName\":\"search_term_string\"}}],\"inLanguage\":\"fr-FR\"},{\"@type\":\"Person\",\"@id\":\"https:\/\/www.africa-press.net\/cameroun\/#\/schema\/person\/2b1cf3cd81a31e3cd26889ca66d677f1\",\"name\":\"cfeditorfr\"}]}<\/script>\n<!-- \/ Yoast SEO Premium plugin. -->","yoast_head_json":{"title":"A\u00e9ronautique - Gr\u00e8ve: Un avion de Camair Co emp\u00each\u00e9 d\u2019atterrir \u00e0 Yaound\u00e9 - Cameroun","description":"C\u2019est une situation qui de\u0301passe tout entendement. Un avion de la compagnie nationale, Camer Co n\u2019a pas pu atterrir ce j ...","robots":{"index":"index","follow":"follow","max-snippet":"max-snippet:-1","max-image-preview":"max-image-preview:large","max-video-preview":"max-video-preview:-1"},"canonical":"https:\/\/www.africa-press.net\/cameroun\/toutes-les-actualites\/aeronautique-greve-un-avion-de-camair-co-empeche-datterrir-a-yaounde","og_locale":"fr_FR","og_type":"article","og_title":"A\u00e9ronautique - Gr\u00e8ve: Un avion de Camair Co emp\u00each\u00e9 d\u2019atterrir \u00e0 Yaound\u00e9","og_description":"C\u2019est une situation qui de\u0301passe tout entendement. Un avion de la compagnie nationale, Camer Co n\u2019a pas pu atterrir ce j ...","og_url":"https:\/\/www.africa-press.net\/cameroun\/toutes-les-actualites\/aeronautique-greve-un-avion-de-camair-co-empeche-datterrir-a-yaounde","og_site_name":"Cameroun","article_published_time":"2022-09-23T20:03:04+00:00","article_modified_time":"2022-09-23T21:41:20+00:00","og_image":[{"width":800,"height":524,"url":"https:\/\/static.africa-press.net\/cameroun\/sites\/57\/2022\/09\/img-632e27e6a31e1.jpg","type":"image\/jpeg"}],"author":"cfeditorfr","twitter_card":"summary_large_image","twitter_misc":{"\u00c9crit par":"cfeditorfr","Dur\u00e9e de lecture estim\u00e9e":"2 minutes"},"schema":{"@context":"https:\/\/schema.org","@graph":[{"@type":"Article","@id":"https:\/\/www.africa-press.net\/cameroun\/toutes-les-actualites\/aeronautique-greve-un-avion-de-camair-co-empeche-datterrir-a-yaounde#article","isPartOf":{"@id":"https:\/\/www.africa-press.net\/cameroun\/toutes-les-actualites\/aeronautique-greve-un-avion-de-camair-co-empeche-datterrir-a-yaounde"},"author":{"name":"cfeditorfr","@id":"https:\/\/www.africa-press.net\/cameroun\/#\/schema\/person\/2b1cf3cd81a31e3cd26889ca66d677f1"},"headline":"A\u00e9ronautique &#8211; Gr\u00e8ve: Un avion de Camair Co emp\u00each\u00e9 d\u2019atterrir \u00e0 Yaound\u00e9","datePublished":"2022-09-23T20:03:04+00:00","dateModified":"2022-09-23T21:41:20+00:00","mainEntityOfPage":{"@id":"https:\/\/www.africa-press.net\/cameroun\/toutes-les-actualites\/aeronautique-greve-un-avion-de-camair-co-empeche-datterrir-a-yaounde"},"wordCount":289,"commentCount":0,"image":{"@id":"https:\/\/www.africa-press.net\/cameroun\/toutes-les-actualites\/aeronautique-greve-un-avion-de-camair-co-empeche-datterrir-a-yaounde#primaryimage"},"thumbnailUrl":"https:\/\/static.africa-press.net\/cameroun\/sites\/57\/2022\/09\/img-632e27e6a31e1.jpg","keywords":["Africa Press","Africa Press-Cameroun","Cameroun"],"articleSection":["Communaut\u00e9","Toutes les actualit\u00e9s"],"inLanguage":"fr-FR","potentialAction":[{"@type":"CommentAction","name":"Comment","target":["https:\/\/www.africa-press.net\/cameroun\/toutes-les-actualites\/aeronautique-greve-un-avion-de-camair-co-empeche-datterrir-a-yaounde#respond"]}]},{"@type":"WebPage","@id":"https:\/\/www.africa-press.net\/cameroun\/toutes-les-actualites\/aeronautique-greve-un-avion-de-camair-co-empeche-datterrir-a-yaounde","url":"https:\/\/www.africa-press.net\/cameroun\/toutes-les-actualites\/aeronautique-greve-un-avion-de-camair-co-empeche-datterrir-a-yaounde","name":"A\u00e9ronautique - Gr\u00e8ve: Un avion de Camair Co emp\u00each\u00e9 d\u2019atterrir \u00e0 Yaound\u00e9 - Cameroun","isPartOf":{"@id":"https:\/\/www.africa-press.net\/cameroun\/#website"},"primaryImageOfPage":{"@id":"https:\/\/www.africa-press.net\/cameroun\/toutes-les-actualites\/aeronautique-greve-un-avion-de-camair-co-empeche-datterrir-a-yaounde#primaryimage"},"image":{"@id":"https:\/\/www.africa-press.net\/cameroun\/toutes-les-actualites\/aeronautique-greve-un-avion-de-camair-co-empeche-datterrir-a-yaounde#primaryimage"},"thumbnailUrl":"https:\/\/static.africa-press.net\/cameroun\/sites\/57\/2022\/09\/img-632e27e6a31e1.jpg","datePublished":"2022-09-23T20:03:04+00:00","dateModified":"2022-09-23T21:41:20+00:00","author":{"@id":"https:\/\/www.africa-press.net\/cameroun\/#\/schema\/person\/2b1cf3cd81a31e3cd26889ca66d677f1"},"description":"C\u2019est une situation qui de\u0301passe tout entendement. Un avion de la compagnie nationale, Camer Co n\u2019a pas pu atterrir ce j ...","breadcrumb":{"@id":"https:\/\/www.africa-press.net\/cameroun\/toutes-les-actualites\/aeronautique-greve-un-avion-de-camair-co-empeche-datterrir-a-yaounde#breadcrumb"},"inLanguage":"fr-FR","potentialAction":[{"@type":"ReadAction","target":["https:\/\/www.africa-press.net\/cameroun\/toutes-les-actualites\/aeronautique-greve-un-avion-de-camair-co-empeche-datterrir-a-yaounde"]}]},{"@type":"ImageObject","inLanguage":"fr-FR","@id":"https:\/\/www.africa-press.net\/cameroun\/toutes-les-actualites\/aeronautique-greve-un-avion-de-camair-co-empeche-datterrir-a-yaounde#primaryimage","url":"https:\/\/static.africa-press.net\/cameroun\/sites\/57\/2022\/09\/img-632e27e6a31e1.jpg","contentUrl":"https:\/\/static.africa-press.net\/cameroun\/sites\/57\/2022\/09\/img-632e27e6a31e1.jpg","width":800,"height":524,"caption":"A\u00e9ronautique - Gr\u00e8ve: Un avion de Camair Co emp\u00each\u00e9 d\u2019atterrir \u00e0 Yaound\u00e9"},{"@type":"BreadcrumbList","@id":"https:\/\/www.africa-press.net\/cameroun\/toutes-les-actualites\/aeronautique-greve-un-avion-de-camair-co-empeche-datterrir-a-yaounde#breadcrumb","itemListElement":[{"@type":"ListItem","position":1,"name":"Accueil","item":"https:\/\/www.africa-press.net\/cameroun\/"},{"@type":"ListItem","position":2,"name":"A\u00e9ronautique &#8211; Gr\u00e8ve: Un avion de Camair Co emp\u00each\u00e9 d\u2019atterrir \u00e0 Yaound\u00e9"}]},{"@type":"WebSite","@id":"https:\/\/www.africa-press.net\/cameroun\/#website","url":"https:\/\/www.africa-press.net\/cameroun\/","name":"Cameroun","description":"Just another Africa News Agency Sites site","potentialAction":[{"@type":"SearchAction","target":{"@type":"EntryPoint","urlTemplate":"https:\/\/www.africa-press.net\/cameroun\/?s={search_term_string}"},"query-input":{"@type":"PropertyValueSpecification","valueRequired":true,"valueName":"search_term_string"}}],"inLanguage":"fr-FR"},{"@type":"Person","@id":"https:\/\/www.africa-press.net\/cameroun\/#\/schema\/person\/2b1cf3cd81a31e3cd26889ca66d677f1","name":"cfeditorfr"}]}},"_links":{"self":[{"href":"https:\/\/www.africa-press.net\/cameroun\/wp-json\/wp\/v2\/posts\/28009","targetHints":{"allow":["GET"]}}],"collection":[{"href":"https:\/\/www.africa-press.net\/cameroun\/wp-json\/wp\/v2\/posts"}],"about":[{"href":"https:\/\/www.africa-press.net\/cameroun\/wp-json\/wp\/v2\/types\/post"}],"author":[{"embeddable":true,"href":"https:\/\/www.africa-press.net\/cameroun\/wp-json\/wp\/v2\/users\/82"}],"replies":[{"embeddable":true,"href":"https:\/\/www.africa-press.net\/cameroun\/wp-json\/wp\/v2\/comments?post=28009"}],"version-history":[{"count":0,"href":"https:\/\/www.africa-press.net\/cameroun\/wp-json\/wp\/v2\/posts\/28009\/revisions"}],"wp:featuredmedia":[{"embeddable":true,"href":"https:\/\/www.africa-press.net\/cameroun\/wp-json\/wp\/v2\/media\/28008"}],"wp:attachment":[{"href":"https:\/\/www.africa-press.net\/cameroun\/wp-json\/wp\/v2\/media?parent=28009"}],"wp:term":[{"taxonomy":"category","embeddable":true,"href":"https:\/\/www.africa-press.net\/cameroun\/wp-json\/wp\/v2\/categories?post=28009"},{"taxonomy":"post_tag","embeddable":true,"href":"https:\/\/www.africa-press.net\/cameroun\/wp-json\/wp\/v2\/tags?post=28009"}],"curies":[{"name":"wp","href":"https:\/\/api.w.org\/{rel}","templated":true}]}}