{"id":28012,"date":"2022-09-23T20:08:44","date_gmt":"2022-09-23T20:08:44","guid":{"rendered":"https:\/\/www.africa-press.net\/cameroun\/politique\/medias-valery-garrec-nouvelle-directrice-generale-de-la-societe-tele-sud-groupe-vision-4-television"},"modified":"2022-09-23T22:23:01","modified_gmt":"2022-09-23T22:23:01","slug":"medias-valery-garrec-nouvelle-directrice-generale-de-la-societe-tele-sud-groupe-vision-4-television","status":"publish","type":"post","link":"https:\/\/www.africa-press.net\/cameroun\/toutes-les-actualites\/medias-valery-garrec-nouvelle-directrice-generale-de-la-societe-tele-sud-groupe-vision-4-television","title":{"rendered":"M\u00e9dias: Valery Garrec, nouvelle Directrice G\u00e9n\u00e9rale de la soci\u00e9t\u00e9 T\u00e9l\u00e9 Sud-Groupe Vision  4 T\u00e9l\u00e9vision"},"content":{"rendered":"<p><span style=\"color: #ff6600\"><strong>Africa-Press &#8211; Cameroun. <\/strong><\/span>La socie\u0301te\u0301 Telesud-Groupe Vision 4 a du sang neuf a\u0300 la te\u0302te. Madame Valery Garrec est nomme\u0301e directrice ge\u0301ne\u0301rale a\u0300 l\u2019issue du Conseil d\u2019administration extraordinaire tenu ce 23 septembre 2022. Il e\u0301tait pre\u0301side\u0301 par Jean Pierre Amougou Belinga. Elle remplace Andre\u0301 Agid. \u00ab Apre\u0300s l\u2019e\u0301valuation de la qualite\u0301 des points de vue entre la direction ge\u0301ne\u0301rale et le Conseil d\u2019Administration &#8230; De\u0301cide de mettre fin au mandat de monsieur Andre\u0301 Agid en qualite\u0301 de Directeur ge\u0301ne\u0301ral de la socie\u0301te\u0301 Te\u0301le\u0301 Sud-Groupe Vision 4 Te\u0301le\u0301vision \u00bb, peut-on lire dans un communique\u0301 radio-presse signe\u0301 par Jean Pierre Amougou Belinga, le pre\u0301sident du Conseil d\u2019administration.<\/p>\n<p>Madame Elizabeth Bouteiller et monsieur Noel Jean Magloire Ndong sont respectivement re\u0301dacteur en chef adjoint n\u00b01 charge\u0301 de l\u2019information et re\u0301dacteur en chef adjoint n\u00b02 charge\u0301 du desk international. Ces diffe\u0301rentes nominations ont pour objectif d\u2019insuffler un air frais dans la socie\u0301te\u0301.<\/p>\n<p><strong>Pour plus d&rsquo;informations et d&rsquo;analyses sur la <a href=\"https:\/\/www.africa-press.net\/cameroun\">Cameroun<\/a>, suivez <a href=\"https:\/\/www.africa-press.net\/\">Africa-Press<\/a><\/strong><\/p>\n","protected":false},"excerpt":{"rendered":"<p>Africa-Press &#8211; Cameroun. La socie\u0301te\u0301 Telesud-Groupe Vision 4 a du sang neuf a\u0300 la te\u0302te. Madame Valery Garrec est nomme\u0301e directrice ge\u0301ne\u0301rale a\u0300 l\u2019issue du Conseil d\u2019administration extraordinaire tenu ce 23 septembre 2022. Il e\u0301tait pre\u0301side\u0301 par Jean Pierre Amougou Belinga. Elle remplace Andre\u0301 Agid. \u00ab Apre\u0300s l\u2019e\u0301valuation de la qualite\u0301 des points de vue [&hellip;]<\/p>\n","protected":false},"author":82,"featured_media":28011,"comment_status":"open","ping_status":"closed","sticky":false,"template":"","format":"standard","meta":{"footnotes":""},"categories":[21,10],"tags":[36,50,49],"class_list":["post-28012","post","type-post","status-publish","format-standard","has-post-thumbnail","hentry","category-communaute","category-toutes-les-actualites","tag-africa-press","tag-africa-press-cameroun","tag-cameroun"],"yoast_head":"<!-- This site is optimized with the Yoast SEO Premium plugin v26.1 (Yoast SEO v27.0) - https:\/\/yoast.com\/product\/yoast-seo-premium-wordpress\/ -->\n<title>M\u00e9dias: Valery Garrec, nouvelle Directrice G\u00e9n\u00e9rale de la soci\u00e9t\u00e9 T\u00e9l\u00e9 Sud-Groupe Vision 4 T\u00e9l\u00e9vision - Cameroun<\/title>\n<meta name=\"description\" content=\"La socie\u0301te\u0301 Telesud-Groupe Vision 4 a du sang neuf a\u0300 la te\u0302te. Madame Valery Garrec est nomme\u0301e directrice ge\u0301ne\u0301rale ...\" \/>\n<meta name=\"robots\" content=\"index, follow, max-snippet:-1, max-image-preview:large, max-video-preview:-1\" \/>\n<link rel=\"canonical\" href=\"https:\/\/www.africa-press.net\/cameroun\/toutes-les-actualites\/medias-valery-garrec-nouvelle-directrice-generale-de-la-societe-tele-sud-groupe-vision-4-television\" \/>\n<meta property=\"og:locale\" content=\"fr_FR\" \/>\n<meta property=\"og:type\" content=\"article\" \/>\n<meta property=\"og:title\" content=\"M\u00e9dias: Valery Garrec, nouvelle Directrice G\u00e9n\u00e9rale de la soci\u00e9t\u00e9 T\u00e9l\u00e9 Sud-Groupe Vision 4 T\u00e9l\u00e9vision\" \/>\n<meta property=\"og:description\" content=\"La socie\u0301te\u0301 Telesud-Groupe Vision 4 a du sang neuf a\u0300 la te\u0302te. Madame Valery Garrec est nomme\u0301e directrice ge\u0301ne\u0301rale ...\" \/>\n<meta property=\"og:url\" content=\"https:\/\/www.africa-press.net\/cameroun\/toutes-les-actualites\/medias-valery-garrec-nouvelle-directrice-generale-de-la-societe-tele-sud-groupe-vision-4-television\" \/>\n<meta property=\"og:site_name\" content=\"Cameroun\" \/>\n<meta property=\"article:published_time\" content=\"2022-09-23T20:08:44+00:00\" \/>\n<meta property=\"article:modified_time\" content=\"2022-09-23T22:23:01+00:00\" \/>\n<meta property=\"og:image\" content=\"https:\/\/static.africa-press.net\/cameroun\/sites\/57\/2022\/09\/img-632e2810d5c34.jpg\" \/>\n\t<meta property=\"og:image:width\" content=\"800\" \/>\n\t<meta property=\"og:image:height\" content=\"800\" \/>\n\t<meta property=\"og:image:type\" content=\"image\/jpeg\" \/>\n<meta name=\"author\" content=\"cfeditorfr\" \/>\n<meta name=\"twitter:card\" content=\"summary_large_image\" \/>\n<meta name=\"twitter:label1\" content=\"\u00c9crit par\" \/>\n\t<meta name=\"twitter:data1\" content=\"cfeditorfr\" \/>\n\t<meta name=\"twitter:label2\" content=\"Dur\u00e9e de lecture estim\u00e9e\" \/>\n\t<meta name=\"twitter:data2\" content=\"1 minute\" \/>\n<script type=\"application\/ld+json\" class=\"yoast-schema-graph\">{\"@context\":\"https:\/\/schema.org\",\"@graph\":[{\"@type\":\"Article\",\"@id\":\"https:\/\/www.africa-press.net\/cameroun\/toutes-les-actualites\/medias-valery-garrec-nouvelle-directrice-generale-de-la-societe-tele-sud-groupe-vision-4-television#article\",\"isPartOf\":{\"@id\":\"https:\/\/www.africa-press.net\/cameroun\/toutes-les-actualites\/medias-valery-garrec-nouvelle-directrice-generale-de-la-societe-tele-sud-groupe-vision-4-television\"},\"author\":{\"name\":\"cfeditorfr\",\"@id\":\"https:\/\/www.africa-press.net\/cameroun\/#\/schema\/person\/2b1cf3cd81a31e3cd26889ca66d677f1\"},\"headline\":\"M\u00e9dias: Valery Garrec, nouvelle Directrice G\u00e9n\u00e9rale de la soci\u00e9t\u00e9 T\u00e9l\u00e9 Sud-Groupe Vision 4 T\u00e9l\u00e9vision\",\"datePublished\":\"2022-09-23T20:08:44+00:00\",\"dateModified\":\"2022-09-23T22:23:01+00:00\",\"mainEntityOfPage\":{\"@id\":\"https:\/\/www.africa-press.net\/cameroun\/toutes-les-actualites\/medias-valery-garrec-nouvelle-directrice-generale-de-la-societe-tele-sud-groupe-vision-4-television\"},\"wordCount\":202,\"commentCount\":0,\"image\":{\"@id\":\"https:\/\/www.africa-press.net\/cameroun\/toutes-les-actualites\/medias-valery-garrec-nouvelle-directrice-generale-de-la-societe-tele-sud-groupe-vision-4-television#primaryimage\"},\"thumbnailUrl\":\"https:\/\/static.africa-press.net\/cameroun\/sites\/57\/2022\/09\/img-632e2810d5c34.jpg\",\"keywords\":[\"Africa Press\",\"Africa Press-Cameroun\",\"Cameroun\"],\"articleSection\":[\"Communaut\u00e9\",\"Toutes les actualit\u00e9s\"],\"inLanguage\":\"fr-FR\",\"potentialAction\":[{\"@type\":\"CommentAction\",\"name\":\"Comment\",\"target\":[\"https:\/\/www.africa-press.net\/cameroun\/toutes-les-actualites\/medias-valery-garrec-nouvelle-directrice-generale-de-la-societe-tele-sud-groupe-vision-4-television#respond\"]}]},{\"@type\":\"WebPage\",\"@id\":\"https:\/\/www.africa-press.net\/cameroun\/toutes-les-actualites\/medias-valery-garrec-nouvelle-directrice-generale-de-la-societe-tele-sud-groupe-vision-4-television\",\"url\":\"https:\/\/www.africa-press.net\/cameroun\/toutes-les-actualites\/medias-valery-garrec-nouvelle-directrice-generale-de-la-societe-tele-sud-groupe-vision-4-television\",\"name\":\"M\u00e9dias: Valery Garrec, nouvelle Directrice G\u00e9n\u00e9rale de la soci\u00e9t\u00e9 T\u00e9l\u00e9 Sud-Groupe Vision 4 T\u00e9l\u00e9vision - Cameroun\",\"isPartOf\":{\"@id\":\"https:\/\/www.africa-press.net\/cameroun\/#website\"},\"primaryImageOfPage\":{\"@id\":\"https:\/\/www.africa-press.net\/cameroun\/toutes-les-actualites\/medias-valery-garrec-nouvelle-directrice-generale-de-la-societe-tele-sud-groupe-vision-4-television#primaryimage\"},\"image\":{\"@id\":\"https:\/\/www.africa-press.net\/cameroun\/toutes-les-actualites\/medias-valery-garrec-nouvelle-directrice-generale-de-la-societe-tele-sud-groupe-vision-4-television#primaryimage\"},\"thumbnailUrl\":\"https:\/\/static.africa-press.net\/cameroun\/sites\/57\/2022\/09\/img-632e2810d5c34.jpg\",\"datePublished\":\"2022-09-23T20:08:44+00:00\",\"dateModified\":\"2022-09-23T22:23:01+00:00\",\"author\":{\"@id\":\"https:\/\/www.africa-press.net\/cameroun\/#\/schema\/person\/2b1cf3cd81a31e3cd26889ca66d677f1\"},\"description\":\"La socie\u0301te\u0301 Telesud-Groupe Vision 4 a du sang neuf a\u0300 la te\u0302te. Madame Valery Garrec est nomme\u0301e directrice ge\u0301ne\u0301rale ...\",\"breadcrumb\":{\"@id\":\"https:\/\/www.africa-press.net\/cameroun\/toutes-les-actualites\/medias-valery-garrec-nouvelle-directrice-generale-de-la-societe-tele-sud-groupe-vision-4-television#breadcrumb\"},\"inLanguage\":\"fr-FR\",\"potentialAction\":[{\"@type\":\"ReadAction\",\"target\":[\"https:\/\/www.africa-press.net\/cameroun\/toutes-les-actualites\/medias-valery-garrec-nouvelle-directrice-generale-de-la-societe-tele-sud-groupe-vision-4-television\"]}]},{\"@type\":\"ImageObject\",\"inLanguage\":\"fr-FR\",\"@id\":\"https:\/\/www.africa-press.net\/cameroun\/toutes-les-actualites\/medias-valery-garrec-nouvelle-directrice-generale-de-la-societe-tele-sud-groupe-vision-4-television#primaryimage\",\"url\":\"https:\/\/static.africa-press.net\/cameroun\/sites\/57\/2022\/09\/img-632e2810d5c34.jpg\",\"contentUrl\":\"https:\/\/static.africa-press.net\/cameroun\/sites\/57\/2022\/09\/img-632e2810d5c34.jpg\",\"width\":800,\"height\":800,\"caption\":\"M\u00e9dias: Valery Garrec, nouvelle Directrice G\u00e9n\u00e9rale de la soci\u00e9t\u00e9 T\u00e9l\u00e9 Sud-Groupe Vision 4 T\u00e9l\u00e9vision\"},{\"@type\":\"BreadcrumbList\",\"@id\":\"https:\/\/www.africa-press.net\/cameroun\/toutes-les-actualites\/medias-valery-garrec-nouvelle-directrice-generale-de-la-societe-tele-sud-groupe-vision-4-television#breadcrumb\",\"itemListElement\":[{\"@type\":\"ListItem\",\"position\":1,\"name\":\"Accueil\",\"item\":\"https:\/\/www.africa-press.net\/cameroun\/\"},{\"@type\":\"ListItem\",\"position\":2,\"name\":\"M\u00e9dias: Valery Garrec, nouvelle Directrice G\u00e9n\u00e9rale de la soci\u00e9t\u00e9 T\u00e9l\u00e9 Sud-Groupe Vision 4 T\u00e9l\u00e9vision\"}]},{\"@type\":\"WebSite\",\"@id\":\"https:\/\/www.africa-press.net\/cameroun\/#website\",\"url\":\"https:\/\/www.africa-press.net\/cameroun\/\",\"name\":\"Cameroun\",\"description\":\"Just another Africa News Agency Sites site\",\"potentialAction\":[{\"@type\":\"SearchAction\",\"target\":{\"@type\":\"EntryPoint\",\"urlTemplate\":\"https:\/\/www.africa-press.net\/cameroun\/?s={search_term_string}\"},\"query-input\":{\"@type\":\"PropertyValueSpecification\",\"valueRequired\":true,\"valueName\":\"search_term_string\"}}],\"inLanguage\":\"fr-FR\"},{\"@type\":\"Person\",\"@id\":\"https:\/\/www.africa-press.net\/cameroun\/#\/schema\/person\/2b1cf3cd81a31e3cd26889ca66d677f1\",\"name\":\"cfeditorfr\"}]}<\/script>\n<!-- \/ Yoast SEO Premium plugin. -->","yoast_head_json":{"title":"M\u00e9dias: Valery Garrec, nouvelle Directrice G\u00e9n\u00e9rale de la soci\u00e9t\u00e9 T\u00e9l\u00e9 Sud-Groupe Vision 4 T\u00e9l\u00e9vision - Cameroun","description":"La socie\u0301te\u0301 Telesud-Groupe Vision 4 a du sang neuf a\u0300 la te\u0302te. Madame Valery Garrec est nomme\u0301e directrice ge\u0301ne\u0301rale ...","robots":{"index":"index","follow":"follow","max-snippet":"max-snippet:-1","max-image-preview":"max-image-preview:large","max-video-preview":"max-video-preview:-1"},"canonical":"https:\/\/www.africa-press.net\/cameroun\/toutes-les-actualites\/medias-valery-garrec-nouvelle-directrice-generale-de-la-societe-tele-sud-groupe-vision-4-television","og_locale":"fr_FR","og_type":"article","og_title":"M\u00e9dias: Valery Garrec, nouvelle Directrice G\u00e9n\u00e9rale de la soci\u00e9t\u00e9 T\u00e9l\u00e9 Sud-Groupe Vision 4 T\u00e9l\u00e9vision","og_description":"La socie\u0301te\u0301 Telesud-Groupe Vision 4 a du sang neuf a\u0300 la te\u0302te. Madame Valery Garrec est nomme\u0301e directrice ge\u0301ne\u0301rale ...","og_url":"https:\/\/www.africa-press.net\/cameroun\/toutes-les-actualites\/medias-valery-garrec-nouvelle-directrice-generale-de-la-societe-tele-sud-groupe-vision-4-television","og_site_name":"Cameroun","article_published_time":"2022-09-23T20:08:44+00:00","article_modified_time":"2022-09-23T22:23:01+00:00","og_image":[{"width":800,"height":800,"url":"https:\/\/static.africa-press.net\/cameroun\/sites\/57\/2022\/09\/img-632e2810d5c34.jpg","type":"image\/jpeg"}],"author":"cfeditorfr","twitter_card":"summary_large_image","twitter_misc":{"\u00c9crit par":"cfeditorfr","Dur\u00e9e de lecture estim\u00e9e":"1 minute"},"schema":{"@context":"https:\/\/schema.org","@graph":[{"@type":"Article","@id":"https:\/\/www.africa-press.net\/cameroun\/toutes-les-actualites\/medias-valery-garrec-nouvelle-directrice-generale-de-la-societe-tele-sud-groupe-vision-4-television#article","isPartOf":{"@id":"https:\/\/www.africa-press.net\/cameroun\/toutes-les-actualites\/medias-valery-garrec-nouvelle-directrice-generale-de-la-societe-tele-sud-groupe-vision-4-television"},"author":{"name":"cfeditorfr","@id":"https:\/\/www.africa-press.net\/cameroun\/#\/schema\/person\/2b1cf3cd81a31e3cd26889ca66d677f1"},"headline":"M\u00e9dias: Valery Garrec, nouvelle Directrice G\u00e9n\u00e9rale de la soci\u00e9t\u00e9 T\u00e9l\u00e9 Sud-Groupe Vision 4 T\u00e9l\u00e9vision","datePublished":"2022-09-23T20:08:44+00:00","dateModified":"2022-09-23T22:23:01+00:00","mainEntityOfPage":{"@id":"https:\/\/www.africa-press.net\/cameroun\/toutes-les-actualites\/medias-valery-garrec-nouvelle-directrice-generale-de-la-societe-tele-sud-groupe-vision-4-television"},"wordCount":202,"commentCount":0,"image":{"@id":"https:\/\/www.africa-press.net\/cameroun\/toutes-les-actualites\/medias-valery-garrec-nouvelle-directrice-generale-de-la-societe-tele-sud-groupe-vision-4-television#primaryimage"},"thumbnailUrl":"https:\/\/static.africa-press.net\/cameroun\/sites\/57\/2022\/09\/img-632e2810d5c34.jpg","keywords":["Africa Press","Africa Press-Cameroun","Cameroun"],"articleSection":["Communaut\u00e9","Toutes les actualit\u00e9s"],"inLanguage":"fr-FR","potentialAction":[{"@type":"CommentAction","name":"Comment","target":["https:\/\/www.africa-press.net\/cameroun\/toutes-les-actualites\/medias-valery-garrec-nouvelle-directrice-generale-de-la-societe-tele-sud-groupe-vision-4-television#respond"]}]},{"@type":"WebPage","@id":"https:\/\/www.africa-press.net\/cameroun\/toutes-les-actualites\/medias-valery-garrec-nouvelle-directrice-generale-de-la-societe-tele-sud-groupe-vision-4-television","url":"https:\/\/www.africa-press.net\/cameroun\/toutes-les-actualites\/medias-valery-garrec-nouvelle-directrice-generale-de-la-societe-tele-sud-groupe-vision-4-television","name":"M\u00e9dias: Valery Garrec, nouvelle Directrice G\u00e9n\u00e9rale de la soci\u00e9t\u00e9 T\u00e9l\u00e9 Sud-Groupe Vision 4 T\u00e9l\u00e9vision - Cameroun","isPartOf":{"@id":"https:\/\/www.africa-press.net\/cameroun\/#website"},"primaryImageOfPage":{"@id":"https:\/\/www.africa-press.net\/cameroun\/toutes-les-actualites\/medias-valery-garrec-nouvelle-directrice-generale-de-la-societe-tele-sud-groupe-vision-4-television#primaryimage"},"image":{"@id":"https:\/\/www.africa-press.net\/cameroun\/toutes-les-actualites\/medias-valery-garrec-nouvelle-directrice-generale-de-la-societe-tele-sud-groupe-vision-4-television#primaryimage"},"thumbnailUrl":"https:\/\/static.africa-press.net\/cameroun\/sites\/57\/2022\/09\/img-632e2810d5c34.jpg","datePublished":"2022-09-23T20:08:44+00:00","dateModified":"2022-09-23T22:23:01+00:00","author":{"@id":"https:\/\/www.africa-press.net\/cameroun\/#\/schema\/person\/2b1cf3cd81a31e3cd26889ca66d677f1"},"description":"La socie\u0301te\u0301 Telesud-Groupe Vision 4 a du sang neuf a\u0300 la te\u0302te. Madame Valery Garrec est nomme\u0301e directrice ge\u0301ne\u0301rale ...","breadcrumb":{"@id":"https:\/\/www.africa-press.net\/cameroun\/toutes-les-actualites\/medias-valery-garrec-nouvelle-directrice-generale-de-la-societe-tele-sud-groupe-vision-4-television#breadcrumb"},"inLanguage":"fr-FR","potentialAction":[{"@type":"ReadAction","target":["https:\/\/www.africa-press.net\/cameroun\/toutes-les-actualites\/medias-valery-garrec-nouvelle-directrice-generale-de-la-societe-tele-sud-groupe-vision-4-television"]}]},{"@type":"ImageObject","inLanguage":"fr-FR","@id":"https:\/\/www.africa-press.net\/cameroun\/toutes-les-actualites\/medias-valery-garrec-nouvelle-directrice-generale-de-la-societe-tele-sud-groupe-vision-4-television#primaryimage","url":"https:\/\/static.africa-press.net\/cameroun\/sites\/57\/2022\/09\/img-632e2810d5c34.jpg","contentUrl":"https:\/\/static.africa-press.net\/cameroun\/sites\/57\/2022\/09\/img-632e2810d5c34.jpg","width":800,"height":800,"caption":"M\u00e9dias: Valery Garrec, nouvelle Directrice G\u00e9n\u00e9rale de la soci\u00e9t\u00e9 T\u00e9l\u00e9 Sud-Groupe Vision 4 T\u00e9l\u00e9vision"},{"@type":"BreadcrumbList","@id":"https:\/\/www.africa-press.net\/cameroun\/toutes-les-actualites\/medias-valery-garrec-nouvelle-directrice-generale-de-la-societe-tele-sud-groupe-vision-4-television#breadcrumb","itemListElement":[{"@type":"ListItem","position":1,"name":"Accueil","item":"https:\/\/www.africa-press.net\/cameroun\/"},{"@type":"ListItem","position":2,"name":"M\u00e9dias: Valery Garrec, nouvelle Directrice G\u00e9n\u00e9rale de la soci\u00e9t\u00e9 T\u00e9l\u00e9 Sud-Groupe Vision 4 T\u00e9l\u00e9vision"}]},{"@type":"WebSite","@id":"https:\/\/www.africa-press.net\/cameroun\/#website","url":"https:\/\/www.africa-press.net\/cameroun\/","name":"Cameroun","description":"Just another Africa News Agency Sites site","potentialAction":[{"@type":"SearchAction","target":{"@type":"EntryPoint","urlTemplate":"https:\/\/www.africa-press.net\/cameroun\/?s={search_term_string}"},"query-input":{"@type":"PropertyValueSpecification","valueRequired":true,"valueName":"search_term_string"}}],"inLanguage":"fr-FR"},{"@type":"Person","@id":"https:\/\/www.africa-press.net\/cameroun\/#\/schema\/person\/2b1cf3cd81a31e3cd26889ca66d677f1","name":"cfeditorfr"}]}},"_links":{"self":[{"href":"https:\/\/www.africa-press.net\/cameroun\/wp-json\/wp\/v2\/posts\/28012","targetHints":{"allow":["GET"]}}],"collection":[{"href":"https:\/\/www.africa-press.net\/cameroun\/wp-json\/wp\/v2\/posts"}],"about":[{"href":"https:\/\/www.africa-press.net\/cameroun\/wp-json\/wp\/v2\/types\/post"}],"author":[{"embeddable":true,"href":"https:\/\/www.africa-press.net\/cameroun\/wp-json\/wp\/v2\/users\/82"}],"replies":[{"embeddable":true,"href":"https:\/\/www.africa-press.net\/cameroun\/wp-json\/wp\/v2\/comments?post=28012"}],"version-history":[{"count":0,"href":"https:\/\/www.africa-press.net\/cameroun\/wp-json\/wp\/v2\/posts\/28012\/revisions"}],"wp:featuredmedia":[{"embeddable":true,"href":"https:\/\/www.africa-press.net\/cameroun\/wp-json\/wp\/v2\/media\/28011"}],"wp:attachment":[{"href":"https:\/\/www.africa-press.net\/cameroun\/wp-json\/wp\/v2\/media?parent=28012"}],"wp:term":[{"taxonomy":"category","embeddable":true,"href":"https:\/\/www.africa-press.net\/cameroun\/wp-json\/wp\/v2\/categories?post=28012"},{"taxonomy":"post_tag","embeddable":true,"href":"https:\/\/www.africa-press.net\/cameroun\/wp-json\/wp\/v2\/tags?post=28012"}],"curies":[{"name":"wp","href":"https:\/\/api.w.org\/{rel}","templated":true}]}}