{"id":28015,"date":"2022-09-23T20:16:17","date_gmt":"2022-09-23T20:16:17","guid":{"rendered":"https:\/\/www.africa-press.net\/cameroun\/politique\/cameroun-lunion-europeenne-ue-va-evaluer-les-retombees-de-laccord-de-partenariat-economique-ape-sur-les-entreprises-camerounaises-le-28-septembre-2022-a-douala"},"modified":"2022-09-23T21:42:32","modified_gmt":"2022-09-23T21:42:32","slug":"cameroun-lunion-europeenne-ue-va-evaluer-les-retombees-de-laccord-de-partenariat-economique-ape-sur-les-entreprises-camerounaises-le-28-septembre-2022-a-douala","status":"publish","type":"post","link":"https:\/\/www.africa-press.net\/cameroun\/economie\/cameroun-lunion-europeenne-ue-va-evaluer-les-retombees-de-laccord-de-partenariat-economique-ape-sur-les-entreprises-camerounaises-le-28-septembre-2022-a-douala","title":{"rendered":"Cameroun: L\u2019Union europ\u00e9enne (UE) va \u00e9valuer les retomb\u00e9es de l\u2019Accord de Partenariat Economique (APE) sur les entreprises camerounaises le 28 septembre 2022 \u00e0 Douala"},"content":{"rendered":"<p><span style=\"color: #ff6600\"><strong>Africa-Press &#8211; Cameroun. <\/strong><\/span>Le Cameroun et l&rsquo;Union europe\u0301enne (UE) ont conclu un Accord de partenariat e\u0301conomique (APE) le 17 de\u0301cembre 2007. Cet APE a e\u0301te\u0301 signe\u0301 en janvier 2009 puis approuve\u0301 par le Parlement europe\u0301en le 13 juin 2013 et ratifie\u0301 par le Cameroun le 22 juillet 2014. Son application provisoire est effective depuis le 4 aou\u0302t 2014.<\/p>\n<p>Cet accord a permis au Cameroun de be\u0301ne\u0301ficier d&rsquo;un acce\u0300s libre et sans pre\u0301ce\u0301dent au marche\u0301 de l&rsquo;UE pour ses produits d&rsquo;exportation tels que la banane, l&rsquo;aluminium, les produits transforme\u0301s du cacao, les contreplaque\u0301s, et d&rsquo;autres produits agricoles frais ou transforme\u0301s de\u0300s le 1 janvier 2008, date qui marquait la fin des dispositions commerciales de l&rsquo;accord de Cotonou. De son co\u0302te\u0301, l&rsquo;UE be\u0301ne\u0301ficie d&rsquo;une libe\u0301ralisation progressive de ses produits sur le marche\u0301 du Cameroun depuis le 4 aou\u0302t 2016.<\/p>\n<p>C\u2019est dans ce contexte que ville de Douala, capitale e\u0301conomique du pays va abriter le 28 septembre 2022, un atelier organise\u0301 par l\u2019Union europe\u0301enne, afin d\u2019e\u0301valuer les retombe\u0301es de l\u2019Accord de partenariat e\u0301conomique (APE) sur la vie des entreprises camerounaises. Ladite rencontre permettra aux ope\u0301rateurs e\u0301conomiques, aux chefs d\u2019entreprises et aux responsables du patronat de faire le point sur les opportunite\u0301s offertes par cet accord commercial.<\/p>\n<p>Dans les accords passe\u0301s entre le Cameroun et les pays de l\u2019Union europe\u0301enne, toutes les importations de produits originaires du Cameroun acce\u0300dent au marche\u0301 europe\u0301en sans taxe ni contingentement depuis le 1er Janvier 2008 et sans limitation de dure\u0301e. En contrepartie, le Cameroun e\u0301limine progressivement les droits de douane (de\u0301mante\u0300lement tarifaire) sur 80% de ses importations de produits originaires de l&rsquo;UE au cours d\u2019une pe\u0301riode transitoire de 15 ans.<\/p>\n<p><b>Jean Daniel Obama<\/b><\/p>\n<p><strong>Pour plus d&rsquo;informations et d&rsquo;analyses sur la <a href=\"https:\/\/www.africa-press.net\/cameroun\">Cameroun<\/a>, suivez <a href=\"https:\/\/www.africa-press.net\/\">Africa-Press<\/a><\/strong><\/p>\n","protected":false},"excerpt":{"rendered":"<p>Africa-Press &#8211; Cameroun. Le Cameroun et l&rsquo;Union europe\u0301enne (UE) ont conclu un Accord de partenariat e\u0301conomique (APE) le 17 de\u0301cembre 2007. Cet APE a e\u0301te\u0301 signe\u0301 en janvier 2009 puis approuve\u0301 par le Parlement europe\u0301en le 13 juin 2013 et ratifie\u0301 par le Cameroun le 22 juillet 2014. Son application provisoire est effective depuis le [&hellip;]<\/p>\n","protected":false},"author":82,"featured_media":28014,"comment_status":"open","ping_status":"closed","sticky":false,"template":"","format":"standard","meta":{"footnotes":""},"categories":[3,10],"tags":[36,50,49],"class_list":["post-28015","post","type-post","status-publish","format-standard","has-post-thumbnail","hentry","category-economie","category-toutes-les-actualites","tag-africa-press","tag-africa-press-cameroun","tag-cameroun"],"yoast_head":"<!-- This site is optimized with the Yoast SEO Premium plugin v26.1 (Yoast SEO v27.0) - https:\/\/yoast.com\/product\/yoast-seo-premium-wordpress\/ -->\n<title>Cameroun: L\u2019Union europ\u00e9enne (UE) va \u00e9valuer les retomb\u00e9es de l\u2019Accord de Partenariat Economique (APE) sur les entreprises camerounaises le 28 septembre 2022 \u00e0 Douala - Cameroun<\/title>\n<meta name=\"description\" content=\"Le Cameroun et l&#039;Union europe\u0301enne (UE) ont conclu un Accord de partenariat e\u0301conomique (APE) le 17 de\u0301cembre 2007. Cet ...\" \/>\n<meta name=\"robots\" content=\"index, follow, max-snippet:-1, max-image-preview:large, max-video-preview:-1\" \/>\n<link rel=\"canonical\" href=\"https:\/\/www.africa-press.net\/cameroun\/economie\/cameroun-lunion-europeenne-ue-va-evaluer-les-retombees-de-laccord-de-partenariat-economique-ape-sur-les-entreprises-camerounaises-le-28-septembre-2022-a-douala\" \/>\n<meta property=\"og:locale\" content=\"fr_FR\" \/>\n<meta property=\"og:type\" content=\"article\" \/>\n<meta property=\"og:title\" content=\"Cameroun: L\u2019Union europ\u00e9enne (UE) va \u00e9valuer les retomb\u00e9es de l\u2019Accord de Partenariat Economique (APE) sur les entreprises camerounaises le 28 septembre 2022 \u00e0 Douala\" \/>\n<meta property=\"og:description\" content=\"Le Cameroun et l&#039;Union europe\u0301enne (UE) ont conclu un Accord de partenariat e\u0301conomique (APE) le 17 de\u0301cembre 2007. Cet ...\" \/>\n<meta property=\"og:url\" content=\"https:\/\/www.africa-press.net\/cameroun\/economie\/cameroun-lunion-europeenne-ue-va-evaluer-les-retombees-de-laccord-de-partenariat-economique-ape-sur-les-entreprises-camerounaises-le-28-septembre-2022-a-douala\" \/>\n<meta property=\"og:site_name\" content=\"Cameroun\" \/>\n<meta property=\"article:published_time\" content=\"2022-09-23T20:16:17+00:00\" \/>\n<meta property=\"article:modified_time\" content=\"2022-09-23T21:42:32+00:00\" \/>\n<meta property=\"og:image\" content=\"https:\/\/static.africa-press.net\/cameroun\/sites\/57\/2022\/09\/img-632e2831cc6ba.jpg\" \/>\n\t<meta property=\"og:image:width\" content=\"800\" \/>\n\t<meta property=\"og:image:height\" content=\"532\" \/>\n\t<meta property=\"og:image:type\" content=\"image\/jpeg\" \/>\n<meta name=\"author\" content=\"cfeditorfr\" \/>\n<meta name=\"twitter:card\" content=\"summary_large_image\" \/>\n<meta name=\"twitter:label1\" content=\"\u00c9crit par\" \/>\n\t<meta name=\"twitter:data1\" content=\"cfeditorfr\" \/>\n\t<meta name=\"twitter:label2\" content=\"Dur\u00e9e de lecture estim\u00e9e\" \/>\n\t<meta name=\"twitter:data2\" content=\"2 minutes\" \/>\n<script type=\"application\/ld+json\" class=\"yoast-schema-graph\">{\"@context\":\"https:\/\/schema.org\",\"@graph\":[{\"@type\":\"Article\",\"@id\":\"https:\/\/www.africa-press.net\/cameroun\/economie\/cameroun-lunion-europeenne-ue-va-evaluer-les-retombees-de-laccord-de-partenariat-economique-ape-sur-les-entreprises-camerounaises-le-28-septembre-2022-a-douala#article\",\"isPartOf\":{\"@id\":\"https:\/\/www.africa-press.net\/cameroun\/economie\/cameroun-lunion-europeenne-ue-va-evaluer-les-retombees-de-laccord-de-partenariat-economique-ape-sur-les-entreprises-camerounaises-le-28-septembre-2022-a-douala\"},\"author\":{\"name\":\"cfeditorfr\",\"@id\":\"https:\/\/www.africa-press.net\/cameroun\/#\/schema\/person\/2b1cf3cd81a31e3cd26889ca66d677f1\"},\"headline\":\"Cameroun: L\u2019Union europ\u00e9enne (UE) va \u00e9valuer les retomb\u00e9es de l\u2019Accord de Partenariat Economique (APE) sur les entreprises camerounaises le 28 septembre 2022 \u00e0 Douala\",\"datePublished\":\"2022-09-23T20:16:17+00:00\",\"dateModified\":\"2022-09-23T21:42:32+00:00\",\"mainEntityOfPage\":{\"@id\":\"https:\/\/www.africa-press.net\/cameroun\/economie\/cameroun-lunion-europeenne-ue-va-evaluer-les-retombees-de-laccord-de-partenariat-economique-ape-sur-les-entreprises-camerounaises-le-28-septembre-2022-a-douala\"},\"wordCount\":348,\"commentCount\":0,\"image\":{\"@id\":\"https:\/\/www.africa-press.net\/cameroun\/economie\/cameroun-lunion-europeenne-ue-va-evaluer-les-retombees-de-laccord-de-partenariat-economique-ape-sur-les-entreprises-camerounaises-le-28-septembre-2022-a-douala#primaryimage\"},\"thumbnailUrl\":\"https:\/\/static.africa-press.net\/cameroun\/sites\/57\/2022\/09\/img-632e2831cc6ba.jpg\",\"keywords\":[\"Africa Press\",\"Africa Press-Cameroun\",\"Cameroun\"],\"articleSection\":[\"\u00c9conomie\",\"Toutes les actualit\u00e9s\"],\"inLanguage\":\"fr-FR\",\"potentialAction\":[{\"@type\":\"CommentAction\",\"name\":\"Comment\",\"target\":[\"https:\/\/www.africa-press.net\/cameroun\/economie\/cameroun-lunion-europeenne-ue-va-evaluer-les-retombees-de-laccord-de-partenariat-economique-ape-sur-les-entreprises-camerounaises-le-28-septembre-2022-a-douala#respond\"]}]},{\"@type\":\"WebPage\",\"@id\":\"https:\/\/www.africa-press.net\/cameroun\/economie\/cameroun-lunion-europeenne-ue-va-evaluer-les-retombees-de-laccord-de-partenariat-economique-ape-sur-les-entreprises-camerounaises-le-28-septembre-2022-a-douala\",\"url\":\"https:\/\/www.africa-press.net\/cameroun\/economie\/cameroun-lunion-europeenne-ue-va-evaluer-les-retombees-de-laccord-de-partenariat-economique-ape-sur-les-entreprises-camerounaises-le-28-septembre-2022-a-douala\",\"name\":\"Cameroun: L\u2019Union europ\u00e9enne (UE) va \u00e9valuer les retomb\u00e9es de l\u2019Accord de Partenariat Economique (APE) sur les entreprises camerounaises le 28 septembre 2022 \u00e0 Douala - Cameroun\",\"isPartOf\":{\"@id\":\"https:\/\/www.africa-press.net\/cameroun\/#website\"},\"primaryImageOfPage\":{\"@id\":\"https:\/\/www.africa-press.net\/cameroun\/economie\/cameroun-lunion-europeenne-ue-va-evaluer-les-retombees-de-laccord-de-partenariat-economique-ape-sur-les-entreprises-camerounaises-le-28-septembre-2022-a-douala#primaryimage\"},\"image\":{\"@id\":\"https:\/\/www.africa-press.net\/cameroun\/economie\/cameroun-lunion-europeenne-ue-va-evaluer-les-retombees-de-laccord-de-partenariat-economique-ape-sur-les-entreprises-camerounaises-le-28-septembre-2022-a-douala#primaryimage\"},\"thumbnailUrl\":\"https:\/\/static.africa-press.net\/cameroun\/sites\/57\/2022\/09\/img-632e2831cc6ba.jpg\",\"datePublished\":\"2022-09-23T20:16:17+00:00\",\"dateModified\":\"2022-09-23T21:42:32+00:00\",\"author\":{\"@id\":\"https:\/\/www.africa-press.net\/cameroun\/#\/schema\/person\/2b1cf3cd81a31e3cd26889ca66d677f1\"},\"description\":\"Le Cameroun et l'Union europe\u0301enne (UE) ont conclu un Accord de partenariat e\u0301conomique (APE) le 17 de\u0301cembre 2007. Cet ...\",\"breadcrumb\":{\"@id\":\"https:\/\/www.africa-press.net\/cameroun\/economie\/cameroun-lunion-europeenne-ue-va-evaluer-les-retombees-de-laccord-de-partenariat-economique-ape-sur-les-entreprises-camerounaises-le-28-septembre-2022-a-douala#breadcrumb\"},\"inLanguage\":\"fr-FR\",\"potentialAction\":[{\"@type\":\"ReadAction\",\"target\":[\"https:\/\/www.africa-press.net\/cameroun\/economie\/cameroun-lunion-europeenne-ue-va-evaluer-les-retombees-de-laccord-de-partenariat-economique-ape-sur-les-entreprises-camerounaises-le-28-septembre-2022-a-douala\"]}]},{\"@type\":\"ImageObject\",\"inLanguage\":\"fr-FR\",\"@id\":\"https:\/\/www.africa-press.net\/cameroun\/economie\/cameroun-lunion-europeenne-ue-va-evaluer-les-retombees-de-laccord-de-partenariat-economique-ape-sur-les-entreprises-camerounaises-le-28-septembre-2022-a-douala#primaryimage\",\"url\":\"https:\/\/static.africa-press.net\/cameroun\/sites\/57\/2022\/09\/img-632e2831cc6ba.jpg\",\"contentUrl\":\"https:\/\/static.africa-press.net\/cameroun\/sites\/57\/2022\/09\/img-632e2831cc6ba.jpg\",\"width\":800,\"height\":532,\"caption\":\"Cameroun: L\u2019Union europ\u00e9enne (UE) va \u00e9valuer les retomb\u00e9es de l\u2019Accord de Partenariat Economique (APE) sur les entreprises camerounaises le 28 septembre 2022 \u00e0 Douala\"},{\"@type\":\"BreadcrumbList\",\"@id\":\"https:\/\/www.africa-press.net\/cameroun\/economie\/cameroun-lunion-europeenne-ue-va-evaluer-les-retombees-de-laccord-de-partenariat-economique-ape-sur-les-entreprises-camerounaises-le-28-septembre-2022-a-douala#breadcrumb\",\"itemListElement\":[{\"@type\":\"ListItem\",\"position\":1,\"name\":\"Accueil\",\"item\":\"https:\/\/www.africa-press.net\/cameroun\/\"},{\"@type\":\"ListItem\",\"position\":2,\"name\":\"Cameroun: L\u2019Union europ\u00e9enne (UE) va \u00e9valuer les retomb\u00e9es de l\u2019Accord de Partenariat Economique (APE) sur les entreprises camerounaises le 28 septembre 2022 \u00e0 Douala\"}]},{\"@type\":\"WebSite\",\"@id\":\"https:\/\/www.africa-press.net\/cameroun\/#website\",\"url\":\"https:\/\/www.africa-press.net\/cameroun\/\",\"name\":\"Cameroun\",\"description\":\"Just another Africa News Agency Sites site\",\"potentialAction\":[{\"@type\":\"SearchAction\",\"target\":{\"@type\":\"EntryPoint\",\"urlTemplate\":\"https:\/\/www.africa-press.net\/cameroun\/?s={search_term_string}\"},\"query-input\":{\"@type\":\"PropertyValueSpecification\",\"valueRequired\":true,\"valueName\":\"search_term_string\"}}],\"inLanguage\":\"fr-FR\"},{\"@type\":\"Person\",\"@id\":\"https:\/\/www.africa-press.net\/cameroun\/#\/schema\/person\/2b1cf3cd81a31e3cd26889ca66d677f1\",\"name\":\"cfeditorfr\"}]}<\/script>\n<!-- \/ Yoast SEO Premium plugin. -->","yoast_head_json":{"title":"Cameroun: L\u2019Union europ\u00e9enne (UE) va \u00e9valuer les retomb\u00e9es de l\u2019Accord de Partenariat Economique (APE) sur les entreprises camerounaises le 28 septembre 2022 \u00e0 Douala - Cameroun","description":"Le Cameroun et l'Union europe\u0301enne (UE) ont conclu un Accord de partenariat e\u0301conomique (APE) le 17 de\u0301cembre 2007. Cet ...","robots":{"index":"index","follow":"follow","max-snippet":"max-snippet:-1","max-image-preview":"max-image-preview:large","max-video-preview":"max-video-preview:-1"},"canonical":"https:\/\/www.africa-press.net\/cameroun\/economie\/cameroun-lunion-europeenne-ue-va-evaluer-les-retombees-de-laccord-de-partenariat-economique-ape-sur-les-entreprises-camerounaises-le-28-septembre-2022-a-douala","og_locale":"fr_FR","og_type":"article","og_title":"Cameroun: L\u2019Union europ\u00e9enne (UE) va \u00e9valuer les retomb\u00e9es de l\u2019Accord de Partenariat Economique (APE) sur les entreprises camerounaises le 28 septembre 2022 \u00e0 Douala","og_description":"Le Cameroun et l'Union europe\u0301enne (UE) ont conclu un Accord de partenariat e\u0301conomique (APE) le 17 de\u0301cembre 2007. Cet ...","og_url":"https:\/\/www.africa-press.net\/cameroun\/economie\/cameroun-lunion-europeenne-ue-va-evaluer-les-retombees-de-laccord-de-partenariat-economique-ape-sur-les-entreprises-camerounaises-le-28-septembre-2022-a-douala","og_site_name":"Cameroun","article_published_time":"2022-09-23T20:16:17+00:00","article_modified_time":"2022-09-23T21:42:32+00:00","og_image":[{"width":800,"height":532,"url":"https:\/\/static.africa-press.net\/cameroun\/sites\/57\/2022\/09\/img-632e2831cc6ba.jpg","type":"image\/jpeg"}],"author":"cfeditorfr","twitter_card":"summary_large_image","twitter_misc":{"\u00c9crit par":"cfeditorfr","Dur\u00e9e de lecture estim\u00e9e":"2 minutes"},"schema":{"@context":"https:\/\/schema.org","@graph":[{"@type":"Article","@id":"https:\/\/www.africa-press.net\/cameroun\/economie\/cameroun-lunion-europeenne-ue-va-evaluer-les-retombees-de-laccord-de-partenariat-economique-ape-sur-les-entreprises-camerounaises-le-28-septembre-2022-a-douala#article","isPartOf":{"@id":"https:\/\/www.africa-press.net\/cameroun\/economie\/cameroun-lunion-europeenne-ue-va-evaluer-les-retombees-de-laccord-de-partenariat-economique-ape-sur-les-entreprises-camerounaises-le-28-septembre-2022-a-douala"},"author":{"name":"cfeditorfr","@id":"https:\/\/www.africa-press.net\/cameroun\/#\/schema\/person\/2b1cf3cd81a31e3cd26889ca66d677f1"},"headline":"Cameroun: L\u2019Union europ\u00e9enne (UE) va \u00e9valuer les retomb\u00e9es de l\u2019Accord de Partenariat Economique (APE) sur les entreprises camerounaises le 28 septembre 2022 \u00e0 Douala","datePublished":"2022-09-23T20:16:17+00:00","dateModified":"2022-09-23T21:42:32+00:00","mainEntityOfPage":{"@id":"https:\/\/www.africa-press.net\/cameroun\/economie\/cameroun-lunion-europeenne-ue-va-evaluer-les-retombees-de-laccord-de-partenariat-economique-ape-sur-les-entreprises-camerounaises-le-28-septembre-2022-a-douala"},"wordCount":348,"commentCount":0,"image":{"@id":"https:\/\/www.africa-press.net\/cameroun\/economie\/cameroun-lunion-europeenne-ue-va-evaluer-les-retombees-de-laccord-de-partenariat-economique-ape-sur-les-entreprises-camerounaises-le-28-septembre-2022-a-douala#primaryimage"},"thumbnailUrl":"https:\/\/static.africa-press.net\/cameroun\/sites\/57\/2022\/09\/img-632e2831cc6ba.jpg","keywords":["Africa Press","Africa Press-Cameroun","Cameroun"],"articleSection":["\u00c9conomie","Toutes les actualit\u00e9s"],"inLanguage":"fr-FR","potentialAction":[{"@type":"CommentAction","name":"Comment","target":["https:\/\/www.africa-press.net\/cameroun\/economie\/cameroun-lunion-europeenne-ue-va-evaluer-les-retombees-de-laccord-de-partenariat-economique-ape-sur-les-entreprises-camerounaises-le-28-septembre-2022-a-douala#respond"]}]},{"@type":"WebPage","@id":"https:\/\/www.africa-press.net\/cameroun\/economie\/cameroun-lunion-europeenne-ue-va-evaluer-les-retombees-de-laccord-de-partenariat-economique-ape-sur-les-entreprises-camerounaises-le-28-septembre-2022-a-douala","url":"https:\/\/www.africa-press.net\/cameroun\/economie\/cameroun-lunion-europeenne-ue-va-evaluer-les-retombees-de-laccord-de-partenariat-economique-ape-sur-les-entreprises-camerounaises-le-28-septembre-2022-a-douala","name":"Cameroun: L\u2019Union europ\u00e9enne (UE) va \u00e9valuer les retomb\u00e9es de l\u2019Accord de Partenariat Economique (APE) sur les entreprises camerounaises le 28 septembre 2022 \u00e0 Douala - Cameroun","isPartOf":{"@id":"https:\/\/www.africa-press.net\/cameroun\/#website"},"primaryImageOfPage":{"@id":"https:\/\/www.africa-press.net\/cameroun\/economie\/cameroun-lunion-europeenne-ue-va-evaluer-les-retombees-de-laccord-de-partenariat-economique-ape-sur-les-entreprises-camerounaises-le-28-septembre-2022-a-douala#primaryimage"},"image":{"@id":"https:\/\/www.africa-press.net\/cameroun\/economie\/cameroun-lunion-europeenne-ue-va-evaluer-les-retombees-de-laccord-de-partenariat-economique-ape-sur-les-entreprises-camerounaises-le-28-septembre-2022-a-douala#primaryimage"},"thumbnailUrl":"https:\/\/static.africa-press.net\/cameroun\/sites\/57\/2022\/09\/img-632e2831cc6ba.jpg","datePublished":"2022-09-23T20:16:17+00:00","dateModified":"2022-09-23T21:42:32+00:00","author":{"@id":"https:\/\/www.africa-press.net\/cameroun\/#\/schema\/person\/2b1cf3cd81a31e3cd26889ca66d677f1"},"description":"Le Cameroun et l'Union europe\u0301enne (UE) ont conclu un Accord de partenariat e\u0301conomique (APE) le 17 de\u0301cembre 2007. Cet ...","breadcrumb":{"@id":"https:\/\/www.africa-press.net\/cameroun\/economie\/cameroun-lunion-europeenne-ue-va-evaluer-les-retombees-de-laccord-de-partenariat-economique-ape-sur-les-entreprises-camerounaises-le-28-septembre-2022-a-douala#breadcrumb"},"inLanguage":"fr-FR","potentialAction":[{"@type":"ReadAction","target":["https:\/\/www.africa-press.net\/cameroun\/economie\/cameroun-lunion-europeenne-ue-va-evaluer-les-retombees-de-laccord-de-partenariat-economique-ape-sur-les-entreprises-camerounaises-le-28-septembre-2022-a-douala"]}]},{"@type":"ImageObject","inLanguage":"fr-FR","@id":"https:\/\/www.africa-press.net\/cameroun\/economie\/cameroun-lunion-europeenne-ue-va-evaluer-les-retombees-de-laccord-de-partenariat-economique-ape-sur-les-entreprises-camerounaises-le-28-septembre-2022-a-douala#primaryimage","url":"https:\/\/static.africa-press.net\/cameroun\/sites\/57\/2022\/09\/img-632e2831cc6ba.jpg","contentUrl":"https:\/\/static.africa-press.net\/cameroun\/sites\/57\/2022\/09\/img-632e2831cc6ba.jpg","width":800,"height":532,"caption":"Cameroun: L\u2019Union europ\u00e9enne (UE) va \u00e9valuer les retomb\u00e9es de l\u2019Accord de Partenariat Economique (APE) sur les entreprises camerounaises le 28 septembre 2022 \u00e0 Douala"},{"@type":"BreadcrumbList","@id":"https:\/\/www.africa-press.net\/cameroun\/economie\/cameroun-lunion-europeenne-ue-va-evaluer-les-retombees-de-laccord-de-partenariat-economique-ape-sur-les-entreprises-camerounaises-le-28-septembre-2022-a-douala#breadcrumb","itemListElement":[{"@type":"ListItem","position":1,"name":"Accueil","item":"https:\/\/www.africa-press.net\/cameroun\/"},{"@type":"ListItem","position":2,"name":"Cameroun: L\u2019Union europ\u00e9enne (UE) va \u00e9valuer les retomb\u00e9es de l\u2019Accord de Partenariat Economique (APE) sur les entreprises camerounaises le 28 septembre 2022 \u00e0 Douala"}]},{"@type":"WebSite","@id":"https:\/\/www.africa-press.net\/cameroun\/#website","url":"https:\/\/www.africa-press.net\/cameroun\/","name":"Cameroun","description":"Just another Africa News Agency Sites site","potentialAction":[{"@type":"SearchAction","target":{"@type":"EntryPoint","urlTemplate":"https:\/\/www.africa-press.net\/cameroun\/?s={search_term_string}"},"query-input":{"@type":"PropertyValueSpecification","valueRequired":true,"valueName":"search_term_string"}}],"inLanguage":"fr-FR"},{"@type":"Person","@id":"https:\/\/www.africa-press.net\/cameroun\/#\/schema\/person\/2b1cf3cd81a31e3cd26889ca66d677f1","name":"cfeditorfr"}]}},"_links":{"self":[{"href":"https:\/\/www.africa-press.net\/cameroun\/wp-json\/wp\/v2\/posts\/28015","targetHints":{"allow":["GET"]}}],"collection":[{"href":"https:\/\/www.africa-press.net\/cameroun\/wp-json\/wp\/v2\/posts"}],"about":[{"href":"https:\/\/www.africa-press.net\/cameroun\/wp-json\/wp\/v2\/types\/post"}],"author":[{"embeddable":true,"href":"https:\/\/www.africa-press.net\/cameroun\/wp-json\/wp\/v2\/users\/82"}],"replies":[{"embeddable":true,"href":"https:\/\/www.africa-press.net\/cameroun\/wp-json\/wp\/v2\/comments?post=28015"}],"version-history":[{"count":0,"href":"https:\/\/www.africa-press.net\/cameroun\/wp-json\/wp\/v2\/posts\/28015\/revisions"}],"wp:featuredmedia":[{"embeddable":true,"href":"https:\/\/www.africa-press.net\/cameroun\/wp-json\/wp\/v2\/media\/28014"}],"wp:attachment":[{"href":"https:\/\/www.africa-press.net\/cameroun\/wp-json\/wp\/v2\/media?parent=28015"}],"wp:term":[{"taxonomy":"category","embeddable":true,"href":"https:\/\/www.africa-press.net\/cameroun\/wp-json\/wp\/v2\/categories?post=28015"},{"taxonomy":"post_tag","embeddable":true,"href":"https:\/\/www.africa-press.net\/cameroun\/wp-json\/wp\/v2\/tags?post=28015"}],"curies":[{"name":"wp","href":"https:\/\/api.w.org\/{rel}","templated":true}]}}