{"id":28036,"date":"2022-09-23T21:09:53","date_gmt":"2022-09-23T21:09:53","guid":{"rendered":"https:\/\/www.africa-press.net\/cameroun\/politique\/cameroun-le-portefeuille-de-la-bad-evalue-a-1-302-milliards-de-fcfa"},"modified":"2022-09-23T21:47:18","modified_gmt":"2022-09-23T21:47:18","slug":"cameroun-le-portefeuille-de-la-bad-evalue-a-1-302-milliards-de-fcfa","status":"publish","type":"post","link":"https:\/\/www.africa-press.net\/cameroun\/economie\/cameroun-le-portefeuille-de-la-bad-evalue-a-1-302-milliards-de-fcfa","title":{"rendered":"Cameroun\u00a0: le portefeuille de la BAD \u00e9valu\u00e9 \u00e0 1 302 milliards de FCFA"},"content":{"rendered":"<p><span style=\"color: #ff6600\"><strong>Africa-Press &#8211; Cameroun. <\/strong><\/span>Cette enveloppe repre\u0301sente le volume du portefeuille actif du Groupe de la Banque Africaine de De\u0301veloppement au Cameroun, pour une vingtaine de projets.<\/p>\n<p>Deux accords de pre\u0302ts ont e\u0301te\u0301 signe\u0301s ce <b>mardi 20 septembre 2022 <\/b>par le Ministre de l\u2019Economie, de la Planification et de l\u2019Ame\u0301nagement du Territoire, <b>Alamine Ousmane Mey<\/b>, et le Directeur Ge\u0301ne\u0301ral de la Banque Africaine de De\u0301veloppement (BAD) pour la re\u0301gion Afrique Centrale, <b>Serges N\u2019Guessan. <\/b>C\u2019e\u0301tait en pre\u0301sence des Ministres des Travaux Publics, de l\u2019Habitat et du De\u0301veloppement Urbain, de l\u2019Environnement, de la Protection de la Nature et du De\u0301veloppement Durable, et des Marche\u0301s Publics.<\/p>\n<p>Les deux accords sont e\u0301value\u0301s a\u0300 90,8 milliards de F. Cette somme va servir pour le de\u0301senclavement de la zone portuaire de Kribi et l\u2019assainissement de Yaounde\u0301<\/p>\n<p>Par ailleurs, cette enveloppe globale du portefeuille actif de la BAD au Cameroun permet a\u0300 l\u2019institution d\u2019occuper une place de choix parmi les plus importants bailleurs de fonds aux projets du pays. Soit, au-dessus de la Banque europe\u0301enne d\u2019investissement (BEI) dont le portefeuille de coope\u0301ration avec le Cameroun s\u2019e\u0301levait a\u0300 577,52 milliards de F a\u0300 mai 2022.<\/p>\n<p>Ou, aupre\u0300s de la Banque mondiale (BM) envers laquelle le pays enregistre une dette de plus de 1000 milliards de F au 31 avril 2021 selon une note de conjoncture de la Caisse autonome d\u2019amortissement (CAA). La me\u0302me note a re\u0301ve\u0301le\u0301 que la dette du Cameroun aupre\u0300s du Fonds mone\u0301taire international (FMI) s\u2019e\u0301le\u0300ve a\u0300 548 milliards de F.<\/p>\n<p><strong>Pour plus d&rsquo;informations et d&rsquo;analyses sur la <a href=\"https:\/\/www.africa-press.net\/cameroun\">Cameroun<\/a>, suivez <a href=\"https:\/\/www.africa-press.net\/\">Africa-Press<\/a><\/strong><\/p>\n","protected":false},"excerpt":{"rendered":"<p>Africa-Press &#8211; Cameroun. Cette enveloppe repre\u0301sente le volume du portefeuille actif du Groupe de la Banque Africaine de De\u0301veloppement au Cameroun, pour une vingtaine de projets. Deux accords de pre\u0302ts ont e\u0301te\u0301 signe\u0301s ce mardi 20 septembre 2022 par le Ministre de l\u2019Economie, de la Planification et de l\u2019Ame\u0301nagement du Territoire, Alamine Ousmane Mey, et [&hellip;]<\/p>\n","protected":false},"author":82,"featured_media":28035,"comment_status":"open","ping_status":"closed","sticky":false,"template":"","format":"standard","meta":{"footnotes":""},"categories":[3,10],"tags":[36,50,49],"class_list":["post-28036","post","type-post","status-publish","format-standard","has-post-thumbnail","hentry","category-economie","category-toutes-les-actualites","tag-africa-press","tag-africa-press-cameroun","tag-cameroun"],"yoast_head":"<!-- This site is optimized with the Yoast SEO Premium plugin v26.1 (Yoast SEO v27.0) - https:\/\/yoast.com\/product\/yoast-seo-premium-wordpress\/ -->\n<title>Cameroun\u00a0: le portefeuille de la BAD \u00e9valu\u00e9 \u00e0 1 302 milliards de FCFA - Cameroun<\/title>\n<meta name=\"description\" content=\"Cette enveloppe repre\u0301sente le volume du portefeuille actif du Groupe de la Banque Africaine de De\u0301veloppement au Camero ...\" \/>\n<meta name=\"robots\" content=\"index, follow, max-snippet:-1, max-image-preview:large, max-video-preview:-1\" \/>\n<link rel=\"canonical\" href=\"https:\/\/www.africa-press.net\/cameroun\/economie\/cameroun-le-portefeuille-de-la-bad-evalue-a-1-302-milliards-de-fcfa\" \/>\n<meta property=\"og:locale\" content=\"fr_FR\" \/>\n<meta property=\"og:type\" content=\"article\" \/>\n<meta property=\"og:title\" content=\"Cameroun\u00a0: le portefeuille de la BAD \u00e9valu\u00e9 \u00e0 1 302 milliards de FCFA\" \/>\n<meta property=\"og:description\" content=\"Cette enveloppe repre\u0301sente le volume du portefeuille actif du Groupe de la Banque Africaine de De\u0301veloppement au Camero ...\" \/>\n<meta property=\"og:url\" content=\"https:\/\/www.africa-press.net\/cameroun\/economie\/cameroun-le-portefeuille-de-la-bad-evalue-a-1-302-milliards-de-fcfa\" \/>\n<meta property=\"og:site_name\" content=\"Cameroun\" \/>\n<meta property=\"article:published_time\" content=\"2022-09-23T21:09:53+00:00\" \/>\n<meta property=\"article:modified_time\" content=\"2022-09-23T21:47:18+00:00\" \/>\n<meta property=\"og:image\" content=\"https:\/\/static.africa-press.net\/cameroun\/sites\/57\/2022\/09\/img-632e29453b8f5.jpg\" \/>\n\t<meta property=\"og:image:width\" content=\"800\" \/>\n\t<meta property=\"og:image:height\" content=\"440\" \/>\n\t<meta property=\"og:image:type\" content=\"image\/jpeg\" \/>\n<meta name=\"author\" content=\"cfeditorfr\" \/>\n<meta name=\"twitter:card\" content=\"summary_large_image\" \/>\n<meta name=\"twitter:label1\" content=\"\u00c9crit par\" \/>\n\t<meta name=\"twitter:data1\" content=\"cfeditorfr\" \/>\n\t<meta name=\"twitter:label2\" content=\"Dur\u00e9e de lecture estim\u00e9e\" \/>\n\t<meta name=\"twitter:data2\" content=\"2 minutes\" \/>\n<script type=\"application\/ld+json\" class=\"yoast-schema-graph\">{\"@context\":\"https:\/\/schema.org\",\"@graph\":[{\"@type\":\"Article\",\"@id\":\"https:\/\/www.africa-press.net\/cameroun\/economie\/cameroun-le-portefeuille-de-la-bad-evalue-a-1-302-milliards-de-fcfa#article\",\"isPartOf\":{\"@id\":\"https:\/\/www.africa-press.net\/cameroun\/economie\/cameroun-le-portefeuille-de-la-bad-evalue-a-1-302-milliards-de-fcfa\"},\"author\":{\"name\":\"cfeditorfr\",\"@id\":\"https:\/\/www.africa-press.net\/cameroun\/#\/schema\/person\/2b1cf3cd81a31e3cd26889ca66d677f1\"},\"headline\":\"Cameroun\u00a0: le portefeuille de la BAD \u00e9valu\u00e9 \u00e0 1 302 milliards de FCFA\",\"datePublished\":\"2022-09-23T21:09:53+00:00\",\"dateModified\":\"2022-09-23T21:47:18+00:00\",\"mainEntityOfPage\":{\"@id\":\"https:\/\/www.africa-press.net\/cameroun\/economie\/cameroun-le-portefeuille-de-la-bad-evalue-a-1-302-milliards-de-fcfa\"},\"wordCount\":299,\"commentCount\":0,\"image\":{\"@id\":\"https:\/\/www.africa-press.net\/cameroun\/economie\/cameroun-le-portefeuille-de-la-bad-evalue-a-1-302-milliards-de-fcfa#primaryimage\"},\"thumbnailUrl\":\"https:\/\/static.africa-press.net\/cameroun\/sites\/57\/2022\/09\/img-632e29453b8f5.jpg\",\"keywords\":[\"Africa Press\",\"Africa Press-Cameroun\",\"Cameroun\"],\"articleSection\":[\"\u00c9conomie\",\"Toutes les actualit\u00e9s\"],\"inLanguage\":\"fr-FR\",\"potentialAction\":[{\"@type\":\"CommentAction\",\"name\":\"Comment\",\"target\":[\"https:\/\/www.africa-press.net\/cameroun\/economie\/cameroun-le-portefeuille-de-la-bad-evalue-a-1-302-milliards-de-fcfa#respond\"]}]},{\"@type\":\"WebPage\",\"@id\":\"https:\/\/www.africa-press.net\/cameroun\/economie\/cameroun-le-portefeuille-de-la-bad-evalue-a-1-302-milliards-de-fcfa\",\"url\":\"https:\/\/www.africa-press.net\/cameroun\/economie\/cameroun-le-portefeuille-de-la-bad-evalue-a-1-302-milliards-de-fcfa\",\"name\":\"Cameroun\u00a0: le portefeuille de la BAD \u00e9valu\u00e9 \u00e0 1 302 milliards de FCFA - Cameroun\",\"isPartOf\":{\"@id\":\"https:\/\/www.africa-press.net\/cameroun\/#website\"},\"primaryImageOfPage\":{\"@id\":\"https:\/\/www.africa-press.net\/cameroun\/economie\/cameroun-le-portefeuille-de-la-bad-evalue-a-1-302-milliards-de-fcfa#primaryimage\"},\"image\":{\"@id\":\"https:\/\/www.africa-press.net\/cameroun\/economie\/cameroun-le-portefeuille-de-la-bad-evalue-a-1-302-milliards-de-fcfa#primaryimage\"},\"thumbnailUrl\":\"https:\/\/static.africa-press.net\/cameroun\/sites\/57\/2022\/09\/img-632e29453b8f5.jpg\",\"datePublished\":\"2022-09-23T21:09:53+00:00\",\"dateModified\":\"2022-09-23T21:47:18+00:00\",\"author\":{\"@id\":\"https:\/\/www.africa-press.net\/cameroun\/#\/schema\/person\/2b1cf3cd81a31e3cd26889ca66d677f1\"},\"description\":\"Cette enveloppe repre\u0301sente le volume du portefeuille actif du Groupe de la Banque Africaine de De\u0301veloppement au Camero ...\",\"breadcrumb\":{\"@id\":\"https:\/\/www.africa-press.net\/cameroun\/economie\/cameroun-le-portefeuille-de-la-bad-evalue-a-1-302-milliards-de-fcfa#breadcrumb\"},\"inLanguage\":\"fr-FR\",\"potentialAction\":[{\"@type\":\"ReadAction\",\"target\":[\"https:\/\/www.africa-press.net\/cameroun\/economie\/cameroun-le-portefeuille-de-la-bad-evalue-a-1-302-milliards-de-fcfa\"]}]},{\"@type\":\"ImageObject\",\"inLanguage\":\"fr-FR\",\"@id\":\"https:\/\/www.africa-press.net\/cameroun\/economie\/cameroun-le-portefeuille-de-la-bad-evalue-a-1-302-milliards-de-fcfa#primaryimage\",\"url\":\"https:\/\/static.africa-press.net\/cameroun\/sites\/57\/2022\/09\/img-632e29453b8f5.jpg\",\"contentUrl\":\"https:\/\/static.africa-press.net\/cameroun\/sites\/57\/2022\/09\/img-632e29453b8f5.jpg\",\"width\":800,\"height\":440,\"caption\":\"Cameroun\u00a0: le portefeuille de la BAD \u00e9valu\u00e9 \u00e0 1 302 milliards de FCFA\"},{\"@type\":\"BreadcrumbList\",\"@id\":\"https:\/\/www.africa-press.net\/cameroun\/economie\/cameroun-le-portefeuille-de-la-bad-evalue-a-1-302-milliards-de-fcfa#breadcrumb\",\"itemListElement\":[{\"@type\":\"ListItem\",\"position\":1,\"name\":\"Accueil\",\"item\":\"https:\/\/www.africa-press.net\/cameroun\/\"},{\"@type\":\"ListItem\",\"position\":2,\"name\":\"Cameroun\u00a0: le portefeuille de la BAD \u00e9valu\u00e9 \u00e0 1 302 milliards de FCFA\"}]},{\"@type\":\"WebSite\",\"@id\":\"https:\/\/www.africa-press.net\/cameroun\/#website\",\"url\":\"https:\/\/www.africa-press.net\/cameroun\/\",\"name\":\"Cameroun\",\"description\":\"Just another Africa News Agency Sites site\",\"potentialAction\":[{\"@type\":\"SearchAction\",\"target\":{\"@type\":\"EntryPoint\",\"urlTemplate\":\"https:\/\/www.africa-press.net\/cameroun\/?s={search_term_string}\"},\"query-input\":{\"@type\":\"PropertyValueSpecification\",\"valueRequired\":true,\"valueName\":\"search_term_string\"}}],\"inLanguage\":\"fr-FR\"},{\"@type\":\"Person\",\"@id\":\"https:\/\/www.africa-press.net\/cameroun\/#\/schema\/person\/2b1cf3cd81a31e3cd26889ca66d677f1\",\"name\":\"cfeditorfr\"}]}<\/script>\n<!-- \/ Yoast SEO Premium plugin. -->","yoast_head_json":{"title":"Cameroun\u00a0: le portefeuille de la BAD \u00e9valu\u00e9 \u00e0 1 302 milliards de FCFA - Cameroun","description":"Cette enveloppe repre\u0301sente le volume du portefeuille actif du Groupe de la Banque Africaine de De\u0301veloppement au Camero ...","robots":{"index":"index","follow":"follow","max-snippet":"max-snippet:-1","max-image-preview":"max-image-preview:large","max-video-preview":"max-video-preview:-1"},"canonical":"https:\/\/www.africa-press.net\/cameroun\/economie\/cameroun-le-portefeuille-de-la-bad-evalue-a-1-302-milliards-de-fcfa","og_locale":"fr_FR","og_type":"article","og_title":"Cameroun\u00a0: le portefeuille de la BAD \u00e9valu\u00e9 \u00e0 1 302 milliards de FCFA","og_description":"Cette enveloppe repre\u0301sente le volume du portefeuille actif du Groupe de la Banque Africaine de De\u0301veloppement au Camero ...","og_url":"https:\/\/www.africa-press.net\/cameroun\/economie\/cameroun-le-portefeuille-de-la-bad-evalue-a-1-302-milliards-de-fcfa","og_site_name":"Cameroun","article_published_time":"2022-09-23T21:09:53+00:00","article_modified_time":"2022-09-23T21:47:18+00:00","og_image":[{"width":800,"height":440,"url":"https:\/\/static.africa-press.net\/cameroun\/sites\/57\/2022\/09\/img-632e29453b8f5.jpg","type":"image\/jpeg"}],"author":"cfeditorfr","twitter_card":"summary_large_image","twitter_misc":{"\u00c9crit par":"cfeditorfr","Dur\u00e9e de lecture estim\u00e9e":"2 minutes"},"schema":{"@context":"https:\/\/schema.org","@graph":[{"@type":"Article","@id":"https:\/\/www.africa-press.net\/cameroun\/economie\/cameroun-le-portefeuille-de-la-bad-evalue-a-1-302-milliards-de-fcfa#article","isPartOf":{"@id":"https:\/\/www.africa-press.net\/cameroun\/economie\/cameroun-le-portefeuille-de-la-bad-evalue-a-1-302-milliards-de-fcfa"},"author":{"name":"cfeditorfr","@id":"https:\/\/www.africa-press.net\/cameroun\/#\/schema\/person\/2b1cf3cd81a31e3cd26889ca66d677f1"},"headline":"Cameroun\u00a0: le portefeuille de la BAD \u00e9valu\u00e9 \u00e0 1 302 milliards de FCFA","datePublished":"2022-09-23T21:09:53+00:00","dateModified":"2022-09-23T21:47:18+00:00","mainEntityOfPage":{"@id":"https:\/\/www.africa-press.net\/cameroun\/economie\/cameroun-le-portefeuille-de-la-bad-evalue-a-1-302-milliards-de-fcfa"},"wordCount":299,"commentCount":0,"image":{"@id":"https:\/\/www.africa-press.net\/cameroun\/economie\/cameroun-le-portefeuille-de-la-bad-evalue-a-1-302-milliards-de-fcfa#primaryimage"},"thumbnailUrl":"https:\/\/static.africa-press.net\/cameroun\/sites\/57\/2022\/09\/img-632e29453b8f5.jpg","keywords":["Africa Press","Africa Press-Cameroun","Cameroun"],"articleSection":["\u00c9conomie","Toutes les actualit\u00e9s"],"inLanguage":"fr-FR","potentialAction":[{"@type":"CommentAction","name":"Comment","target":["https:\/\/www.africa-press.net\/cameroun\/economie\/cameroun-le-portefeuille-de-la-bad-evalue-a-1-302-milliards-de-fcfa#respond"]}]},{"@type":"WebPage","@id":"https:\/\/www.africa-press.net\/cameroun\/economie\/cameroun-le-portefeuille-de-la-bad-evalue-a-1-302-milliards-de-fcfa","url":"https:\/\/www.africa-press.net\/cameroun\/economie\/cameroun-le-portefeuille-de-la-bad-evalue-a-1-302-milliards-de-fcfa","name":"Cameroun\u00a0: le portefeuille de la BAD \u00e9valu\u00e9 \u00e0 1 302 milliards de FCFA - Cameroun","isPartOf":{"@id":"https:\/\/www.africa-press.net\/cameroun\/#website"},"primaryImageOfPage":{"@id":"https:\/\/www.africa-press.net\/cameroun\/economie\/cameroun-le-portefeuille-de-la-bad-evalue-a-1-302-milliards-de-fcfa#primaryimage"},"image":{"@id":"https:\/\/www.africa-press.net\/cameroun\/economie\/cameroun-le-portefeuille-de-la-bad-evalue-a-1-302-milliards-de-fcfa#primaryimage"},"thumbnailUrl":"https:\/\/static.africa-press.net\/cameroun\/sites\/57\/2022\/09\/img-632e29453b8f5.jpg","datePublished":"2022-09-23T21:09:53+00:00","dateModified":"2022-09-23T21:47:18+00:00","author":{"@id":"https:\/\/www.africa-press.net\/cameroun\/#\/schema\/person\/2b1cf3cd81a31e3cd26889ca66d677f1"},"description":"Cette enveloppe repre\u0301sente le volume du portefeuille actif du Groupe de la Banque Africaine de De\u0301veloppement au Camero ...","breadcrumb":{"@id":"https:\/\/www.africa-press.net\/cameroun\/economie\/cameroun-le-portefeuille-de-la-bad-evalue-a-1-302-milliards-de-fcfa#breadcrumb"},"inLanguage":"fr-FR","potentialAction":[{"@type":"ReadAction","target":["https:\/\/www.africa-press.net\/cameroun\/economie\/cameroun-le-portefeuille-de-la-bad-evalue-a-1-302-milliards-de-fcfa"]}]},{"@type":"ImageObject","inLanguage":"fr-FR","@id":"https:\/\/www.africa-press.net\/cameroun\/economie\/cameroun-le-portefeuille-de-la-bad-evalue-a-1-302-milliards-de-fcfa#primaryimage","url":"https:\/\/static.africa-press.net\/cameroun\/sites\/57\/2022\/09\/img-632e29453b8f5.jpg","contentUrl":"https:\/\/static.africa-press.net\/cameroun\/sites\/57\/2022\/09\/img-632e29453b8f5.jpg","width":800,"height":440,"caption":"Cameroun\u00a0: le portefeuille de la BAD \u00e9valu\u00e9 \u00e0 1 302 milliards de FCFA"},{"@type":"BreadcrumbList","@id":"https:\/\/www.africa-press.net\/cameroun\/economie\/cameroun-le-portefeuille-de-la-bad-evalue-a-1-302-milliards-de-fcfa#breadcrumb","itemListElement":[{"@type":"ListItem","position":1,"name":"Accueil","item":"https:\/\/www.africa-press.net\/cameroun\/"},{"@type":"ListItem","position":2,"name":"Cameroun\u00a0: le portefeuille de la BAD \u00e9valu\u00e9 \u00e0 1 302 milliards de FCFA"}]},{"@type":"WebSite","@id":"https:\/\/www.africa-press.net\/cameroun\/#website","url":"https:\/\/www.africa-press.net\/cameroun\/","name":"Cameroun","description":"Just another Africa News Agency Sites site","potentialAction":[{"@type":"SearchAction","target":{"@type":"EntryPoint","urlTemplate":"https:\/\/www.africa-press.net\/cameroun\/?s={search_term_string}"},"query-input":{"@type":"PropertyValueSpecification","valueRequired":true,"valueName":"search_term_string"}}],"inLanguage":"fr-FR"},{"@type":"Person","@id":"https:\/\/www.africa-press.net\/cameroun\/#\/schema\/person\/2b1cf3cd81a31e3cd26889ca66d677f1","name":"cfeditorfr"}]}},"_links":{"self":[{"href":"https:\/\/www.africa-press.net\/cameroun\/wp-json\/wp\/v2\/posts\/28036","targetHints":{"allow":["GET"]}}],"collection":[{"href":"https:\/\/www.africa-press.net\/cameroun\/wp-json\/wp\/v2\/posts"}],"about":[{"href":"https:\/\/www.africa-press.net\/cameroun\/wp-json\/wp\/v2\/types\/post"}],"author":[{"embeddable":true,"href":"https:\/\/www.africa-press.net\/cameroun\/wp-json\/wp\/v2\/users\/82"}],"replies":[{"embeddable":true,"href":"https:\/\/www.africa-press.net\/cameroun\/wp-json\/wp\/v2\/comments?post=28036"}],"version-history":[{"count":0,"href":"https:\/\/www.africa-press.net\/cameroun\/wp-json\/wp\/v2\/posts\/28036\/revisions"}],"wp:featuredmedia":[{"embeddable":true,"href":"https:\/\/www.africa-press.net\/cameroun\/wp-json\/wp\/v2\/media\/28035"}],"wp:attachment":[{"href":"https:\/\/www.africa-press.net\/cameroun\/wp-json\/wp\/v2\/media?parent=28036"}],"wp:term":[{"taxonomy":"category","embeddable":true,"href":"https:\/\/www.africa-press.net\/cameroun\/wp-json\/wp\/v2\/categories?post=28036"},{"taxonomy":"post_tag","embeddable":true,"href":"https:\/\/www.africa-press.net\/cameroun\/wp-json\/wp\/v2\/tags?post=28036"}],"curies":[{"name":"wp","href":"https:\/\/api.w.org\/{rel}","templated":true}]}}