{"id":28039,"date":"2022-09-23T21:15:34","date_gmt":"2022-09-23T21:15:34","guid":{"rendered":"https:\/\/www.africa-press.net\/cameroun\/politique\/la-comifac-met-en-place-un-projet-pour-lutter-contre-le-commerce-du-bois-illegal-en-afrique-centrale"},"modified":"2022-09-23T21:47:57","modified_gmt":"2022-09-23T21:47:57","slug":"la-comifac-met-en-place-un-projet-pour-lutter-contre-le-commerce-du-bois-illegal-en-afrique-centrale","status":"publish","type":"post","link":"https:\/\/www.africa-press.net\/cameroun\/economie\/la-comifac-met-en-place-un-projet-pour-lutter-contre-le-commerce-du-bois-illegal-en-afrique-centrale","title":{"rendered":"La Comifac met en place un projet pour lutter contre le commerce du bois ill\u00e9gal en Afrique centrale"},"content":{"rendered":"<p><span style=\"color: #ff6600\"><strong>Africa-Press &#8211; Cameroun. <\/strong><\/span>Investir au Cameroun) &#8211; Yaounde\u0301, la capitale camerounaise, a abrite\u0301 le 22 septembre 2022 la ce\u0301re\u0301monie de signature de la note du projet Tropical Timber Trade Facility (TTT) pour le commerce des bois tropicaux le\u0301gaux et durables en Afrique centrale. Le projet que la Commission des fore\u0302ts d\u2019Afrique centrale (Comifac) et la coope\u0301ration allemande se pre\u0301parent a\u0300 mettre en \u0153uvre, apprend-on, a pour but de proscrire les exportations du bois ille\u0301gal vers les marche\u0301s internationaux.<\/p>\n<p>Ce projet est d\u2019un inte\u0301re\u0302t capital pour les pays de la Comifac, au rang desquels se trouve le Cameroun. En effet, selon l\u2019Association technique internationale des bois tropicaux (ATIBT), sur 55 millions d\u2019hectares de concessions forestie\u0300res enregistre\u0301es en Afrique centrale, seuls 18% sont ve\u0301rifie\u0301es comme le\u0301gales ou certifie\u0301es. Le projet TTT vise non seulement a\u0300 inverser la tendance, mais aussi a\u0300 ame\u0301liorer les recettes publiques et les conditions de vie des populations riveraines des concessions forestie\u0300res.<\/p>\n<p>En effet, fait observer la Comifac, \u00ab l\u2019augmentation de la production du bois le\u0301gal entrai\u0302nera une augmentation des recettes fiscales dans les pays d\u2019Afrique centrale et permettra a\u0300 la population locale, en particulier dans les zones rurales recule\u0301es, de be\u0301ne\u0301ficier d\u2019un emploi le\u0301gal \u00bb.<\/p>\n<p><b>BRM<\/b><\/p>\n<p><strong>Pour plus d&rsquo;informations et d&rsquo;analyses sur la <a href=\"https:\/\/www.africa-press.net\/cameroun\">Cameroun<\/a>, suivez <a href=\"https:\/\/www.africa-press.net\/\">Africa-Press<\/a><\/strong><\/p>\n","protected":false},"excerpt":{"rendered":"<p>Africa-Press &#8211; Cameroun. Investir au Cameroun) &#8211; Yaounde\u0301, la capitale camerounaise, a abrite\u0301 le 22 septembre 2022 la ce\u0301re\u0301monie de signature de la note du projet Tropical Timber Trade Facility (TTT) pour le commerce des bois tropicaux le\u0301gaux et durables en Afrique centrale. Le projet que la Commission des fore\u0302ts d\u2019Afrique centrale (Comifac) et la [&hellip;]<\/p>\n","protected":false},"author":82,"featured_media":28038,"comment_status":"open","ping_status":"closed","sticky":false,"template":"","format":"standard","meta":{"footnotes":""},"categories":[3,10],"tags":[36,50,49],"class_list":["post-28039","post","type-post","status-publish","format-standard","has-post-thumbnail","hentry","category-economie","category-toutes-les-actualites","tag-africa-press","tag-africa-press-cameroun","tag-cameroun"],"yoast_head":"<!-- This site is optimized with the Yoast SEO Premium plugin v26.1 (Yoast SEO v27.0) - https:\/\/yoast.com\/product\/yoast-seo-premium-wordpress\/ -->\n<title>La Comifac met en place un projet pour lutter contre le commerce du bois ill\u00e9gal en Afrique centrale - Cameroun<\/title>\n<meta name=\"description\" content=\"Investir au Cameroun) - Yaounde\u0301, la capitale camerounaise, a abrite\u0301 le 22 septembre 2022 la ce\u0301re\u0301monie de signature d ...\" \/>\n<meta name=\"robots\" content=\"index, follow, max-snippet:-1, max-image-preview:large, max-video-preview:-1\" \/>\n<link rel=\"canonical\" href=\"https:\/\/www.africa-press.net\/cameroun\/economie\/la-comifac-met-en-place-un-projet-pour-lutter-contre-le-commerce-du-bois-illegal-en-afrique-centrale\" \/>\n<meta property=\"og:locale\" content=\"fr_FR\" \/>\n<meta property=\"og:type\" content=\"article\" \/>\n<meta property=\"og:title\" content=\"La Comifac met en place un projet pour lutter contre le commerce du bois ill\u00e9gal en Afrique centrale\" \/>\n<meta property=\"og:description\" content=\"Investir au Cameroun) - Yaounde\u0301, la capitale camerounaise, a abrite\u0301 le 22 septembre 2022 la ce\u0301re\u0301monie de signature d ...\" \/>\n<meta property=\"og:url\" content=\"https:\/\/www.africa-press.net\/cameroun\/economie\/la-comifac-met-en-place-un-projet-pour-lutter-contre-le-commerce-du-bois-illegal-en-afrique-centrale\" \/>\n<meta property=\"og:site_name\" content=\"Cameroun\" \/>\n<meta property=\"article:published_time\" content=\"2022-09-23T21:15:34+00:00\" \/>\n<meta property=\"article:modified_time\" content=\"2022-09-23T21:47:57+00:00\" \/>\n<meta property=\"og:image\" content=\"https:\/\/static.africa-press.net\/cameroun\/sites\/57\/2022\/09\/img-632e296c15ddd.jpg\" \/>\n\t<meta property=\"og:image:width\" content=\"720\" \/>\n\t<meta property=\"og:image:height\" content=\"479\" \/>\n\t<meta property=\"og:image:type\" content=\"image\/jpeg\" \/>\n<meta name=\"author\" content=\"cfeditorfr\" \/>\n<meta name=\"twitter:card\" content=\"summary_large_image\" \/>\n<meta name=\"twitter:label1\" content=\"\u00c9crit par\" \/>\n\t<meta name=\"twitter:data1\" content=\"cfeditorfr\" \/>\n\t<meta name=\"twitter:label2\" content=\"Dur\u00e9e de lecture estim\u00e9e\" \/>\n\t<meta name=\"twitter:data2\" content=\"2 minutes\" \/>\n<script type=\"application\/ld+json\" class=\"yoast-schema-graph\">{\"@context\":\"https:\/\/schema.org\",\"@graph\":[{\"@type\":\"Article\",\"@id\":\"https:\/\/www.africa-press.net\/cameroun\/economie\/la-comifac-met-en-place-un-projet-pour-lutter-contre-le-commerce-du-bois-illegal-en-afrique-centrale#article\",\"isPartOf\":{\"@id\":\"https:\/\/www.africa-press.net\/cameroun\/economie\/la-comifac-met-en-place-un-projet-pour-lutter-contre-le-commerce-du-bois-illegal-en-afrique-centrale\"},\"author\":{\"name\":\"cfeditorfr\",\"@id\":\"https:\/\/www.africa-press.net\/cameroun\/#\/schema\/person\/2b1cf3cd81a31e3cd26889ca66d677f1\"},\"headline\":\"La Comifac met en place un projet pour lutter contre le commerce du bois ill\u00e9gal en Afrique centrale\",\"datePublished\":\"2022-09-23T21:15:34+00:00\",\"dateModified\":\"2022-09-23T21:47:57+00:00\",\"mainEntityOfPage\":{\"@id\":\"https:\/\/www.africa-press.net\/cameroun\/economie\/la-comifac-met-en-place-un-projet-pour-lutter-contre-le-commerce-du-bois-illegal-en-afrique-centrale\"},\"wordCount\":255,\"commentCount\":0,\"image\":{\"@id\":\"https:\/\/www.africa-press.net\/cameroun\/economie\/la-comifac-met-en-place-un-projet-pour-lutter-contre-le-commerce-du-bois-illegal-en-afrique-centrale#primaryimage\"},\"thumbnailUrl\":\"https:\/\/static.africa-press.net\/cameroun\/sites\/57\/2022\/09\/img-632e296c15ddd.jpg\",\"keywords\":[\"Africa Press\",\"Africa Press-Cameroun\",\"Cameroun\"],\"articleSection\":[\"\u00c9conomie\",\"Toutes les actualit\u00e9s\"],\"inLanguage\":\"fr-FR\",\"potentialAction\":[{\"@type\":\"CommentAction\",\"name\":\"Comment\",\"target\":[\"https:\/\/www.africa-press.net\/cameroun\/economie\/la-comifac-met-en-place-un-projet-pour-lutter-contre-le-commerce-du-bois-illegal-en-afrique-centrale#respond\"]}]},{\"@type\":\"WebPage\",\"@id\":\"https:\/\/www.africa-press.net\/cameroun\/economie\/la-comifac-met-en-place-un-projet-pour-lutter-contre-le-commerce-du-bois-illegal-en-afrique-centrale\",\"url\":\"https:\/\/www.africa-press.net\/cameroun\/economie\/la-comifac-met-en-place-un-projet-pour-lutter-contre-le-commerce-du-bois-illegal-en-afrique-centrale\",\"name\":\"La Comifac met en place un projet pour lutter contre le commerce du bois ill\u00e9gal en Afrique centrale - Cameroun\",\"isPartOf\":{\"@id\":\"https:\/\/www.africa-press.net\/cameroun\/#website\"},\"primaryImageOfPage\":{\"@id\":\"https:\/\/www.africa-press.net\/cameroun\/economie\/la-comifac-met-en-place-un-projet-pour-lutter-contre-le-commerce-du-bois-illegal-en-afrique-centrale#primaryimage\"},\"image\":{\"@id\":\"https:\/\/www.africa-press.net\/cameroun\/economie\/la-comifac-met-en-place-un-projet-pour-lutter-contre-le-commerce-du-bois-illegal-en-afrique-centrale#primaryimage\"},\"thumbnailUrl\":\"https:\/\/static.africa-press.net\/cameroun\/sites\/57\/2022\/09\/img-632e296c15ddd.jpg\",\"datePublished\":\"2022-09-23T21:15:34+00:00\",\"dateModified\":\"2022-09-23T21:47:57+00:00\",\"author\":{\"@id\":\"https:\/\/www.africa-press.net\/cameroun\/#\/schema\/person\/2b1cf3cd81a31e3cd26889ca66d677f1\"},\"description\":\"Investir au Cameroun) - Yaounde\u0301, la capitale camerounaise, a abrite\u0301 le 22 septembre 2022 la ce\u0301re\u0301monie de signature d ...\",\"breadcrumb\":{\"@id\":\"https:\/\/www.africa-press.net\/cameroun\/economie\/la-comifac-met-en-place-un-projet-pour-lutter-contre-le-commerce-du-bois-illegal-en-afrique-centrale#breadcrumb\"},\"inLanguage\":\"fr-FR\",\"potentialAction\":[{\"@type\":\"ReadAction\",\"target\":[\"https:\/\/www.africa-press.net\/cameroun\/economie\/la-comifac-met-en-place-un-projet-pour-lutter-contre-le-commerce-du-bois-illegal-en-afrique-centrale\"]}]},{\"@type\":\"ImageObject\",\"inLanguage\":\"fr-FR\",\"@id\":\"https:\/\/www.africa-press.net\/cameroun\/economie\/la-comifac-met-en-place-un-projet-pour-lutter-contre-le-commerce-du-bois-illegal-en-afrique-centrale#primaryimage\",\"url\":\"https:\/\/static.africa-press.net\/cameroun\/sites\/57\/2022\/09\/img-632e296c15ddd.jpg\",\"contentUrl\":\"https:\/\/static.africa-press.net\/cameroun\/sites\/57\/2022\/09\/img-632e296c15ddd.jpg\",\"width\":720,\"height\":479,\"caption\":\"La Comifac met en place un projet pour lutter contre le commerce du bois ill\u00e9gal en Afrique centrale\"},{\"@type\":\"BreadcrumbList\",\"@id\":\"https:\/\/www.africa-press.net\/cameroun\/economie\/la-comifac-met-en-place-un-projet-pour-lutter-contre-le-commerce-du-bois-illegal-en-afrique-centrale#breadcrumb\",\"itemListElement\":[{\"@type\":\"ListItem\",\"position\":1,\"name\":\"Accueil\",\"item\":\"https:\/\/www.africa-press.net\/cameroun\/\"},{\"@type\":\"ListItem\",\"position\":2,\"name\":\"La Comifac met en place un projet pour lutter contre le commerce du bois ill\u00e9gal en Afrique centrale\"}]},{\"@type\":\"WebSite\",\"@id\":\"https:\/\/www.africa-press.net\/cameroun\/#website\",\"url\":\"https:\/\/www.africa-press.net\/cameroun\/\",\"name\":\"Cameroun\",\"description\":\"Just another Africa News Agency Sites site\",\"potentialAction\":[{\"@type\":\"SearchAction\",\"target\":{\"@type\":\"EntryPoint\",\"urlTemplate\":\"https:\/\/www.africa-press.net\/cameroun\/?s={search_term_string}\"},\"query-input\":{\"@type\":\"PropertyValueSpecification\",\"valueRequired\":true,\"valueName\":\"search_term_string\"}}],\"inLanguage\":\"fr-FR\"},{\"@type\":\"Person\",\"@id\":\"https:\/\/www.africa-press.net\/cameroun\/#\/schema\/person\/2b1cf3cd81a31e3cd26889ca66d677f1\",\"name\":\"cfeditorfr\"}]}<\/script>\n<!-- \/ Yoast SEO Premium plugin. -->","yoast_head_json":{"title":"La Comifac met en place un projet pour lutter contre le commerce du bois ill\u00e9gal en Afrique centrale - Cameroun","description":"Investir au Cameroun) - Yaounde\u0301, la capitale camerounaise, a abrite\u0301 le 22 septembre 2022 la ce\u0301re\u0301monie de signature d ...","robots":{"index":"index","follow":"follow","max-snippet":"max-snippet:-1","max-image-preview":"max-image-preview:large","max-video-preview":"max-video-preview:-1"},"canonical":"https:\/\/www.africa-press.net\/cameroun\/economie\/la-comifac-met-en-place-un-projet-pour-lutter-contre-le-commerce-du-bois-illegal-en-afrique-centrale","og_locale":"fr_FR","og_type":"article","og_title":"La Comifac met en place un projet pour lutter contre le commerce du bois ill\u00e9gal en Afrique centrale","og_description":"Investir au Cameroun) - Yaounde\u0301, la capitale camerounaise, a abrite\u0301 le 22 septembre 2022 la ce\u0301re\u0301monie de signature d ...","og_url":"https:\/\/www.africa-press.net\/cameroun\/economie\/la-comifac-met-en-place-un-projet-pour-lutter-contre-le-commerce-du-bois-illegal-en-afrique-centrale","og_site_name":"Cameroun","article_published_time":"2022-09-23T21:15:34+00:00","article_modified_time":"2022-09-23T21:47:57+00:00","og_image":[{"width":720,"height":479,"url":"https:\/\/static.africa-press.net\/cameroun\/sites\/57\/2022\/09\/img-632e296c15ddd.jpg","type":"image\/jpeg"}],"author":"cfeditorfr","twitter_card":"summary_large_image","twitter_misc":{"\u00c9crit par":"cfeditorfr","Dur\u00e9e de lecture estim\u00e9e":"2 minutes"},"schema":{"@context":"https:\/\/schema.org","@graph":[{"@type":"Article","@id":"https:\/\/www.africa-press.net\/cameroun\/economie\/la-comifac-met-en-place-un-projet-pour-lutter-contre-le-commerce-du-bois-illegal-en-afrique-centrale#article","isPartOf":{"@id":"https:\/\/www.africa-press.net\/cameroun\/economie\/la-comifac-met-en-place-un-projet-pour-lutter-contre-le-commerce-du-bois-illegal-en-afrique-centrale"},"author":{"name":"cfeditorfr","@id":"https:\/\/www.africa-press.net\/cameroun\/#\/schema\/person\/2b1cf3cd81a31e3cd26889ca66d677f1"},"headline":"La Comifac met en place un projet pour lutter contre le commerce du bois ill\u00e9gal en Afrique centrale","datePublished":"2022-09-23T21:15:34+00:00","dateModified":"2022-09-23T21:47:57+00:00","mainEntityOfPage":{"@id":"https:\/\/www.africa-press.net\/cameroun\/economie\/la-comifac-met-en-place-un-projet-pour-lutter-contre-le-commerce-du-bois-illegal-en-afrique-centrale"},"wordCount":255,"commentCount":0,"image":{"@id":"https:\/\/www.africa-press.net\/cameroun\/economie\/la-comifac-met-en-place-un-projet-pour-lutter-contre-le-commerce-du-bois-illegal-en-afrique-centrale#primaryimage"},"thumbnailUrl":"https:\/\/static.africa-press.net\/cameroun\/sites\/57\/2022\/09\/img-632e296c15ddd.jpg","keywords":["Africa Press","Africa Press-Cameroun","Cameroun"],"articleSection":["\u00c9conomie","Toutes les actualit\u00e9s"],"inLanguage":"fr-FR","potentialAction":[{"@type":"CommentAction","name":"Comment","target":["https:\/\/www.africa-press.net\/cameroun\/economie\/la-comifac-met-en-place-un-projet-pour-lutter-contre-le-commerce-du-bois-illegal-en-afrique-centrale#respond"]}]},{"@type":"WebPage","@id":"https:\/\/www.africa-press.net\/cameroun\/economie\/la-comifac-met-en-place-un-projet-pour-lutter-contre-le-commerce-du-bois-illegal-en-afrique-centrale","url":"https:\/\/www.africa-press.net\/cameroun\/economie\/la-comifac-met-en-place-un-projet-pour-lutter-contre-le-commerce-du-bois-illegal-en-afrique-centrale","name":"La Comifac met en place un projet pour lutter contre le commerce du bois ill\u00e9gal en Afrique centrale - Cameroun","isPartOf":{"@id":"https:\/\/www.africa-press.net\/cameroun\/#website"},"primaryImageOfPage":{"@id":"https:\/\/www.africa-press.net\/cameroun\/economie\/la-comifac-met-en-place-un-projet-pour-lutter-contre-le-commerce-du-bois-illegal-en-afrique-centrale#primaryimage"},"image":{"@id":"https:\/\/www.africa-press.net\/cameroun\/economie\/la-comifac-met-en-place-un-projet-pour-lutter-contre-le-commerce-du-bois-illegal-en-afrique-centrale#primaryimage"},"thumbnailUrl":"https:\/\/static.africa-press.net\/cameroun\/sites\/57\/2022\/09\/img-632e296c15ddd.jpg","datePublished":"2022-09-23T21:15:34+00:00","dateModified":"2022-09-23T21:47:57+00:00","author":{"@id":"https:\/\/www.africa-press.net\/cameroun\/#\/schema\/person\/2b1cf3cd81a31e3cd26889ca66d677f1"},"description":"Investir au Cameroun) - Yaounde\u0301, la capitale camerounaise, a abrite\u0301 le 22 septembre 2022 la ce\u0301re\u0301monie de signature d ...","breadcrumb":{"@id":"https:\/\/www.africa-press.net\/cameroun\/economie\/la-comifac-met-en-place-un-projet-pour-lutter-contre-le-commerce-du-bois-illegal-en-afrique-centrale#breadcrumb"},"inLanguage":"fr-FR","potentialAction":[{"@type":"ReadAction","target":["https:\/\/www.africa-press.net\/cameroun\/economie\/la-comifac-met-en-place-un-projet-pour-lutter-contre-le-commerce-du-bois-illegal-en-afrique-centrale"]}]},{"@type":"ImageObject","inLanguage":"fr-FR","@id":"https:\/\/www.africa-press.net\/cameroun\/economie\/la-comifac-met-en-place-un-projet-pour-lutter-contre-le-commerce-du-bois-illegal-en-afrique-centrale#primaryimage","url":"https:\/\/static.africa-press.net\/cameroun\/sites\/57\/2022\/09\/img-632e296c15ddd.jpg","contentUrl":"https:\/\/static.africa-press.net\/cameroun\/sites\/57\/2022\/09\/img-632e296c15ddd.jpg","width":720,"height":479,"caption":"La Comifac met en place un projet pour lutter contre le commerce du bois ill\u00e9gal en Afrique centrale"},{"@type":"BreadcrumbList","@id":"https:\/\/www.africa-press.net\/cameroun\/economie\/la-comifac-met-en-place-un-projet-pour-lutter-contre-le-commerce-du-bois-illegal-en-afrique-centrale#breadcrumb","itemListElement":[{"@type":"ListItem","position":1,"name":"Accueil","item":"https:\/\/www.africa-press.net\/cameroun\/"},{"@type":"ListItem","position":2,"name":"La Comifac met en place un projet pour lutter contre le commerce du bois ill\u00e9gal en Afrique centrale"}]},{"@type":"WebSite","@id":"https:\/\/www.africa-press.net\/cameroun\/#website","url":"https:\/\/www.africa-press.net\/cameroun\/","name":"Cameroun","description":"Just another Africa News Agency Sites site","potentialAction":[{"@type":"SearchAction","target":{"@type":"EntryPoint","urlTemplate":"https:\/\/www.africa-press.net\/cameroun\/?s={search_term_string}"},"query-input":{"@type":"PropertyValueSpecification","valueRequired":true,"valueName":"search_term_string"}}],"inLanguage":"fr-FR"},{"@type":"Person","@id":"https:\/\/www.africa-press.net\/cameroun\/#\/schema\/person\/2b1cf3cd81a31e3cd26889ca66d677f1","name":"cfeditorfr"}]}},"_links":{"self":[{"href":"https:\/\/www.africa-press.net\/cameroun\/wp-json\/wp\/v2\/posts\/28039","targetHints":{"allow":["GET"]}}],"collection":[{"href":"https:\/\/www.africa-press.net\/cameroun\/wp-json\/wp\/v2\/posts"}],"about":[{"href":"https:\/\/www.africa-press.net\/cameroun\/wp-json\/wp\/v2\/types\/post"}],"author":[{"embeddable":true,"href":"https:\/\/www.africa-press.net\/cameroun\/wp-json\/wp\/v2\/users\/82"}],"replies":[{"embeddable":true,"href":"https:\/\/www.africa-press.net\/cameroun\/wp-json\/wp\/v2\/comments?post=28039"}],"version-history":[{"count":0,"href":"https:\/\/www.africa-press.net\/cameroun\/wp-json\/wp\/v2\/posts\/28039\/revisions"}],"wp:featuredmedia":[{"embeddable":true,"href":"https:\/\/www.africa-press.net\/cameroun\/wp-json\/wp\/v2\/media\/28038"}],"wp:attachment":[{"href":"https:\/\/www.africa-press.net\/cameroun\/wp-json\/wp\/v2\/media?parent=28039"}],"wp:term":[{"taxonomy":"category","embeddable":true,"href":"https:\/\/www.africa-press.net\/cameroun\/wp-json\/wp\/v2\/categories?post=28039"},{"taxonomy":"post_tag","embeddable":true,"href":"https:\/\/www.africa-press.net\/cameroun\/wp-json\/wp\/v2\/tags?post=28039"}],"curies":[{"name":"wp","href":"https:\/\/api.w.org\/{rel}","templated":true}]}}