{"id":2804,"date":"2021-04-29T18:30:16","date_gmt":"2021-04-29T18:30:16","guid":{"rendered":"https:\/\/www.africa-press.net\/cameroun\/politique\/cameroon-obituary-former-pcc-moderator-the-very-rev-nyansako-ni-nku-dies-at-76"},"modified":"2021-04-29T19:49:33","modified_gmt":"2021-04-29T19:49:33","slug":"cameroon-obituary-former-pcc-moderator-the-very-rev-nyansako-ni-nku-dies-at-76","status":"publish","type":"post","link":"https:\/\/www.africa-press.net\/cameroun\/toutes-les-actualites\/cameroon-obituary-former-pcc-moderator-the-very-rev-nyansako-ni-nku-dies-at-76","title":{"rendered":"Cameroon \u2013 Obituary: Former PCC Moderator, The Very Rev. Nyansako-ni-Nku dies at 76"},"content":{"rendered":"<p><span style=\"color: #ff6600\"><strong><a href=\"https:\/\/www.africa-press.net\/\">Africa-Press<\/a> &#8211; <a href=\"https:\/\/www.africa-press.net\/cameroun\">Cameroun<\/a>. <\/strong><\/span>The man who served as Moderator of the PCC from 1999 to 2009 died on Tuesday, April 27, 2021, in Douala, said Rev. Miki Hans Abia, PCC Synod Clerk.<\/p>\n<p>\u201cThe Moderator of the Presbyterian Church in Cameroon (PCC), the Rt. Rev. Fonki Samuel Forba announces with deep regret the death of the Very Rev. Dr. Nyansako-ni-Nku, former Moderator of the Presbyterian Church in Cameroon and [erstwhile] President of the All African Conference of Churches [elected on November 27, 2003] who slept in the Lord on Tuesday, April 27, 2021, \u201d+ Fonki said on Wednesday morning.<\/p>\n<p>Rt. Rev. Fonki adds that funeral arrangements will be communicated in the days ahead. He calls on all Presbyterians to pray for the rest of the soul of \u201cour church father and remain in prayers for the whole church.\u201d<\/p>\n<p>The Moderator of the PCC extends his \u201cdeep sympathy to our mother Ma Nku Grace, the immediate family and the PCC family at large.\u201d<\/p>\n<p>Rev. Nyansako-ni-Nku served as Synod Clerk of the Presbyterian Church in Cameroon from 1989 to 1999. He was first elected Moderator of the PCC in 1999. At the end of his five-year mandate, he was re-elected for a second five -year term as Moderator of the Presbyterian Church in Cameroon, PCC in an election that took place at the 41st Synod of \u201cGrowth\u201d meeting, held at Presbyterian Church Center, Kumba from November 7 &#8211; 9, 2004.<\/p>\n<p>Rev. Dr. Nyansako-ni-Nku described himself as an \u00ab\u00a0intensely family man.\u00a0\u00bb He was married to Grace Mbong, a secondary school teacher of history. They had four children: two girls and two boys.<\/p>\n<p>He was born on September 29, 1945, in Kotto-Barombi, a village in Meme Division of Cameroon&rsquo;s South-West Region. In April 1972, he was ordained into the Ministry of Word and Sacrament.<\/p>\n<p>\u00ab\u00a0You fought a good fight, you kept the faith and indeed you have finished your work. Only remembered by what you have done. Fare thee well servant of God and may your soul rest in peace,\u00a0\u00bb said Rev. Geraldine Njwie Mforsah Fobang, associate pastor of PC Buea Town and Station Manager of CBS Radio Buea.<\/p>\n<p>\u201cThe name Rev Nyansako-ni-Nku occupied my mind from Sunday school, YP, and CYF until the day you ordained me. I was planning to pay him a visit, just to hear that he has gone home to be with the Lord. I thank God for laying your hands on me during my ordination. You personally handed me my bachelor&rsquo;s degree in the seminary for my distinction. You have groomed sons and daughters to follow you in your footsteps. The Ramah family will keep you and your family in prayers,\u201d said Rev. Solomon Warah, a former pastor of the PCC.<\/p>\n","protected":false},"excerpt":{"rendered":"<p>Africa-Press &#8211; Cameroun. The man who served as Moderator of the PCC from 1999 to 2009 died on Tuesday, April 27, 2021, in Douala, said Rev. Miki Hans Abia, PCC Synod Clerk. \u201cThe Moderator of the Presbyterian Church in Cameroon (PCC), the Rt. Rev. Fonki Samuel Forba announces with deep regret the death of the [&hellip;]<\/p>\n","protected":false},"author":82,"featured_media":2802,"comment_status":"open","ping_status":"closed","sticky":false,"template":"","format":"standard","meta":{"footnotes":""},"categories":[21,11,10],"tags":[36,50,49],"class_list":["post-2804","post","type-post","status-publish","format-standard","has-post-thumbnail","hentry","category-communaute","category-homepage-french","category-toutes-les-actualites","tag-africa-press","tag-africa-press-cameroun","tag-cameroun"],"yoast_head":"<!-- This site is optimized with the Yoast SEO Premium plugin v26.1 (Yoast SEO v27.0) - https:\/\/yoast.com\/product\/yoast-seo-premium-wordpress\/ -->\n<title>Cameroon \u2013 Obituary: Former PCC Moderator, The Very Rev. Nyansako-ni-Nku dies at 76 - Cameroun<\/title>\n<meta name=\"description\" content=\"The man who served as Moderator of the PCC from 1999 to 2009 died on Tuesday, April 27, 2021, in Douala, said Rev. Miki ...\" \/>\n<meta name=\"robots\" content=\"index, follow, max-snippet:-1, max-image-preview:large, max-video-preview:-1\" \/>\n<link rel=\"canonical\" href=\"https:\/\/www.africa-press.net\/cameroun\/toutes-les-actualites\/cameroon-obituary-former-pcc-moderator-the-very-rev-nyansako-ni-nku-dies-at-76\" \/>\n<meta property=\"og:locale\" content=\"fr_FR\" \/>\n<meta property=\"og:type\" content=\"article\" \/>\n<meta property=\"og:title\" content=\"Cameroon \u2013 Obituary: Former PCC Moderator, The Very Rev. Nyansako-ni-Nku dies at 76\" \/>\n<meta property=\"og:description\" content=\"The man who served as Moderator of the PCC from 1999 to 2009 died on Tuesday, April 27, 2021, in Douala, said Rev. Miki ...\" \/>\n<meta property=\"og:url\" content=\"https:\/\/www.africa-press.net\/cameroun\/toutes-les-actualites\/cameroon-obituary-former-pcc-moderator-the-very-rev-nyansako-ni-nku-dies-at-76\" \/>\n<meta property=\"og:site_name\" content=\"Cameroun\" \/>\n<meta property=\"article:published_time\" content=\"2021-04-29T18:30:16+00:00\" \/>\n<meta property=\"article:modified_time\" content=\"2021-04-29T19:49:33+00:00\" \/>\n<meta property=\"og:image\" content=\"https:\/\/static.africa-press.net\/cameroun\/sites\/57\/2021\/04\/img-608b0daeb6b92.jpg\" \/>\n\t<meta property=\"og:image:width\" content=\"800\" \/>\n\t<meta property=\"og:image:height\" content=\"560\" \/>\n\t<meta property=\"og:image:type\" content=\"image\/jpeg\" \/>\n<meta name=\"author\" content=\"cfeditorfr\" \/>\n<meta name=\"twitter:card\" content=\"summary_large_image\" \/>\n<meta name=\"twitter:label1\" content=\"\u00c9crit par\" \/>\n\t<meta name=\"twitter:data1\" content=\"cfeditorfr\" \/>\n\t<meta name=\"twitter:label2\" content=\"Dur\u00e9e de lecture estim\u00e9e\" \/>\n\t<meta name=\"twitter:data2\" content=\"2 minutes\" \/>\n<script type=\"application\/ld+json\" class=\"yoast-schema-graph\">{\"@context\":\"https:\/\/schema.org\",\"@graph\":[{\"@type\":\"Article\",\"@id\":\"https:\/\/www.africa-press.net\/cameroun\/toutes-les-actualites\/cameroon-obituary-former-pcc-moderator-the-very-rev-nyansako-ni-nku-dies-at-76#article\",\"isPartOf\":{\"@id\":\"https:\/\/www.africa-press.net\/cameroun\/toutes-les-actualites\/cameroon-obituary-former-pcc-moderator-the-very-rev-nyansako-ni-nku-dies-at-76\"},\"author\":{\"name\":\"cfeditorfr\",\"@id\":\"https:\/\/www.africa-press.net\/cameroun\/#\/schema\/person\/2b1cf3cd81a31e3cd26889ca66d677f1\"},\"headline\":\"Cameroon \u2013 Obituary: Former PCC Moderator, The Very Rev. Nyansako-ni-Nku dies at 76\",\"datePublished\":\"2021-04-29T18:30:16+00:00\",\"dateModified\":\"2021-04-29T19:49:33+00:00\",\"mainEntityOfPage\":{\"@id\":\"https:\/\/www.africa-press.net\/cameroun\/toutes-les-actualites\/cameroon-obituary-former-pcc-moderator-the-very-rev-nyansako-ni-nku-dies-at-76\"},\"wordCount\":447,\"commentCount\":0,\"image\":{\"@id\":\"https:\/\/www.africa-press.net\/cameroun\/toutes-les-actualites\/cameroon-obituary-former-pcc-moderator-the-very-rev-nyansako-ni-nku-dies-at-76#primaryimage\"},\"thumbnailUrl\":\"https:\/\/static.africa-press.net\/cameroun\/sites\/57\/2021\/04\/img-608b0daeb6b92.jpg\",\"keywords\":[\"Africa Press\",\"Africa Press-Cameroun\",\"Cameroun\"],\"articleSection\":[\"Communaut\u00e9\",\"homepage-french\",\"Toutes les actualit\u00e9s\"],\"inLanguage\":\"fr-FR\",\"potentialAction\":[{\"@type\":\"CommentAction\",\"name\":\"Comment\",\"target\":[\"https:\/\/www.africa-press.net\/cameroun\/toutes-les-actualites\/cameroon-obituary-former-pcc-moderator-the-very-rev-nyansako-ni-nku-dies-at-76#respond\"]}]},{\"@type\":\"WebPage\",\"@id\":\"https:\/\/www.africa-press.net\/cameroun\/toutes-les-actualites\/cameroon-obituary-former-pcc-moderator-the-very-rev-nyansako-ni-nku-dies-at-76\",\"url\":\"https:\/\/www.africa-press.net\/cameroun\/toutes-les-actualites\/cameroon-obituary-former-pcc-moderator-the-very-rev-nyansako-ni-nku-dies-at-76\",\"name\":\"Cameroon \u2013 Obituary: Former PCC Moderator, The Very Rev. Nyansako-ni-Nku dies at 76 - Cameroun\",\"isPartOf\":{\"@id\":\"https:\/\/www.africa-press.net\/cameroun\/#website\"},\"primaryImageOfPage\":{\"@id\":\"https:\/\/www.africa-press.net\/cameroun\/toutes-les-actualites\/cameroon-obituary-former-pcc-moderator-the-very-rev-nyansako-ni-nku-dies-at-76#primaryimage\"},\"image\":{\"@id\":\"https:\/\/www.africa-press.net\/cameroun\/toutes-les-actualites\/cameroon-obituary-former-pcc-moderator-the-very-rev-nyansako-ni-nku-dies-at-76#primaryimage\"},\"thumbnailUrl\":\"https:\/\/static.africa-press.net\/cameroun\/sites\/57\/2021\/04\/img-608b0daeb6b92.jpg\",\"datePublished\":\"2021-04-29T18:30:16+00:00\",\"dateModified\":\"2021-04-29T19:49:33+00:00\",\"author\":{\"@id\":\"https:\/\/www.africa-press.net\/cameroun\/#\/schema\/person\/2b1cf3cd81a31e3cd26889ca66d677f1\"},\"description\":\"The man who served as Moderator of the PCC from 1999 to 2009 died on Tuesday, April 27, 2021, in Douala, said Rev. Miki ...\",\"breadcrumb\":{\"@id\":\"https:\/\/www.africa-press.net\/cameroun\/toutes-les-actualites\/cameroon-obituary-former-pcc-moderator-the-very-rev-nyansako-ni-nku-dies-at-76#breadcrumb\"},\"inLanguage\":\"fr-FR\",\"potentialAction\":[{\"@type\":\"ReadAction\",\"target\":[\"https:\/\/www.africa-press.net\/cameroun\/toutes-les-actualites\/cameroon-obituary-former-pcc-moderator-the-very-rev-nyansako-ni-nku-dies-at-76\"]}]},{\"@type\":\"ImageObject\",\"inLanguage\":\"fr-FR\",\"@id\":\"https:\/\/www.africa-press.net\/cameroun\/toutes-les-actualites\/cameroon-obituary-former-pcc-moderator-the-very-rev-nyansako-ni-nku-dies-at-76#primaryimage\",\"url\":\"https:\/\/static.africa-press.net\/cameroun\/sites\/57\/2021\/04\/img-608b0daeb6b92.jpg\",\"contentUrl\":\"https:\/\/static.africa-press.net\/cameroun\/sites\/57\/2021\/04\/img-608b0daeb6b92.jpg\",\"width\":800,\"height\":560,\"caption\":\"Cameroon \u2013 Obituary: Former PCC Moderator, The Very Rev. Nyansako-ni-Nku dies at 76\"},{\"@type\":\"BreadcrumbList\",\"@id\":\"https:\/\/www.africa-press.net\/cameroun\/toutes-les-actualites\/cameroon-obituary-former-pcc-moderator-the-very-rev-nyansako-ni-nku-dies-at-76#breadcrumb\",\"itemListElement\":[{\"@type\":\"ListItem\",\"position\":1,\"name\":\"Accueil\",\"item\":\"https:\/\/www.africa-press.net\/cameroun\/\"},{\"@type\":\"ListItem\",\"position\":2,\"name\":\"Cameroon \u2013 Obituary: Former PCC Moderator, The Very Rev. Nyansako-ni-Nku dies at 76\"}]},{\"@type\":\"WebSite\",\"@id\":\"https:\/\/www.africa-press.net\/cameroun\/#website\",\"url\":\"https:\/\/www.africa-press.net\/cameroun\/\",\"name\":\"Cameroun\",\"description\":\"Just another Africa News Agency Sites site\",\"potentialAction\":[{\"@type\":\"SearchAction\",\"target\":{\"@type\":\"EntryPoint\",\"urlTemplate\":\"https:\/\/www.africa-press.net\/cameroun\/?s={search_term_string}\"},\"query-input\":{\"@type\":\"PropertyValueSpecification\",\"valueRequired\":true,\"valueName\":\"search_term_string\"}}],\"inLanguage\":\"fr-FR\"},{\"@type\":\"Person\",\"@id\":\"https:\/\/www.africa-press.net\/cameroun\/#\/schema\/person\/2b1cf3cd81a31e3cd26889ca66d677f1\",\"name\":\"cfeditorfr\"}]}<\/script>\n<!-- \/ Yoast SEO Premium plugin. -->","yoast_head_json":{"title":"Cameroon \u2013 Obituary: Former PCC Moderator, The Very Rev. Nyansako-ni-Nku dies at 76 - Cameroun","description":"The man who served as Moderator of the PCC from 1999 to 2009 died on Tuesday, April 27, 2021, in Douala, said Rev. Miki ...","robots":{"index":"index","follow":"follow","max-snippet":"max-snippet:-1","max-image-preview":"max-image-preview:large","max-video-preview":"max-video-preview:-1"},"canonical":"https:\/\/www.africa-press.net\/cameroun\/toutes-les-actualites\/cameroon-obituary-former-pcc-moderator-the-very-rev-nyansako-ni-nku-dies-at-76","og_locale":"fr_FR","og_type":"article","og_title":"Cameroon \u2013 Obituary: Former PCC Moderator, The Very Rev. Nyansako-ni-Nku dies at 76","og_description":"The man who served as Moderator of the PCC from 1999 to 2009 died on Tuesday, April 27, 2021, in Douala, said Rev. Miki ...","og_url":"https:\/\/www.africa-press.net\/cameroun\/toutes-les-actualites\/cameroon-obituary-former-pcc-moderator-the-very-rev-nyansako-ni-nku-dies-at-76","og_site_name":"Cameroun","article_published_time":"2021-04-29T18:30:16+00:00","article_modified_time":"2021-04-29T19:49:33+00:00","og_image":[{"width":800,"height":560,"url":"https:\/\/static.africa-press.net\/cameroun\/sites\/57\/2021\/04\/img-608b0daeb6b92.jpg","type":"image\/jpeg"}],"author":"cfeditorfr","twitter_card":"summary_large_image","twitter_misc":{"\u00c9crit par":"cfeditorfr","Dur\u00e9e de lecture estim\u00e9e":"2 minutes"},"schema":{"@context":"https:\/\/schema.org","@graph":[{"@type":"Article","@id":"https:\/\/www.africa-press.net\/cameroun\/toutes-les-actualites\/cameroon-obituary-former-pcc-moderator-the-very-rev-nyansako-ni-nku-dies-at-76#article","isPartOf":{"@id":"https:\/\/www.africa-press.net\/cameroun\/toutes-les-actualites\/cameroon-obituary-former-pcc-moderator-the-very-rev-nyansako-ni-nku-dies-at-76"},"author":{"name":"cfeditorfr","@id":"https:\/\/www.africa-press.net\/cameroun\/#\/schema\/person\/2b1cf3cd81a31e3cd26889ca66d677f1"},"headline":"Cameroon \u2013 Obituary: Former PCC Moderator, The Very Rev. Nyansako-ni-Nku dies at 76","datePublished":"2021-04-29T18:30:16+00:00","dateModified":"2021-04-29T19:49:33+00:00","mainEntityOfPage":{"@id":"https:\/\/www.africa-press.net\/cameroun\/toutes-les-actualites\/cameroon-obituary-former-pcc-moderator-the-very-rev-nyansako-ni-nku-dies-at-76"},"wordCount":447,"commentCount":0,"image":{"@id":"https:\/\/www.africa-press.net\/cameroun\/toutes-les-actualites\/cameroon-obituary-former-pcc-moderator-the-very-rev-nyansako-ni-nku-dies-at-76#primaryimage"},"thumbnailUrl":"https:\/\/static.africa-press.net\/cameroun\/sites\/57\/2021\/04\/img-608b0daeb6b92.jpg","keywords":["Africa Press","Africa Press-Cameroun","Cameroun"],"articleSection":["Communaut\u00e9","homepage-french","Toutes les actualit\u00e9s"],"inLanguage":"fr-FR","potentialAction":[{"@type":"CommentAction","name":"Comment","target":["https:\/\/www.africa-press.net\/cameroun\/toutes-les-actualites\/cameroon-obituary-former-pcc-moderator-the-very-rev-nyansako-ni-nku-dies-at-76#respond"]}]},{"@type":"WebPage","@id":"https:\/\/www.africa-press.net\/cameroun\/toutes-les-actualites\/cameroon-obituary-former-pcc-moderator-the-very-rev-nyansako-ni-nku-dies-at-76","url":"https:\/\/www.africa-press.net\/cameroun\/toutes-les-actualites\/cameroon-obituary-former-pcc-moderator-the-very-rev-nyansako-ni-nku-dies-at-76","name":"Cameroon \u2013 Obituary: Former PCC Moderator, The Very Rev. Nyansako-ni-Nku dies at 76 - Cameroun","isPartOf":{"@id":"https:\/\/www.africa-press.net\/cameroun\/#website"},"primaryImageOfPage":{"@id":"https:\/\/www.africa-press.net\/cameroun\/toutes-les-actualites\/cameroon-obituary-former-pcc-moderator-the-very-rev-nyansako-ni-nku-dies-at-76#primaryimage"},"image":{"@id":"https:\/\/www.africa-press.net\/cameroun\/toutes-les-actualites\/cameroon-obituary-former-pcc-moderator-the-very-rev-nyansako-ni-nku-dies-at-76#primaryimage"},"thumbnailUrl":"https:\/\/static.africa-press.net\/cameroun\/sites\/57\/2021\/04\/img-608b0daeb6b92.jpg","datePublished":"2021-04-29T18:30:16+00:00","dateModified":"2021-04-29T19:49:33+00:00","author":{"@id":"https:\/\/www.africa-press.net\/cameroun\/#\/schema\/person\/2b1cf3cd81a31e3cd26889ca66d677f1"},"description":"The man who served as Moderator of the PCC from 1999 to 2009 died on Tuesday, April 27, 2021, in Douala, said Rev. Miki ...","breadcrumb":{"@id":"https:\/\/www.africa-press.net\/cameroun\/toutes-les-actualites\/cameroon-obituary-former-pcc-moderator-the-very-rev-nyansako-ni-nku-dies-at-76#breadcrumb"},"inLanguage":"fr-FR","potentialAction":[{"@type":"ReadAction","target":["https:\/\/www.africa-press.net\/cameroun\/toutes-les-actualites\/cameroon-obituary-former-pcc-moderator-the-very-rev-nyansako-ni-nku-dies-at-76"]}]},{"@type":"ImageObject","inLanguage":"fr-FR","@id":"https:\/\/www.africa-press.net\/cameroun\/toutes-les-actualites\/cameroon-obituary-former-pcc-moderator-the-very-rev-nyansako-ni-nku-dies-at-76#primaryimage","url":"https:\/\/static.africa-press.net\/cameroun\/sites\/57\/2021\/04\/img-608b0daeb6b92.jpg","contentUrl":"https:\/\/static.africa-press.net\/cameroun\/sites\/57\/2021\/04\/img-608b0daeb6b92.jpg","width":800,"height":560,"caption":"Cameroon \u2013 Obituary: Former PCC Moderator, The Very Rev. Nyansako-ni-Nku dies at 76"},{"@type":"BreadcrumbList","@id":"https:\/\/www.africa-press.net\/cameroun\/toutes-les-actualites\/cameroon-obituary-former-pcc-moderator-the-very-rev-nyansako-ni-nku-dies-at-76#breadcrumb","itemListElement":[{"@type":"ListItem","position":1,"name":"Accueil","item":"https:\/\/www.africa-press.net\/cameroun\/"},{"@type":"ListItem","position":2,"name":"Cameroon \u2013 Obituary: Former PCC Moderator, The Very Rev. Nyansako-ni-Nku dies at 76"}]},{"@type":"WebSite","@id":"https:\/\/www.africa-press.net\/cameroun\/#website","url":"https:\/\/www.africa-press.net\/cameroun\/","name":"Cameroun","description":"Just another Africa News Agency Sites site","potentialAction":[{"@type":"SearchAction","target":{"@type":"EntryPoint","urlTemplate":"https:\/\/www.africa-press.net\/cameroun\/?s={search_term_string}"},"query-input":{"@type":"PropertyValueSpecification","valueRequired":true,"valueName":"search_term_string"}}],"inLanguage":"fr-FR"},{"@type":"Person","@id":"https:\/\/www.africa-press.net\/cameroun\/#\/schema\/person\/2b1cf3cd81a31e3cd26889ca66d677f1","name":"cfeditorfr"}]}},"_links":{"self":[{"href":"https:\/\/www.africa-press.net\/cameroun\/wp-json\/wp\/v2\/posts\/2804","targetHints":{"allow":["GET"]}}],"collection":[{"href":"https:\/\/www.africa-press.net\/cameroun\/wp-json\/wp\/v2\/posts"}],"about":[{"href":"https:\/\/www.africa-press.net\/cameroun\/wp-json\/wp\/v2\/types\/post"}],"author":[{"embeddable":true,"href":"https:\/\/www.africa-press.net\/cameroun\/wp-json\/wp\/v2\/users\/82"}],"replies":[{"embeddable":true,"href":"https:\/\/www.africa-press.net\/cameroun\/wp-json\/wp\/v2\/comments?post=2804"}],"version-history":[{"count":0,"href":"https:\/\/www.africa-press.net\/cameroun\/wp-json\/wp\/v2\/posts\/2804\/revisions"}],"wp:featuredmedia":[{"embeddable":true,"href":"https:\/\/www.africa-press.net\/cameroun\/wp-json\/wp\/v2\/media\/2802"}],"wp:attachment":[{"href":"https:\/\/www.africa-press.net\/cameroun\/wp-json\/wp\/v2\/media?parent=2804"}],"wp:term":[{"taxonomy":"category","embeddable":true,"href":"https:\/\/www.africa-press.net\/cameroun\/wp-json\/wp\/v2\/categories?post=2804"},{"taxonomy":"post_tag","embeddable":true,"href":"https:\/\/www.africa-press.net\/cameroun\/wp-json\/wp\/v2\/tags?post=2804"}],"curies":[{"name":"wp","href":"https:\/\/api.w.org\/{rel}","templated":true}]}}