{"id":28042,"date":"2022-09-23T21:24:13","date_gmt":"2022-09-23T21:24:13","guid":{"rendered":"https:\/\/www.africa-press.net\/cameroun\/politique\/greve-a-lasecna-le-cameroun-requisitionne-les-controleurs-aeriens-pour-maintenir-les-vols"},"modified":"2022-09-23T21:48:33","modified_gmt":"2022-09-23T21:48:33","slug":"greve-a-lasecna-le-cameroun-requisitionne-les-controleurs-aeriens-pour-maintenir-les-vols","status":"publish","type":"post","link":"https:\/\/www.africa-press.net\/cameroun\/economie\/greve-a-lasecna-le-cameroun-requisitionne-les-controleurs-aeriens-pour-maintenir-les-vols","title":{"rendered":"Gr\u00e8ve \u00e0 l\u2019Asecna\u00a0: le Cameroun r\u00e9quisitionne les contr\u00f4leurs a\u00e9riens pour maintenir les vols"},"content":{"rendered":"<p><span style=\"color: #ff6600\"><strong>Africa-Press &#8211; Cameroun. <\/strong><\/span>Investir au Cameroun) &#8211; Suite a\u0300 une re\u0301activation du mot d\u2019ordre de gre\u0300ve de l\u2019Union des syndicats de l\u2019Agence pour la se\u0301curite\u0301 de la navigation ae\u0301rienne en Afrique et a\u0300 Madagascar (Asecna) pour la pe\u0301riode du 23 au 25 septembre, le ministre camerounais des Transports, Jean Ernest Massena Ngalle Bibehe, a saisi les compagnies ae\u0301riennes ope\u0301rant au Cameroun pour les rassurer que le trafic ne serait pas perturbe\u0301.<\/p>\n<p>Dans une correspondance date\u0301e du 22 septembre, le membre du gouvernement e\u0301crit : \u00ab J\u2019ai l\u2019honneur de vous informer que les autorite\u0301s nationales et l\u2019Asecna prennent toutes les mesures ne\u0301cessaires pour garantir la continuite\u0301 sans restriction du service public afin d\u2019assurer la se\u0301curite\u0301 de la navigation ae\u0301rienne dans l\u2019espace ae\u0301rien du Cameroun. A\u0300 cet effet, je vous invite a\u0300 maintenir vos ope\u0301rations conforme\u0301ment au programme approuve\u0301 par la CCAA [Autorite\u0301 civile ae\u0301ronautique] \u00bb.<\/p>\n<p>Dans la me\u0302me veine, le ministre des Transports a saisi les autorite\u0301s pre\u0301fectorales du Centre, du Littoral et du Nord, ou\u0300 se trouvent les ae\u0301roports les plus importants du pays (Nsimalen, Douala, Garoua), pour leur demander de re\u0301quisitionner des contro\u0302leurs ae\u0301riens dans leur circonscription administrative a\u0300 partir du 23 septembre jusqu\u2019a\u0300 la fin de la gre\u0300ve.<\/p>\n<p>Au niveau de la direction ge\u0301ne\u0301rale de l\u2019Asecna, ordre a e\u0301te\u0301 donne\u0301 aux repre\u0301sentants nationaux d\u2019identifier tous les agents gre\u0301vistes et de prendre les mesures conservatoires ne\u0301cessaires : suspension du contrat, licenciement, poursuites judiciaires et toutes autres sanctions pre\u0301vues par le statut du personnel. \u00ab Tout agent re\u0301quisitionne\u0301 et qui ne respecte pas la de\u0301cision des autorite\u0301s nationales doit e\u0302tre imme\u0301diatement interdit d\u2019acce\u0300s a\u0300 l\u2019ae\u0301roport et suspendu en attendant son licenciement par le me\u0301canisme statutaire approprie\u0301 \u00bb, prescrit le DG de l\u2019Asecna dans une correspondance signe\u0301e le 21 septembre.<\/p>\n<p>Au Cameroun, le ministre des Transports avait obtenu, le 22 aou\u0302t dernier, une leve\u0301e du mot d\u2019ordre de gre\u0300ve des syndicalistes camerounais pre\u0301vu du 25 au 27 aou\u0302t 2022. Ce compromis a e\u0301te\u0301 obtenu au terme d\u2019une re\u0301union multipartite au cours de laquelle des \u00ab avance\u0301es significatives \u00bb ont e\u0301te\u0301 constate\u0301es dans la re\u0301solution des revendications exprime\u0301es par les onze organisations syndicales cosignataires du pre\u0301avis de gre\u0300ve susmentionne\u0301e.<\/p>\n<p>Les syndicalistes re\u0301clament, entre autres : le renforcement des capacite\u0301s ope\u0301rationnelles ; l\u2019e\u0301panouissement professionnel ; un plan de carrie\u0300re du contro\u0302leur ae\u0301rien de l\u2019Asecna. Des ne\u0301gociations ont e\u0301te\u0301 engage\u0301es au sein de l\u2019institution dont le Cameroun est membre fondateur, sans pour autant parvenir a\u0300 de\u0301boucher sur une solution qui satisfait les contro\u0302leurs. Ce qui laisse encore craindre un risque de perturbation du transport commercial dans les 17 pays dont l\u2019agence ge\u0300re les espaces ae\u0301riens. La re\u0301quisition des contro\u0302leurs ae\u0301riens ressemble davantage a\u0300 une mesure de surete\u0301.<\/p>\n<p><b>S.A.<\/b><\/p>\n<p><strong>Pour plus d&rsquo;informations et d&rsquo;analyses sur la <a href=\"https:\/\/www.africa-press.net\/cameroun\">Cameroun<\/a>, suivez <a href=\"https:\/\/www.africa-press.net\/\">Africa-Press<\/a><\/strong><\/p>\n","protected":false},"excerpt":{"rendered":"<p>Africa-Press &#8211; Cameroun. Investir au Cameroun) &#8211; Suite a\u0300 une re\u0301activation du mot d\u2019ordre de gre\u0300ve de l\u2019Union des syndicats de l\u2019Agence pour la se\u0301curite\u0301 de la navigation ae\u0301rienne en Afrique et a\u0300 Madagascar (Asecna) pour la pe\u0301riode du 23 au 25 septembre, le ministre camerounais des Transports, Jean Ernest Massena Ngalle Bibehe, a saisi [&hellip;]<\/p>\n","protected":false},"author":82,"featured_media":28041,"comment_status":"open","ping_status":"closed","sticky":false,"template":"","format":"standard","meta":{"footnotes":""},"categories":[3,10],"tags":[36,50,49],"class_list":["post-28042","post","type-post","status-publish","format-standard","has-post-thumbnail","hentry","category-economie","category-toutes-les-actualites","tag-africa-press","tag-africa-press-cameroun","tag-cameroun"],"yoast_head":"<!-- This site is optimized with the Yoast SEO Premium plugin v26.1 (Yoast SEO v27.0) - https:\/\/yoast.com\/product\/yoast-seo-premium-wordpress\/ -->\n<title>Gr\u00e8ve \u00e0 l\u2019Asecna\u00a0: le Cameroun r\u00e9quisitionne les contr\u00f4leurs a\u00e9riens pour maintenir les vols - Cameroun<\/title>\n<meta name=\"description\" content=\"Investir au Cameroun) - Suite a\u0300 une re\u0301activation du mot d\u2019ordre de gre\u0300ve de l\u2019Union des syndicats de l\u2019Agence pour la ...\" \/>\n<meta name=\"robots\" content=\"index, follow, max-snippet:-1, max-image-preview:large, max-video-preview:-1\" \/>\n<link rel=\"canonical\" href=\"https:\/\/www.africa-press.net\/cameroun\/economie\/greve-a-lasecna-le-cameroun-requisitionne-les-controleurs-aeriens-pour-maintenir-les-vols\" \/>\n<meta property=\"og:locale\" content=\"fr_FR\" \/>\n<meta property=\"og:type\" content=\"article\" \/>\n<meta property=\"og:title\" content=\"Gr\u00e8ve \u00e0 l\u2019Asecna\u00a0: le Cameroun r\u00e9quisitionne les contr\u00f4leurs a\u00e9riens pour maintenir les vols\" \/>\n<meta property=\"og:description\" content=\"Investir au Cameroun) - Suite a\u0300 une re\u0301activation du mot d\u2019ordre de gre\u0300ve de l\u2019Union des syndicats de l\u2019Agence pour la ...\" \/>\n<meta property=\"og:url\" content=\"https:\/\/www.africa-press.net\/cameroun\/economie\/greve-a-lasecna-le-cameroun-requisitionne-les-controleurs-aeriens-pour-maintenir-les-vols\" \/>\n<meta property=\"og:site_name\" content=\"Cameroun\" \/>\n<meta property=\"article:published_time\" content=\"2022-09-23T21:24:13+00:00\" \/>\n<meta property=\"article:modified_time\" content=\"2022-09-23T21:48:33+00:00\" \/>\n<meta property=\"og:image\" content=\"https:\/\/static.africa-press.net\/cameroun\/sites\/57\/2022\/09\/img-632e29940d9cb.jpg\" \/>\n\t<meta property=\"og:image:width\" content=\"720\" \/>\n\t<meta property=\"og:image:height\" content=\"479\" \/>\n\t<meta property=\"og:image:type\" content=\"image\/jpeg\" \/>\n<meta name=\"author\" content=\"cfeditorfr\" \/>\n<meta name=\"twitter:card\" content=\"summary_large_image\" \/>\n<meta name=\"twitter:label1\" content=\"\u00c9crit par\" \/>\n\t<meta name=\"twitter:data1\" content=\"cfeditorfr\" \/>\n\t<meta name=\"twitter:label2\" content=\"Dur\u00e9e de lecture estim\u00e9e\" \/>\n\t<meta name=\"twitter:data2\" content=\"3 minutes\" \/>\n<script type=\"application\/ld+json\" class=\"yoast-schema-graph\">{\"@context\":\"https:\/\/schema.org\",\"@graph\":[{\"@type\":\"Article\",\"@id\":\"https:\/\/www.africa-press.net\/cameroun\/economie\/greve-a-lasecna-le-cameroun-requisitionne-les-controleurs-aeriens-pour-maintenir-les-vols#article\",\"isPartOf\":{\"@id\":\"https:\/\/www.africa-press.net\/cameroun\/economie\/greve-a-lasecna-le-cameroun-requisitionne-les-controleurs-aeriens-pour-maintenir-les-vols\"},\"author\":{\"name\":\"cfeditorfr\",\"@id\":\"https:\/\/www.africa-press.net\/cameroun\/#\/schema\/person\/2b1cf3cd81a31e3cd26889ca66d677f1\"},\"headline\":\"Gr\u00e8ve \u00e0 l\u2019Asecna\u00a0: le Cameroun r\u00e9quisitionne les contr\u00f4leurs a\u00e9riens pour maintenir les vols\",\"datePublished\":\"2022-09-23T21:24:13+00:00\",\"dateModified\":\"2022-09-23T21:48:33+00:00\",\"mainEntityOfPage\":{\"@id\":\"https:\/\/www.africa-press.net\/cameroun\/economie\/greve-a-lasecna-le-cameroun-requisitionne-les-controleurs-aeriens-pour-maintenir-les-vols\"},\"wordCount\":546,\"commentCount\":0,\"image\":{\"@id\":\"https:\/\/www.africa-press.net\/cameroun\/economie\/greve-a-lasecna-le-cameroun-requisitionne-les-controleurs-aeriens-pour-maintenir-les-vols#primaryimage\"},\"thumbnailUrl\":\"https:\/\/static.africa-press.net\/cameroun\/sites\/57\/2022\/09\/img-632e29940d9cb.jpg\",\"keywords\":[\"Africa Press\",\"Africa Press-Cameroun\",\"Cameroun\"],\"articleSection\":[\"\u00c9conomie\",\"Toutes les actualit\u00e9s\"],\"inLanguage\":\"fr-FR\",\"potentialAction\":[{\"@type\":\"CommentAction\",\"name\":\"Comment\",\"target\":[\"https:\/\/www.africa-press.net\/cameroun\/economie\/greve-a-lasecna-le-cameroun-requisitionne-les-controleurs-aeriens-pour-maintenir-les-vols#respond\"]}]},{\"@type\":\"WebPage\",\"@id\":\"https:\/\/www.africa-press.net\/cameroun\/economie\/greve-a-lasecna-le-cameroun-requisitionne-les-controleurs-aeriens-pour-maintenir-les-vols\",\"url\":\"https:\/\/www.africa-press.net\/cameroun\/economie\/greve-a-lasecna-le-cameroun-requisitionne-les-controleurs-aeriens-pour-maintenir-les-vols\",\"name\":\"Gr\u00e8ve \u00e0 l\u2019Asecna\u00a0: le Cameroun r\u00e9quisitionne les contr\u00f4leurs a\u00e9riens pour maintenir les vols - Cameroun\",\"isPartOf\":{\"@id\":\"https:\/\/www.africa-press.net\/cameroun\/#website\"},\"primaryImageOfPage\":{\"@id\":\"https:\/\/www.africa-press.net\/cameroun\/economie\/greve-a-lasecna-le-cameroun-requisitionne-les-controleurs-aeriens-pour-maintenir-les-vols#primaryimage\"},\"image\":{\"@id\":\"https:\/\/www.africa-press.net\/cameroun\/economie\/greve-a-lasecna-le-cameroun-requisitionne-les-controleurs-aeriens-pour-maintenir-les-vols#primaryimage\"},\"thumbnailUrl\":\"https:\/\/static.africa-press.net\/cameroun\/sites\/57\/2022\/09\/img-632e29940d9cb.jpg\",\"datePublished\":\"2022-09-23T21:24:13+00:00\",\"dateModified\":\"2022-09-23T21:48:33+00:00\",\"author\":{\"@id\":\"https:\/\/www.africa-press.net\/cameroun\/#\/schema\/person\/2b1cf3cd81a31e3cd26889ca66d677f1\"},\"description\":\"Investir au Cameroun) - Suite a\u0300 une re\u0301activation du mot d\u2019ordre de gre\u0300ve de l\u2019Union des syndicats de l\u2019Agence pour la ...\",\"breadcrumb\":{\"@id\":\"https:\/\/www.africa-press.net\/cameroun\/economie\/greve-a-lasecna-le-cameroun-requisitionne-les-controleurs-aeriens-pour-maintenir-les-vols#breadcrumb\"},\"inLanguage\":\"fr-FR\",\"potentialAction\":[{\"@type\":\"ReadAction\",\"target\":[\"https:\/\/www.africa-press.net\/cameroun\/economie\/greve-a-lasecna-le-cameroun-requisitionne-les-controleurs-aeriens-pour-maintenir-les-vols\"]}]},{\"@type\":\"ImageObject\",\"inLanguage\":\"fr-FR\",\"@id\":\"https:\/\/www.africa-press.net\/cameroun\/economie\/greve-a-lasecna-le-cameroun-requisitionne-les-controleurs-aeriens-pour-maintenir-les-vols#primaryimage\",\"url\":\"https:\/\/static.africa-press.net\/cameroun\/sites\/57\/2022\/09\/img-632e29940d9cb.jpg\",\"contentUrl\":\"https:\/\/static.africa-press.net\/cameroun\/sites\/57\/2022\/09\/img-632e29940d9cb.jpg\",\"width\":720,\"height\":479,\"caption\":\"Gr\u00e8ve \u00e0 l\u2019Asecna\u00a0: le Cameroun r\u00e9quisitionne les contr\u00f4leurs a\u00e9riens pour maintenir les vols\"},{\"@type\":\"BreadcrumbList\",\"@id\":\"https:\/\/www.africa-press.net\/cameroun\/economie\/greve-a-lasecna-le-cameroun-requisitionne-les-controleurs-aeriens-pour-maintenir-les-vols#breadcrumb\",\"itemListElement\":[{\"@type\":\"ListItem\",\"position\":1,\"name\":\"Accueil\",\"item\":\"https:\/\/www.africa-press.net\/cameroun\/\"},{\"@type\":\"ListItem\",\"position\":2,\"name\":\"Gr\u00e8ve \u00e0 l\u2019Asecna\u00a0: le Cameroun r\u00e9quisitionne les contr\u00f4leurs a\u00e9riens pour maintenir les vols\"}]},{\"@type\":\"WebSite\",\"@id\":\"https:\/\/www.africa-press.net\/cameroun\/#website\",\"url\":\"https:\/\/www.africa-press.net\/cameroun\/\",\"name\":\"Cameroun\",\"description\":\"Just another Africa News Agency Sites site\",\"potentialAction\":[{\"@type\":\"SearchAction\",\"target\":{\"@type\":\"EntryPoint\",\"urlTemplate\":\"https:\/\/www.africa-press.net\/cameroun\/?s={search_term_string}\"},\"query-input\":{\"@type\":\"PropertyValueSpecification\",\"valueRequired\":true,\"valueName\":\"search_term_string\"}}],\"inLanguage\":\"fr-FR\"},{\"@type\":\"Person\",\"@id\":\"https:\/\/www.africa-press.net\/cameroun\/#\/schema\/person\/2b1cf3cd81a31e3cd26889ca66d677f1\",\"name\":\"cfeditorfr\"}]}<\/script>\n<!-- \/ Yoast SEO Premium plugin. -->","yoast_head_json":{"title":"Gr\u00e8ve \u00e0 l\u2019Asecna\u00a0: le Cameroun r\u00e9quisitionne les contr\u00f4leurs a\u00e9riens pour maintenir les vols - Cameroun","description":"Investir au Cameroun) - Suite a\u0300 une re\u0301activation du mot d\u2019ordre de gre\u0300ve de l\u2019Union des syndicats de l\u2019Agence pour la ...","robots":{"index":"index","follow":"follow","max-snippet":"max-snippet:-1","max-image-preview":"max-image-preview:large","max-video-preview":"max-video-preview:-1"},"canonical":"https:\/\/www.africa-press.net\/cameroun\/economie\/greve-a-lasecna-le-cameroun-requisitionne-les-controleurs-aeriens-pour-maintenir-les-vols","og_locale":"fr_FR","og_type":"article","og_title":"Gr\u00e8ve \u00e0 l\u2019Asecna\u00a0: le Cameroun r\u00e9quisitionne les contr\u00f4leurs a\u00e9riens pour maintenir les vols","og_description":"Investir au Cameroun) - Suite a\u0300 une re\u0301activation du mot d\u2019ordre de gre\u0300ve de l\u2019Union des syndicats de l\u2019Agence pour la ...","og_url":"https:\/\/www.africa-press.net\/cameroun\/economie\/greve-a-lasecna-le-cameroun-requisitionne-les-controleurs-aeriens-pour-maintenir-les-vols","og_site_name":"Cameroun","article_published_time":"2022-09-23T21:24:13+00:00","article_modified_time":"2022-09-23T21:48:33+00:00","og_image":[{"width":720,"height":479,"url":"https:\/\/static.africa-press.net\/cameroun\/sites\/57\/2022\/09\/img-632e29940d9cb.jpg","type":"image\/jpeg"}],"author":"cfeditorfr","twitter_card":"summary_large_image","twitter_misc":{"\u00c9crit par":"cfeditorfr","Dur\u00e9e de lecture estim\u00e9e":"3 minutes"},"schema":{"@context":"https:\/\/schema.org","@graph":[{"@type":"Article","@id":"https:\/\/www.africa-press.net\/cameroun\/economie\/greve-a-lasecna-le-cameroun-requisitionne-les-controleurs-aeriens-pour-maintenir-les-vols#article","isPartOf":{"@id":"https:\/\/www.africa-press.net\/cameroun\/economie\/greve-a-lasecna-le-cameroun-requisitionne-les-controleurs-aeriens-pour-maintenir-les-vols"},"author":{"name":"cfeditorfr","@id":"https:\/\/www.africa-press.net\/cameroun\/#\/schema\/person\/2b1cf3cd81a31e3cd26889ca66d677f1"},"headline":"Gr\u00e8ve \u00e0 l\u2019Asecna\u00a0: le Cameroun r\u00e9quisitionne les contr\u00f4leurs a\u00e9riens pour maintenir les vols","datePublished":"2022-09-23T21:24:13+00:00","dateModified":"2022-09-23T21:48:33+00:00","mainEntityOfPage":{"@id":"https:\/\/www.africa-press.net\/cameroun\/economie\/greve-a-lasecna-le-cameroun-requisitionne-les-controleurs-aeriens-pour-maintenir-les-vols"},"wordCount":546,"commentCount":0,"image":{"@id":"https:\/\/www.africa-press.net\/cameroun\/economie\/greve-a-lasecna-le-cameroun-requisitionne-les-controleurs-aeriens-pour-maintenir-les-vols#primaryimage"},"thumbnailUrl":"https:\/\/static.africa-press.net\/cameroun\/sites\/57\/2022\/09\/img-632e29940d9cb.jpg","keywords":["Africa Press","Africa Press-Cameroun","Cameroun"],"articleSection":["\u00c9conomie","Toutes les actualit\u00e9s"],"inLanguage":"fr-FR","potentialAction":[{"@type":"CommentAction","name":"Comment","target":["https:\/\/www.africa-press.net\/cameroun\/economie\/greve-a-lasecna-le-cameroun-requisitionne-les-controleurs-aeriens-pour-maintenir-les-vols#respond"]}]},{"@type":"WebPage","@id":"https:\/\/www.africa-press.net\/cameroun\/economie\/greve-a-lasecna-le-cameroun-requisitionne-les-controleurs-aeriens-pour-maintenir-les-vols","url":"https:\/\/www.africa-press.net\/cameroun\/economie\/greve-a-lasecna-le-cameroun-requisitionne-les-controleurs-aeriens-pour-maintenir-les-vols","name":"Gr\u00e8ve \u00e0 l\u2019Asecna\u00a0: le Cameroun r\u00e9quisitionne les contr\u00f4leurs a\u00e9riens pour maintenir les vols - Cameroun","isPartOf":{"@id":"https:\/\/www.africa-press.net\/cameroun\/#website"},"primaryImageOfPage":{"@id":"https:\/\/www.africa-press.net\/cameroun\/economie\/greve-a-lasecna-le-cameroun-requisitionne-les-controleurs-aeriens-pour-maintenir-les-vols#primaryimage"},"image":{"@id":"https:\/\/www.africa-press.net\/cameroun\/economie\/greve-a-lasecna-le-cameroun-requisitionne-les-controleurs-aeriens-pour-maintenir-les-vols#primaryimage"},"thumbnailUrl":"https:\/\/static.africa-press.net\/cameroun\/sites\/57\/2022\/09\/img-632e29940d9cb.jpg","datePublished":"2022-09-23T21:24:13+00:00","dateModified":"2022-09-23T21:48:33+00:00","author":{"@id":"https:\/\/www.africa-press.net\/cameroun\/#\/schema\/person\/2b1cf3cd81a31e3cd26889ca66d677f1"},"description":"Investir au Cameroun) - Suite a\u0300 une re\u0301activation du mot d\u2019ordre de gre\u0300ve de l\u2019Union des syndicats de l\u2019Agence pour la ...","breadcrumb":{"@id":"https:\/\/www.africa-press.net\/cameroun\/economie\/greve-a-lasecna-le-cameroun-requisitionne-les-controleurs-aeriens-pour-maintenir-les-vols#breadcrumb"},"inLanguage":"fr-FR","potentialAction":[{"@type":"ReadAction","target":["https:\/\/www.africa-press.net\/cameroun\/economie\/greve-a-lasecna-le-cameroun-requisitionne-les-controleurs-aeriens-pour-maintenir-les-vols"]}]},{"@type":"ImageObject","inLanguage":"fr-FR","@id":"https:\/\/www.africa-press.net\/cameroun\/economie\/greve-a-lasecna-le-cameroun-requisitionne-les-controleurs-aeriens-pour-maintenir-les-vols#primaryimage","url":"https:\/\/static.africa-press.net\/cameroun\/sites\/57\/2022\/09\/img-632e29940d9cb.jpg","contentUrl":"https:\/\/static.africa-press.net\/cameroun\/sites\/57\/2022\/09\/img-632e29940d9cb.jpg","width":720,"height":479,"caption":"Gr\u00e8ve \u00e0 l\u2019Asecna\u00a0: le Cameroun r\u00e9quisitionne les contr\u00f4leurs a\u00e9riens pour maintenir les vols"},{"@type":"BreadcrumbList","@id":"https:\/\/www.africa-press.net\/cameroun\/economie\/greve-a-lasecna-le-cameroun-requisitionne-les-controleurs-aeriens-pour-maintenir-les-vols#breadcrumb","itemListElement":[{"@type":"ListItem","position":1,"name":"Accueil","item":"https:\/\/www.africa-press.net\/cameroun\/"},{"@type":"ListItem","position":2,"name":"Gr\u00e8ve \u00e0 l\u2019Asecna\u00a0: le Cameroun r\u00e9quisitionne les contr\u00f4leurs a\u00e9riens pour maintenir les vols"}]},{"@type":"WebSite","@id":"https:\/\/www.africa-press.net\/cameroun\/#website","url":"https:\/\/www.africa-press.net\/cameroun\/","name":"Cameroun","description":"Just another Africa News Agency Sites site","potentialAction":[{"@type":"SearchAction","target":{"@type":"EntryPoint","urlTemplate":"https:\/\/www.africa-press.net\/cameroun\/?s={search_term_string}"},"query-input":{"@type":"PropertyValueSpecification","valueRequired":true,"valueName":"search_term_string"}}],"inLanguage":"fr-FR"},{"@type":"Person","@id":"https:\/\/www.africa-press.net\/cameroun\/#\/schema\/person\/2b1cf3cd81a31e3cd26889ca66d677f1","name":"cfeditorfr"}]}},"_links":{"self":[{"href":"https:\/\/www.africa-press.net\/cameroun\/wp-json\/wp\/v2\/posts\/28042","targetHints":{"allow":["GET"]}}],"collection":[{"href":"https:\/\/www.africa-press.net\/cameroun\/wp-json\/wp\/v2\/posts"}],"about":[{"href":"https:\/\/www.africa-press.net\/cameroun\/wp-json\/wp\/v2\/types\/post"}],"author":[{"embeddable":true,"href":"https:\/\/www.africa-press.net\/cameroun\/wp-json\/wp\/v2\/users\/82"}],"replies":[{"embeddable":true,"href":"https:\/\/www.africa-press.net\/cameroun\/wp-json\/wp\/v2\/comments?post=28042"}],"version-history":[{"count":0,"href":"https:\/\/www.africa-press.net\/cameroun\/wp-json\/wp\/v2\/posts\/28042\/revisions"}],"wp:featuredmedia":[{"embeddable":true,"href":"https:\/\/www.africa-press.net\/cameroun\/wp-json\/wp\/v2\/media\/28041"}],"wp:attachment":[{"href":"https:\/\/www.africa-press.net\/cameroun\/wp-json\/wp\/v2\/media?parent=28042"}],"wp:term":[{"taxonomy":"category","embeddable":true,"href":"https:\/\/www.africa-press.net\/cameroun\/wp-json\/wp\/v2\/categories?post=28042"},{"taxonomy":"post_tag","embeddable":true,"href":"https:\/\/www.africa-press.net\/cameroun\/wp-json\/wp\/v2\/tags?post=28042"}],"curies":[{"name":"wp","href":"https:\/\/api.w.org\/{rel}","templated":true}]}}