{"id":28051,"date":"2022-09-23T21:49:06","date_gmt":"2022-09-23T21:49:06","guid":{"rendered":"https:\/\/www.africa-press.net\/cameroun\/politique\/reconstruction-de-raffinerie-de-la-sonara-le-trader-suisse-vitol-se-positionne"},"modified":"2022-09-23T21:50:30","modified_gmt":"2022-09-23T21:50:30","slug":"reconstruction-de-raffinerie-de-la-sonara-le-trader-suisse-vitol-se-positionne","status":"publish","type":"post","link":"https:\/\/www.africa-press.net\/cameroun\/economie\/reconstruction-de-raffinerie-de-la-sonara-le-trader-suisse-vitol-se-positionne","title":{"rendered":"Reconstruction de raffinerie de la Sonara\u00a0: le trader suisse Vitol se positionne"},"content":{"rendered":"<p><span style=\"color: #ff6600\"><strong>Africa-Press &#8211; Cameroun. <\/strong><\/span>Investir au Cameroun) &#8211; Le trader suisse Vitol SA est inte\u0301resse\u0301e par la reconstruction de la raffinerie de la Socie\u0301te\u0301 nationale de raffinage (Sonara) du Cameroun, ravage\u0301e par un incendie le 31 mai 2019, si l\u2019on s\u2019en tient aux propos tenus le 22 septembre a\u0300 Yaounde\u0301 par Pierre Bardet, directeur Afrique de la multinationale. C\u2019e\u0301tait au cours de la ce\u0301re\u0301monie de signature de la convention de restructuration et de remboursement de la dette (185 milliards de FCFA) de la Sonara vis-a\u0300-vis de Vitol.<\/p>\n<p>\u00ab Je termine par le v\u0153u que vous puissiez reconstruire tre\u0300s rapidement et dans les meilleures conditions technique et financie\u0300re cette raffinerie surtout dans ces temps d\u2019incertitude, voire d\u2019inquie\u0301tude sur les e\u0301quilibres e\u0301nerge\u0301tiques mondiaux. Soyez assure\u0301s du soutien du groupe Vitol qui se tient a\u0300 votre disposition pour e\u0301tudier toute contribution au processus de reconstruction \u00bb, a de\u0301clare\u0301 Pierre Bardet.<\/p>\n<p>La re\u0301habilitation de la Sonara a e\u0301te\u0301 programme\u0301e pour cette anne\u0301e, selon les de\u0301clarations faites le 26 novembre 2021, par le Premier ministre, Joseph Dion Ngute, au cours de la pre\u0301sentation au parlement du programme e\u0301conomique, financier, social et culturel du gouvernement pour le compte de 2022. Le chef du gouvernement est reste\u0301 peu disert sur les modalite\u0301s de financement de ce chantier, dont le cou\u0302t est estime\u0301 a\u0300 environ 250 milliards de FCFA par le ministe\u0300re de l\u2019Eau et de l\u2019E\u0301nergie (Minee).<\/p>\n<p>Rendus au 23 septembre 2022, ces travaux de re\u0301habilitation de la Sonara n\u2019ont pas encore de\u0301marre\u0301. Le comite\u0301 de pilotage charge\u0301 de la restructuration\/re\u0301habilitation de la Sonara a lance\u0301 ses travaux de 15 septembre. Mais l\u2019on n\u2019a toujours pas l\u2019identite\u0301 des entreprises pressenties pour re\u0301aliser ces travaux.<\/p>\n<p>L\u2019on se rappelle qu\u2019en marge du Sommet Russie-Afrique qui s\u2019est acheve\u0301 le 24 octobre 2019 a\u0300 Sotchi, les officiels Camerounais ont pris langue avec des groupes pe\u0301troliers russes : Rosneft, Lukoil, et Gazprom. Par la suite, le 6 fe\u0301vrier 2020, une de\u0301le\u0301gation de responsables de l\u2019ope\u0301rateur pe\u0301trolier russe Lukoil a e\u0301te\u0301 rec\u0327ue en audience a\u0300 Yaounde\u0301 par le membre du gouvernement en vue de poursuivre les pourparlers engage\u0301s a\u0300 Sotchi. Mais depuis cette pe\u0301riode, la suite de ces discussions avec les Russes n\u2019a plus e\u0301te\u0301 re\u0301ve\u0301le\u0301e.<\/p>\n<p>L\u2019incendie du 31 mai 2019 a endommage\u0301 totalement 4 des 13 des unite\u0301s de production de la Sonara et en a partiellement souffle\u0301 trois. Selon Jean Paul Njonou, le DG de l\u2019unique raffinerie du pays, cet incendie a consume\u0301 plus 10 000 m3 (10 millions de litres) de pe\u0301trole brut. Une fois lance\u0301e, la reconstruction devrait durer au moins 12 mois, selon les pre\u0301visions du Minee.<\/p>\n<p><b>S.A.<\/b><\/p>\n<p><strong>Pour plus d&rsquo;informations et d&rsquo;analyses sur la <a href=\"https:\/\/www.africa-press.net\/cameroun\">Cameroun<\/a>, suivez <a href=\"https:\/\/www.africa-press.net\/\">Africa-Press<\/a><\/strong><\/p>\n","protected":false},"excerpt":{"rendered":"<p>Africa-Press &#8211; Cameroun. Investir au Cameroun) &#8211; Le trader suisse Vitol SA est inte\u0301resse\u0301e par la reconstruction de la raffinerie de la Socie\u0301te\u0301 nationale de raffinage (Sonara) du Cameroun, ravage\u0301e par un incendie le 31 mai 2019, si l\u2019on s\u2019en tient aux propos tenus le 22 septembre a\u0300 Yaounde\u0301 par Pierre Bardet, directeur Afrique de [&hellip;]<\/p>\n","protected":false},"author":82,"featured_media":28050,"comment_status":"open","ping_status":"closed","sticky":false,"template":"","format":"standard","meta":{"footnotes":""},"categories":[3,10],"tags":[36,50,49],"class_list":["post-28051","post","type-post","status-publish","format-standard","has-post-thumbnail","hentry","category-economie","category-toutes-les-actualites","tag-africa-press","tag-africa-press-cameroun","tag-cameroun"],"yoast_head":"<!-- This site is optimized with the Yoast SEO Premium plugin v26.1 (Yoast SEO v27.0) - https:\/\/yoast.com\/product\/yoast-seo-premium-wordpress\/ -->\n<title>Reconstruction de raffinerie de la Sonara\u00a0: le trader suisse Vitol se positionne - Cameroun<\/title>\n<meta name=\"description\" content=\"Investir au Cameroun) - Le trader suisse Vitol SA est inte\u0301resse\u0301e par la reconstruction de la raffinerie de la Socie\u0301te ...\" \/>\n<meta name=\"robots\" content=\"index, follow, max-snippet:-1, max-image-preview:large, max-video-preview:-1\" \/>\n<link rel=\"canonical\" href=\"https:\/\/www.africa-press.net\/cameroun\/economie\/reconstruction-de-raffinerie-de-la-sonara-le-trader-suisse-vitol-se-positionne\" \/>\n<meta property=\"og:locale\" content=\"fr_FR\" \/>\n<meta property=\"og:type\" content=\"article\" \/>\n<meta property=\"og:title\" content=\"Reconstruction de raffinerie de la Sonara\u00a0: le trader suisse Vitol se positionne\" \/>\n<meta property=\"og:description\" content=\"Investir au Cameroun) - Le trader suisse Vitol SA est inte\u0301resse\u0301e par la reconstruction de la raffinerie de la Socie\u0301te ...\" \/>\n<meta property=\"og:url\" content=\"https:\/\/www.africa-press.net\/cameroun\/economie\/reconstruction-de-raffinerie-de-la-sonara-le-trader-suisse-vitol-se-positionne\" \/>\n<meta property=\"og:site_name\" content=\"Cameroun\" \/>\n<meta property=\"article:published_time\" content=\"2022-09-23T21:49:06+00:00\" \/>\n<meta property=\"article:modified_time\" content=\"2022-09-23T21:50:30+00:00\" \/>\n<meta property=\"og:image\" content=\"https:\/\/static.africa-press.net\/cameroun\/sites\/57\/2022\/09\/img-632e2a0576d9d.jpg\" \/>\n\t<meta property=\"og:image:width\" content=\"720\" \/>\n\t<meta property=\"og:image:height\" content=\"473\" \/>\n\t<meta property=\"og:image:type\" content=\"image\/jpeg\" \/>\n<meta name=\"author\" content=\"cfeditorfr\" \/>\n<meta name=\"twitter:card\" content=\"summary_large_image\" \/>\n<meta name=\"twitter:label1\" content=\"\u00c9crit par\" \/>\n\t<meta name=\"twitter:data1\" content=\"cfeditorfr\" \/>\n\t<meta name=\"twitter:label2\" content=\"Dur\u00e9e de lecture estim\u00e9e\" \/>\n\t<meta name=\"twitter:data2\" content=\"3 minutes\" \/>\n<script type=\"application\/ld+json\" class=\"yoast-schema-graph\">{\"@context\":\"https:\/\/schema.org\",\"@graph\":[{\"@type\":\"Article\",\"@id\":\"https:\/\/www.africa-press.net\/cameroun\/economie\/reconstruction-de-raffinerie-de-la-sonara-le-trader-suisse-vitol-se-positionne#article\",\"isPartOf\":{\"@id\":\"https:\/\/www.africa-press.net\/cameroun\/economie\/reconstruction-de-raffinerie-de-la-sonara-le-trader-suisse-vitol-se-positionne\"},\"author\":{\"name\":\"cfeditorfr\",\"@id\":\"https:\/\/www.africa-press.net\/cameroun\/#\/schema\/person\/2b1cf3cd81a31e3cd26889ca66d677f1\"},\"headline\":\"Reconstruction de raffinerie de la Sonara\u00a0: le trader suisse Vitol se positionne\",\"datePublished\":\"2022-09-23T21:49:06+00:00\",\"dateModified\":\"2022-09-23T21:50:30+00:00\",\"mainEntityOfPage\":{\"@id\":\"https:\/\/www.africa-press.net\/cameroun\/economie\/reconstruction-de-raffinerie-de-la-sonara-le-trader-suisse-vitol-se-positionne\"},\"wordCount\":498,\"commentCount\":0,\"image\":{\"@id\":\"https:\/\/www.africa-press.net\/cameroun\/economie\/reconstruction-de-raffinerie-de-la-sonara-le-trader-suisse-vitol-se-positionne#primaryimage\"},\"thumbnailUrl\":\"https:\/\/static.africa-press.net\/cameroun\/sites\/57\/2022\/09\/img-632e2a0576d9d.jpg\",\"keywords\":[\"Africa Press\",\"Africa Press-Cameroun\",\"Cameroun\"],\"articleSection\":[\"\u00c9conomie\",\"Toutes les actualit\u00e9s\"],\"inLanguage\":\"fr-FR\",\"potentialAction\":[{\"@type\":\"CommentAction\",\"name\":\"Comment\",\"target\":[\"https:\/\/www.africa-press.net\/cameroun\/economie\/reconstruction-de-raffinerie-de-la-sonara-le-trader-suisse-vitol-se-positionne#respond\"]}]},{\"@type\":\"WebPage\",\"@id\":\"https:\/\/www.africa-press.net\/cameroun\/economie\/reconstruction-de-raffinerie-de-la-sonara-le-trader-suisse-vitol-se-positionne\",\"url\":\"https:\/\/www.africa-press.net\/cameroun\/economie\/reconstruction-de-raffinerie-de-la-sonara-le-trader-suisse-vitol-se-positionne\",\"name\":\"Reconstruction de raffinerie de la Sonara\u00a0: le trader suisse Vitol se positionne - Cameroun\",\"isPartOf\":{\"@id\":\"https:\/\/www.africa-press.net\/cameroun\/#website\"},\"primaryImageOfPage\":{\"@id\":\"https:\/\/www.africa-press.net\/cameroun\/economie\/reconstruction-de-raffinerie-de-la-sonara-le-trader-suisse-vitol-se-positionne#primaryimage\"},\"image\":{\"@id\":\"https:\/\/www.africa-press.net\/cameroun\/economie\/reconstruction-de-raffinerie-de-la-sonara-le-trader-suisse-vitol-se-positionne#primaryimage\"},\"thumbnailUrl\":\"https:\/\/static.africa-press.net\/cameroun\/sites\/57\/2022\/09\/img-632e2a0576d9d.jpg\",\"datePublished\":\"2022-09-23T21:49:06+00:00\",\"dateModified\":\"2022-09-23T21:50:30+00:00\",\"author\":{\"@id\":\"https:\/\/www.africa-press.net\/cameroun\/#\/schema\/person\/2b1cf3cd81a31e3cd26889ca66d677f1\"},\"description\":\"Investir au Cameroun) - Le trader suisse Vitol SA est inte\u0301resse\u0301e par la reconstruction de la raffinerie de la Socie\u0301te ...\",\"breadcrumb\":{\"@id\":\"https:\/\/www.africa-press.net\/cameroun\/economie\/reconstruction-de-raffinerie-de-la-sonara-le-trader-suisse-vitol-se-positionne#breadcrumb\"},\"inLanguage\":\"fr-FR\",\"potentialAction\":[{\"@type\":\"ReadAction\",\"target\":[\"https:\/\/www.africa-press.net\/cameroun\/economie\/reconstruction-de-raffinerie-de-la-sonara-le-trader-suisse-vitol-se-positionne\"]}]},{\"@type\":\"ImageObject\",\"inLanguage\":\"fr-FR\",\"@id\":\"https:\/\/www.africa-press.net\/cameroun\/economie\/reconstruction-de-raffinerie-de-la-sonara-le-trader-suisse-vitol-se-positionne#primaryimage\",\"url\":\"https:\/\/static.africa-press.net\/cameroun\/sites\/57\/2022\/09\/img-632e2a0576d9d.jpg\",\"contentUrl\":\"https:\/\/static.africa-press.net\/cameroun\/sites\/57\/2022\/09\/img-632e2a0576d9d.jpg\",\"width\":720,\"height\":473,\"caption\":\"Reconstruction de raffinerie de la Sonara\u00a0: le trader suisse Vitol se positionne\"},{\"@type\":\"BreadcrumbList\",\"@id\":\"https:\/\/www.africa-press.net\/cameroun\/economie\/reconstruction-de-raffinerie-de-la-sonara-le-trader-suisse-vitol-se-positionne#breadcrumb\",\"itemListElement\":[{\"@type\":\"ListItem\",\"position\":1,\"name\":\"Accueil\",\"item\":\"https:\/\/www.africa-press.net\/cameroun\/\"},{\"@type\":\"ListItem\",\"position\":2,\"name\":\"Reconstruction de raffinerie de la Sonara\u00a0: le trader suisse Vitol se positionne\"}]},{\"@type\":\"WebSite\",\"@id\":\"https:\/\/www.africa-press.net\/cameroun\/#website\",\"url\":\"https:\/\/www.africa-press.net\/cameroun\/\",\"name\":\"Cameroun\",\"description\":\"Just another Africa News Agency Sites site\",\"potentialAction\":[{\"@type\":\"SearchAction\",\"target\":{\"@type\":\"EntryPoint\",\"urlTemplate\":\"https:\/\/www.africa-press.net\/cameroun\/?s={search_term_string}\"},\"query-input\":{\"@type\":\"PropertyValueSpecification\",\"valueRequired\":true,\"valueName\":\"search_term_string\"}}],\"inLanguage\":\"fr-FR\"},{\"@type\":\"Person\",\"@id\":\"https:\/\/www.africa-press.net\/cameroun\/#\/schema\/person\/2b1cf3cd81a31e3cd26889ca66d677f1\",\"name\":\"cfeditorfr\"}]}<\/script>\n<!-- \/ Yoast SEO Premium plugin. -->","yoast_head_json":{"title":"Reconstruction de raffinerie de la Sonara\u00a0: le trader suisse Vitol se positionne - Cameroun","description":"Investir au Cameroun) - Le trader suisse Vitol SA est inte\u0301resse\u0301e par la reconstruction de la raffinerie de la Socie\u0301te ...","robots":{"index":"index","follow":"follow","max-snippet":"max-snippet:-1","max-image-preview":"max-image-preview:large","max-video-preview":"max-video-preview:-1"},"canonical":"https:\/\/www.africa-press.net\/cameroun\/economie\/reconstruction-de-raffinerie-de-la-sonara-le-trader-suisse-vitol-se-positionne","og_locale":"fr_FR","og_type":"article","og_title":"Reconstruction de raffinerie de la Sonara\u00a0: le trader suisse Vitol se positionne","og_description":"Investir au Cameroun) - Le trader suisse Vitol SA est inte\u0301resse\u0301e par la reconstruction de la raffinerie de la Socie\u0301te ...","og_url":"https:\/\/www.africa-press.net\/cameroun\/economie\/reconstruction-de-raffinerie-de-la-sonara-le-trader-suisse-vitol-se-positionne","og_site_name":"Cameroun","article_published_time":"2022-09-23T21:49:06+00:00","article_modified_time":"2022-09-23T21:50:30+00:00","og_image":[{"width":720,"height":473,"url":"https:\/\/static.africa-press.net\/cameroun\/sites\/57\/2022\/09\/img-632e2a0576d9d.jpg","type":"image\/jpeg"}],"author":"cfeditorfr","twitter_card":"summary_large_image","twitter_misc":{"\u00c9crit par":"cfeditorfr","Dur\u00e9e de lecture estim\u00e9e":"3 minutes"},"schema":{"@context":"https:\/\/schema.org","@graph":[{"@type":"Article","@id":"https:\/\/www.africa-press.net\/cameroun\/economie\/reconstruction-de-raffinerie-de-la-sonara-le-trader-suisse-vitol-se-positionne#article","isPartOf":{"@id":"https:\/\/www.africa-press.net\/cameroun\/economie\/reconstruction-de-raffinerie-de-la-sonara-le-trader-suisse-vitol-se-positionne"},"author":{"name":"cfeditorfr","@id":"https:\/\/www.africa-press.net\/cameroun\/#\/schema\/person\/2b1cf3cd81a31e3cd26889ca66d677f1"},"headline":"Reconstruction de raffinerie de la Sonara\u00a0: le trader suisse Vitol se positionne","datePublished":"2022-09-23T21:49:06+00:00","dateModified":"2022-09-23T21:50:30+00:00","mainEntityOfPage":{"@id":"https:\/\/www.africa-press.net\/cameroun\/economie\/reconstruction-de-raffinerie-de-la-sonara-le-trader-suisse-vitol-se-positionne"},"wordCount":498,"commentCount":0,"image":{"@id":"https:\/\/www.africa-press.net\/cameroun\/economie\/reconstruction-de-raffinerie-de-la-sonara-le-trader-suisse-vitol-se-positionne#primaryimage"},"thumbnailUrl":"https:\/\/static.africa-press.net\/cameroun\/sites\/57\/2022\/09\/img-632e2a0576d9d.jpg","keywords":["Africa Press","Africa Press-Cameroun","Cameroun"],"articleSection":["\u00c9conomie","Toutes les actualit\u00e9s"],"inLanguage":"fr-FR","potentialAction":[{"@type":"CommentAction","name":"Comment","target":["https:\/\/www.africa-press.net\/cameroun\/economie\/reconstruction-de-raffinerie-de-la-sonara-le-trader-suisse-vitol-se-positionne#respond"]}]},{"@type":"WebPage","@id":"https:\/\/www.africa-press.net\/cameroun\/economie\/reconstruction-de-raffinerie-de-la-sonara-le-trader-suisse-vitol-se-positionne","url":"https:\/\/www.africa-press.net\/cameroun\/economie\/reconstruction-de-raffinerie-de-la-sonara-le-trader-suisse-vitol-se-positionne","name":"Reconstruction de raffinerie de la Sonara\u00a0: le trader suisse Vitol se positionne - Cameroun","isPartOf":{"@id":"https:\/\/www.africa-press.net\/cameroun\/#website"},"primaryImageOfPage":{"@id":"https:\/\/www.africa-press.net\/cameroun\/economie\/reconstruction-de-raffinerie-de-la-sonara-le-trader-suisse-vitol-se-positionne#primaryimage"},"image":{"@id":"https:\/\/www.africa-press.net\/cameroun\/economie\/reconstruction-de-raffinerie-de-la-sonara-le-trader-suisse-vitol-se-positionne#primaryimage"},"thumbnailUrl":"https:\/\/static.africa-press.net\/cameroun\/sites\/57\/2022\/09\/img-632e2a0576d9d.jpg","datePublished":"2022-09-23T21:49:06+00:00","dateModified":"2022-09-23T21:50:30+00:00","author":{"@id":"https:\/\/www.africa-press.net\/cameroun\/#\/schema\/person\/2b1cf3cd81a31e3cd26889ca66d677f1"},"description":"Investir au Cameroun) - Le trader suisse Vitol SA est inte\u0301resse\u0301e par la reconstruction de la raffinerie de la Socie\u0301te ...","breadcrumb":{"@id":"https:\/\/www.africa-press.net\/cameroun\/economie\/reconstruction-de-raffinerie-de-la-sonara-le-trader-suisse-vitol-se-positionne#breadcrumb"},"inLanguage":"fr-FR","potentialAction":[{"@type":"ReadAction","target":["https:\/\/www.africa-press.net\/cameroun\/economie\/reconstruction-de-raffinerie-de-la-sonara-le-trader-suisse-vitol-se-positionne"]}]},{"@type":"ImageObject","inLanguage":"fr-FR","@id":"https:\/\/www.africa-press.net\/cameroun\/economie\/reconstruction-de-raffinerie-de-la-sonara-le-trader-suisse-vitol-se-positionne#primaryimage","url":"https:\/\/static.africa-press.net\/cameroun\/sites\/57\/2022\/09\/img-632e2a0576d9d.jpg","contentUrl":"https:\/\/static.africa-press.net\/cameroun\/sites\/57\/2022\/09\/img-632e2a0576d9d.jpg","width":720,"height":473,"caption":"Reconstruction de raffinerie de la Sonara\u00a0: le trader suisse Vitol se positionne"},{"@type":"BreadcrumbList","@id":"https:\/\/www.africa-press.net\/cameroun\/economie\/reconstruction-de-raffinerie-de-la-sonara-le-trader-suisse-vitol-se-positionne#breadcrumb","itemListElement":[{"@type":"ListItem","position":1,"name":"Accueil","item":"https:\/\/www.africa-press.net\/cameroun\/"},{"@type":"ListItem","position":2,"name":"Reconstruction de raffinerie de la Sonara\u00a0: le trader suisse Vitol se positionne"}]},{"@type":"WebSite","@id":"https:\/\/www.africa-press.net\/cameroun\/#website","url":"https:\/\/www.africa-press.net\/cameroun\/","name":"Cameroun","description":"Just another Africa News Agency Sites site","potentialAction":[{"@type":"SearchAction","target":{"@type":"EntryPoint","urlTemplate":"https:\/\/www.africa-press.net\/cameroun\/?s={search_term_string}"},"query-input":{"@type":"PropertyValueSpecification","valueRequired":true,"valueName":"search_term_string"}}],"inLanguage":"fr-FR"},{"@type":"Person","@id":"https:\/\/www.africa-press.net\/cameroun\/#\/schema\/person\/2b1cf3cd81a31e3cd26889ca66d677f1","name":"cfeditorfr"}]}},"_links":{"self":[{"href":"https:\/\/www.africa-press.net\/cameroun\/wp-json\/wp\/v2\/posts\/28051","targetHints":{"allow":["GET"]}}],"collection":[{"href":"https:\/\/www.africa-press.net\/cameroun\/wp-json\/wp\/v2\/posts"}],"about":[{"href":"https:\/\/www.africa-press.net\/cameroun\/wp-json\/wp\/v2\/types\/post"}],"author":[{"embeddable":true,"href":"https:\/\/www.africa-press.net\/cameroun\/wp-json\/wp\/v2\/users\/82"}],"replies":[{"embeddable":true,"href":"https:\/\/www.africa-press.net\/cameroun\/wp-json\/wp\/v2\/comments?post=28051"}],"version-history":[{"count":0,"href":"https:\/\/www.africa-press.net\/cameroun\/wp-json\/wp\/v2\/posts\/28051\/revisions"}],"wp:featuredmedia":[{"embeddable":true,"href":"https:\/\/www.africa-press.net\/cameroun\/wp-json\/wp\/v2\/media\/28050"}],"wp:attachment":[{"href":"https:\/\/www.africa-press.net\/cameroun\/wp-json\/wp\/v2\/media?parent=28051"}],"wp:term":[{"taxonomy":"category","embeddable":true,"href":"https:\/\/www.africa-press.net\/cameroun\/wp-json\/wp\/v2\/categories?post=28051"},{"taxonomy":"post_tag","embeddable":true,"href":"https:\/\/www.africa-press.net\/cameroun\/wp-json\/wp\/v2\/tags?post=28051"}],"curies":[{"name":"wp","href":"https:\/\/api.w.org\/{rel}","templated":true}]}}