{"id":28054,"date":"2022-09-23T21:55:45","date_gmt":"2022-09-23T21:55:45","guid":{"rendered":"https:\/\/www.africa-press.net\/cameroun\/?p=28054"},"modified":"2022-09-23T22:23:33","modified_gmt":"2022-09-23T22:23:33","slug":"mobilite-urbaine-les-premiers-vehicules-electriques-debarquent-dans-le-transport-en-commun-au-cameroun","status":"publish","type":"post","link":"https:\/\/www.africa-press.net\/cameroun\/economie\/mobilite-urbaine-les-premiers-vehicules-electriques-debarquent-dans-le-transport-en-commun-au-cameroun","title":{"rendered":"Mobilit\u00e9 urbaine\u00a0: les premiers v\u00e9hicules \u00e9lectriques d\u00e9barquent dans le transport en commun au Cameroun"},"content":{"rendered":"<p><span style=\"color: #ff6600\"><strong>Africa-Press &#8211; Cameroun. <\/strong><\/span>Investir au Cameroun) &#8211; Depuis six mois, la socie\u0301te\u0301 Movin\u2019On Lab Africa, en partenariat avec TotalEnergies, a lance\u0301 dans la ville de Yaounde\u0301, la capitale camerounaise, deux ve\u0301hicules e\u0301lectriques effectuant le transport des personnes et des biens, re\u0301ve\u0300le Cameroon Tribune, le quotidien a\u0300 capitaux publics. Baptise\u0301s \u00ab Greenrides \u00bb, ces ve\u0301hicules disposant d\u2019une batterie rechargeable sur une borne alimente\u0301e a\u0300 l\u2019e\u0301nergie solaire, et jouissant d\u2019une autonomie de 250 km une fois charge\u0301s a\u0300 100%, font essentiellement des courses, dont le prix est identique a\u0300 celui de la course a\u0300 bord de ve\u0301hicules ordinaires, apprend-on.<\/p>\n<p>En six mois, les \u00ab Greenrides \u00bb de Yaounde\u0301, qui sont les premiers ve\u0301hicules e\u0301lectriques a\u0300 inte\u0301grer le secteur du transport en commun au Cameroun, ont de\u0301ja\u0300 effectue\u0301 400 courses, pour une distance totale de 11 000 km parcourus, selon les promoteurs. Mieux, apprend-on, ces deux ve\u0301hicules e\u0301lectriques ont, sur la me\u0302me pe\u0301riode, permis d\u2019e\u0301conomiser 1 000 litres de carburant, et empe\u0302cher de rejeter dans l\u2019environnement 2,5 tonnes de CO2.<\/p>\n<p>Les promoteurs ne se sont pas exprime\u0301s sur la viabilite\u0301 e\u0301conomique de ce projet. Mais, gra\u0302ce a\u0300 cette nouvelle offre de transport, les ve\u0301hicules e\u0301lectriques s\u2019inte\u0300grent peu a\u0300 peu dans le dispositif de protection de l\u2019environnement au Cameroun, avec son corollaire qu\u2019est la re\u0301duction des e\u0301missions des gaz a\u0300 effet de serre, a\u0300 travers l\u2019usage de sources e\u0301nerge\u0301tiques non polluantes.<\/p>\n<p><b>Un projet SNH-Perenco aux oubliettes<\/b><\/p>\n<p>Pour rappel, les premiers ve\u0301hicules e\u0301lectriques ont e\u0301te\u0301 introduits au Cameroun par le groupe Bollore\u0301. En effet, au mois de mai 2014, la branche e\u0301nergie du logisticien franc\u0327ais avait re\u0301volutionne\u0301 le transport des e\u0301tudiants dans le pays, en offrant a\u0300 l\u2019universite\u0301 de Yaounde\u0301 I deux bus e\u0301lectriques baptise\u0301s \u00ab Blue Bus \u00bb. La me\u0300re des institutions universitaires camerounaises a d\u2019ailleurs rec\u0327u du me\u0302me donateur un 3e bus e\u0301lectrique, le 2 juillet 2015. Huit ans plus tard, ces trois bus e\u0301lectriques continuent de faciliter la mobilite\u0301 des e\u0301tudiants sur le vaste campus de Ngoa-Ekelle\u0301.<\/p>\n<p>A\u0300 co\u0302te\u0301 de cette sollicitude du groupe Bollore\u0301 pour les e\u0301tudiants de l\u2019universite\u0301 de Yaounde\u0301 I, la Socie\u0301te\u0301 nationale des hydrocarbures (SNH), le bras se\u0301culier de l\u2019E\u0301tat dans l\u2019exploration et l\u2019exploitation pe\u0301trolie\u0300re, et la socie\u0301te\u0301 franc\u0327aise Perenco, avaient annonce\u0301 le 14 mai 2014 avoir boucle\u0301 les essais sur les premie\u0300res voitures fonctionnant au gaz naturel comprime\u0301 (GNC) au Cameroun. Effectue\u0301s sur trois berlines et un minibus de transport, ces essais juge\u0301s \u00ab concluants \u00bb par les deux partenaires avaient eu lieu en avril 2014 a\u0300 Bipaga 1, situe\u0301 a\u0300 12 km de la ville de Kribi, dans la re\u0301gion du Sud, site a\u0300 partir duquel est e\u0301galement produit le combustible qui alimente la centrale a\u0300 gaz de Kribi.<\/p>\n<p>Perenco et la SNH promettaient alors d\u2019effectuer plus tard des essais sur un e\u0301chantillon plus large dans la ville de Kribi, a\u0300 condition que les proce\u0301de\u0301s utilise\u0301s soumis au ministe\u0300re des Transports soient valide\u0301s par le gouvernement camerounais. Depuis lors, rien n\u2019a plus filtre\u0301 autour de ce projet.<\/p>\n<p><b>Brice R. Mbodiam<\/b><\/p>\n<p><strong>Pour plus d&rsquo;informations et d&rsquo;analyses sur la <a href=\"https:\/\/www.africa-press.net\/cameroun\">Cameroun<\/a>, suivez <a href=\"https:\/\/www.africa-press.net\/\">Africa-Press<\/a><\/strong><\/p>\n","protected":false},"excerpt":{"rendered":"<p>Africa-Press &#8211; Cameroun. Investir au Cameroun) &#8211; Depuis six mois, la socie\u0301te\u0301 Movin\u2019On Lab Africa, en partenariat avec TotalEnergies, a lance\u0301 dans la ville de Yaounde\u0301, la capitale camerounaise, deux ve\u0301hicules e\u0301lectriques effectuant le transport des personnes et des biens, re\u0301ve\u0300le Cameroon Tribune, le quotidien a\u0300 capitaux publics. Baptise\u0301s \u00ab Greenrides \u00bb, ces ve\u0301hicules disposant [&hellip;]<\/p>\n","protected":false},"author":82,"featured_media":28053,"comment_status":"open","ping_status":"closed","sticky":false,"template":"","format":"standard","meta":{"footnotes":""},"categories":[3,10],"tags":[36,50,49],"class_list":["post-28054","post","type-post","status-publish","format-standard","has-post-thumbnail","hentry","category-economie","category-toutes-les-actualites","tag-africa-press","tag-africa-press-cameroun","tag-cameroun"],"yoast_head":"<!-- This site is optimized with the Yoast SEO Premium plugin v26.1 (Yoast SEO v27.0) - https:\/\/yoast.com\/product\/yoast-seo-premium-wordpress\/ -->\n<title>Mobilit\u00e9 urbaine\u00a0: les premiers v\u00e9hicules \u00e9lectriques d\u00e9barquent dans le transport en commun au Cameroun - Cameroun<\/title>\n<meta name=\"description\" content=\"Investir au Cameroun) - Depuis six mois, la socie\u0301te\u0301 Movin\u2019On Lab Africa, en partenariat avec TotalEnergies, a lance\u0301 d ...\" \/>\n<meta name=\"robots\" content=\"index, follow, max-snippet:-1, max-image-preview:large, max-video-preview:-1\" \/>\n<link rel=\"canonical\" href=\"https:\/\/www.africa-press.net\/cameroun\/economie\/mobilite-urbaine-les-premiers-vehicules-electriques-debarquent-dans-le-transport-en-commun-au-cameroun\" \/>\n<meta property=\"og:locale\" content=\"fr_FR\" \/>\n<meta property=\"og:type\" content=\"article\" \/>\n<meta property=\"og:title\" content=\"Mobilit\u00e9 urbaine\u00a0: les premiers v\u00e9hicules \u00e9lectriques d\u00e9barquent dans le transport en commun au Cameroun\" \/>\n<meta property=\"og:description\" content=\"Investir au Cameroun) - Depuis six mois, la socie\u0301te\u0301 Movin\u2019On Lab Africa, en partenariat avec TotalEnergies, a lance\u0301 d ...\" \/>\n<meta property=\"og:url\" content=\"https:\/\/www.africa-press.net\/cameroun\/economie\/mobilite-urbaine-les-premiers-vehicules-electriques-debarquent-dans-le-transport-en-commun-au-cameroun\" \/>\n<meta property=\"og:site_name\" content=\"Cameroun\" \/>\n<meta property=\"article:published_time\" content=\"2022-09-23T21:55:45+00:00\" \/>\n<meta property=\"article:modified_time\" content=\"2022-09-23T22:23:33+00:00\" \/>\n<meta property=\"og:image\" content=\"https:\/\/static.africa-press.net\/cameroun\/sites\/57\/2022\/09\/img-632e2a2e008f6.jpg\" \/>\n\t<meta property=\"og:image:width\" content=\"720\" \/>\n\t<meta property=\"og:image:height\" content=\"479\" \/>\n\t<meta property=\"og:image:type\" content=\"image\/jpeg\" \/>\n<meta name=\"author\" content=\"cfeditorfr\" \/>\n<meta name=\"twitter:card\" content=\"summary_large_image\" \/>\n<meta name=\"twitter:label1\" content=\"\u00c9crit par\" \/>\n\t<meta name=\"twitter:data1\" content=\"cfeditorfr\" \/>\n\t<meta name=\"twitter:label2\" content=\"Dur\u00e9e de lecture estim\u00e9e\" \/>\n\t<meta name=\"twitter:data2\" content=\"3 minutes\" \/>\n<script type=\"application\/ld+json\" class=\"yoast-schema-graph\">{\"@context\":\"https:\/\/schema.org\",\"@graph\":[{\"@type\":\"Article\",\"@id\":\"https:\/\/www.africa-press.net\/cameroun\/economie\/mobilite-urbaine-les-premiers-vehicules-electriques-debarquent-dans-le-transport-en-commun-au-cameroun#article\",\"isPartOf\":{\"@id\":\"https:\/\/www.africa-press.net\/cameroun\/economie\/mobilite-urbaine-les-premiers-vehicules-electriques-debarquent-dans-le-transport-en-commun-au-cameroun\"},\"author\":{\"name\":\"cfeditorfr\",\"@id\":\"https:\/\/www.africa-press.net\/cameroun\/#\/schema\/person\/2b1cf3cd81a31e3cd26889ca66d677f1\"},\"headline\":\"Mobilit\u00e9 urbaine\u00a0: les premiers v\u00e9hicules \u00e9lectriques d\u00e9barquent dans le transport en commun au Cameroun\",\"datePublished\":\"2022-09-23T21:55:45+00:00\",\"dateModified\":\"2022-09-23T22:23:33+00:00\",\"mainEntityOfPage\":{\"@id\":\"https:\/\/www.africa-press.net\/cameroun\/economie\/mobilite-urbaine-les-premiers-vehicules-electriques-debarquent-dans-le-transport-en-commun-au-cameroun\"},\"wordCount\":582,\"commentCount\":0,\"image\":{\"@id\":\"https:\/\/www.africa-press.net\/cameroun\/economie\/mobilite-urbaine-les-premiers-vehicules-electriques-debarquent-dans-le-transport-en-commun-au-cameroun#primaryimage\"},\"thumbnailUrl\":\"https:\/\/static.africa-press.net\/cameroun\/sites\/57\/2022\/09\/img-632e2a2e008f6.jpg\",\"keywords\":[\"Africa Press\",\"Africa Press-Cameroun\",\"Cameroun\"],\"articleSection\":[\"\u00c9conomie\",\"Toutes les actualit\u00e9s\"],\"inLanguage\":\"fr-FR\",\"potentialAction\":[{\"@type\":\"CommentAction\",\"name\":\"Comment\",\"target\":[\"https:\/\/www.africa-press.net\/cameroun\/economie\/mobilite-urbaine-les-premiers-vehicules-electriques-debarquent-dans-le-transport-en-commun-au-cameroun#respond\"]}]},{\"@type\":\"WebPage\",\"@id\":\"https:\/\/www.africa-press.net\/cameroun\/economie\/mobilite-urbaine-les-premiers-vehicules-electriques-debarquent-dans-le-transport-en-commun-au-cameroun\",\"url\":\"https:\/\/www.africa-press.net\/cameroun\/economie\/mobilite-urbaine-les-premiers-vehicules-electriques-debarquent-dans-le-transport-en-commun-au-cameroun\",\"name\":\"Mobilit\u00e9 urbaine\u00a0: les premiers v\u00e9hicules \u00e9lectriques d\u00e9barquent dans le transport en commun au Cameroun - Cameroun\",\"isPartOf\":{\"@id\":\"https:\/\/www.africa-press.net\/cameroun\/#website\"},\"primaryImageOfPage\":{\"@id\":\"https:\/\/www.africa-press.net\/cameroun\/economie\/mobilite-urbaine-les-premiers-vehicules-electriques-debarquent-dans-le-transport-en-commun-au-cameroun#primaryimage\"},\"image\":{\"@id\":\"https:\/\/www.africa-press.net\/cameroun\/economie\/mobilite-urbaine-les-premiers-vehicules-electriques-debarquent-dans-le-transport-en-commun-au-cameroun#primaryimage\"},\"thumbnailUrl\":\"https:\/\/static.africa-press.net\/cameroun\/sites\/57\/2022\/09\/img-632e2a2e008f6.jpg\",\"datePublished\":\"2022-09-23T21:55:45+00:00\",\"dateModified\":\"2022-09-23T22:23:33+00:00\",\"author\":{\"@id\":\"https:\/\/www.africa-press.net\/cameroun\/#\/schema\/person\/2b1cf3cd81a31e3cd26889ca66d677f1\"},\"description\":\"Investir au Cameroun) - Depuis six mois, la socie\u0301te\u0301 Movin\u2019On Lab Africa, en partenariat avec TotalEnergies, a lance\u0301 d ...\",\"breadcrumb\":{\"@id\":\"https:\/\/www.africa-press.net\/cameroun\/economie\/mobilite-urbaine-les-premiers-vehicules-electriques-debarquent-dans-le-transport-en-commun-au-cameroun#breadcrumb\"},\"inLanguage\":\"fr-FR\",\"potentialAction\":[{\"@type\":\"ReadAction\",\"target\":[\"https:\/\/www.africa-press.net\/cameroun\/economie\/mobilite-urbaine-les-premiers-vehicules-electriques-debarquent-dans-le-transport-en-commun-au-cameroun\"]}]},{\"@type\":\"ImageObject\",\"inLanguage\":\"fr-FR\",\"@id\":\"https:\/\/www.africa-press.net\/cameroun\/economie\/mobilite-urbaine-les-premiers-vehicules-electriques-debarquent-dans-le-transport-en-commun-au-cameroun#primaryimage\",\"url\":\"https:\/\/static.africa-press.net\/cameroun\/sites\/57\/2022\/09\/img-632e2a2e008f6.jpg\",\"contentUrl\":\"https:\/\/static.africa-press.net\/cameroun\/sites\/57\/2022\/09\/img-632e2a2e008f6.jpg\",\"width\":720,\"height\":479,\"caption\":\"Mobilit\u00e9 urbaine\u00a0: les premiers v\u00e9hicules \u00e9lectriques d\u00e9barquent dans le transport en commun au Cameroun\"},{\"@type\":\"BreadcrumbList\",\"@id\":\"https:\/\/www.africa-press.net\/cameroun\/economie\/mobilite-urbaine-les-premiers-vehicules-electriques-debarquent-dans-le-transport-en-commun-au-cameroun#breadcrumb\",\"itemListElement\":[{\"@type\":\"ListItem\",\"position\":1,\"name\":\"Accueil\",\"item\":\"https:\/\/www.africa-press.net\/cameroun\/\"},{\"@type\":\"ListItem\",\"position\":2,\"name\":\"Mobilit\u00e9 urbaine\u00a0: les premiers v\u00e9hicules \u00e9lectriques d\u00e9barquent dans le transport en commun au Cameroun\"}]},{\"@type\":\"WebSite\",\"@id\":\"https:\/\/www.africa-press.net\/cameroun\/#website\",\"url\":\"https:\/\/www.africa-press.net\/cameroun\/\",\"name\":\"Cameroun\",\"description\":\"Just another Africa News Agency Sites site\",\"potentialAction\":[{\"@type\":\"SearchAction\",\"target\":{\"@type\":\"EntryPoint\",\"urlTemplate\":\"https:\/\/www.africa-press.net\/cameroun\/?s={search_term_string}\"},\"query-input\":{\"@type\":\"PropertyValueSpecification\",\"valueRequired\":true,\"valueName\":\"search_term_string\"}}],\"inLanguage\":\"fr-FR\"},{\"@type\":\"Person\",\"@id\":\"https:\/\/www.africa-press.net\/cameroun\/#\/schema\/person\/2b1cf3cd81a31e3cd26889ca66d677f1\",\"name\":\"cfeditorfr\"}]}<\/script>\n<!-- \/ Yoast SEO Premium plugin. -->","yoast_head_json":{"title":"Mobilit\u00e9 urbaine\u00a0: les premiers v\u00e9hicules \u00e9lectriques d\u00e9barquent dans le transport en commun au Cameroun - Cameroun","description":"Investir au Cameroun) - Depuis six mois, la socie\u0301te\u0301 Movin\u2019On Lab Africa, en partenariat avec TotalEnergies, a lance\u0301 d ...","robots":{"index":"index","follow":"follow","max-snippet":"max-snippet:-1","max-image-preview":"max-image-preview:large","max-video-preview":"max-video-preview:-1"},"canonical":"https:\/\/www.africa-press.net\/cameroun\/economie\/mobilite-urbaine-les-premiers-vehicules-electriques-debarquent-dans-le-transport-en-commun-au-cameroun","og_locale":"fr_FR","og_type":"article","og_title":"Mobilit\u00e9 urbaine\u00a0: les premiers v\u00e9hicules \u00e9lectriques d\u00e9barquent dans le transport en commun au Cameroun","og_description":"Investir au Cameroun) - Depuis six mois, la socie\u0301te\u0301 Movin\u2019On Lab Africa, en partenariat avec TotalEnergies, a lance\u0301 d ...","og_url":"https:\/\/www.africa-press.net\/cameroun\/economie\/mobilite-urbaine-les-premiers-vehicules-electriques-debarquent-dans-le-transport-en-commun-au-cameroun","og_site_name":"Cameroun","article_published_time":"2022-09-23T21:55:45+00:00","article_modified_time":"2022-09-23T22:23:33+00:00","og_image":[{"width":720,"height":479,"url":"https:\/\/static.africa-press.net\/cameroun\/sites\/57\/2022\/09\/img-632e2a2e008f6.jpg","type":"image\/jpeg"}],"author":"cfeditorfr","twitter_card":"summary_large_image","twitter_misc":{"\u00c9crit par":"cfeditorfr","Dur\u00e9e de lecture estim\u00e9e":"3 minutes"},"schema":{"@context":"https:\/\/schema.org","@graph":[{"@type":"Article","@id":"https:\/\/www.africa-press.net\/cameroun\/economie\/mobilite-urbaine-les-premiers-vehicules-electriques-debarquent-dans-le-transport-en-commun-au-cameroun#article","isPartOf":{"@id":"https:\/\/www.africa-press.net\/cameroun\/economie\/mobilite-urbaine-les-premiers-vehicules-electriques-debarquent-dans-le-transport-en-commun-au-cameroun"},"author":{"name":"cfeditorfr","@id":"https:\/\/www.africa-press.net\/cameroun\/#\/schema\/person\/2b1cf3cd81a31e3cd26889ca66d677f1"},"headline":"Mobilit\u00e9 urbaine\u00a0: les premiers v\u00e9hicules \u00e9lectriques d\u00e9barquent dans le transport en commun au Cameroun","datePublished":"2022-09-23T21:55:45+00:00","dateModified":"2022-09-23T22:23:33+00:00","mainEntityOfPage":{"@id":"https:\/\/www.africa-press.net\/cameroun\/economie\/mobilite-urbaine-les-premiers-vehicules-electriques-debarquent-dans-le-transport-en-commun-au-cameroun"},"wordCount":582,"commentCount":0,"image":{"@id":"https:\/\/www.africa-press.net\/cameroun\/economie\/mobilite-urbaine-les-premiers-vehicules-electriques-debarquent-dans-le-transport-en-commun-au-cameroun#primaryimage"},"thumbnailUrl":"https:\/\/static.africa-press.net\/cameroun\/sites\/57\/2022\/09\/img-632e2a2e008f6.jpg","keywords":["Africa Press","Africa Press-Cameroun","Cameroun"],"articleSection":["\u00c9conomie","Toutes les actualit\u00e9s"],"inLanguage":"fr-FR","potentialAction":[{"@type":"CommentAction","name":"Comment","target":["https:\/\/www.africa-press.net\/cameroun\/economie\/mobilite-urbaine-les-premiers-vehicules-electriques-debarquent-dans-le-transport-en-commun-au-cameroun#respond"]}]},{"@type":"WebPage","@id":"https:\/\/www.africa-press.net\/cameroun\/economie\/mobilite-urbaine-les-premiers-vehicules-electriques-debarquent-dans-le-transport-en-commun-au-cameroun","url":"https:\/\/www.africa-press.net\/cameroun\/economie\/mobilite-urbaine-les-premiers-vehicules-electriques-debarquent-dans-le-transport-en-commun-au-cameroun","name":"Mobilit\u00e9 urbaine\u00a0: les premiers v\u00e9hicules \u00e9lectriques d\u00e9barquent dans le transport en commun au Cameroun - Cameroun","isPartOf":{"@id":"https:\/\/www.africa-press.net\/cameroun\/#website"},"primaryImageOfPage":{"@id":"https:\/\/www.africa-press.net\/cameroun\/economie\/mobilite-urbaine-les-premiers-vehicules-electriques-debarquent-dans-le-transport-en-commun-au-cameroun#primaryimage"},"image":{"@id":"https:\/\/www.africa-press.net\/cameroun\/economie\/mobilite-urbaine-les-premiers-vehicules-electriques-debarquent-dans-le-transport-en-commun-au-cameroun#primaryimage"},"thumbnailUrl":"https:\/\/static.africa-press.net\/cameroun\/sites\/57\/2022\/09\/img-632e2a2e008f6.jpg","datePublished":"2022-09-23T21:55:45+00:00","dateModified":"2022-09-23T22:23:33+00:00","author":{"@id":"https:\/\/www.africa-press.net\/cameroun\/#\/schema\/person\/2b1cf3cd81a31e3cd26889ca66d677f1"},"description":"Investir au Cameroun) - Depuis six mois, la socie\u0301te\u0301 Movin\u2019On Lab Africa, en partenariat avec TotalEnergies, a lance\u0301 d ...","breadcrumb":{"@id":"https:\/\/www.africa-press.net\/cameroun\/economie\/mobilite-urbaine-les-premiers-vehicules-electriques-debarquent-dans-le-transport-en-commun-au-cameroun#breadcrumb"},"inLanguage":"fr-FR","potentialAction":[{"@type":"ReadAction","target":["https:\/\/www.africa-press.net\/cameroun\/economie\/mobilite-urbaine-les-premiers-vehicules-electriques-debarquent-dans-le-transport-en-commun-au-cameroun"]}]},{"@type":"ImageObject","inLanguage":"fr-FR","@id":"https:\/\/www.africa-press.net\/cameroun\/economie\/mobilite-urbaine-les-premiers-vehicules-electriques-debarquent-dans-le-transport-en-commun-au-cameroun#primaryimage","url":"https:\/\/static.africa-press.net\/cameroun\/sites\/57\/2022\/09\/img-632e2a2e008f6.jpg","contentUrl":"https:\/\/static.africa-press.net\/cameroun\/sites\/57\/2022\/09\/img-632e2a2e008f6.jpg","width":720,"height":479,"caption":"Mobilit\u00e9 urbaine\u00a0: les premiers v\u00e9hicules \u00e9lectriques d\u00e9barquent dans le transport en commun au Cameroun"},{"@type":"BreadcrumbList","@id":"https:\/\/www.africa-press.net\/cameroun\/economie\/mobilite-urbaine-les-premiers-vehicules-electriques-debarquent-dans-le-transport-en-commun-au-cameroun#breadcrumb","itemListElement":[{"@type":"ListItem","position":1,"name":"Accueil","item":"https:\/\/www.africa-press.net\/cameroun\/"},{"@type":"ListItem","position":2,"name":"Mobilit\u00e9 urbaine\u00a0: les premiers v\u00e9hicules \u00e9lectriques d\u00e9barquent dans le transport en commun au Cameroun"}]},{"@type":"WebSite","@id":"https:\/\/www.africa-press.net\/cameroun\/#website","url":"https:\/\/www.africa-press.net\/cameroun\/","name":"Cameroun","description":"Just another Africa News Agency Sites site","potentialAction":[{"@type":"SearchAction","target":{"@type":"EntryPoint","urlTemplate":"https:\/\/www.africa-press.net\/cameroun\/?s={search_term_string}"},"query-input":{"@type":"PropertyValueSpecification","valueRequired":true,"valueName":"search_term_string"}}],"inLanguage":"fr-FR"},{"@type":"Person","@id":"https:\/\/www.africa-press.net\/cameroun\/#\/schema\/person\/2b1cf3cd81a31e3cd26889ca66d677f1","name":"cfeditorfr"}]}},"_links":{"self":[{"href":"https:\/\/www.africa-press.net\/cameroun\/wp-json\/wp\/v2\/posts\/28054","targetHints":{"allow":["GET"]}}],"collection":[{"href":"https:\/\/www.africa-press.net\/cameroun\/wp-json\/wp\/v2\/posts"}],"about":[{"href":"https:\/\/www.africa-press.net\/cameroun\/wp-json\/wp\/v2\/types\/post"}],"author":[{"embeddable":true,"href":"https:\/\/www.africa-press.net\/cameroun\/wp-json\/wp\/v2\/users\/82"}],"replies":[{"embeddable":true,"href":"https:\/\/www.africa-press.net\/cameroun\/wp-json\/wp\/v2\/comments?post=28054"}],"version-history":[{"count":0,"href":"https:\/\/www.africa-press.net\/cameroun\/wp-json\/wp\/v2\/posts\/28054\/revisions"}],"wp:featuredmedia":[{"embeddable":true,"href":"https:\/\/www.africa-press.net\/cameroun\/wp-json\/wp\/v2\/media\/28053"}],"wp:attachment":[{"href":"https:\/\/www.africa-press.net\/cameroun\/wp-json\/wp\/v2\/media?parent=28054"}],"wp:term":[{"taxonomy":"category","embeddable":true,"href":"https:\/\/www.africa-press.net\/cameroun\/wp-json\/wp\/v2\/categories?post=28054"},{"taxonomy":"post_tag","embeddable":true,"href":"https:\/\/www.africa-press.net\/cameroun\/wp-json\/wp\/v2\/tags?post=28054"}],"curies":[{"name":"wp","href":"https:\/\/api.w.org\/{rel}","templated":true}]}}