{"id":28057,"date":"2022-09-23T21:35:48","date_gmt":"2022-09-23T21:35:48","guid":{"rendered":"https:\/\/www.africa-press.net\/cameroun\/politique\/cameroun-cfao-et-carrefour-bientot-attaques-en-justice-en-france"},"modified":"2022-09-23T22:09:52","modified_gmt":"2022-09-23T22:09:52","slug":"cameroun-cfao-et-carrefour-bientot-attaques-en-justice-en-france","status":"publish","type":"post","link":"https:\/\/www.africa-press.net\/cameroun\/politique\/cameroun-cfao-et-carrefour-bientot-attaques-en-justice-en-france","title":{"rendered":"Cameroun : CFAO et Carrefour bient\u00f4t attaqu\u00e9s en justice en France ?"},"content":{"rendered":"<p><span style=\"color: #ff6600\"><strong>Africa-Press &#8211; Cameroun. <\/strong><\/span>Le groupe CFAO, avec lequel Carrefour est partenaire en Afrique de l\u2019Ouest et en Afrique centrale, fait toujours face a\u0300 plusieurs actions en justice au Cameroun. Elles sont intente\u0301es par des proprie\u0301taires terriens du centre-ville de Yaounde\u0301, ou\u0300 le ge\u0301ant franc\u0327ais de la grande distribution a ouvert un centre commercial, en juillet. Un collectif de plaignants affirme avoir e\u0301te\u0301 ille\u0301galement exproprie\u0301, en novembre 2016, des terres sur lesquelles s\u2019e\u0301le\u0300ve aujourd\u2019hui le ba\u0302timent.<\/p>\n<p>Ce 20 septembre, au tribunal de Yaounde\u0301, ces proprie\u0301taires ont conteste\u0301 la validite\u0301 des baux emphyte\u0301otiques attribue\u0301s au groupe CFAO en 2017, apre\u0300s l\u2019e\u0301mission du de\u0301cret d\u2019expropriation.<\/p>\n<p>Selon nos informations, les plaignants, repre\u0301sente\u0301s par Me Joseph Antoine Onambe\u0301le\u0301, ont notamment fait valoir que lesdits baux n\u2019avaient pas rec\u0327u le visa de la pre\u0301sidence de la Re\u0301publique, se\u0301same obligatoire pour des projets de cette ampleur. Apre\u0300s la plaidoirie de Me Andre\u0301 Nlend, l\u2019avocat de CFAO, l\u2019examen du dossier a e\u0301te\u0301 renvoye\u0301 au 4 octobre.<\/p>\n<p><b>L\u2019ombre des Israe\u0301liens ?<\/b><\/p>\n<p>Cette offensive n\u2019est que l\u2019une des actions qui vise le groupe. Me Onambe\u0301le\u0301 et ses clients ont en effet saisi le tribunal administratif de Yaounde\u0301 afin qu\u2019il annule le de\u0301cret d\u2019expropriation de 2016. Cette demande est en cours d\u2019examen, mais d\u2019autres plaignants ayant entrepris la me\u0302me de\u0301marche ont de\u0301ja\u0300 obtenu gain de cause pour une partie des parcelles concerne\u0301es.<\/p>\n<p>Toujours selon nos sources, le collectif a en outre saisi le juge des re\u0301fe\u0301re\u0301s afin que celui-ci prononce le gel de l\u2019activite\u0301 du centre commercial Carrefour en attendant la de\u0301cision du juge administratif. Pour les me\u0302mes raisons, les plaignants s\u2019opposent a\u0300 ce que des travaux de construction soient engage\u0301s sur l\u2019un des terrains voisins du magasin, attribue\u0301 a\u0300 la socie\u0301te\u0301 Tandyl a\u0300 la suite du me\u0302me de\u0301cret de 2016.<\/p>\n<p>Comme Jeune Afrique l\u2019avait de\u0301couvert dans le cadre de l\u2019une de ses enque\u0302tes, en 2021, cette myste\u0301rieuse entreprise est lie\u0301e aux inte\u0301re\u0302ts israe\u0301liens au Cameroun. L\u2019attribution d\u2019une parcelle de terrain a\u0300 Tandyl alimente les soupc\u0327ons. C\u2019est en effet Ferdinand Ngoh Ngoh, secre\u0301taire ge\u0301ne\u0301ral de la pre\u0301sidence, lui-me\u0302me proche des Israe\u0301liens et de l\u2019un de leurs repre\u0301sentants au Cameroun, Eran Moas, qui est a\u0300 l\u2019origine du de\u0301cret d\u2019expropriation.<\/p>\n<p><b>Possibles suites judiciaires en France<\/b><\/p>\n<p>Les adversaires de CFAO ont, par ailleurs, saisi le juge civil de Yaounde\u0301. Ils espe\u0300rent de\u0301montrer que la construction du centre commercial et de sa route d\u2019acce\u0300s ont viole\u0301 le principe du droit a\u0300 la proprie\u0301te\u0301, et que cela constitue une voie de fait administrative. L\u2019affaire est, la\u0300 aussi, en cours d\u2019examen.<\/p>\n<p>Le bras de fer pourrait se poursuivre en France, ou\u0300 Carrefour a son sie\u0300ge social. Assiste\u0301s officieusement par une e\u0301quipe d\u2019avocats franc\u0327ais, les proprie\u0301taires yaounde\u0301ens envisagent de saisir la justice hexagonale, afin d\u2019obtenir des compensations financie\u0300res et des indemnisations.<\/p>\n<p><strong>Pour plus d&rsquo;informations et d&rsquo;analyses sur la <a href=\"https:\/\/www.africa-press.net\/cameroun\">Cameroun<\/a>, suivez <a href=\"https:\/\/www.africa-press.net\/\">Africa-Press<\/a><\/strong><\/p>\n","protected":false},"excerpt":{"rendered":"<p>Africa-Press &#8211; Cameroun. Le groupe CFAO, avec lequel Carrefour est partenaire en Afrique de l\u2019Ouest et en Afrique centrale, fait toujours face a\u0300 plusieurs actions en justice au Cameroun. Elles sont intente\u0301es par des proprie\u0301taires terriens du centre-ville de Yaounde\u0301, ou\u0300 le ge\u0301ant franc\u0327ais de la grande distribution a ouvert un centre commercial, en juillet. [&hellip;]<\/p>\n","protected":false},"author":82,"featured_media":28056,"comment_status":"open","ping_status":"closed","sticky":false,"template":"","format":"standard","meta":{"footnotes":""},"categories":[7,2,20,10],"tags":[36,50,49],"class_list":["post-28057","post","type-post","status-publish","format-standard","has-post-thumbnail","hentry","category-dossiers","category-politique","category-top-nouvelles","category-toutes-les-actualites","tag-africa-press","tag-africa-press-cameroun","tag-cameroun"],"yoast_head":"<!-- This site is optimized with the Yoast SEO Premium plugin v26.1 (Yoast SEO v27.0) - https:\/\/yoast.com\/product\/yoast-seo-premium-wordpress\/ -->\n<title>Cameroun : CFAO et Carrefour bient\u00f4t attaqu\u00e9s en justice en France ? - Cameroun<\/title>\n<meta name=\"description\" content=\"Le groupe CFAO, avec lequel Carrefour est partenaire en Afrique de l\u2019Ouest et en Afrique centrale, fait toujours face a\u0300 ...\" \/>\n<meta name=\"robots\" content=\"index, follow, max-snippet:-1, max-image-preview:large, max-video-preview:-1\" \/>\n<link rel=\"canonical\" href=\"https:\/\/www.africa-press.net\/cameroun\/politique\/cameroun-cfao-et-carrefour-bientot-attaques-en-justice-en-france\" \/>\n<meta property=\"og:locale\" content=\"fr_FR\" \/>\n<meta property=\"og:type\" content=\"article\" \/>\n<meta property=\"og:title\" content=\"Cameroun : CFAO et Carrefour bient\u00f4t attaqu\u00e9s en justice en France ?\" \/>\n<meta property=\"og:description\" content=\"Le groupe CFAO, avec lequel Carrefour est partenaire en Afrique de l\u2019Ouest et en Afrique centrale, fait toujours face a\u0300 ...\" \/>\n<meta property=\"og:url\" content=\"https:\/\/www.africa-press.net\/cameroun\/politique\/cameroun-cfao-et-carrefour-bientot-attaques-en-justice-en-france\" \/>\n<meta property=\"og:site_name\" content=\"Cameroun\" \/>\n<meta property=\"article:published_time\" content=\"2022-09-23T21:35:48+00:00\" \/>\n<meta property=\"article:modified_time\" content=\"2022-09-23T22:09:52+00:00\" \/>\n<meta property=\"og:image\" content=\"https:\/\/static.africa-press.net\/cameroun\/sites\/57\/2022\/09\/postQueueImg_1-632e2e7985da7.jpg\" \/>\n\t<meta property=\"og:image:width\" content=\"1256\" \/>\n\t<meta property=\"og:image:height\" content=\"628\" \/>\n\t<meta property=\"og:image:type\" content=\"image\/jpeg\" \/>\n<meta name=\"author\" content=\"cfeditorfr\" \/>\n<meta name=\"twitter:card\" content=\"summary_large_image\" \/>\n<meta name=\"twitter:label1\" content=\"\u00c9crit par\" \/>\n\t<meta name=\"twitter:data1\" content=\"cfeditorfr\" \/>\n\t<meta name=\"twitter:label2\" content=\"Dur\u00e9e de lecture estim\u00e9e\" \/>\n\t<meta name=\"twitter:data2\" content=\"3 minutes\" \/>\n<script type=\"application\/ld+json\" class=\"yoast-schema-graph\">{\"@context\":\"https:\/\/schema.org\",\"@graph\":[{\"@type\":\"Article\",\"@id\":\"https:\/\/www.africa-press.net\/cameroun\/politique\/cameroun-cfao-et-carrefour-bientot-attaques-en-justice-en-france#article\",\"isPartOf\":{\"@id\":\"https:\/\/www.africa-press.net\/cameroun\/politique\/cameroun-cfao-et-carrefour-bientot-attaques-en-justice-en-france\"},\"author\":{\"name\":\"cfeditorfr\",\"@id\":\"https:\/\/www.africa-press.net\/cameroun\/#\/schema\/person\/2b1cf3cd81a31e3cd26889ca66d677f1\"},\"headline\":\"Cameroun : CFAO et Carrefour bient\u00f4t attaqu\u00e9s en justice en France ?\",\"datePublished\":\"2022-09-23T21:35:48+00:00\",\"dateModified\":\"2022-09-23T22:09:52+00:00\",\"mainEntityOfPage\":{\"@id\":\"https:\/\/www.africa-press.net\/cameroun\/politique\/cameroun-cfao-et-carrefour-bientot-attaques-en-justice-en-france\"},\"wordCount\":567,\"commentCount\":0,\"image\":{\"@id\":\"https:\/\/www.africa-press.net\/cameroun\/politique\/cameroun-cfao-et-carrefour-bientot-attaques-en-justice-en-france#primaryimage\"},\"thumbnailUrl\":\"https:\/\/static.africa-press.net\/cameroun\/sites\/57\/2022\/09\/postQueueImg_1-632e2e7985da7.jpg\",\"keywords\":[\"Africa Press\",\"Africa Press-Cameroun\",\"Cameroun\"],\"articleSection\":[\"Dossiers\",\"Politique\",\"Top Nouvelles\",\"Toutes les actualit\u00e9s\"],\"inLanguage\":\"fr-FR\",\"potentialAction\":[{\"@type\":\"CommentAction\",\"name\":\"Comment\",\"target\":[\"https:\/\/www.africa-press.net\/cameroun\/politique\/cameroun-cfao-et-carrefour-bientot-attaques-en-justice-en-france#respond\"]}]},{\"@type\":\"WebPage\",\"@id\":\"https:\/\/www.africa-press.net\/cameroun\/politique\/cameroun-cfao-et-carrefour-bientot-attaques-en-justice-en-france\",\"url\":\"https:\/\/www.africa-press.net\/cameroun\/politique\/cameroun-cfao-et-carrefour-bientot-attaques-en-justice-en-france\",\"name\":\"Cameroun : CFAO et Carrefour bient\u00f4t attaqu\u00e9s en justice en France ? - Cameroun\",\"isPartOf\":{\"@id\":\"https:\/\/www.africa-press.net\/cameroun\/#website\"},\"primaryImageOfPage\":{\"@id\":\"https:\/\/www.africa-press.net\/cameroun\/politique\/cameroun-cfao-et-carrefour-bientot-attaques-en-justice-en-france#primaryimage\"},\"image\":{\"@id\":\"https:\/\/www.africa-press.net\/cameroun\/politique\/cameroun-cfao-et-carrefour-bientot-attaques-en-justice-en-france#primaryimage\"},\"thumbnailUrl\":\"https:\/\/static.africa-press.net\/cameroun\/sites\/57\/2022\/09\/postQueueImg_1-632e2e7985da7.jpg\",\"datePublished\":\"2022-09-23T21:35:48+00:00\",\"dateModified\":\"2022-09-23T22:09:52+00:00\",\"author\":{\"@id\":\"https:\/\/www.africa-press.net\/cameroun\/#\/schema\/person\/2b1cf3cd81a31e3cd26889ca66d677f1\"},\"description\":\"Le groupe CFAO, avec lequel Carrefour est partenaire en Afrique de l\u2019Ouest et en Afrique centrale, fait toujours face a\u0300 ...\",\"breadcrumb\":{\"@id\":\"https:\/\/www.africa-press.net\/cameroun\/politique\/cameroun-cfao-et-carrefour-bientot-attaques-en-justice-en-france#breadcrumb\"},\"inLanguage\":\"fr-FR\",\"potentialAction\":[{\"@type\":\"ReadAction\",\"target\":[\"https:\/\/www.africa-press.net\/cameroun\/politique\/cameroun-cfao-et-carrefour-bientot-attaques-en-justice-en-france\"]}]},{\"@type\":\"ImageObject\",\"inLanguage\":\"fr-FR\",\"@id\":\"https:\/\/www.africa-press.net\/cameroun\/politique\/cameroun-cfao-et-carrefour-bientot-attaques-en-justice-en-france#primaryimage\",\"url\":\"https:\/\/static.africa-press.net\/cameroun\/sites\/57\/2022\/09\/postQueueImg_1-632e2e7985da7.jpg\",\"contentUrl\":\"https:\/\/static.africa-press.net\/cameroun\/sites\/57\/2022\/09\/postQueueImg_1-632e2e7985da7.jpg\",\"width\":1256,\"height\":628,\"caption\":\"Cameroun : CFAO et Carrefour bient\u00f4t attaqu\u00e9s en justice en France ?\"},{\"@type\":\"BreadcrumbList\",\"@id\":\"https:\/\/www.africa-press.net\/cameroun\/politique\/cameroun-cfao-et-carrefour-bientot-attaques-en-justice-en-france#breadcrumb\",\"itemListElement\":[{\"@type\":\"ListItem\",\"position\":1,\"name\":\"Accueil\",\"item\":\"https:\/\/www.africa-press.net\/cameroun\/\"},{\"@type\":\"ListItem\",\"position\":2,\"name\":\"Cameroun : CFAO et Carrefour bient\u00f4t attaqu\u00e9s en justice en France ?\"}]},{\"@type\":\"WebSite\",\"@id\":\"https:\/\/www.africa-press.net\/cameroun\/#website\",\"url\":\"https:\/\/www.africa-press.net\/cameroun\/\",\"name\":\"Cameroun\",\"description\":\"Just another Africa News Agency Sites site\",\"potentialAction\":[{\"@type\":\"SearchAction\",\"target\":{\"@type\":\"EntryPoint\",\"urlTemplate\":\"https:\/\/www.africa-press.net\/cameroun\/?s={search_term_string}\"},\"query-input\":{\"@type\":\"PropertyValueSpecification\",\"valueRequired\":true,\"valueName\":\"search_term_string\"}}],\"inLanguage\":\"fr-FR\"},{\"@type\":\"Person\",\"@id\":\"https:\/\/www.africa-press.net\/cameroun\/#\/schema\/person\/2b1cf3cd81a31e3cd26889ca66d677f1\",\"name\":\"cfeditorfr\"}]}<\/script>\n<!-- \/ Yoast SEO Premium plugin. -->","yoast_head_json":{"title":"Cameroun : CFAO et Carrefour bient\u00f4t attaqu\u00e9s en justice en France ? - Cameroun","description":"Le groupe CFAO, avec lequel Carrefour est partenaire en Afrique de l\u2019Ouest et en Afrique centrale, fait toujours face a\u0300 ...","robots":{"index":"index","follow":"follow","max-snippet":"max-snippet:-1","max-image-preview":"max-image-preview:large","max-video-preview":"max-video-preview:-1"},"canonical":"https:\/\/www.africa-press.net\/cameroun\/politique\/cameroun-cfao-et-carrefour-bientot-attaques-en-justice-en-france","og_locale":"fr_FR","og_type":"article","og_title":"Cameroun : CFAO et Carrefour bient\u00f4t attaqu\u00e9s en justice en France ?","og_description":"Le groupe CFAO, avec lequel Carrefour est partenaire en Afrique de l\u2019Ouest et en Afrique centrale, fait toujours face a\u0300 ...","og_url":"https:\/\/www.africa-press.net\/cameroun\/politique\/cameroun-cfao-et-carrefour-bientot-attaques-en-justice-en-france","og_site_name":"Cameroun","article_published_time":"2022-09-23T21:35:48+00:00","article_modified_time":"2022-09-23T22:09:52+00:00","og_image":[{"width":1256,"height":628,"url":"https:\/\/static.africa-press.net\/cameroun\/sites\/57\/2022\/09\/postQueueImg_1-632e2e7985da7.jpg","type":"image\/jpeg"}],"author":"cfeditorfr","twitter_card":"summary_large_image","twitter_misc":{"\u00c9crit par":"cfeditorfr","Dur\u00e9e de lecture estim\u00e9e":"3 minutes"},"schema":{"@context":"https:\/\/schema.org","@graph":[{"@type":"Article","@id":"https:\/\/www.africa-press.net\/cameroun\/politique\/cameroun-cfao-et-carrefour-bientot-attaques-en-justice-en-france#article","isPartOf":{"@id":"https:\/\/www.africa-press.net\/cameroun\/politique\/cameroun-cfao-et-carrefour-bientot-attaques-en-justice-en-france"},"author":{"name":"cfeditorfr","@id":"https:\/\/www.africa-press.net\/cameroun\/#\/schema\/person\/2b1cf3cd81a31e3cd26889ca66d677f1"},"headline":"Cameroun : CFAO et Carrefour bient\u00f4t attaqu\u00e9s en justice en France ?","datePublished":"2022-09-23T21:35:48+00:00","dateModified":"2022-09-23T22:09:52+00:00","mainEntityOfPage":{"@id":"https:\/\/www.africa-press.net\/cameroun\/politique\/cameroun-cfao-et-carrefour-bientot-attaques-en-justice-en-france"},"wordCount":567,"commentCount":0,"image":{"@id":"https:\/\/www.africa-press.net\/cameroun\/politique\/cameroun-cfao-et-carrefour-bientot-attaques-en-justice-en-france#primaryimage"},"thumbnailUrl":"https:\/\/static.africa-press.net\/cameroun\/sites\/57\/2022\/09\/postQueueImg_1-632e2e7985da7.jpg","keywords":["Africa Press","Africa Press-Cameroun","Cameroun"],"articleSection":["Dossiers","Politique","Top Nouvelles","Toutes les actualit\u00e9s"],"inLanguage":"fr-FR","potentialAction":[{"@type":"CommentAction","name":"Comment","target":["https:\/\/www.africa-press.net\/cameroun\/politique\/cameroun-cfao-et-carrefour-bientot-attaques-en-justice-en-france#respond"]}]},{"@type":"WebPage","@id":"https:\/\/www.africa-press.net\/cameroun\/politique\/cameroun-cfao-et-carrefour-bientot-attaques-en-justice-en-france","url":"https:\/\/www.africa-press.net\/cameroun\/politique\/cameroun-cfao-et-carrefour-bientot-attaques-en-justice-en-france","name":"Cameroun : CFAO et Carrefour bient\u00f4t attaqu\u00e9s en justice en France ? - Cameroun","isPartOf":{"@id":"https:\/\/www.africa-press.net\/cameroun\/#website"},"primaryImageOfPage":{"@id":"https:\/\/www.africa-press.net\/cameroun\/politique\/cameroun-cfao-et-carrefour-bientot-attaques-en-justice-en-france#primaryimage"},"image":{"@id":"https:\/\/www.africa-press.net\/cameroun\/politique\/cameroun-cfao-et-carrefour-bientot-attaques-en-justice-en-france#primaryimage"},"thumbnailUrl":"https:\/\/static.africa-press.net\/cameroun\/sites\/57\/2022\/09\/postQueueImg_1-632e2e7985da7.jpg","datePublished":"2022-09-23T21:35:48+00:00","dateModified":"2022-09-23T22:09:52+00:00","author":{"@id":"https:\/\/www.africa-press.net\/cameroun\/#\/schema\/person\/2b1cf3cd81a31e3cd26889ca66d677f1"},"description":"Le groupe CFAO, avec lequel Carrefour est partenaire en Afrique de l\u2019Ouest et en Afrique centrale, fait toujours face a\u0300 ...","breadcrumb":{"@id":"https:\/\/www.africa-press.net\/cameroun\/politique\/cameroun-cfao-et-carrefour-bientot-attaques-en-justice-en-france#breadcrumb"},"inLanguage":"fr-FR","potentialAction":[{"@type":"ReadAction","target":["https:\/\/www.africa-press.net\/cameroun\/politique\/cameroun-cfao-et-carrefour-bientot-attaques-en-justice-en-france"]}]},{"@type":"ImageObject","inLanguage":"fr-FR","@id":"https:\/\/www.africa-press.net\/cameroun\/politique\/cameroun-cfao-et-carrefour-bientot-attaques-en-justice-en-france#primaryimage","url":"https:\/\/static.africa-press.net\/cameroun\/sites\/57\/2022\/09\/postQueueImg_1-632e2e7985da7.jpg","contentUrl":"https:\/\/static.africa-press.net\/cameroun\/sites\/57\/2022\/09\/postQueueImg_1-632e2e7985da7.jpg","width":1256,"height":628,"caption":"Cameroun : CFAO et Carrefour bient\u00f4t attaqu\u00e9s en justice en France ?"},{"@type":"BreadcrumbList","@id":"https:\/\/www.africa-press.net\/cameroun\/politique\/cameroun-cfao-et-carrefour-bientot-attaques-en-justice-en-france#breadcrumb","itemListElement":[{"@type":"ListItem","position":1,"name":"Accueil","item":"https:\/\/www.africa-press.net\/cameroun\/"},{"@type":"ListItem","position":2,"name":"Cameroun : CFAO et Carrefour bient\u00f4t attaqu\u00e9s en justice en France ?"}]},{"@type":"WebSite","@id":"https:\/\/www.africa-press.net\/cameroun\/#website","url":"https:\/\/www.africa-press.net\/cameroun\/","name":"Cameroun","description":"Just another Africa News Agency Sites site","potentialAction":[{"@type":"SearchAction","target":{"@type":"EntryPoint","urlTemplate":"https:\/\/www.africa-press.net\/cameroun\/?s={search_term_string}"},"query-input":{"@type":"PropertyValueSpecification","valueRequired":true,"valueName":"search_term_string"}}],"inLanguage":"fr-FR"},{"@type":"Person","@id":"https:\/\/www.africa-press.net\/cameroun\/#\/schema\/person\/2b1cf3cd81a31e3cd26889ca66d677f1","name":"cfeditorfr"}]}},"_links":{"self":[{"href":"https:\/\/www.africa-press.net\/cameroun\/wp-json\/wp\/v2\/posts\/28057","targetHints":{"allow":["GET"]}}],"collection":[{"href":"https:\/\/www.africa-press.net\/cameroun\/wp-json\/wp\/v2\/posts"}],"about":[{"href":"https:\/\/www.africa-press.net\/cameroun\/wp-json\/wp\/v2\/types\/post"}],"author":[{"embeddable":true,"href":"https:\/\/www.africa-press.net\/cameroun\/wp-json\/wp\/v2\/users\/82"}],"replies":[{"embeddable":true,"href":"https:\/\/www.africa-press.net\/cameroun\/wp-json\/wp\/v2\/comments?post=28057"}],"version-history":[{"count":0,"href":"https:\/\/www.africa-press.net\/cameroun\/wp-json\/wp\/v2\/posts\/28057\/revisions"}],"wp:featuredmedia":[{"embeddable":true,"href":"https:\/\/www.africa-press.net\/cameroun\/wp-json\/wp\/v2\/media\/28056"}],"wp:attachment":[{"href":"https:\/\/www.africa-press.net\/cameroun\/wp-json\/wp\/v2\/media?parent=28057"}],"wp:term":[{"taxonomy":"category","embeddable":true,"href":"https:\/\/www.africa-press.net\/cameroun\/wp-json\/wp\/v2\/categories?post=28057"},{"taxonomy":"post_tag","embeddable":true,"href":"https:\/\/www.africa-press.net\/cameroun\/wp-json\/wp\/v2\/tags?post=28057"}],"curies":[{"name":"wp","href":"https:\/\/api.w.org\/{rel}","templated":true}]}}