{"id":28060,"date":"2022-09-23T21:37:04","date_gmt":"2022-09-23T21:37:04","guid":{"rendered":"https:\/\/www.africa-press.net\/cameroun\/politique\/cameroun-france-pourquoi-le-general-thierry-marchand-a-ete-nomme-ambassadeur-a-yaounde"},"modified":"2022-09-23T22:10:30","modified_gmt":"2022-09-23T22:10:30","slug":"cameroun-france-pourquoi-le-general-thierry-marchand-a-ete-nomme-ambassadeur-a-yaounde","status":"publish","type":"post","link":"https:\/\/www.africa-press.net\/cameroun\/politique\/cameroun-france-pourquoi-le-general-thierry-marchand-a-ete-nomme-ambassadeur-a-yaounde","title":{"rendered":"Cameroun-France : pourquoi le g\u00e9n\u00e9ral Thierry Marchand a \u00e9t\u00e9 nomm\u00e9 ambassadeur \u00e0 Yaound\u00e9"},"content":{"rendered":"<p><span style=\"color: #ff6600\"><strong>Africa-Press &#8211; Cameroun. <\/strong><\/span>Attendu au de\u0301but d\u2019octobre a\u0300 Yaounde\u0301, le ge\u0301ne\u0301ral de corps d\u2019arme\u0301e Thierry Marchand a fait ses adieux aux armes lors d\u2019une ce\u0301re\u0301monie organise\u0301e ce 20 septembre aux Invalides, a\u0300 Paris. La ce\u0301re\u0301monie s\u2019est de\u0301roule\u0301e en pre\u0301sence, notamment, de l\u2019actuel ambassadeur du Cameroun a\u0300 Paris, Andre\u0301-Magnus Ekoumou. Avant sa nomination, le 15 septembre, il e\u0301tait a\u0300 la te\u0302te de la Direction de la coope\u0301ration de se\u0301curite\u0301 et de de\u0301fense (DCSD), au sein du ministe\u0300re de l\u2019Europe et des Affaires e\u0301trange\u0300res.<\/p>\n<p>La nomination d\u2019un haut grade\u0301 dans une chancellerie peut tenir de la reconnaissance pour services rendus ou e\u0302tre le signe d\u2019une profonde inquie\u0301tude, compte tenu de la situation ge\u0301opolitique dans la sous-re\u0301gion. Quoi qu\u2019il en soit, selon nos informations, le ge\u0301ne\u0301ral Marchand aura entre autres pour mission de relancer la coope\u0301ration en matie\u0300re de se\u0301curite\u0301 et de de\u0301fense avec le Cameroun.<\/p>\n<p><b>L\u2019influence d\u2019Israe\u0308l<\/b><\/p>\n<p>Au Quai d\u2019Orsay, Thierry Marchand travaillait a\u0300 organiser les e\u0301tats-majors, la formation et les infrastructures, dans le but d\u2019aider les pays partenaires a\u0300 se doter de nouvelles capacite\u0301s de de\u0301fense ou de se\u0301curite\u0301 en fonction des menaces ou des risques qui pe\u0300sent sur leur environnement imme\u0301diat. Il coordonnait ainsi pre\u0300s de 300 coope\u0301rants dans les pays partenaires.<\/p>\n<p>En posant ses valises a\u0300 Yaounde\u0301, ce militaire arrivera dans un pays ou\u0300 la France a e\u0301te\u0301 supplante\u0301e par Israe\u0308l en matie\u0300re de formation et de se\u0301curite\u0301, et dont le gouvernement a renouvele\u0301 le 12 avril, en pleine invasion russe de l\u2019Ukraine, un accord de coope\u0301ration avec Moscou. Cette entente porte sur des e\u0301changes d\u2019informations, la formation et l\u2019entrainement des troupes, un partage d\u2019expe\u0301rience et des activite\u0301s communes de lutte contre le terrorisme ou la piraterie maritime.<\/p>\n<p>Pour le dispositif franc\u0327ais de de\u0301fense en Afrique, le Cameroun est e\u0301galement strate\u0301gique parce qu\u2019il constitue le de\u0301bouche\u0301 maritime du Tchad, lieu majeur du de\u0301ploiement des troupes franc\u0327aises sur le continent. A\u0300 Yaounde\u0301, le ge\u0301ne\u0301ral Marchand remplace Christophe Guilhou, qui e\u0301tait en poste depuis le 30 juillet 2019.<\/p>\n<p>Enfin, Thierry Marchand pre\u0301sente un profil similaire a\u0300 celui de son pre\u0301de\u0301cesseur a\u0300 la DCSD, le de\u0301funt ge\u0301ne\u0301ral Emmanuel Beth, nomme\u0301 en 2010 ambassadeur de France au Burkina Faso, ou\u0300 s\u2019e\u0301taient installe\u0301es les unite\u0301s du Commandement des ope\u0301rations spe\u0301ciales (COS), dirige\u0301 par son fre\u0300re, Fre\u0301de\u0301ric Beth, lui aussi ge\u0301ne\u0301ral, lors de l\u2019affaire des otages d\u2019Arlit (Niger).<\/p>\n<p><strong>Pour plus d&rsquo;informations et d&rsquo;analyses sur la <a href=\"https:\/\/www.africa-press.net\/cameroun\">Cameroun<\/a>, suivez <a href=\"https:\/\/www.africa-press.net\/\">Africa-Press<\/a><\/strong><\/p>\n","protected":false},"excerpt":{"rendered":"<p>Africa-Press &#8211; Cameroun. Attendu au de\u0301but d\u2019octobre a\u0300 Yaounde\u0301, le ge\u0301ne\u0301ral de corps d\u2019arme\u0301e Thierry Marchand a fait ses adieux aux armes lors d\u2019une ce\u0301re\u0301monie organise\u0301e ce 20 septembre aux Invalides, a\u0300 Paris. La ce\u0301re\u0301monie s\u2019est de\u0301roule\u0301e en pre\u0301sence, notamment, de l\u2019actuel ambassadeur du Cameroun a\u0300 Paris, Andre\u0301-Magnus Ekoumou. Avant sa nomination, le 15 septembre, [&hellip;]<\/p>\n","protected":false},"author":82,"featured_media":28059,"comment_status":"open","ping_status":"closed","sticky":false,"template":"","format":"standard","meta":{"footnotes":""},"categories":[7,2,20,10],"tags":[36,50,49],"class_list":["post-28060","post","type-post","status-publish","format-standard","has-post-thumbnail","hentry","category-dossiers","category-politique","category-top-nouvelles","category-toutes-les-actualites","tag-africa-press","tag-africa-press-cameroun","tag-cameroun"],"yoast_head":"<!-- This site is optimized with the Yoast SEO Premium plugin v26.1 (Yoast SEO v27.0) - https:\/\/yoast.com\/product\/yoast-seo-premium-wordpress\/ -->\n<title>Cameroun-France : pourquoi le g\u00e9n\u00e9ral Thierry Marchand a \u00e9t\u00e9 nomm\u00e9 ambassadeur \u00e0 Yaound\u00e9 - Cameroun<\/title>\n<meta name=\"description\" content=\"Attendu au de\u0301but d\u2019octobre a\u0300 Yaounde\u0301, le ge\u0301ne\u0301ral de corps d\u2019arme\u0301e Thierry Marchand a fait ses adieux aux armes lor ...\" \/>\n<meta name=\"robots\" content=\"index, follow, max-snippet:-1, max-image-preview:large, max-video-preview:-1\" \/>\n<link rel=\"canonical\" href=\"https:\/\/www.africa-press.net\/cameroun\/politique\/cameroun-france-pourquoi-le-general-thierry-marchand-a-ete-nomme-ambassadeur-a-yaounde\" \/>\n<meta property=\"og:locale\" content=\"fr_FR\" \/>\n<meta property=\"og:type\" content=\"article\" \/>\n<meta property=\"og:title\" content=\"Cameroun-France : pourquoi le g\u00e9n\u00e9ral Thierry Marchand a \u00e9t\u00e9 nomm\u00e9 ambassadeur \u00e0 Yaound\u00e9\" \/>\n<meta property=\"og:description\" content=\"Attendu au de\u0301but d\u2019octobre a\u0300 Yaounde\u0301, le ge\u0301ne\u0301ral de corps d\u2019arme\u0301e Thierry Marchand a fait ses adieux aux armes lor ...\" \/>\n<meta property=\"og:url\" content=\"https:\/\/www.africa-press.net\/cameroun\/politique\/cameroun-france-pourquoi-le-general-thierry-marchand-a-ete-nomme-ambassadeur-a-yaounde\" \/>\n<meta property=\"og:site_name\" content=\"Cameroun\" \/>\n<meta property=\"article:published_time\" content=\"2022-09-23T21:37:04+00:00\" \/>\n<meta property=\"article:modified_time\" content=\"2022-09-23T22:10:30+00:00\" \/>\n<meta property=\"og:image\" content=\"https:\/\/static.africa-press.net\/cameroun\/sites\/57\/2022\/09\/postQueueImg_2-632e2eb6044d3.jpg\" \/>\n\t<meta property=\"og:image:width\" content=\"1256\" \/>\n\t<meta property=\"og:image:height\" content=\"628\" \/>\n\t<meta property=\"og:image:type\" content=\"image\/jpeg\" \/>\n<meta name=\"author\" content=\"cfeditorfr\" \/>\n<meta name=\"twitter:card\" content=\"summary_large_image\" \/>\n<meta name=\"twitter:label1\" content=\"\u00c9crit par\" \/>\n\t<meta name=\"twitter:data1\" content=\"cfeditorfr\" \/>\n\t<meta name=\"twitter:label2\" content=\"Dur\u00e9e de lecture estim\u00e9e\" \/>\n\t<meta name=\"twitter:data2\" content=\"3 minutes\" \/>\n<script type=\"application\/ld+json\" class=\"yoast-schema-graph\">{\"@context\":\"https:\/\/schema.org\",\"@graph\":[{\"@type\":\"Article\",\"@id\":\"https:\/\/www.africa-press.net\/cameroun\/politique\/cameroun-france-pourquoi-le-general-thierry-marchand-a-ete-nomme-ambassadeur-a-yaounde#article\",\"isPartOf\":{\"@id\":\"https:\/\/www.africa-press.net\/cameroun\/politique\/cameroun-france-pourquoi-le-general-thierry-marchand-a-ete-nomme-ambassadeur-a-yaounde\"},\"author\":{\"name\":\"cfeditorfr\",\"@id\":\"https:\/\/www.africa-press.net\/cameroun\/#\/schema\/person\/2b1cf3cd81a31e3cd26889ca66d677f1\"},\"headline\":\"Cameroun-France : pourquoi le g\u00e9n\u00e9ral Thierry Marchand a \u00e9t\u00e9 nomm\u00e9 ambassadeur \u00e0 Yaound\u00e9\",\"datePublished\":\"2022-09-23T21:37:04+00:00\",\"dateModified\":\"2022-09-23T22:10:30+00:00\",\"mainEntityOfPage\":{\"@id\":\"https:\/\/www.africa-press.net\/cameroun\/politique\/cameroun-france-pourquoi-le-general-thierry-marchand-a-ete-nomme-ambassadeur-a-yaounde\"},\"wordCount\":497,\"commentCount\":0,\"image\":{\"@id\":\"https:\/\/www.africa-press.net\/cameroun\/politique\/cameroun-france-pourquoi-le-general-thierry-marchand-a-ete-nomme-ambassadeur-a-yaounde#primaryimage\"},\"thumbnailUrl\":\"https:\/\/static.africa-press.net\/cameroun\/sites\/57\/2022\/09\/postQueueImg_2-632e2eb6044d3.jpg\",\"keywords\":[\"Africa Press\",\"Africa Press-Cameroun\",\"Cameroun\"],\"articleSection\":[\"Dossiers\",\"Politique\",\"Top Nouvelles\",\"Toutes les actualit\u00e9s\"],\"inLanguage\":\"fr-FR\",\"potentialAction\":[{\"@type\":\"CommentAction\",\"name\":\"Comment\",\"target\":[\"https:\/\/www.africa-press.net\/cameroun\/politique\/cameroun-france-pourquoi-le-general-thierry-marchand-a-ete-nomme-ambassadeur-a-yaounde#respond\"]}]},{\"@type\":\"WebPage\",\"@id\":\"https:\/\/www.africa-press.net\/cameroun\/politique\/cameroun-france-pourquoi-le-general-thierry-marchand-a-ete-nomme-ambassadeur-a-yaounde\",\"url\":\"https:\/\/www.africa-press.net\/cameroun\/politique\/cameroun-france-pourquoi-le-general-thierry-marchand-a-ete-nomme-ambassadeur-a-yaounde\",\"name\":\"Cameroun-France : pourquoi le g\u00e9n\u00e9ral Thierry Marchand a \u00e9t\u00e9 nomm\u00e9 ambassadeur \u00e0 Yaound\u00e9 - Cameroun\",\"isPartOf\":{\"@id\":\"https:\/\/www.africa-press.net\/cameroun\/#website\"},\"primaryImageOfPage\":{\"@id\":\"https:\/\/www.africa-press.net\/cameroun\/politique\/cameroun-france-pourquoi-le-general-thierry-marchand-a-ete-nomme-ambassadeur-a-yaounde#primaryimage\"},\"image\":{\"@id\":\"https:\/\/www.africa-press.net\/cameroun\/politique\/cameroun-france-pourquoi-le-general-thierry-marchand-a-ete-nomme-ambassadeur-a-yaounde#primaryimage\"},\"thumbnailUrl\":\"https:\/\/static.africa-press.net\/cameroun\/sites\/57\/2022\/09\/postQueueImg_2-632e2eb6044d3.jpg\",\"datePublished\":\"2022-09-23T21:37:04+00:00\",\"dateModified\":\"2022-09-23T22:10:30+00:00\",\"author\":{\"@id\":\"https:\/\/www.africa-press.net\/cameroun\/#\/schema\/person\/2b1cf3cd81a31e3cd26889ca66d677f1\"},\"description\":\"Attendu au de\u0301but d\u2019octobre a\u0300 Yaounde\u0301, le ge\u0301ne\u0301ral de corps d\u2019arme\u0301e Thierry Marchand a fait ses adieux aux armes lor ...\",\"breadcrumb\":{\"@id\":\"https:\/\/www.africa-press.net\/cameroun\/politique\/cameroun-france-pourquoi-le-general-thierry-marchand-a-ete-nomme-ambassadeur-a-yaounde#breadcrumb\"},\"inLanguage\":\"fr-FR\",\"potentialAction\":[{\"@type\":\"ReadAction\",\"target\":[\"https:\/\/www.africa-press.net\/cameroun\/politique\/cameroun-france-pourquoi-le-general-thierry-marchand-a-ete-nomme-ambassadeur-a-yaounde\"]}]},{\"@type\":\"ImageObject\",\"inLanguage\":\"fr-FR\",\"@id\":\"https:\/\/www.africa-press.net\/cameroun\/politique\/cameroun-france-pourquoi-le-general-thierry-marchand-a-ete-nomme-ambassadeur-a-yaounde#primaryimage\",\"url\":\"https:\/\/static.africa-press.net\/cameroun\/sites\/57\/2022\/09\/postQueueImg_2-632e2eb6044d3.jpg\",\"contentUrl\":\"https:\/\/static.africa-press.net\/cameroun\/sites\/57\/2022\/09\/postQueueImg_2-632e2eb6044d3.jpg\",\"width\":1256,\"height\":628,\"caption\":\"Cameroun-France : pourquoi le g\u00e9n\u00e9ral Thierry Marchand a \u00e9t\u00e9 nomm\u00e9 ambassadeur \u00e0 Yaound\u00e9\"},{\"@type\":\"BreadcrumbList\",\"@id\":\"https:\/\/www.africa-press.net\/cameroun\/politique\/cameroun-france-pourquoi-le-general-thierry-marchand-a-ete-nomme-ambassadeur-a-yaounde#breadcrumb\",\"itemListElement\":[{\"@type\":\"ListItem\",\"position\":1,\"name\":\"Accueil\",\"item\":\"https:\/\/www.africa-press.net\/cameroun\/\"},{\"@type\":\"ListItem\",\"position\":2,\"name\":\"Cameroun-France : pourquoi le g\u00e9n\u00e9ral Thierry Marchand a \u00e9t\u00e9 nomm\u00e9 ambassadeur \u00e0 Yaound\u00e9\"}]},{\"@type\":\"WebSite\",\"@id\":\"https:\/\/www.africa-press.net\/cameroun\/#website\",\"url\":\"https:\/\/www.africa-press.net\/cameroun\/\",\"name\":\"Cameroun\",\"description\":\"Just another Africa News Agency Sites site\",\"potentialAction\":[{\"@type\":\"SearchAction\",\"target\":{\"@type\":\"EntryPoint\",\"urlTemplate\":\"https:\/\/www.africa-press.net\/cameroun\/?s={search_term_string}\"},\"query-input\":{\"@type\":\"PropertyValueSpecification\",\"valueRequired\":true,\"valueName\":\"search_term_string\"}}],\"inLanguage\":\"fr-FR\"},{\"@type\":\"Person\",\"@id\":\"https:\/\/www.africa-press.net\/cameroun\/#\/schema\/person\/2b1cf3cd81a31e3cd26889ca66d677f1\",\"name\":\"cfeditorfr\"}]}<\/script>\n<!-- \/ Yoast SEO Premium plugin. -->","yoast_head_json":{"title":"Cameroun-France : pourquoi le g\u00e9n\u00e9ral Thierry Marchand a \u00e9t\u00e9 nomm\u00e9 ambassadeur \u00e0 Yaound\u00e9 - Cameroun","description":"Attendu au de\u0301but d\u2019octobre a\u0300 Yaounde\u0301, le ge\u0301ne\u0301ral de corps d\u2019arme\u0301e Thierry Marchand a fait ses adieux aux armes lor ...","robots":{"index":"index","follow":"follow","max-snippet":"max-snippet:-1","max-image-preview":"max-image-preview:large","max-video-preview":"max-video-preview:-1"},"canonical":"https:\/\/www.africa-press.net\/cameroun\/politique\/cameroun-france-pourquoi-le-general-thierry-marchand-a-ete-nomme-ambassadeur-a-yaounde","og_locale":"fr_FR","og_type":"article","og_title":"Cameroun-France : pourquoi le g\u00e9n\u00e9ral Thierry Marchand a \u00e9t\u00e9 nomm\u00e9 ambassadeur \u00e0 Yaound\u00e9","og_description":"Attendu au de\u0301but d\u2019octobre a\u0300 Yaounde\u0301, le ge\u0301ne\u0301ral de corps d\u2019arme\u0301e Thierry Marchand a fait ses adieux aux armes lor ...","og_url":"https:\/\/www.africa-press.net\/cameroun\/politique\/cameroun-france-pourquoi-le-general-thierry-marchand-a-ete-nomme-ambassadeur-a-yaounde","og_site_name":"Cameroun","article_published_time":"2022-09-23T21:37:04+00:00","article_modified_time":"2022-09-23T22:10:30+00:00","og_image":[{"width":1256,"height":628,"url":"https:\/\/static.africa-press.net\/cameroun\/sites\/57\/2022\/09\/postQueueImg_2-632e2eb6044d3.jpg","type":"image\/jpeg"}],"author":"cfeditorfr","twitter_card":"summary_large_image","twitter_misc":{"\u00c9crit par":"cfeditorfr","Dur\u00e9e de lecture estim\u00e9e":"3 minutes"},"schema":{"@context":"https:\/\/schema.org","@graph":[{"@type":"Article","@id":"https:\/\/www.africa-press.net\/cameroun\/politique\/cameroun-france-pourquoi-le-general-thierry-marchand-a-ete-nomme-ambassadeur-a-yaounde#article","isPartOf":{"@id":"https:\/\/www.africa-press.net\/cameroun\/politique\/cameroun-france-pourquoi-le-general-thierry-marchand-a-ete-nomme-ambassadeur-a-yaounde"},"author":{"name":"cfeditorfr","@id":"https:\/\/www.africa-press.net\/cameroun\/#\/schema\/person\/2b1cf3cd81a31e3cd26889ca66d677f1"},"headline":"Cameroun-France : pourquoi le g\u00e9n\u00e9ral Thierry Marchand a \u00e9t\u00e9 nomm\u00e9 ambassadeur \u00e0 Yaound\u00e9","datePublished":"2022-09-23T21:37:04+00:00","dateModified":"2022-09-23T22:10:30+00:00","mainEntityOfPage":{"@id":"https:\/\/www.africa-press.net\/cameroun\/politique\/cameroun-france-pourquoi-le-general-thierry-marchand-a-ete-nomme-ambassadeur-a-yaounde"},"wordCount":497,"commentCount":0,"image":{"@id":"https:\/\/www.africa-press.net\/cameroun\/politique\/cameroun-france-pourquoi-le-general-thierry-marchand-a-ete-nomme-ambassadeur-a-yaounde#primaryimage"},"thumbnailUrl":"https:\/\/static.africa-press.net\/cameroun\/sites\/57\/2022\/09\/postQueueImg_2-632e2eb6044d3.jpg","keywords":["Africa Press","Africa Press-Cameroun","Cameroun"],"articleSection":["Dossiers","Politique","Top Nouvelles","Toutes les actualit\u00e9s"],"inLanguage":"fr-FR","potentialAction":[{"@type":"CommentAction","name":"Comment","target":["https:\/\/www.africa-press.net\/cameroun\/politique\/cameroun-france-pourquoi-le-general-thierry-marchand-a-ete-nomme-ambassadeur-a-yaounde#respond"]}]},{"@type":"WebPage","@id":"https:\/\/www.africa-press.net\/cameroun\/politique\/cameroun-france-pourquoi-le-general-thierry-marchand-a-ete-nomme-ambassadeur-a-yaounde","url":"https:\/\/www.africa-press.net\/cameroun\/politique\/cameroun-france-pourquoi-le-general-thierry-marchand-a-ete-nomme-ambassadeur-a-yaounde","name":"Cameroun-France : pourquoi le g\u00e9n\u00e9ral Thierry Marchand a \u00e9t\u00e9 nomm\u00e9 ambassadeur \u00e0 Yaound\u00e9 - Cameroun","isPartOf":{"@id":"https:\/\/www.africa-press.net\/cameroun\/#website"},"primaryImageOfPage":{"@id":"https:\/\/www.africa-press.net\/cameroun\/politique\/cameroun-france-pourquoi-le-general-thierry-marchand-a-ete-nomme-ambassadeur-a-yaounde#primaryimage"},"image":{"@id":"https:\/\/www.africa-press.net\/cameroun\/politique\/cameroun-france-pourquoi-le-general-thierry-marchand-a-ete-nomme-ambassadeur-a-yaounde#primaryimage"},"thumbnailUrl":"https:\/\/static.africa-press.net\/cameroun\/sites\/57\/2022\/09\/postQueueImg_2-632e2eb6044d3.jpg","datePublished":"2022-09-23T21:37:04+00:00","dateModified":"2022-09-23T22:10:30+00:00","author":{"@id":"https:\/\/www.africa-press.net\/cameroun\/#\/schema\/person\/2b1cf3cd81a31e3cd26889ca66d677f1"},"description":"Attendu au de\u0301but d\u2019octobre a\u0300 Yaounde\u0301, le ge\u0301ne\u0301ral de corps d\u2019arme\u0301e Thierry Marchand a fait ses adieux aux armes lor ...","breadcrumb":{"@id":"https:\/\/www.africa-press.net\/cameroun\/politique\/cameroun-france-pourquoi-le-general-thierry-marchand-a-ete-nomme-ambassadeur-a-yaounde#breadcrumb"},"inLanguage":"fr-FR","potentialAction":[{"@type":"ReadAction","target":["https:\/\/www.africa-press.net\/cameroun\/politique\/cameroun-france-pourquoi-le-general-thierry-marchand-a-ete-nomme-ambassadeur-a-yaounde"]}]},{"@type":"ImageObject","inLanguage":"fr-FR","@id":"https:\/\/www.africa-press.net\/cameroun\/politique\/cameroun-france-pourquoi-le-general-thierry-marchand-a-ete-nomme-ambassadeur-a-yaounde#primaryimage","url":"https:\/\/static.africa-press.net\/cameroun\/sites\/57\/2022\/09\/postQueueImg_2-632e2eb6044d3.jpg","contentUrl":"https:\/\/static.africa-press.net\/cameroun\/sites\/57\/2022\/09\/postQueueImg_2-632e2eb6044d3.jpg","width":1256,"height":628,"caption":"Cameroun-France : pourquoi le g\u00e9n\u00e9ral Thierry Marchand a \u00e9t\u00e9 nomm\u00e9 ambassadeur \u00e0 Yaound\u00e9"},{"@type":"BreadcrumbList","@id":"https:\/\/www.africa-press.net\/cameroun\/politique\/cameroun-france-pourquoi-le-general-thierry-marchand-a-ete-nomme-ambassadeur-a-yaounde#breadcrumb","itemListElement":[{"@type":"ListItem","position":1,"name":"Accueil","item":"https:\/\/www.africa-press.net\/cameroun\/"},{"@type":"ListItem","position":2,"name":"Cameroun-France : pourquoi le g\u00e9n\u00e9ral Thierry Marchand a \u00e9t\u00e9 nomm\u00e9 ambassadeur \u00e0 Yaound\u00e9"}]},{"@type":"WebSite","@id":"https:\/\/www.africa-press.net\/cameroun\/#website","url":"https:\/\/www.africa-press.net\/cameroun\/","name":"Cameroun","description":"Just another Africa News Agency Sites site","potentialAction":[{"@type":"SearchAction","target":{"@type":"EntryPoint","urlTemplate":"https:\/\/www.africa-press.net\/cameroun\/?s={search_term_string}"},"query-input":{"@type":"PropertyValueSpecification","valueRequired":true,"valueName":"search_term_string"}}],"inLanguage":"fr-FR"},{"@type":"Person","@id":"https:\/\/www.africa-press.net\/cameroun\/#\/schema\/person\/2b1cf3cd81a31e3cd26889ca66d677f1","name":"cfeditorfr"}]}},"_links":{"self":[{"href":"https:\/\/www.africa-press.net\/cameroun\/wp-json\/wp\/v2\/posts\/28060","targetHints":{"allow":["GET"]}}],"collection":[{"href":"https:\/\/www.africa-press.net\/cameroun\/wp-json\/wp\/v2\/posts"}],"about":[{"href":"https:\/\/www.africa-press.net\/cameroun\/wp-json\/wp\/v2\/types\/post"}],"author":[{"embeddable":true,"href":"https:\/\/www.africa-press.net\/cameroun\/wp-json\/wp\/v2\/users\/82"}],"replies":[{"embeddable":true,"href":"https:\/\/www.africa-press.net\/cameroun\/wp-json\/wp\/v2\/comments?post=28060"}],"version-history":[{"count":0,"href":"https:\/\/www.africa-press.net\/cameroun\/wp-json\/wp\/v2\/posts\/28060\/revisions"}],"wp:featuredmedia":[{"embeddable":true,"href":"https:\/\/www.africa-press.net\/cameroun\/wp-json\/wp\/v2\/media\/28059"}],"wp:attachment":[{"href":"https:\/\/www.africa-press.net\/cameroun\/wp-json\/wp\/v2\/media?parent=28060"}],"wp:term":[{"taxonomy":"category","embeddable":true,"href":"https:\/\/www.africa-press.net\/cameroun\/wp-json\/wp\/v2\/categories?post=28060"},{"taxonomy":"post_tag","embeddable":true,"href":"https:\/\/www.africa-press.net\/cameroun\/wp-json\/wp\/v2\/tags?post=28060"}],"curies":[{"name":"wp","href":"https:\/\/api.w.org\/{rel}","templated":true}]}}