{"id":28073,"date":"2022-09-24T16:15:02","date_gmt":"2022-09-24T16:15:02","guid":{"rendered":"https:\/\/www.africa-press.net\/cameroun\/politique\/match-cameroun-ouzbekistan-samuel-etoo-fils-ne-nous-privons-pas-ne-nous-fermons-pas-nous-memes-les-portes"},"modified":"2022-09-24T16:15:02","modified_gmt":"2022-09-24T16:15:02","slug":"match-cameroun-ouzbekistan-samuel-etoo-fils-ne-nous-privons-pas-ne-nous-fermons-pas-nous-memes-les-portes","status":"publish","type":"post","link":"https:\/\/www.africa-press.net\/cameroun\/sports\/match-cameroun-ouzbekistan-samuel-etoo-fils-ne-nous-privons-pas-ne-nous-fermons-pas-nous-memes-les-portes","title":{"rendered":"Match Cameroun-Ouzb\u00e9kistan\/Samuel Eto\u2019o Fils: \u00abNe nous privons pas, ne nous fermons pas nous-m\u00eames les portes\u00bb"},"content":{"rendered":"<p><span style=\"color: #ff6600\"><strong>Africa-Press &#8211; Cameroun. <\/strong><\/span>Les Lions Indomptables ont perdu le premier de leurs deux matches de pre\u0301paration a\u0300 la Coupe du Monde Qatar 2022 pre\u0301vus en Core\u0301e du Sud. Leur de\u0301faite 0 but contre 2 en a surpris et franchement de\u0301c\u0327u plus d\u2019un. Parmi les re\u0301actions enregistre\u0301es, il y a celle du pre\u0301sident de la Fe\u0301de\u0301ration camerounaise de Football (FECAFOOT) Samuel Eto\u2019o Fils. Au micro des envoye\u0301s spe\u0301ciaux de la CRTV, l\u2019ancien footballeur s\u2019est montre\u0301 optimiste. Il espe\u0300re le re\u0301veil des Lions Indomptables lors de leur prochaine sortie. Il refuse de ce\u0301der au de\u0301couragement et croit a\u0300 une prestation honorable du Cameroun a\u0300 la prochaine Coupe du Monde.<\/p>\n<p>\u00ab Le plus important, c\u2019est le match du 27 (Septembre) qui se pre\u0301sente a\u0300 nous. Nous savons que ce sera difficile. Mais laissons au moins la Coupe du Monde e\u0301crire son histoire. Ne nous privons pas, ne nous fermons pas nous-me\u0302mes les portes en nous disant que nous allons la\u0300-bas juste pour passer 10-15 jours et revenir au Cameroun. J\u2019espe\u0300re que les dieux du football qui accompagnent souvent les re\u0301sultats seront des no\u0302tres et que nous essayerons de faire notre job \u00bb, a de\u0301clare\u0301 Eto\u2019o.<\/p>\n<p><strong>Pour plus d&rsquo;informations et d&rsquo;analyses sur la <a href=\"https:\/\/www.africa-press.net\/cameroun\">Cameroun<\/a>, suivez <a href=\"https:\/\/www.africa-press.net\/\">Africa-Press<\/a><\/strong><\/p>\n","protected":false},"excerpt":{"rendered":"<p>Africa-Press &#8211; Cameroun. Les Lions Indomptables ont perdu le premier de leurs deux matches de pre\u0301paration a\u0300 la Coupe du Monde Qatar 2022 pre\u0301vus en Core\u0301e du Sud. Leur de\u0301faite 0 but contre 2 en a surpris et franchement de\u0301c\u0327u plus d\u2019un. Parmi les re\u0301actions enregistre\u0301es, il y a celle du pre\u0301sident de la Fe\u0301de\u0301ration [&hellip;]<\/p>\n","protected":false},"author":82,"featured_media":28072,"comment_status":"open","ping_status":"closed","sticky":false,"template":"","format":"standard","meta":{"footnotes":""},"categories":[6,10],"tags":[36,50,49],"class_list":["post-28073","post","type-post","status-publish","format-standard","has-post-thumbnail","hentry","category-sports","category-toutes-les-actualites","tag-africa-press","tag-africa-press-cameroun","tag-cameroun"],"yoast_head":"<!-- This site is optimized with the Yoast SEO Premium plugin v26.1 (Yoast SEO v27.0) - https:\/\/yoast.com\/product\/yoast-seo-premium-wordpress\/ -->\n<title>Match Cameroun-Ouzb\u00e9kistan\/Samuel Eto\u2019o Fils: \u00abNe nous privons pas, ne nous fermons pas nous-m\u00eames les portes\u00bb - Cameroun<\/title>\n<meta name=\"robots\" content=\"index, follow, max-snippet:-1, max-image-preview:large, max-video-preview:-1\" \/>\n<link rel=\"canonical\" href=\"https:\/\/www.africa-press.net\/cameroun\/politique\/match-cameroun-ouzbekistan-samuel-etoo-fils-ne-nous-privons-pas-ne-nous-fermons-pas-nous-memes-les-portes\" \/>\n<meta property=\"og:locale\" content=\"fr_FR\" \/>\n<meta property=\"og:type\" content=\"article\" \/>\n<meta property=\"og:title\" content=\"Match Cameroun-Ouzb\u00e9kistan\/Samuel Eto\u2019o Fils: \u00abNe nous privons pas, ne nous fermons pas nous-m\u00eames les portes\u00bb\" \/>\n<meta property=\"og:description\" content=\"Africa-Press &#8211; Cameroun. Les Lions Indomptables ont perdu le premier de leurs deux matches de pre\u0301paration a\u0300 la Coupe du Monde Qatar 2022 pre\u0301vus en Core\u0301e du Sud. Leur de\u0301faite 0 but contre 2 en a surpris et franchement de\u0301c\u0327u plus d\u2019un. Parmi les re\u0301actions enregistre\u0301es, il y a celle du pre\u0301sident de la Fe\u0301de\u0301ration [&hellip;]\" \/>\n<meta property=\"og:url\" content=\"https:\/\/www.africa-press.net\/cameroun\/politique\/match-cameroun-ouzbekistan-samuel-etoo-fils-ne-nous-privons-pas-ne-nous-fermons-pas-nous-memes-les-portes\" \/>\n<meta property=\"og:site_name\" content=\"Cameroun\" \/>\n<meta property=\"article:published_time\" content=\"2022-09-24T16:15:02+00:00\" \/>\n<meta name=\"author\" content=\"cfeditorfr\" \/>\n<meta name=\"twitter:card\" content=\"summary_large_image\" \/>\n<meta name=\"twitter:label1\" content=\"\u00c9crit par\" \/>\n\t<meta name=\"twitter:data1\" content=\"cfeditorfr\" \/>\n\t<meta name=\"twitter:label2\" content=\"Dur\u00e9e de lecture estim\u00e9e\" \/>\n\t<meta name=\"twitter:data2\" content=\"1 minute\" \/>\n<script type=\"application\/ld+json\" class=\"yoast-schema-graph\">{\"@context\":\"https:\/\/schema.org\",\"@graph\":[{\"@type\":\"Article\",\"@id\":\"https:\/\/www.africa-press.net\/cameroun\/politique\/match-cameroun-ouzbekistan-samuel-etoo-fils-ne-nous-privons-pas-ne-nous-fermons-pas-nous-memes-les-portes#article\",\"isPartOf\":{\"@id\":\"https:\/\/www.africa-press.net\/cameroun\/politique\/match-cameroun-ouzbekistan-samuel-etoo-fils-ne-nous-privons-pas-ne-nous-fermons-pas-nous-memes-les-portes\"},\"author\":{\"name\":\"cfeditorfr\",\"@id\":\"https:\/\/www.africa-press.net\/cameroun\/#\/schema\/person\/2b1cf3cd81a31e3cd26889ca66d677f1\"},\"headline\":\"Match Cameroun-Ouzb\u00e9kistan\/Samuel Eto\u2019o Fils: \u00abNe nous privons pas, ne nous fermons pas nous-m\u00eames les portes\u00bb\",\"datePublished\":\"2022-09-24T16:15:02+00:00\",\"mainEntityOfPage\":{\"@id\":\"https:\/\/www.africa-press.net\/cameroun\/politique\/match-cameroun-ouzbekistan-samuel-etoo-fils-ne-nous-privons-pas-ne-nous-fermons-pas-nous-memes-les-portes\"},\"wordCount\":249,\"commentCount\":0,\"image\":{\"@id\":\"https:\/\/www.africa-press.net\/cameroun\/politique\/match-cameroun-ouzbekistan-samuel-etoo-fils-ne-nous-privons-pas-ne-nous-fermons-pas-nous-memes-les-portes#primaryimage\"},\"thumbnailUrl\":\"https:\/\/static.africa-press.net\/cameroun\/sites\/57\/2022\/09\/img-632f2ceaf0a20.jpg\",\"keywords\":[\"Africa Press\",\"Africa Press-Cameroun\",\"Cameroun\"],\"articleSection\":[\"Sports\",\"Toutes les actualit\u00e9s\"],\"inLanguage\":\"fr-FR\",\"potentialAction\":[{\"@type\":\"CommentAction\",\"name\":\"Comment\",\"target\":[\"https:\/\/www.africa-press.net\/cameroun\/politique\/match-cameroun-ouzbekistan-samuel-etoo-fils-ne-nous-privons-pas-ne-nous-fermons-pas-nous-memes-les-portes#respond\"]}]},{\"@type\":\"WebPage\",\"@id\":\"https:\/\/www.africa-press.net\/cameroun\/politique\/match-cameroun-ouzbekistan-samuel-etoo-fils-ne-nous-privons-pas-ne-nous-fermons-pas-nous-memes-les-portes\",\"url\":\"https:\/\/www.africa-press.net\/cameroun\/politique\/match-cameroun-ouzbekistan-samuel-etoo-fils-ne-nous-privons-pas-ne-nous-fermons-pas-nous-memes-les-portes\",\"name\":\"Match Cameroun-Ouzb\u00e9kistan\/Samuel Eto\u2019o Fils: \u00abNe nous privons pas, ne nous fermons pas nous-m\u00eames les portes\u00bb - Cameroun\",\"isPartOf\":{\"@id\":\"https:\/\/www.africa-press.net\/cameroun\/#website\"},\"primaryImageOfPage\":{\"@id\":\"https:\/\/www.africa-press.net\/cameroun\/politique\/match-cameroun-ouzbekistan-samuel-etoo-fils-ne-nous-privons-pas-ne-nous-fermons-pas-nous-memes-les-portes#primaryimage\"},\"image\":{\"@id\":\"https:\/\/www.africa-press.net\/cameroun\/politique\/match-cameroun-ouzbekistan-samuel-etoo-fils-ne-nous-privons-pas-ne-nous-fermons-pas-nous-memes-les-portes#primaryimage\"},\"thumbnailUrl\":\"https:\/\/static.africa-press.net\/cameroun\/sites\/57\/2022\/09\/img-632f2ceaf0a20.jpg\",\"datePublished\":\"2022-09-24T16:15:02+00:00\",\"author\":{\"@id\":\"https:\/\/www.africa-press.net\/cameroun\/#\/schema\/person\/2b1cf3cd81a31e3cd26889ca66d677f1\"},\"breadcrumb\":{\"@id\":\"https:\/\/www.africa-press.net\/cameroun\/politique\/match-cameroun-ouzbekistan-samuel-etoo-fils-ne-nous-privons-pas-ne-nous-fermons-pas-nous-memes-les-portes#breadcrumb\"},\"inLanguage\":\"fr-FR\",\"potentialAction\":[{\"@type\":\"ReadAction\",\"target\":[\"https:\/\/www.africa-press.net\/cameroun\/politique\/match-cameroun-ouzbekistan-samuel-etoo-fils-ne-nous-privons-pas-ne-nous-fermons-pas-nous-memes-les-portes\"]}]},{\"@type\":\"ImageObject\",\"inLanguage\":\"fr-FR\",\"@id\":\"https:\/\/www.africa-press.net\/cameroun\/politique\/match-cameroun-ouzbekistan-samuel-etoo-fils-ne-nous-privons-pas-ne-nous-fermons-pas-nous-memes-les-portes#primaryimage\",\"url\":\"https:\/\/static.africa-press.net\/cameroun\/sites\/57\/2022\/09\/img-632f2ceaf0a20.jpg\",\"contentUrl\":\"https:\/\/static.africa-press.net\/cameroun\/sites\/57\/2022\/09\/img-632f2ceaf0a20.jpg\",\"width\":800,\"height\":525,\"caption\":\"Match Cameroun-Ouzb\u00e9kistan\/Samuel Eto\u2019o Fils: \u00abNe nous privons pas, ne nous fermons pas nous-m\u00eames les portes\u00bb\"},{\"@type\":\"BreadcrumbList\",\"@id\":\"https:\/\/www.africa-press.net\/cameroun\/politique\/match-cameroun-ouzbekistan-samuel-etoo-fils-ne-nous-privons-pas-ne-nous-fermons-pas-nous-memes-les-portes#breadcrumb\",\"itemListElement\":[{\"@type\":\"ListItem\",\"position\":1,\"name\":\"Accueil\",\"item\":\"https:\/\/www.africa-press.net\/cameroun\/\"},{\"@type\":\"ListItem\",\"position\":2,\"name\":\"Match Cameroun-Ouzb\u00e9kistan\/Samuel Eto\u2019o Fils: \u00abNe nous privons pas, ne nous fermons pas nous-m\u00eames les portes\u00bb\"}]},{\"@type\":\"WebSite\",\"@id\":\"https:\/\/www.africa-press.net\/cameroun\/#website\",\"url\":\"https:\/\/www.africa-press.net\/cameroun\/\",\"name\":\"Cameroun\",\"description\":\"Just another Africa News Agency Sites site\",\"potentialAction\":[{\"@type\":\"SearchAction\",\"target\":{\"@type\":\"EntryPoint\",\"urlTemplate\":\"https:\/\/www.africa-press.net\/cameroun\/?s={search_term_string}\"},\"query-input\":{\"@type\":\"PropertyValueSpecification\",\"valueRequired\":true,\"valueName\":\"search_term_string\"}}],\"inLanguage\":\"fr-FR\"},{\"@type\":\"Person\",\"@id\":\"https:\/\/www.africa-press.net\/cameroun\/#\/schema\/person\/2b1cf3cd81a31e3cd26889ca66d677f1\",\"name\":\"cfeditorfr\"}]}<\/script>\n<!-- \/ Yoast SEO Premium plugin. -->","yoast_head_json":{"title":"Match Cameroun-Ouzb\u00e9kistan\/Samuel Eto\u2019o Fils: \u00abNe nous privons pas, ne nous fermons pas nous-m\u00eames les portes\u00bb - Cameroun","robots":{"index":"index","follow":"follow","max-snippet":"max-snippet:-1","max-image-preview":"max-image-preview:large","max-video-preview":"max-video-preview:-1"},"canonical":"https:\/\/www.africa-press.net\/cameroun\/politique\/match-cameroun-ouzbekistan-samuel-etoo-fils-ne-nous-privons-pas-ne-nous-fermons-pas-nous-memes-les-portes","og_locale":"fr_FR","og_type":"article","og_title":"Match Cameroun-Ouzb\u00e9kistan\/Samuel Eto\u2019o Fils: \u00abNe nous privons pas, ne nous fermons pas nous-m\u00eames les portes\u00bb","og_description":"Africa-Press &#8211; Cameroun. Les Lions Indomptables ont perdu le premier de leurs deux matches de pre\u0301paration a\u0300 la Coupe du Monde Qatar 2022 pre\u0301vus en Core\u0301e du Sud. Leur de\u0301faite 0 but contre 2 en a surpris et franchement de\u0301c\u0327u plus d\u2019un. Parmi les re\u0301actions enregistre\u0301es, il y a celle du pre\u0301sident de la Fe\u0301de\u0301ration [&hellip;]","og_url":"https:\/\/www.africa-press.net\/cameroun\/politique\/match-cameroun-ouzbekistan-samuel-etoo-fils-ne-nous-privons-pas-ne-nous-fermons-pas-nous-memes-les-portes","og_site_name":"Cameroun","article_published_time":"2022-09-24T16:15:02+00:00","author":"cfeditorfr","twitter_card":"summary_large_image","twitter_misc":{"\u00c9crit par":"cfeditorfr","Dur\u00e9e de lecture estim\u00e9e":"1 minute"},"schema":{"@context":"https:\/\/schema.org","@graph":[{"@type":"Article","@id":"https:\/\/www.africa-press.net\/cameroun\/politique\/match-cameroun-ouzbekistan-samuel-etoo-fils-ne-nous-privons-pas-ne-nous-fermons-pas-nous-memes-les-portes#article","isPartOf":{"@id":"https:\/\/www.africa-press.net\/cameroun\/politique\/match-cameroun-ouzbekistan-samuel-etoo-fils-ne-nous-privons-pas-ne-nous-fermons-pas-nous-memes-les-portes"},"author":{"name":"cfeditorfr","@id":"https:\/\/www.africa-press.net\/cameroun\/#\/schema\/person\/2b1cf3cd81a31e3cd26889ca66d677f1"},"headline":"Match Cameroun-Ouzb\u00e9kistan\/Samuel Eto\u2019o Fils: \u00abNe nous privons pas, ne nous fermons pas nous-m\u00eames les portes\u00bb","datePublished":"2022-09-24T16:15:02+00:00","mainEntityOfPage":{"@id":"https:\/\/www.africa-press.net\/cameroun\/politique\/match-cameroun-ouzbekistan-samuel-etoo-fils-ne-nous-privons-pas-ne-nous-fermons-pas-nous-memes-les-portes"},"wordCount":249,"commentCount":0,"image":{"@id":"https:\/\/www.africa-press.net\/cameroun\/politique\/match-cameroun-ouzbekistan-samuel-etoo-fils-ne-nous-privons-pas-ne-nous-fermons-pas-nous-memes-les-portes#primaryimage"},"thumbnailUrl":"https:\/\/static.africa-press.net\/cameroun\/sites\/57\/2022\/09\/img-632f2ceaf0a20.jpg","keywords":["Africa Press","Africa Press-Cameroun","Cameroun"],"articleSection":["Sports","Toutes les actualit\u00e9s"],"inLanguage":"fr-FR","potentialAction":[{"@type":"CommentAction","name":"Comment","target":["https:\/\/www.africa-press.net\/cameroun\/politique\/match-cameroun-ouzbekistan-samuel-etoo-fils-ne-nous-privons-pas-ne-nous-fermons-pas-nous-memes-les-portes#respond"]}]},{"@type":"WebPage","@id":"https:\/\/www.africa-press.net\/cameroun\/politique\/match-cameroun-ouzbekistan-samuel-etoo-fils-ne-nous-privons-pas-ne-nous-fermons-pas-nous-memes-les-portes","url":"https:\/\/www.africa-press.net\/cameroun\/politique\/match-cameroun-ouzbekistan-samuel-etoo-fils-ne-nous-privons-pas-ne-nous-fermons-pas-nous-memes-les-portes","name":"Match Cameroun-Ouzb\u00e9kistan\/Samuel Eto\u2019o Fils: \u00abNe nous privons pas, ne nous fermons pas nous-m\u00eames les portes\u00bb - Cameroun","isPartOf":{"@id":"https:\/\/www.africa-press.net\/cameroun\/#website"},"primaryImageOfPage":{"@id":"https:\/\/www.africa-press.net\/cameroun\/politique\/match-cameroun-ouzbekistan-samuel-etoo-fils-ne-nous-privons-pas-ne-nous-fermons-pas-nous-memes-les-portes#primaryimage"},"image":{"@id":"https:\/\/www.africa-press.net\/cameroun\/politique\/match-cameroun-ouzbekistan-samuel-etoo-fils-ne-nous-privons-pas-ne-nous-fermons-pas-nous-memes-les-portes#primaryimage"},"thumbnailUrl":"https:\/\/static.africa-press.net\/cameroun\/sites\/57\/2022\/09\/img-632f2ceaf0a20.jpg","datePublished":"2022-09-24T16:15:02+00:00","author":{"@id":"https:\/\/www.africa-press.net\/cameroun\/#\/schema\/person\/2b1cf3cd81a31e3cd26889ca66d677f1"},"breadcrumb":{"@id":"https:\/\/www.africa-press.net\/cameroun\/politique\/match-cameroun-ouzbekistan-samuel-etoo-fils-ne-nous-privons-pas-ne-nous-fermons-pas-nous-memes-les-portes#breadcrumb"},"inLanguage":"fr-FR","potentialAction":[{"@type":"ReadAction","target":["https:\/\/www.africa-press.net\/cameroun\/politique\/match-cameroun-ouzbekistan-samuel-etoo-fils-ne-nous-privons-pas-ne-nous-fermons-pas-nous-memes-les-portes"]}]},{"@type":"ImageObject","inLanguage":"fr-FR","@id":"https:\/\/www.africa-press.net\/cameroun\/politique\/match-cameroun-ouzbekistan-samuel-etoo-fils-ne-nous-privons-pas-ne-nous-fermons-pas-nous-memes-les-portes#primaryimage","url":"https:\/\/static.africa-press.net\/cameroun\/sites\/57\/2022\/09\/img-632f2ceaf0a20.jpg","contentUrl":"https:\/\/static.africa-press.net\/cameroun\/sites\/57\/2022\/09\/img-632f2ceaf0a20.jpg","width":800,"height":525,"caption":"Match Cameroun-Ouzb\u00e9kistan\/Samuel Eto\u2019o Fils: \u00abNe nous privons pas, ne nous fermons pas nous-m\u00eames les portes\u00bb"},{"@type":"BreadcrumbList","@id":"https:\/\/www.africa-press.net\/cameroun\/politique\/match-cameroun-ouzbekistan-samuel-etoo-fils-ne-nous-privons-pas-ne-nous-fermons-pas-nous-memes-les-portes#breadcrumb","itemListElement":[{"@type":"ListItem","position":1,"name":"Accueil","item":"https:\/\/www.africa-press.net\/cameroun\/"},{"@type":"ListItem","position":2,"name":"Match Cameroun-Ouzb\u00e9kistan\/Samuel Eto\u2019o Fils: \u00abNe nous privons pas, ne nous fermons pas nous-m\u00eames les portes\u00bb"}]},{"@type":"WebSite","@id":"https:\/\/www.africa-press.net\/cameroun\/#website","url":"https:\/\/www.africa-press.net\/cameroun\/","name":"Cameroun","description":"Just another Africa News Agency Sites site","potentialAction":[{"@type":"SearchAction","target":{"@type":"EntryPoint","urlTemplate":"https:\/\/www.africa-press.net\/cameroun\/?s={search_term_string}"},"query-input":{"@type":"PropertyValueSpecification","valueRequired":true,"valueName":"search_term_string"}}],"inLanguage":"fr-FR"},{"@type":"Person","@id":"https:\/\/www.africa-press.net\/cameroun\/#\/schema\/person\/2b1cf3cd81a31e3cd26889ca66d677f1","name":"cfeditorfr"}]}},"_links":{"self":[{"href":"https:\/\/www.africa-press.net\/cameroun\/wp-json\/wp\/v2\/posts\/28073","targetHints":{"allow":["GET"]}}],"collection":[{"href":"https:\/\/www.africa-press.net\/cameroun\/wp-json\/wp\/v2\/posts"}],"about":[{"href":"https:\/\/www.africa-press.net\/cameroun\/wp-json\/wp\/v2\/types\/post"}],"author":[{"embeddable":true,"href":"https:\/\/www.africa-press.net\/cameroun\/wp-json\/wp\/v2\/users\/82"}],"replies":[{"embeddable":true,"href":"https:\/\/www.africa-press.net\/cameroun\/wp-json\/wp\/v2\/comments?post=28073"}],"version-history":[{"count":0,"href":"https:\/\/www.africa-press.net\/cameroun\/wp-json\/wp\/v2\/posts\/28073\/revisions"}],"wp:featuredmedia":[{"embeddable":true,"href":"https:\/\/www.africa-press.net\/cameroun\/wp-json\/wp\/v2\/media\/28072"}],"wp:attachment":[{"href":"https:\/\/www.africa-press.net\/cameroun\/wp-json\/wp\/v2\/media?parent=28073"}],"wp:term":[{"taxonomy":"category","embeddable":true,"href":"https:\/\/www.africa-press.net\/cameroun\/wp-json\/wp\/v2\/categories?post=28073"},{"taxonomy":"post_tag","embeddable":true,"href":"https:\/\/www.africa-press.net\/cameroun\/wp-json\/wp\/v2\/tags?post=28073"}],"curies":[{"name":"wp","href":"https:\/\/api.w.org\/{rel}","templated":true}]}}