{"id":28093,"date":"2022-09-24T16:24:46","date_gmt":"2022-09-24T16:24:46","guid":{"rendered":"https:\/\/www.africa-press.net\/cameroun\/politique\/suspension-de-5-ans-et-amende-samuel-etoo-frappe-durement-jules-famawa"},"modified":"2022-09-24T16:48:33","modified_gmt":"2022-09-24T16:48:33","slug":"suspension-de-5-ans-et-amende-samuel-etoo-frappe-durement-jules-famawa","status":"publish","type":"post","link":"https:\/\/www.africa-press.net\/cameroun\/sports\/suspension-de-5-ans-et-amende-samuel-etoo-frappe-durement-jules-famawa","title":{"rendered":"Suspension de 5 ans et amende: Samuel Eto&rsquo;o frappe durement Jules Famawa"},"content":{"rendered":"<p><span style=\"color: #ff6600\"><strong>Africa-Press &#8211; Cameroun. <\/strong><\/span>La Fe\u0301de\u0301ration camerounais de Football a suspendu Jules Franc\u0327ois Famawa, pre\u0301sident Panthe\u0300re du Nde\u0301 de toute activite\u0301 lie\u0301e au football pendant 5 anne\u0301es.<\/p>\n<p>En dehors d&rsquo;une suspension des activite\u0301s lie\u0301es au football pendant 5 anne\u0301es, Jules Franc\u0327ois Famawa e\u0301choppe d&rsquo;une amende de 5 millions CFA. Ces sanctions lui ont e\u0301te\u0301 inflige\u0301es par la Fe\u0301cafoot, a\u0300 travers sa commission d&rsquo;homologation et de discipline.<\/p>\n<p>\u00ab\u00a0La commission d&rsquo;homologation et de discipline de la FECAFOOT suspend Jules Franc\u0327ois Famawa (pre\u0301sident Panthe\u0300re du Nde\u0301), les joueurs Kokolome Abat et Djembe Yannick pour cinq ans de toute activite\u0301 lie\u0301e au football ainsi que d\u2019une amende de 5000 000 de Francs CFA chacun. Le club, la Panthe\u0300re Sportive du Nde\u0301 est aussi rele\u0301gue\u0301 en deuxie\u0300me division, ceci en raison de leur culpabilite\u0301 ave\u0301re\u0301e dans la manipulation des matchs\u00a0\u00bb, apprend-on de la de\u0301cision de la Fe\u0301cafoot.<\/p>\n<p>Ce n&rsquo;est pas la premie\u0300re fois que Jules Franc\u0327ois Famawa a e\u0301te\u0301 suspendu par la Fe\u0301cafoot. En aou\u0302t dernier, il avait e\u0301te\u0301 suspendu pour 14 matchs. Il e\u0301tait alors reproche\u0301 au dirigeant des infractions aux re\u0300gles de base de la de\u0301cence, insulte d\u2019une personne physique, comportement portant atteinte a\u0300 l\u2019image du football, provocation des spectateurs, comportement antisportif et intimidation d\u2019un officiel de match.<\/p>\n<p><strong>Pour plus d&rsquo;informations et d&rsquo;analyses sur la <a href=\"https:\/\/www.africa-press.net\/cameroun\">Cameroun<\/a>, suivez <a href=\"https:\/\/www.africa-press.net\/\">Africa-Press<\/a><\/strong><\/p>\n","protected":false},"excerpt":{"rendered":"<p>Africa-Press &#8211; Cameroun. La Fe\u0301de\u0301ration camerounais de Football a suspendu Jules Franc\u0327ois Famawa, pre\u0301sident Panthe\u0300re du Nde\u0301 de toute activite\u0301 lie\u0301e au football pendant 5 anne\u0301es. En dehors d&rsquo;une suspension des activite\u0301s lie\u0301es au football pendant 5 anne\u0301es, Jules Franc\u0327ois Famawa e\u0301choppe d&rsquo;une amende de 5 millions CFA. Ces sanctions lui ont e\u0301te\u0301 inflige\u0301es par [&hellip;]<\/p>\n","protected":false},"author":82,"featured_media":28092,"comment_status":"open","ping_status":"closed","sticky":false,"template":"","format":"standard","meta":{"footnotes":""},"categories":[6,10],"tags":[36,50,49],"class_list":["post-28093","post","type-post","status-publish","format-standard","has-post-thumbnail","hentry","category-sports","category-toutes-les-actualites","tag-africa-press","tag-africa-press-cameroun","tag-cameroun"],"yoast_head":"<!-- This site is optimized with the Yoast SEO Premium plugin v26.1 (Yoast SEO v27.0) - https:\/\/yoast.com\/product\/yoast-seo-premium-wordpress\/ -->\n<title>Suspension de 5 ans et amende: Samuel Eto&#039;o frappe durement Jules Famawa - Cameroun<\/title>\n<meta name=\"description\" content=\"La Fe\u0301de\u0301ration camerounais de Football a suspendu Jules Franc\u0327ois Famawa, pre\u0301sident Panthe\u0300re du Nde\u0301 de toute activit ...\" \/>\n<meta name=\"robots\" content=\"index, follow, max-snippet:-1, max-image-preview:large, max-video-preview:-1\" \/>\n<link rel=\"canonical\" href=\"https:\/\/www.africa-press.net\/cameroun\/sports\/suspension-de-5-ans-et-amende-samuel-etoo-frappe-durement-jules-famawa\" \/>\n<meta property=\"og:locale\" content=\"fr_FR\" \/>\n<meta property=\"og:type\" content=\"article\" \/>\n<meta property=\"og:title\" content=\"Suspension de 5 ans et amende: Samuel Eto&#039;o frappe durement Jules Famawa\" \/>\n<meta property=\"og:description\" content=\"La Fe\u0301de\u0301ration camerounais de Football a suspendu Jules Franc\u0327ois Famawa, pre\u0301sident Panthe\u0300re du Nde\u0301 de toute activit ...\" \/>\n<meta property=\"og:url\" content=\"https:\/\/www.africa-press.net\/cameroun\/sports\/suspension-de-5-ans-et-amende-samuel-etoo-frappe-durement-jules-famawa\" \/>\n<meta property=\"og:site_name\" content=\"Cameroun\" \/>\n<meta property=\"article:published_time\" content=\"2022-09-24T16:24:46+00:00\" \/>\n<meta property=\"article:modified_time\" content=\"2022-09-24T16:48:33+00:00\" \/>\n<meta property=\"og:image\" content=\"https:\/\/static.africa-press.net\/cameroun\/sites\/57\/2022\/09\/postQueueImg_4-632f34b62fc91.jpg\" \/>\n\t<meta property=\"og:image:width\" content=\"600\" \/>\n\t<meta property=\"og:image:height\" content=\"300\" \/>\n\t<meta property=\"og:image:type\" content=\"image\/jpeg\" \/>\n<meta name=\"author\" content=\"cfeditorfr\" \/>\n<meta name=\"twitter:card\" content=\"summary_large_image\" \/>\n<meta name=\"twitter:label1\" content=\"\u00c9crit par\" \/>\n\t<meta name=\"twitter:data1\" content=\"cfeditorfr\" \/>\n\t<meta name=\"twitter:label2\" content=\"Dur\u00e9e de lecture estim\u00e9e\" \/>\n\t<meta name=\"twitter:data2\" content=\"2 minutes\" \/>\n<script type=\"application\/ld+json\" class=\"yoast-schema-graph\">{\"@context\":\"https:\/\/schema.org\",\"@graph\":[{\"@type\":\"Article\",\"@id\":\"https:\/\/www.africa-press.net\/cameroun\/sports\/suspension-de-5-ans-et-amende-samuel-etoo-frappe-durement-jules-famawa#article\",\"isPartOf\":{\"@id\":\"https:\/\/www.africa-press.net\/cameroun\/sports\/suspension-de-5-ans-et-amende-samuel-etoo-frappe-durement-jules-famawa\"},\"author\":{\"name\":\"cfeditorfr\",\"@id\":\"https:\/\/www.africa-press.net\/cameroun\/#\/schema\/person\/2b1cf3cd81a31e3cd26889ca66d677f1\"},\"headline\":\"Suspension de 5 ans et amende: Samuel Eto&rsquo;o frappe durement Jules Famawa\",\"datePublished\":\"2022-09-24T16:24:46+00:00\",\"dateModified\":\"2022-09-24T16:48:33+00:00\",\"mainEntityOfPage\":{\"@id\":\"https:\/\/www.africa-press.net\/cameroun\/sports\/suspension-de-5-ans-et-amende-samuel-etoo-frappe-durement-jules-famawa\"},\"wordCount\":266,\"commentCount\":0,\"image\":{\"@id\":\"https:\/\/www.africa-press.net\/cameroun\/sports\/suspension-de-5-ans-et-amende-samuel-etoo-frappe-durement-jules-famawa#primaryimage\"},\"thumbnailUrl\":\"https:\/\/static.africa-press.net\/cameroun\/sites\/57\/2022\/09\/postQueueImg_4-632f34b62fc91.jpg\",\"keywords\":[\"Africa Press\",\"Africa Press-Cameroun\",\"Cameroun\"],\"articleSection\":[\"Sports\",\"Toutes les actualit\u00e9s\"],\"inLanguage\":\"fr-FR\",\"potentialAction\":[{\"@type\":\"CommentAction\",\"name\":\"Comment\",\"target\":[\"https:\/\/www.africa-press.net\/cameroun\/sports\/suspension-de-5-ans-et-amende-samuel-etoo-frappe-durement-jules-famawa#respond\"]}]},{\"@type\":\"WebPage\",\"@id\":\"https:\/\/www.africa-press.net\/cameroun\/sports\/suspension-de-5-ans-et-amende-samuel-etoo-frappe-durement-jules-famawa\",\"url\":\"https:\/\/www.africa-press.net\/cameroun\/sports\/suspension-de-5-ans-et-amende-samuel-etoo-frappe-durement-jules-famawa\",\"name\":\"Suspension de 5 ans et amende: Samuel Eto'o frappe durement Jules Famawa - Cameroun\",\"isPartOf\":{\"@id\":\"https:\/\/www.africa-press.net\/cameroun\/#website\"},\"primaryImageOfPage\":{\"@id\":\"https:\/\/www.africa-press.net\/cameroun\/sports\/suspension-de-5-ans-et-amende-samuel-etoo-frappe-durement-jules-famawa#primaryimage\"},\"image\":{\"@id\":\"https:\/\/www.africa-press.net\/cameroun\/sports\/suspension-de-5-ans-et-amende-samuel-etoo-frappe-durement-jules-famawa#primaryimage\"},\"thumbnailUrl\":\"https:\/\/static.africa-press.net\/cameroun\/sites\/57\/2022\/09\/postQueueImg_4-632f34b62fc91.jpg\",\"datePublished\":\"2022-09-24T16:24:46+00:00\",\"dateModified\":\"2022-09-24T16:48:33+00:00\",\"author\":{\"@id\":\"https:\/\/www.africa-press.net\/cameroun\/#\/schema\/person\/2b1cf3cd81a31e3cd26889ca66d677f1\"},\"description\":\"La Fe\u0301de\u0301ration camerounais de Football a suspendu Jules Franc\u0327ois Famawa, pre\u0301sident Panthe\u0300re du Nde\u0301 de toute activit ...\",\"breadcrumb\":{\"@id\":\"https:\/\/www.africa-press.net\/cameroun\/sports\/suspension-de-5-ans-et-amende-samuel-etoo-frappe-durement-jules-famawa#breadcrumb\"},\"inLanguage\":\"fr-FR\",\"potentialAction\":[{\"@type\":\"ReadAction\",\"target\":[\"https:\/\/www.africa-press.net\/cameroun\/sports\/suspension-de-5-ans-et-amende-samuel-etoo-frappe-durement-jules-famawa\"]}]},{\"@type\":\"ImageObject\",\"inLanguage\":\"fr-FR\",\"@id\":\"https:\/\/www.africa-press.net\/cameroun\/sports\/suspension-de-5-ans-et-amende-samuel-etoo-frappe-durement-jules-famawa#primaryimage\",\"url\":\"https:\/\/static.africa-press.net\/cameroun\/sites\/57\/2022\/09\/postQueueImg_4-632f34b62fc91.jpg\",\"contentUrl\":\"https:\/\/static.africa-press.net\/cameroun\/sites\/57\/2022\/09\/postQueueImg_4-632f34b62fc91.jpg\",\"width\":600,\"height\":300,\"caption\":\"Suspension de 5 ans et amende: Samuel Eto'o frappe durement Jules Famawa\"},{\"@type\":\"BreadcrumbList\",\"@id\":\"https:\/\/www.africa-press.net\/cameroun\/sports\/suspension-de-5-ans-et-amende-samuel-etoo-frappe-durement-jules-famawa#breadcrumb\",\"itemListElement\":[{\"@type\":\"ListItem\",\"position\":1,\"name\":\"Accueil\",\"item\":\"https:\/\/www.africa-press.net\/cameroun\/\"},{\"@type\":\"ListItem\",\"position\":2,\"name\":\"Suspension de 5 ans et amende: Samuel Eto&#8217;o frappe durement Jules Famawa\"}]},{\"@type\":\"WebSite\",\"@id\":\"https:\/\/www.africa-press.net\/cameroun\/#website\",\"url\":\"https:\/\/www.africa-press.net\/cameroun\/\",\"name\":\"Cameroun\",\"description\":\"Just another Africa News Agency Sites site\",\"potentialAction\":[{\"@type\":\"SearchAction\",\"target\":{\"@type\":\"EntryPoint\",\"urlTemplate\":\"https:\/\/www.africa-press.net\/cameroun\/?s={search_term_string}\"},\"query-input\":{\"@type\":\"PropertyValueSpecification\",\"valueRequired\":true,\"valueName\":\"search_term_string\"}}],\"inLanguage\":\"fr-FR\"},{\"@type\":\"Person\",\"@id\":\"https:\/\/www.africa-press.net\/cameroun\/#\/schema\/person\/2b1cf3cd81a31e3cd26889ca66d677f1\",\"name\":\"cfeditorfr\"}]}<\/script>\n<!-- \/ Yoast SEO Premium plugin. -->","yoast_head_json":{"title":"Suspension de 5 ans et amende: Samuel Eto'o frappe durement Jules Famawa - Cameroun","description":"La Fe\u0301de\u0301ration camerounais de Football a suspendu Jules Franc\u0327ois Famawa, pre\u0301sident Panthe\u0300re du Nde\u0301 de toute activit ...","robots":{"index":"index","follow":"follow","max-snippet":"max-snippet:-1","max-image-preview":"max-image-preview:large","max-video-preview":"max-video-preview:-1"},"canonical":"https:\/\/www.africa-press.net\/cameroun\/sports\/suspension-de-5-ans-et-amende-samuel-etoo-frappe-durement-jules-famawa","og_locale":"fr_FR","og_type":"article","og_title":"Suspension de 5 ans et amende: Samuel Eto'o frappe durement Jules Famawa","og_description":"La Fe\u0301de\u0301ration camerounais de Football a suspendu Jules Franc\u0327ois Famawa, pre\u0301sident Panthe\u0300re du Nde\u0301 de toute activit ...","og_url":"https:\/\/www.africa-press.net\/cameroun\/sports\/suspension-de-5-ans-et-amende-samuel-etoo-frappe-durement-jules-famawa","og_site_name":"Cameroun","article_published_time":"2022-09-24T16:24:46+00:00","article_modified_time":"2022-09-24T16:48:33+00:00","og_image":[{"width":600,"height":300,"url":"https:\/\/static.africa-press.net\/cameroun\/sites\/57\/2022\/09\/postQueueImg_4-632f34b62fc91.jpg","type":"image\/jpeg"}],"author":"cfeditorfr","twitter_card":"summary_large_image","twitter_misc":{"\u00c9crit par":"cfeditorfr","Dur\u00e9e de lecture estim\u00e9e":"2 minutes"},"schema":{"@context":"https:\/\/schema.org","@graph":[{"@type":"Article","@id":"https:\/\/www.africa-press.net\/cameroun\/sports\/suspension-de-5-ans-et-amende-samuel-etoo-frappe-durement-jules-famawa#article","isPartOf":{"@id":"https:\/\/www.africa-press.net\/cameroun\/sports\/suspension-de-5-ans-et-amende-samuel-etoo-frappe-durement-jules-famawa"},"author":{"name":"cfeditorfr","@id":"https:\/\/www.africa-press.net\/cameroun\/#\/schema\/person\/2b1cf3cd81a31e3cd26889ca66d677f1"},"headline":"Suspension de 5 ans et amende: Samuel Eto&rsquo;o frappe durement Jules Famawa","datePublished":"2022-09-24T16:24:46+00:00","dateModified":"2022-09-24T16:48:33+00:00","mainEntityOfPage":{"@id":"https:\/\/www.africa-press.net\/cameroun\/sports\/suspension-de-5-ans-et-amende-samuel-etoo-frappe-durement-jules-famawa"},"wordCount":266,"commentCount":0,"image":{"@id":"https:\/\/www.africa-press.net\/cameroun\/sports\/suspension-de-5-ans-et-amende-samuel-etoo-frappe-durement-jules-famawa#primaryimage"},"thumbnailUrl":"https:\/\/static.africa-press.net\/cameroun\/sites\/57\/2022\/09\/postQueueImg_4-632f34b62fc91.jpg","keywords":["Africa Press","Africa Press-Cameroun","Cameroun"],"articleSection":["Sports","Toutes les actualit\u00e9s"],"inLanguage":"fr-FR","potentialAction":[{"@type":"CommentAction","name":"Comment","target":["https:\/\/www.africa-press.net\/cameroun\/sports\/suspension-de-5-ans-et-amende-samuel-etoo-frappe-durement-jules-famawa#respond"]}]},{"@type":"WebPage","@id":"https:\/\/www.africa-press.net\/cameroun\/sports\/suspension-de-5-ans-et-amende-samuel-etoo-frappe-durement-jules-famawa","url":"https:\/\/www.africa-press.net\/cameroun\/sports\/suspension-de-5-ans-et-amende-samuel-etoo-frappe-durement-jules-famawa","name":"Suspension de 5 ans et amende: Samuel Eto'o frappe durement Jules Famawa - Cameroun","isPartOf":{"@id":"https:\/\/www.africa-press.net\/cameroun\/#website"},"primaryImageOfPage":{"@id":"https:\/\/www.africa-press.net\/cameroun\/sports\/suspension-de-5-ans-et-amende-samuel-etoo-frappe-durement-jules-famawa#primaryimage"},"image":{"@id":"https:\/\/www.africa-press.net\/cameroun\/sports\/suspension-de-5-ans-et-amende-samuel-etoo-frappe-durement-jules-famawa#primaryimage"},"thumbnailUrl":"https:\/\/static.africa-press.net\/cameroun\/sites\/57\/2022\/09\/postQueueImg_4-632f34b62fc91.jpg","datePublished":"2022-09-24T16:24:46+00:00","dateModified":"2022-09-24T16:48:33+00:00","author":{"@id":"https:\/\/www.africa-press.net\/cameroun\/#\/schema\/person\/2b1cf3cd81a31e3cd26889ca66d677f1"},"description":"La Fe\u0301de\u0301ration camerounais de Football a suspendu Jules Franc\u0327ois Famawa, pre\u0301sident Panthe\u0300re du Nde\u0301 de toute activit ...","breadcrumb":{"@id":"https:\/\/www.africa-press.net\/cameroun\/sports\/suspension-de-5-ans-et-amende-samuel-etoo-frappe-durement-jules-famawa#breadcrumb"},"inLanguage":"fr-FR","potentialAction":[{"@type":"ReadAction","target":["https:\/\/www.africa-press.net\/cameroun\/sports\/suspension-de-5-ans-et-amende-samuel-etoo-frappe-durement-jules-famawa"]}]},{"@type":"ImageObject","inLanguage":"fr-FR","@id":"https:\/\/www.africa-press.net\/cameroun\/sports\/suspension-de-5-ans-et-amende-samuel-etoo-frappe-durement-jules-famawa#primaryimage","url":"https:\/\/static.africa-press.net\/cameroun\/sites\/57\/2022\/09\/postQueueImg_4-632f34b62fc91.jpg","contentUrl":"https:\/\/static.africa-press.net\/cameroun\/sites\/57\/2022\/09\/postQueueImg_4-632f34b62fc91.jpg","width":600,"height":300,"caption":"Suspension de 5 ans et amende: Samuel Eto'o frappe durement Jules Famawa"},{"@type":"BreadcrumbList","@id":"https:\/\/www.africa-press.net\/cameroun\/sports\/suspension-de-5-ans-et-amende-samuel-etoo-frappe-durement-jules-famawa#breadcrumb","itemListElement":[{"@type":"ListItem","position":1,"name":"Accueil","item":"https:\/\/www.africa-press.net\/cameroun\/"},{"@type":"ListItem","position":2,"name":"Suspension de 5 ans et amende: Samuel Eto&#8217;o frappe durement Jules Famawa"}]},{"@type":"WebSite","@id":"https:\/\/www.africa-press.net\/cameroun\/#website","url":"https:\/\/www.africa-press.net\/cameroun\/","name":"Cameroun","description":"Just another Africa News Agency Sites site","potentialAction":[{"@type":"SearchAction","target":{"@type":"EntryPoint","urlTemplate":"https:\/\/www.africa-press.net\/cameroun\/?s={search_term_string}"},"query-input":{"@type":"PropertyValueSpecification","valueRequired":true,"valueName":"search_term_string"}}],"inLanguage":"fr-FR"},{"@type":"Person","@id":"https:\/\/www.africa-press.net\/cameroun\/#\/schema\/person\/2b1cf3cd81a31e3cd26889ca66d677f1","name":"cfeditorfr"}]}},"_links":{"self":[{"href":"https:\/\/www.africa-press.net\/cameroun\/wp-json\/wp\/v2\/posts\/28093","targetHints":{"allow":["GET"]}}],"collection":[{"href":"https:\/\/www.africa-press.net\/cameroun\/wp-json\/wp\/v2\/posts"}],"about":[{"href":"https:\/\/www.africa-press.net\/cameroun\/wp-json\/wp\/v2\/types\/post"}],"author":[{"embeddable":true,"href":"https:\/\/www.africa-press.net\/cameroun\/wp-json\/wp\/v2\/users\/82"}],"replies":[{"embeddable":true,"href":"https:\/\/www.africa-press.net\/cameroun\/wp-json\/wp\/v2\/comments?post=28093"}],"version-history":[{"count":0,"href":"https:\/\/www.africa-press.net\/cameroun\/wp-json\/wp\/v2\/posts\/28093\/revisions"}],"wp:featuredmedia":[{"embeddable":true,"href":"https:\/\/www.africa-press.net\/cameroun\/wp-json\/wp\/v2\/media\/28092"}],"wp:attachment":[{"href":"https:\/\/www.africa-press.net\/cameroun\/wp-json\/wp\/v2\/media?parent=28093"}],"wp:term":[{"taxonomy":"category","embeddable":true,"href":"https:\/\/www.africa-press.net\/cameroun\/wp-json\/wp\/v2\/categories?post=28093"},{"taxonomy":"post_tag","embeddable":true,"href":"https:\/\/www.africa-press.net\/cameroun\/wp-json\/wp\/v2\/tags?post=28093"}],"curies":[{"name":"wp","href":"https:\/\/api.w.org\/{rel}","templated":true}]}}