{"id":28102,"date":"2022-09-25T16:08:48","date_gmt":"2022-09-25T16:08:48","guid":{"rendered":"https:\/\/www.africa-press.net\/cameroun\/politique\/diplomatie-christophe-guilhou-ambassadeur-de-france-sortant-la-nomination-du-general-marchand-na-pas-dinfluence-sur-la-relation-strategique-entre-la-france-et-le-cameroun"},"modified":"2022-09-25T16:09:13","modified_gmt":"2022-09-25T16:09:13","slug":"diplomatie-christophe-guilhou-ambassadeur-de-france-sortant-la-nomination-du-general-marchand-na-pas-dinfluence-sur-la-relation-strategique-entre-la-france-et-le-cameroun","status":"publish","type":"post","link":"https:\/\/www.africa-press.net\/cameroun\/politique\/diplomatie-christophe-guilhou-ambassadeur-de-france-sortant-la-nomination-du-general-marchand-na-pas-dinfluence-sur-la-relation-strategique-entre-la-france-et-le-cameroun","title":{"rendered":"Diplomatie\/Christophe Guilhou (Ambassadeur de France sortant): \u00abLa nomination du G\u00e9n\u00e9ral Marchand n\u2019a pas d\u2019influence sur la relation strat\u00e9gique entre la France et le Cameroun\u00bb (Vid\u00e9o)"},"content":{"rendered":"<p><span style=\"color: #ff6600\"><strong>Africa-Press &#8211; Cameroun. <\/strong><\/span>La France a un nouvel homme fort au Cameroun. Il s\u2019agit du Ge\u0301ne\u0301ral Thierry Marchand, dont le nom a e\u0301te\u0301 de\u0301voile\u0301 au pre\u0301sident Paul Biya par son homologue Emmanuel Macron lors de sa visite au Cameroun au mois de juillet dernier. Il va remplacer a\u0300 cette fonction son compatriote Christophe Guilhou, arrive\u0301 en fin de se\u0301jour. Ce dernier est d\u2019ailleurs en train de faire la ronde de quelques administrations camerounaises pour faire ses adieux a\u0300 certains ministres de la Re\u0301publique.<\/p>\n<p>Il a en outre accorde\u0301 un entretien a\u0300 la Cameroon Radio Television (CRTV), lequel sera diffuse\u0301 dans l\u2019apre\u0300s-midi de ce dimanche 25 septembre 2022, et dans laquelle il revient sur la nomination du Ge\u0301ne\u0301ral Thierry Marchand, un militaire, dont la pre\u0301sence au Cameroun est mal perc\u0327ue par certains politiques. C\u2019est le cas du premier secre\u0301taire du Parti Uni pour la Re\u0301novation Sociale (PURS), Serge Espoir Matomba, qui estime qu\u2019avec cette nomination, la France pre\u0301pare une guerre au Cameroun dans la perspective d\u2019une bataille de succession e\u0301ventuelle au pouvoir.<\/p>\n<p>Pour Christophe Guilhou, cette nomination n\u2019a rien de strate\u0301gique, et ne devra pas influencer, pas plus qu\u2019avant, le cours des relations entre le Cameroun et la France.<\/p>\n<p>\u00ab Mon successeur, comme moi, est au service des orientations, des directives qui seront donne\u0301es par le pre\u0301sident de la Re\u0301publique, quel que soit son parcours pre\u0301ce\u0301dent. Nous mettons en \u0153uvre des instructions qui sont de\u0301cide\u0301es par Paris. Cela n\u2019a rien a\u0300 voir avec son profil. Cela ne change en rien les orientations, qui ont e\u0301te\u0301 fixe\u0301es d\u2019ailleurs par le pre\u0301sident de la Re\u0301publique Emmanuel Macron lors de sa visite officielle. Donc, cela n\u2019a pas d\u2019influence sur la relation strate\u0301gique entre le France et le Cameroun \u00bb, a de\u0301clare\u0301 l\u2019ambassadeur de France sortant dans un extrait de cette e\u0301mission diffuse\u0301 sur les re\u0301seaux sociaux.<\/p>\n<p><b>Voici un exntrait de l\u2019entretien de Christophe Guilhou a\u0300 la CRTV :<\/b><\/p>\n<p><strong>Pour plus d&rsquo;informations et d&rsquo;analyses sur la <a href=\"https:\/\/www.africa-press.net\/cameroun\">Cameroun<\/a>, suivez <a href=\"https:\/\/www.africa-press.net\/\">Africa-Press<\/a><\/strong><\/p>\n","protected":false},"excerpt":{"rendered":"<p>Africa-Press &#8211; Cameroun. La France a un nouvel homme fort au Cameroun. Il s\u2019agit du Ge\u0301ne\u0301ral Thierry Marchand, dont le nom a e\u0301te\u0301 de\u0301voile\u0301 au pre\u0301sident Paul Biya par son homologue Emmanuel Macron lors de sa visite au Cameroun au mois de juillet dernier. Il va remplacer a\u0300 cette fonction son compatriote Christophe Guilhou, arrive\u0301 [&hellip;]<\/p>\n","protected":false},"author":82,"featured_media":28101,"comment_status":"open","ping_status":"closed","sticky":false,"template":"","format":"standard","meta":{"footnotes":""},"categories":[2,10],"tags":[36,50,49],"class_list":["post-28102","post","type-post","status-publish","format-standard","has-post-thumbnail","hentry","category-politique","category-toutes-les-actualites","tag-africa-press","tag-africa-press-cameroun","tag-cameroun"],"yoast_head":"<!-- This site is optimized with the Yoast SEO Premium plugin v26.1 (Yoast SEO v27.0) - https:\/\/yoast.com\/product\/yoast-seo-premium-wordpress\/ -->\n<title>Diplomatie\/Christophe Guilhou (Ambassadeur de France sortant): \u00abLa nomination du G\u00e9n\u00e9ral Marchand n\u2019a pas d\u2019influence sur la relation strat\u00e9gique entre la France et le Cameroun\u00bb (Vid\u00e9o) - Cameroun<\/title>\n<meta name=\"description\" content=\"La France a un nouvel homme fort au Cameroun. Il s\u2019agit du Ge\u0301ne\u0301ral Thierry Marchand, dont le nom a e\u0301te\u0301 de\u0301voile\u0301 au ...\" \/>\n<meta name=\"robots\" content=\"index, follow, max-snippet:-1, max-image-preview:large, max-video-preview:-1\" \/>\n<link rel=\"canonical\" href=\"https:\/\/www.africa-press.net\/cameroun\/politique\/diplomatie-christophe-guilhou-ambassadeur-de-france-sortant-la-nomination-du-general-marchand-na-pas-dinfluence-sur-la-relation-strategique-entre-la-france-et-le-cameroun\" \/>\n<meta property=\"og:locale\" content=\"fr_FR\" \/>\n<meta property=\"og:type\" content=\"article\" \/>\n<meta property=\"og:title\" content=\"Diplomatie\/Christophe Guilhou (Ambassadeur de France sortant): \u00abLa nomination du G\u00e9n\u00e9ral Marchand n\u2019a pas d\u2019influence sur la relation strat\u00e9gique entre la France et le Cameroun\u00bb (Vid\u00e9o)\" \/>\n<meta property=\"og:description\" content=\"La France a un nouvel homme fort au Cameroun. Il s\u2019agit du Ge\u0301ne\u0301ral Thierry Marchand, dont le nom a e\u0301te\u0301 de\u0301voile\u0301 au ...\" \/>\n<meta property=\"og:url\" content=\"https:\/\/www.africa-press.net\/cameroun\/politique\/diplomatie-christophe-guilhou-ambassadeur-de-france-sortant-la-nomination-du-general-marchand-na-pas-dinfluence-sur-la-relation-strategique-entre-la-france-et-le-cameroun\" \/>\n<meta property=\"og:site_name\" content=\"Cameroun\" \/>\n<meta property=\"article:published_time\" content=\"2022-09-25T16:08:48+00:00\" \/>\n<meta property=\"article:modified_time\" content=\"2022-09-25T16:09:13+00:00\" \/>\n<meta property=\"og:image\" content=\"https:\/\/static.africa-press.net\/cameroun\/sites\/57\/2022\/09\/img-63307d00be474.jpg\" \/>\n\t<meta property=\"og:image:width\" content=\"800\" \/>\n\t<meta property=\"og:image:height\" content=\"585\" \/>\n\t<meta property=\"og:image:type\" content=\"image\/jpeg\" \/>\n<meta name=\"author\" content=\"cfeditorfr\" \/>\n<meta name=\"twitter:card\" content=\"summary_large_image\" \/>\n<meta name=\"twitter:label1\" content=\"\u00c9crit par\" \/>\n\t<meta name=\"twitter:data1\" content=\"cfeditorfr\" \/>\n\t<meta name=\"twitter:label2\" content=\"Dur\u00e9e de lecture estim\u00e9e\" \/>\n\t<meta name=\"twitter:data2\" content=\"2 minutes\" \/>\n<script type=\"application\/ld+json\" class=\"yoast-schema-graph\">{\"@context\":\"https:\/\/schema.org\",\"@graph\":[{\"@type\":\"Article\",\"@id\":\"https:\/\/www.africa-press.net\/cameroun\/politique\/diplomatie-christophe-guilhou-ambassadeur-de-france-sortant-la-nomination-du-general-marchand-na-pas-dinfluence-sur-la-relation-strategique-entre-la-france-et-le-cameroun#article\",\"isPartOf\":{\"@id\":\"https:\/\/www.africa-press.net\/cameroun\/politique\/diplomatie-christophe-guilhou-ambassadeur-de-france-sortant-la-nomination-du-general-marchand-na-pas-dinfluence-sur-la-relation-strategique-entre-la-france-et-le-cameroun\"},\"author\":{\"name\":\"cfeditorfr\",\"@id\":\"https:\/\/www.africa-press.net\/cameroun\/#\/schema\/person\/2b1cf3cd81a31e3cd26889ca66d677f1\"},\"headline\":\"Diplomatie\/Christophe Guilhou (Ambassadeur de France sortant): \u00abLa nomination du G\u00e9n\u00e9ral Marchand n\u2019a pas d\u2019influence sur la relation strat\u00e9gique entre la France et le Cameroun\u00bb (Vid\u00e9o)\",\"datePublished\":\"2022-09-25T16:08:48+00:00\",\"dateModified\":\"2022-09-25T16:09:13+00:00\",\"mainEntityOfPage\":{\"@id\":\"https:\/\/www.africa-press.net\/cameroun\/politique\/diplomatie-christophe-guilhou-ambassadeur-de-france-sortant-la-nomination-du-general-marchand-na-pas-dinfluence-sur-la-relation-strategique-entre-la-france-et-le-cameroun\"},\"wordCount\":399,\"commentCount\":0,\"image\":{\"@id\":\"https:\/\/www.africa-press.net\/cameroun\/politique\/diplomatie-christophe-guilhou-ambassadeur-de-france-sortant-la-nomination-du-general-marchand-na-pas-dinfluence-sur-la-relation-strategique-entre-la-france-et-le-cameroun#primaryimage\"},\"thumbnailUrl\":\"https:\/\/static.africa-press.net\/cameroun\/sites\/57\/2022\/09\/img-63307d00be474.jpg\",\"keywords\":[\"Africa Press\",\"Africa Press-Cameroun\",\"Cameroun\"],\"articleSection\":[\"Politique\",\"Toutes les actualit\u00e9s\"],\"inLanguage\":\"fr-FR\",\"potentialAction\":[{\"@type\":\"CommentAction\",\"name\":\"Comment\",\"target\":[\"https:\/\/www.africa-press.net\/cameroun\/politique\/diplomatie-christophe-guilhou-ambassadeur-de-france-sortant-la-nomination-du-general-marchand-na-pas-dinfluence-sur-la-relation-strategique-entre-la-france-et-le-cameroun#respond\"]}]},{\"@type\":\"WebPage\",\"@id\":\"https:\/\/www.africa-press.net\/cameroun\/politique\/diplomatie-christophe-guilhou-ambassadeur-de-france-sortant-la-nomination-du-general-marchand-na-pas-dinfluence-sur-la-relation-strategique-entre-la-france-et-le-cameroun\",\"url\":\"https:\/\/www.africa-press.net\/cameroun\/politique\/diplomatie-christophe-guilhou-ambassadeur-de-france-sortant-la-nomination-du-general-marchand-na-pas-dinfluence-sur-la-relation-strategique-entre-la-france-et-le-cameroun\",\"name\":\"Diplomatie\/Christophe Guilhou (Ambassadeur de France sortant): \u00abLa nomination du G\u00e9n\u00e9ral Marchand n\u2019a pas d\u2019influence sur la relation strat\u00e9gique entre la France et le Cameroun\u00bb (Vid\u00e9o) - Cameroun\",\"isPartOf\":{\"@id\":\"https:\/\/www.africa-press.net\/cameroun\/#website\"},\"primaryImageOfPage\":{\"@id\":\"https:\/\/www.africa-press.net\/cameroun\/politique\/diplomatie-christophe-guilhou-ambassadeur-de-france-sortant-la-nomination-du-general-marchand-na-pas-dinfluence-sur-la-relation-strategique-entre-la-france-et-le-cameroun#primaryimage\"},\"image\":{\"@id\":\"https:\/\/www.africa-press.net\/cameroun\/politique\/diplomatie-christophe-guilhou-ambassadeur-de-france-sortant-la-nomination-du-general-marchand-na-pas-dinfluence-sur-la-relation-strategique-entre-la-france-et-le-cameroun#primaryimage\"},\"thumbnailUrl\":\"https:\/\/static.africa-press.net\/cameroun\/sites\/57\/2022\/09\/img-63307d00be474.jpg\",\"datePublished\":\"2022-09-25T16:08:48+00:00\",\"dateModified\":\"2022-09-25T16:09:13+00:00\",\"author\":{\"@id\":\"https:\/\/www.africa-press.net\/cameroun\/#\/schema\/person\/2b1cf3cd81a31e3cd26889ca66d677f1\"},\"description\":\"La France a un nouvel homme fort au Cameroun. Il s\u2019agit du Ge\u0301ne\u0301ral Thierry Marchand, dont le nom a e\u0301te\u0301 de\u0301voile\u0301 au ...\",\"breadcrumb\":{\"@id\":\"https:\/\/www.africa-press.net\/cameroun\/politique\/diplomatie-christophe-guilhou-ambassadeur-de-france-sortant-la-nomination-du-general-marchand-na-pas-dinfluence-sur-la-relation-strategique-entre-la-france-et-le-cameroun#breadcrumb\"},\"inLanguage\":\"fr-FR\",\"potentialAction\":[{\"@type\":\"ReadAction\",\"target\":[\"https:\/\/www.africa-press.net\/cameroun\/politique\/diplomatie-christophe-guilhou-ambassadeur-de-france-sortant-la-nomination-du-general-marchand-na-pas-dinfluence-sur-la-relation-strategique-entre-la-france-et-le-cameroun\"]}]},{\"@type\":\"ImageObject\",\"inLanguage\":\"fr-FR\",\"@id\":\"https:\/\/www.africa-press.net\/cameroun\/politique\/diplomatie-christophe-guilhou-ambassadeur-de-france-sortant-la-nomination-du-general-marchand-na-pas-dinfluence-sur-la-relation-strategique-entre-la-france-et-le-cameroun#primaryimage\",\"url\":\"https:\/\/static.africa-press.net\/cameroun\/sites\/57\/2022\/09\/img-63307d00be474.jpg\",\"contentUrl\":\"https:\/\/static.africa-press.net\/cameroun\/sites\/57\/2022\/09\/img-63307d00be474.jpg\",\"width\":800,\"height\":585,\"caption\":\"Diplomatie\/Christophe Guilhou (Ambassadeur de France sortant): \u00abLa nomination du G\u00e9n\u00e9ral Marchand n\u2019a pas d\u2019influence sur la relation strat\u00e9gique entre la France et le Cameroun\u00bb (Vid\u00e9o)\"},{\"@type\":\"BreadcrumbList\",\"@id\":\"https:\/\/www.africa-press.net\/cameroun\/politique\/diplomatie-christophe-guilhou-ambassadeur-de-france-sortant-la-nomination-du-general-marchand-na-pas-dinfluence-sur-la-relation-strategique-entre-la-france-et-le-cameroun#breadcrumb\",\"itemListElement\":[{\"@type\":\"ListItem\",\"position\":1,\"name\":\"Accueil\",\"item\":\"https:\/\/www.africa-press.net\/cameroun\/\"},{\"@type\":\"ListItem\",\"position\":2,\"name\":\"Diplomatie\/Christophe Guilhou (Ambassadeur de France sortant): \u00abLa nomination du G\u00e9n\u00e9ral Marchand n\u2019a pas d\u2019influence sur la relation strat\u00e9gique entre la France et le Cameroun\u00bb (Vid\u00e9o)\"}]},{\"@type\":\"WebSite\",\"@id\":\"https:\/\/www.africa-press.net\/cameroun\/#website\",\"url\":\"https:\/\/www.africa-press.net\/cameroun\/\",\"name\":\"Cameroun\",\"description\":\"Just another Africa News Agency Sites site\",\"potentialAction\":[{\"@type\":\"SearchAction\",\"target\":{\"@type\":\"EntryPoint\",\"urlTemplate\":\"https:\/\/www.africa-press.net\/cameroun\/?s={search_term_string}\"},\"query-input\":{\"@type\":\"PropertyValueSpecification\",\"valueRequired\":true,\"valueName\":\"search_term_string\"}}],\"inLanguage\":\"fr-FR\"},{\"@type\":\"Person\",\"@id\":\"https:\/\/www.africa-press.net\/cameroun\/#\/schema\/person\/2b1cf3cd81a31e3cd26889ca66d677f1\",\"name\":\"cfeditorfr\"}]}<\/script>\n<!-- \/ Yoast SEO Premium plugin. -->","yoast_head_json":{"title":"Diplomatie\/Christophe Guilhou (Ambassadeur de France sortant): \u00abLa nomination du G\u00e9n\u00e9ral Marchand n\u2019a pas d\u2019influence sur la relation strat\u00e9gique entre la France et le Cameroun\u00bb (Vid\u00e9o) - Cameroun","description":"La France a un nouvel homme fort au Cameroun. Il s\u2019agit du Ge\u0301ne\u0301ral Thierry Marchand, dont le nom a e\u0301te\u0301 de\u0301voile\u0301 au ...","robots":{"index":"index","follow":"follow","max-snippet":"max-snippet:-1","max-image-preview":"max-image-preview:large","max-video-preview":"max-video-preview:-1"},"canonical":"https:\/\/www.africa-press.net\/cameroun\/politique\/diplomatie-christophe-guilhou-ambassadeur-de-france-sortant-la-nomination-du-general-marchand-na-pas-dinfluence-sur-la-relation-strategique-entre-la-france-et-le-cameroun","og_locale":"fr_FR","og_type":"article","og_title":"Diplomatie\/Christophe Guilhou (Ambassadeur de France sortant): \u00abLa nomination du G\u00e9n\u00e9ral Marchand n\u2019a pas d\u2019influence sur la relation strat\u00e9gique entre la France et le Cameroun\u00bb (Vid\u00e9o)","og_description":"La France a un nouvel homme fort au Cameroun. Il s\u2019agit du Ge\u0301ne\u0301ral Thierry Marchand, dont le nom a e\u0301te\u0301 de\u0301voile\u0301 au ...","og_url":"https:\/\/www.africa-press.net\/cameroun\/politique\/diplomatie-christophe-guilhou-ambassadeur-de-france-sortant-la-nomination-du-general-marchand-na-pas-dinfluence-sur-la-relation-strategique-entre-la-france-et-le-cameroun","og_site_name":"Cameroun","article_published_time":"2022-09-25T16:08:48+00:00","article_modified_time":"2022-09-25T16:09:13+00:00","og_image":[{"width":800,"height":585,"url":"https:\/\/static.africa-press.net\/cameroun\/sites\/57\/2022\/09\/img-63307d00be474.jpg","type":"image\/jpeg"}],"author":"cfeditorfr","twitter_card":"summary_large_image","twitter_misc":{"\u00c9crit par":"cfeditorfr","Dur\u00e9e de lecture estim\u00e9e":"2 minutes"},"schema":{"@context":"https:\/\/schema.org","@graph":[{"@type":"Article","@id":"https:\/\/www.africa-press.net\/cameroun\/politique\/diplomatie-christophe-guilhou-ambassadeur-de-france-sortant-la-nomination-du-general-marchand-na-pas-dinfluence-sur-la-relation-strategique-entre-la-france-et-le-cameroun#article","isPartOf":{"@id":"https:\/\/www.africa-press.net\/cameroun\/politique\/diplomatie-christophe-guilhou-ambassadeur-de-france-sortant-la-nomination-du-general-marchand-na-pas-dinfluence-sur-la-relation-strategique-entre-la-france-et-le-cameroun"},"author":{"name":"cfeditorfr","@id":"https:\/\/www.africa-press.net\/cameroun\/#\/schema\/person\/2b1cf3cd81a31e3cd26889ca66d677f1"},"headline":"Diplomatie\/Christophe Guilhou (Ambassadeur de France sortant): \u00abLa nomination du G\u00e9n\u00e9ral Marchand n\u2019a pas d\u2019influence sur la relation strat\u00e9gique entre la France et le Cameroun\u00bb (Vid\u00e9o)","datePublished":"2022-09-25T16:08:48+00:00","dateModified":"2022-09-25T16:09:13+00:00","mainEntityOfPage":{"@id":"https:\/\/www.africa-press.net\/cameroun\/politique\/diplomatie-christophe-guilhou-ambassadeur-de-france-sortant-la-nomination-du-general-marchand-na-pas-dinfluence-sur-la-relation-strategique-entre-la-france-et-le-cameroun"},"wordCount":399,"commentCount":0,"image":{"@id":"https:\/\/www.africa-press.net\/cameroun\/politique\/diplomatie-christophe-guilhou-ambassadeur-de-france-sortant-la-nomination-du-general-marchand-na-pas-dinfluence-sur-la-relation-strategique-entre-la-france-et-le-cameroun#primaryimage"},"thumbnailUrl":"https:\/\/static.africa-press.net\/cameroun\/sites\/57\/2022\/09\/img-63307d00be474.jpg","keywords":["Africa Press","Africa Press-Cameroun","Cameroun"],"articleSection":["Politique","Toutes les actualit\u00e9s"],"inLanguage":"fr-FR","potentialAction":[{"@type":"CommentAction","name":"Comment","target":["https:\/\/www.africa-press.net\/cameroun\/politique\/diplomatie-christophe-guilhou-ambassadeur-de-france-sortant-la-nomination-du-general-marchand-na-pas-dinfluence-sur-la-relation-strategique-entre-la-france-et-le-cameroun#respond"]}]},{"@type":"WebPage","@id":"https:\/\/www.africa-press.net\/cameroun\/politique\/diplomatie-christophe-guilhou-ambassadeur-de-france-sortant-la-nomination-du-general-marchand-na-pas-dinfluence-sur-la-relation-strategique-entre-la-france-et-le-cameroun","url":"https:\/\/www.africa-press.net\/cameroun\/politique\/diplomatie-christophe-guilhou-ambassadeur-de-france-sortant-la-nomination-du-general-marchand-na-pas-dinfluence-sur-la-relation-strategique-entre-la-france-et-le-cameroun","name":"Diplomatie\/Christophe Guilhou (Ambassadeur de France sortant): \u00abLa nomination du G\u00e9n\u00e9ral Marchand n\u2019a pas d\u2019influence sur la relation strat\u00e9gique entre la France et le Cameroun\u00bb (Vid\u00e9o) - Cameroun","isPartOf":{"@id":"https:\/\/www.africa-press.net\/cameroun\/#website"},"primaryImageOfPage":{"@id":"https:\/\/www.africa-press.net\/cameroun\/politique\/diplomatie-christophe-guilhou-ambassadeur-de-france-sortant-la-nomination-du-general-marchand-na-pas-dinfluence-sur-la-relation-strategique-entre-la-france-et-le-cameroun#primaryimage"},"image":{"@id":"https:\/\/www.africa-press.net\/cameroun\/politique\/diplomatie-christophe-guilhou-ambassadeur-de-france-sortant-la-nomination-du-general-marchand-na-pas-dinfluence-sur-la-relation-strategique-entre-la-france-et-le-cameroun#primaryimage"},"thumbnailUrl":"https:\/\/static.africa-press.net\/cameroun\/sites\/57\/2022\/09\/img-63307d00be474.jpg","datePublished":"2022-09-25T16:08:48+00:00","dateModified":"2022-09-25T16:09:13+00:00","author":{"@id":"https:\/\/www.africa-press.net\/cameroun\/#\/schema\/person\/2b1cf3cd81a31e3cd26889ca66d677f1"},"description":"La France a un nouvel homme fort au Cameroun. Il s\u2019agit du Ge\u0301ne\u0301ral Thierry Marchand, dont le nom a e\u0301te\u0301 de\u0301voile\u0301 au ...","breadcrumb":{"@id":"https:\/\/www.africa-press.net\/cameroun\/politique\/diplomatie-christophe-guilhou-ambassadeur-de-france-sortant-la-nomination-du-general-marchand-na-pas-dinfluence-sur-la-relation-strategique-entre-la-france-et-le-cameroun#breadcrumb"},"inLanguage":"fr-FR","potentialAction":[{"@type":"ReadAction","target":["https:\/\/www.africa-press.net\/cameroun\/politique\/diplomatie-christophe-guilhou-ambassadeur-de-france-sortant-la-nomination-du-general-marchand-na-pas-dinfluence-sur-la-relation-strategique-entre-la-france-et-le-cameroun"]}]},{"@type":"ImageObject","inLanguage":"fr-FR","@id":"https:\/\/www.africa-press.net\/cameroun\/politique\/diplomatie-christophe-guilhou-ambassadeur-de-france-sortant-la-nomination-du-general-marchand-na-pas-dinfluence-sur-la-relation-strategique-entre-la-france-et-le-cameroun#primaryimage","url":"https:\/\/static.africa-press.net\/cameroun\/sites\/57\/2022\/09\/img-63307d00be474.jpg","contentUrl":"https:\/\/static.africa-press.net\/cameroun\/sites\/57\/2022\/09\/img-63307d00be474.jpg","width":800,"height":585,"caption":"Diplomatie\/Christophe Guilhou (Ambassadeur de France sortant): \u00abLa nomination du G\u00e9n\u00e9ral Marchand n\u2019a pas d\u2019influence sur la relation strat\u00e9gique entre la France et le Cameroun\u00bb (Vid\u00e9o)"},{"@type":"BreadcrumbList","@id":"https:\/\/www.africa-press.net\/cameroun\/politique\/diplomatie-christophe-guilhou-ambassadeur-de-france-sortant-la-nomination-du-general-marchand-na-pas-dinfluence-sur-la-relation-strategique-entre-la-france-et-le-cameroun#breadcrumb","itemListElement":[{"@type":"ListItem","position":1,"name":"Accueil","item":"https:\/\/www.africa-press.net\/cameroun\/"},{"@type":"ListItem","position":2,"name":"Diplomatie\/Christophe Guilhou (Ambassadeur de France sortant): \u00abLa nomination du G\u00e9n\u00e9ral Marchand n\u2019a pas d\u2019influence sur la relation strat\u00e9gique entre la France et le Cameroun\u00bb (Vid\u00e9o)"}]},{"@type":"WebSite","@id":"https:\/\/www.africa-press.net\/cameroun\/#website","url":"https:\/\/www.africa-press.net\/cameroun\/","name":"Cameroun","description":"Just another Africa News Agency Sites site","potentialAction":[{"@type":"SearchAction","target":{"@type":"EntryPoint","urlTemplate":"https:\/\/www.africa-press.net\/cameroun\/?s={search_term_string}"},"query-input":{"@type":"PropertyValueSpecification","valueRequired":true,"valueName":"search_term_string"}}],"inLanguage":"fr-FR"},{"@type":"Person","@id":"https:\/\/www.africa-press.net\/cameroun\/#\/schema\/person\/2b1cf3cd81a31e3cd26889ca66d677f1","name":"cfeditorfr"}]}},"_links":{"self":[{"href":"https:\/\/www.africa-press.net\/cameroun\/wp-json\/wp\/v2\/posts\/28102","targetHints":{"allow":["GET"]}}],"collection":[{"href":"https:\/\/www.africa-press.net\/cameroun\/wp-json\/wp\/v2\/posts"}],"about":[{"href":"https:\/\/www.africa-press.net\/cameroun\/wp-json\/wp\/v2\/types\/post"}],"author":[{"embeddable":true,"href":"https:\/\/www.africa-press.net\/cameroun\/wp-json\/wp\/v2\/users\/82"}],"replies":[{"embeddable":true,"href":"https:\/\/www.africa-press.net\/cameroun\/wp-json\/wp\/v2\/comments?post=28102"}],"version-history":[{"count":0,"href":"https:\/\/www.africa-press.net\/cameroun\/wp-json\/wp\/v2\/posts\/28102\/revisions"}],"wp:featuredmedia":[{"embeddable":true,"href":"https:\/\/www.africa-press.net\/cameroun\/wp-json\/wp\/v2\/media\/28101"}],"wp:attachment":[{"href":"https:\/\/www.africa-press.net\/cameroun\/wp-json\/wp\/v2\/media?parent=28102"}],"wp:term":[{"taxonomy":"category","embeddable":true,"href":"https:\/\/www.africa-press.net\/cameroun\/wp-json\/wp\/v2\/categories?post=28102"},{"taxonomy":"post_tag","embeddable":true,"href":"https:\/\/www.africa-press.net\/cameroun\/wp-json\/wp\/v2\/tags?post=28102"}],"curies":[{"name":"wp","href":"https:\/\/api.w.org\/{rel}","templated":true}]}}