{"id":28105,"date":"2022-09-25T13:18:29","date_gmt":"2022-09-25T13:18:29","guid":{"rendered":"https:\/\/www.africa-press.net\/cameroun\/politique\/double-nationalite-au-plus-fort-de-laffaire-noah-etoo-la-romanciere-calixte-beyala-denonce-le-racisme-primaire"},"modified":"2022-09-25T16:09:52","modified_gmt":"2022-09-25T16:09:52","slug":"double-nationalite-au-plus-fort-de-laffaire-noah-etoo-la-romanciere-calixte-beyala-denonce-le-racisme-primaire","status":"publish","type":"post","link":"https:\/\/www.africa-press.net\/cameroun\/sports\/double-nationalite-au-plus-fort-de-laffaire-noah-etoo-la-romanciere-calixte-beyala-denonce-le-racisme-primaire","title":{"rendered":"Double nationalit\u00e9: Au plus fort de l\u2019affaire Noah-Eto\u2019o, la\u00a0romanci\u00e8re Calixte Beyala d\u00e9nonce \u00able racisme primaire\u00bb"},"content":{"rendered":"<p><span style=\"color: #ff6600\"><strong>Africa-Press &#8211; Cameroun. <\/strong><\/span>Elle n\u2019est pas alle\u0301e au fond de la pole\u0301mique sur le Coq sportif qui divise les ce\u0301le\u0301brite\u0301s du football Samuel Eto\u2019o Fils, pre\u0301sident de la Fe\u0301de\u0301ration Camerounaise de Football (FECAFOOT), et la star plane\u0301taire du tennis franc\u0327ais Yannick Noah, toutes lie\u0301s au Cameroun par le droit de la terre et par la filiation. Mais la romancie\u0300re Calixte Beyala a re\u0301serve\u0301 une re\u0301ponse cinglante aux fanatiques des deux personnalite\u0301s, en l\u2019occurrence ceux de Samuel Eto\u2019o, qui agitent son appartenance originelle a\u0300 sa me\u0300re-patrie le Cameroun, pour psalmodier son patriotisme depuis qu\u2019il a de\u0301cide\u0301 d\u2019e\u0301carter le Coq sportif comme e\u0301quipementier des Lions indomptables, tout en de\u0301niant a\u0300 l\u2019autre sa \u00ab camerounite\u0301 \u00bb, pour avoir choisi de de\u0301fendre les couleurs de la France au de\u0301triment du Cameroun, et de ne se souvenir qu\u2019au cre\u0301puscule de sa vie qu\u2019il pourrait voler a\u0300 son secours. Patriotisme qui lui est conteste\u0301.<\/p>\n<p>Pour la romancie\u0300re Calixte Beyala donc, le de\u0301bat de\u0301place\u0301 sur le terrain de la double nationalite\u0301 est un serpent de mer car, nombre de ces personnalite\u0301s africaines \u00ab d\u2019origine \u00bb qui sont adule\u0301es sur le continent ont acquis d\u2019autres nationalite\u0301s. \u00ab Quelques rappels a\u0300 ceux qui veulent faire dans le rejet de l&rsquo;autre : Nathalie Yamb est suissesse ; Noah est franc\u0327ais ; Eto&rsquo;o est espagnol ; Kemi Sebah est franc\u0327ais ; Enonchong est ame\u0301ricaine, Mongo Beti e\u0301tait franc\u0327ais, je suis franc\u0327aise et je pourrais ainsi citer ceux qui de\u0301fendent l&rsquo;honneur du continent Africain qui sont des occidentaux jusqu&rsquo;a\u0300 l&rsquo;infini \u00bb, a de\u0301clare\u0301 l\u2019auteure de \u00ab Femme nue, femme noire \u00bb, samedi 24 septembre 2022 sur son compte Facebook. Elle de\u0301nonce par ailleurs une sorte de racisme a\u0300 l\u2019africaine, qu\u2019elle qualifie de \u00ab racisme primaire \u00bb, qui tend a\u0300 devenir un sujet central dans les de\u0301bats, alors qu\u2019il est subsidiaire au de\u0301veloppement de l\u2019Afrique recherche\u0301 par toutes ces personnalite\u0301s.<\/p>\n<p><strong>Pour plus d&rsquo;informations et d&rsquo;analyses sur la <a href=\"https:\/\/www.africa-press.net\/cameroun\">Cameroun<\/a>, suivez <a href=\"https:\/\/www.africa-press.net\/\">Africa-Press<\/a><\/strong><\/p>\n","protected":false},"excerpt":{"rendered":"<p>Africa-Press &#8211; Cameroun. Elle n\u2019est pas alle\u0301e au fond de la pole\u0301mique sur le Coq sportif qui divise les ce\u0301le\u0301brite\u0301s du football Samuel Eto\u2019o Fils, pre\u0301sident de la Fe\u0301de\u0301ration Camerounaise de Football (FECAFOOT), et la star plane\u0301taire du tennis franc\u0327ais Yannick Noah, toutes lie\u0301s au Cameroun par le droit de la terre et par la [&hellip;]<\/p>\n","protected":false},"author":82,"featured_media":28104,"comment_status":"open","ping_status":"closed","sticky":false,"template":"","format":"standard","meta":{"footnotes":""},"categories":[6,10],"tags":[36,50,49],"class_list":["post-28105","post","type-post","status-publish","format-standard","has-post-thumbnail","hentry","category-sports","category-toutes-les-actualites","tag-africa-press","tag-africa-press-cameroun","tag-cameroun"],"yoast_head":"<!-- This site is optimized with the Yoast SEO Premium plugin v26.1 (Yoast SEO v27.0) - https:\/\/yoast.com\/product\/yoast-seo-premium-wordpress\/ -->\n<title>Double nationalit\u00e9: Au plus fort de l\u2019affaire Noah-Eto\u2019o, la\u00a0romanci\u00e8re Calixte Beyala d\u00e9nonce \u00able racisme primaire\u00bb - Cameroun<\/title>\n<meta name=\"description\" content=\"Elle n\u2019est pas alle\u0301e au fond de la pole\u0301mique sur le Coq sportif qui divise les ce\u0301le\u0301brite\u0301s du football Samuel Eto\u2019o ...\" \/>\n<meta name=\"robots\" content=\"index, follow, max-snippet:-1, max-image-preview:large, max-video-preview:-1\" \/>\n<link rel=\"canonical\" href=\"https:\/\/www.africa-press.net\/cameroun\/sports\/double-nationalite-au-plus-fort-de-laffaire-noah-etoo-la-romanciere-calixte-beyala-denonce-le-racisme-primaire\" \/>\n<meta property=\"og:locale\" content=\"fr_FR\" \/>\n<meta property=\"og:type\" content=\"article\" \/>\n<meta property=\"og:title\" content=\"Double nationalit\u00e9: Au plus fort de l\u2019affaire Noah-Eto\u2019o, la\u00a0romanci\u00e8re Calixte Beyala d\u00e9nonce \u00able racisme primaire\u00bb\" \/>\n<meta property=\"og:description\" content=\"Elle n\u2019est pas alle\u0301e au fond de la pole\u0301mique sur le Coq sportif qui divise les ce\u0301le\u0301brite\u0301s du football Samuel Eto\u2019o ...\" \/>\n<meta property=\"og:url\" content=\"https:\/\/www.africa-press.net\/cameroun\/sports\/double-nationalite-au-plus-fort-de-laffaire-noah-etoo-la-romanciere-calixte-beyala-denonce-le-racisme-primaire\" \/>\n<meta property=\"og:site_name\" content=\"Cameroun\" \/>\n<meta property=\"article:published_time\" content=\"2022-09-25T13:18:29+00:00\" \/>\n<meta property=\"article:modified_time\" content=\"2022-09-25T16:09:52+00:00\" \/>\n<meta property=\"og:image\" content=\"https:\/\/static.africa-press.net\/cameroun\/sites\/57\/2022\/09\/img-63307d33135a1.jpg\" \/>\n\t<meta property=\"og:image:width\" content=\"800\" \/>\n\t<meta property=\"og:image:height\" content=\"537\" \/>\n\t<meta property=\"og:image:type\" content=\"image\/jpeg\" \/>\n<meta name=\"author\" content=\"cfeditorfr\" \/>\n<meta name=\"twitter:card\" content=\"summary_large_image\" \/>\n<meta name=\"twitter:label1\" content=\"\u00c9crit par\" \/>\n\t<meta name=\"twitter:data1\" content=\"cfeditorfr\" \/>\n\t<meta name=\"twitter:label2\" content=\"Dur\u00e9e de lecture estim\u00e9e\" \/>\n\t<meta name=\"twitter:data2\" content=\"2 minutes\" \/>\n<script type=\"application\/ld+json\" class=\"yoast-schema-graph\">{\"@context\":\"https:\/\/schema.org\",\"@graph\":[{\"@type\":\"Article\",\"@id\":\"https:\/\/www.africa-press.net\/cameroun\/sports\/double-nationalite-au-plus-fort-de-laffaire-noah-etoo-la-romanciere-calixte-beyala-denonce-le-racisme-primaire#article\",\"isPartOf\":{\"@id\":\"https:\/\/www.africa-press.net\/cameroun\/sports\/double-nationalite-au-plus-fort-de-laffaire-noah-etoo-la-romanciere-calixte-beyala-denonce-le-racisme-primaire\"},\"author\":{\"name\":\"cfeditorfr\",\"@id\":\"https:\/\/www.africa-press.net\/cameroun\/#\/schema\/person\/2b1cf3cd81a31e3cd26889ca66d677f1\"},\"headline\":\"Double nationalit\u00e9: Au plus fort de l\u2019affaire Noah-Eto\u2019o, la\u00a0romanci\u00e8re Calixte Beyala d\u00e9nonce \u00able racisme primaire\u00bb\",\"datePublished\":\"2022-09-25T13:18:29+00:00\",\"dateModified\":\"2022-09-25T16:09:52+00:00\",\"mainEntityOfPage\":{\"@id\":\"https:\/\/www.africa-press.net\/cameroun\/sports\/double-nationalite-au-plus-fort-de-laffaire-noah-etoo-la-romanciere-calixte-beyala-denonce-le-racisme-primaire\"},\"wordCount\":384,\"commentCount\":0,\"image\":{\"@id\":\"https:\/\/www.africa-press.net\/cameroun\/sports\/double-nationalite-au-plus-fort-de-laffaire-noah-etoo-la-romanciere-calixte-beyala-denonce-le-racisme-primaire#primaryimage\"},\"thumbnailUrl\":\"https:\/\/static.africa-press.net\/cameroun\/sites\/57\/2022\/09\/img-63307d33135a1.jpg\",\"keywords\":[\"Africa Press\",\"Africa Press-Cameroun\",\"Cameroun\"],\"articleSection\":[\"Sports\",\"Toutes les actualit\u00e9s\"],\"inLanguage\":\"fr-FR\",\"potentialAction\":[{\"@type\":\"CommentAction\",\"name\":\"Comment\",\"target\":[\"https:\/\/www.africa-press.net\/cameroun\/sports\/double-nationalite-au-plus-fort-de-laffaire-noah-etoo-la-romanciere-calixte-beyala-denonce-le-racisme-primaire#respond\"]}]},{\"@type\":\"WebPage\",\"@id\":\"https:\/\/www.africa-press.net\/cameroun\/sports\/double-nationalite-au-plus-fort-de-laffaire-noah-etoo-la-romanciere-calixte-beyala-denonce-le-racisme-primaire\",\"url\":\"https:\/\/www.africa-press.net\/cameroun\/sports\/double-nationalite-au-plus-fort-de-laffaire-noah-etoo-la-romanciere-calixte-beyala-denonce-le-racisme-primaire\",\"name\":\"Double nationalit\u00e9: Au plus fort de l\u2019affaire Noah-Eto\u2019o, la\u00a0romanci\u00e8re Calixte Beyala d\u00e9nonce \u00able racisme primaire\u00bb - Cameroun\",\"isPartOf\":{\"@id\":\"https:\/\/www.africa-press.net\/cameroun\/#website\"},\"primaryImageOfPage\":{\"@id\":\"https:\/\/www.africa-press.net\/cameroun\/sports\/double-nationalite-au-plus-fort-de-laffaire-noah-etoo-la-romanciere-calixte-beyala-denonce-le-racisme-primaire#primaryimage\"},\"image\":{\"@id\":\"https:\/\/www.africa-press.net\/cameroun\/sports\/double-nationalite-au-plus-fort-de-laffaire-noah-etoo-la-romanciere-calixte-beyala-denonce-le-racisme-primaire#primaryimage\"},\"thumbnailUrl\":\"https:\/\/static.africa-press.net\/cameroun\/sites\/57\/2022\/09\/img-63307d33135a1.jpg\",\"datePublished\":\"2022-09-25T13:18:29+00:00\",\"dateModified\":\"2022-09-25T16:09:52+00:00\",\"author\":{\"@id\":\"https:\/\/www.africa-press.net\/cameroun\/#\/schema\/person\/2b1cf3cd81a31e3cd26889ca66d677f1\"},\"description\":\"Elle n\u2019est pas alle\u0301e au fond de la pole\u0301mique sur le Coq sportif qui divise les ce\u0301le\u0301brite\u0301s du football Samuel Eto\u2019o ...\",\"breadcrumb\":{\"@id\":\"https:\/\/www.africa-press.net\/cameroun\/sports\/double-nationalite-au-plus-fort-de-laffaire-noah-etoo-la-romanciere-calixte-beyala-denonce-le-racisme-primaire#breadcrumb\"},\"inLanguage\":\"fr-FR\",\"potentialAction\":[{\"@type\":\"ReadAction\",\"target\":[\"https:\/\/www.africa-press.net\/cameroun\/sports\/double-nationalite-au-plus-fort-de-laffaire-noah-etoo-la-romanciere-calixte-beyala-denonce-le-racisme-primaire\"]}]},{\"@type\":\"ImageObject\",\"inLanguage\":\"fr-FR\",\"@id\":\"https:\/\/www.africa-press.net\/cameroun\/sports\/double-nationalite-au-plus-fort-de-laffaire-noah-etoo-la-romanciere-calixte-beyala-denonce-le-racisme-primaire#primaryimage\",\"url\":\"https:\/\/static.africa-press.net\/cameroun\/sites\/57\/2022\/09\/img-63307d33135a1.jpg\",\"contentUrl\":\"https:\/\/static.africa-press.net\/cameroun\/sites\/57\/2022\/09\/img-63307d33135a1.jpg\",\"width\":800,\"height\":537,\"caption\":\"Double nationalit\u00e9: Au plus fort de l\u2019affaire Noah-Eto\u2019o, la\u00a0romanci\u00e8re Calixte Beyala d\u00e9nonce \u00able racisme primaire\u00bb\"},{\"@type\":\"BreadcrumbList\",\"@id\":\"https:\/\/www.africa-press.net\/cameroun\/sports\/double-nationalite-au-plus-fort-de-laffaire-noah-etoo-la-romanciere-calixte-beyala-denonce-le-racisme-primaire#breadcrumb\",\"itemListElement\":[{\"@type\":\"ListItem\",\"position\":1,\"name\":\"Accueil\",\"item\":\"https:\/\/www.africa-press.net\/cameroun\/\"},{\"@type\":\"ListItem\",\"position\":2,\"name\":\"Double nationalit\u00e9: Au plus fort de l\u2019affaire Noah-Eto\u2019o, la\u00a0romanci\u00e8re Calixte Beyala d\u00e9nonce \u00able racisme primaire\u00bb\"}]},{\"@type\":\"WebSite\",\"@id\":\"https:\/\/www.africa-press.net\/cameroun\/#website\",\"url\":\"https:\/\/www.africa-press.net\/cameroun\/\",\"name\":\"Cameroun\",\"description\":\"Just another Africa News Agency Sites site\",\"potentialAction\":[{\"@type\":\"SearchAction\",\"target\":{\"@type\":\"EntryPoint\",\"urlTemplate\":\"https:\/\/www.africa-press.net\/cameroun\/?s={search_term_string}\"},\"query-input\":{\"@type\":\"PropertyValueSpecification\",\"valueRequired\":true,\"valueName\":\"search_term_string\"}}],\"inLanguage\":\"fr-FR\"},{\"@type\":\"Person\",\"@id\":\"https:\/\/www.africa-press.net\/cameroun\/#\/schema\/person\/2b1cf3cd81a31e3cd26889ca66d677f1\",\"name\":\"cfeditorfr\"}]}<\/script>\n<!-- \/ Yoast SEO Premium plugin. -->","yoast_head_json":{"title":"Double nationalit\u00e9: Au plus fort de l\u2019affaire Noah-Eto\u2019o, la\u00a0romanci\u00e8re Calixte Beyala d\u00e9nonce \u00able racisme primaire\u00bb - Cameroun","description":"Elle n\u2019est pas alle\u0301e au fond de la pole\u0301mique sur le Coq sportif qui divise les ce\u0301le\u0301brite\u0301s du football Samuel Eto\u2019o ...","robots":{"index":"index","follow":"follow","max-snippet":"max-snippet:-1","max-image-preview":"max-image-preview:large","max-video-preview":"max-video-preview:-1"},"canonical":"https:\/\/www.africa-press.net\/cameroun\/sports\/double-nationalite-au-plus-fort-de-laffaire-noah-etoo-la-romanciere-calixte-beyala-denonce-le-racisme-primaire","og_locale":"fr_FR","og_type":"article","og_title":"Double nationalit\u00e9: Au plus fort de l\u2019affaire Noah-Eto\u2019o, la\u00a0romanci\u00e8re Calixte Beyala d\u00e9nonce \u00able racisme primaire\u00bb","og_description":"Elle n\u2019est pas alle\u0301e au fond de la pole\u0301mique sur le Coq sportif qui divise les ce\u0301le\u0301brite\u0301s du football Samuel Eto\u2019o ...","og_url":"https:\/\/www.africa-press.net\/cameroun\/sports\/double-nationalite-au-plus-fort-de-laffaire-noah-etoo-la-romanciere-calixte-beyala-denonce-le-racisme-primaire","og_site_name":"Cameroun","article_published_time":"2022-09-25T13:18:29+00:00","article_modified_time":"2022-09-25T16:09:52+00:00","og_image":[{"width":800,"height":537,"url":"https:\/\/static.africa-press.net\/cameroun\/sites\/57\/2022\/09\/img-63307d33135a1.jpg","type":"image\/jpeg"}],"author":"cfeditorfr","twitter_card":"summary_large_image","twitter_misc":{"\u00c9crit par":"cfeditorfr","Dur\u00e9e de lecture estim\u00e9e":"2 minutes"},"schema":{"@context":"https:\/\/schema.org","@graph":[{"@type":"Article","@id":"https:\/\/www.africa-press.net\/cameroun\/sports\/double-nationalite-au-plus-fort-de-laffaire-noah-etoo-la-romanciere-calixte-beyala-denonce-le-racisme-primaire#article","isPartOf":{"@id":"https:\/\/www.africa-press.net\/cameroun\/sports\/double-nationalite-au-plus-fort-de-laffaire-noah-etoo-la-romanciere-calixte-beyala-denonce-le-racisme-primaire"},"author":{"name":"cfeditorfr","@id":"https:\/\/www.africa-press.net\/cameroun\/#\/schema\/person\/2b1cf3cd81a31e3cd26889ca66d677f1"},"headline":"Double nationalit\u00e9: Au plus fort de l\u2019affaire Noah-Eto\u2019o, la\u00a0romanci\u00e8re Calixte Beyala d\u00e9nonce \u00able racisme primaire\u00bb","datePublished":"2022-09-25T13:18:29+00:00","dateModified":"2022-09-25T16:09:52+00:00","mainEntityOfPage":{"@id":"https:\/\/www.africa-press.net\/cameroun\/sports\/double-nationalite-au-plus-fort-de-laffaire-noah-etoo-la-romanciere-calixte-beyala-denonce-le-racisme-primaire"},"wordCount":384,"commentCount":0,"image":{"@id":"https:\/\/www.africa-press.net\/cameroun\/sports\/double-nationalite-au-plus-fort-de-laffaire-noah-etoo-la-romanciere-calixte-beyala-denonce-le-racisme-primaire#primaryimage"},"thumbnailUrl":"https:\/\/static.africa-press.net\/cameroun\/sites\/57\/2022\/09\/img-63307d33135a1.jpg","keywords":["Africa Press","Africa Press-Cameroun","Cameroun"],"articleSection":["Sports","Toutes les actualit\u00e9s"],"inLanguage":"fr-FR","potentialAction":[{"@type":"CommentAction","name":"Comment","target":["https:\/\/www.africa-press.net\/cameroun\/sports\/double-nationalite-au-plus-fort-de-laffaire-noah-etoo-la-romanciere-calixte-beyala-denonce-le-racisme-primaire#respond"]}]},{"@type":"WebPage","@id":"https:\/\/www.africa-press.net\/cameroun\/sports\/double-nationalite-au-plus-fort-de-laffaire-noah-etoo-la-romanciere-calixte-beyala-denonce-le-racisme-primaire","url":"https:\/\/www.africa-press.net\/cameroun\/sports\/double-nationalite-au-plus-fort-de-laffaire-noah-etoo-la-romanciere-calixte-beyala-denonce-le-racisme-primaire","name":"Double nationalit\u00e9: Au plus fort de l\u2019affaire Noah-Eto\u2019o, la\u00a0romanci\u00e8re Calixte Beyala d\u00e9nonce \u00able racisme primaire\u00bb - Cameroun","isPartOf":{"@id":"https:\/\/www.africa-press.net\/cameroun\/#website"},"primaryImageOfPage":{"@id":"https:\/\/www.africa-press.net\/cameroun\/sports\/double-nationalite-au-plus-fort-de-laffaire-noah-etoo-la-romanciere-calixte-beyala-denonce-le-racisme-primaire#primaryimage"},"image":{"@id":"https:\/\/www.africa-press.net\/cameroun\/sports\/double-nationalite-au-plus-fort-de-laffaire-noah-etoo-la-romanciere-calixte-beyala-denonce-le-racisme-primaire#primaryimage"},"thumbnailUrl":"https:\/\/static.africa-press.net\/cameroun\/sites\/57\/2022\/09\/img-63307d33135a1.jpg","datePublished":"2022-09-25T13:18:29+00:00","dateModified":"2022-09-25T16:09:52+00:00","author":{"@id":"https:\/\/www.africa-press.net\/cameroun\/#\/schema\/person\/2b1cf3cd81a31e3cd26889ca66d677f1"},"description":"Elle n\u2019est pas alle\u0301e au fond de la pole\u0301mique sur le Coq sportif qui divise les ce\u0301le\u0301brite\u0301s du football Samuel Eto\u2019o ...","breadcrumb":{"@id":"https:\/\/www.africa-press.net\/cameroun\/sports\/double-nationalite-au-plus-fort-de-laffaire-noah-etoo-la-romanciere-calixte-beyala-denonce-le-racisme-primaire#breadcrumb"},"inLanguage":"fr-FR","potentialAction":[{"@type":"ReadAction","target":["https:\/\/www.africa-press.net\/cameroun\/sports\/double-nationalite-au-plus-fort-de-laffaire-noah-etoo-la-romanciere-calixte-beyala-denonce-le-racisme-primaire"]}]},{"@type":"ImageObject","inLanguage":"fr-FR","@id":"https:\/\/www.africa-press.net\/cameroun\/sports\/double-nationalite-au-plus-fort-de-laffaire-noah-etoo-la-romanciere-calixte-beyala-denonce-le-racisme-primaire#primaryimage","url":"https:\/\/static.africa-press.net\/cameroun\/sites\/57\/2022\/09\/img-63307d33135a1.jpg","contentUrl":"https:\/\/static.africa-press.net\/cameroun\/sites\/57\/2022\/09\/img-63307d33135a1.jpg","width":800,"height":537,"caption":"Double nationalit\u00e9: Au plus fort de l\u2019affaire Noah-Eto\u2019o, la\u00a0romanci\u00e8re Calixte Beyala d\u00e9nonce \u00able racisme primaire\u00bb"},{"@type":"BreadcrumbList","@id":"https:\/\/www.africa-press.net\/cameroun\/sports\/double-nationalite-au-plus-fort-de-laffaire-noah-etoo-la-romanciere-calixte-beyala-denonce-le-racisme-primaire#breadcrumb","itemListElement":[{"@type":"ListItem","position":1,"name":"Accueil","item":"https:\/\/www.africa-press.net\/cameroun\/"},{"@type":"ListItem","position":2,"name":"Double nationalit\u00e9: Au plus fort de l\u2019affaire Noah-Eto\u2019o, la\u00a0romanci\u00e8re Calixte Beyala d\u00e9nonce \u00able racisme primaire\u00bb"}]},{"@type":"WebSite","@id":"https:\/\/www.africa-press.net\/cameroun\/#website","url":"https:\/\/www.africa-press.net\/cameroun\/","name":"Cameroun","description":"Just another Africa News Agency Sites site","potentialAction":[{"@type":"SearchAction","target":{"@type":"EntryPoint","urlTemplate":"https:\/\/www.africa-press.net\/cameroun\/?s={search_term_string}"},"query-input":{"@type":"PropertyValueSpecification","valueRequired":true,"valueName":"search_term_string"}}],"inLanguage":"fr-FR"},{"@type":"Person","@id":"https:\/\/www.africa-press.net\/cameroun\/#\/schema\/person\/2b1cf3cd81a31e3cd26889ca66d677f1","name":"cfeditorfr"}]}},"_links":{"self":[{"href":"https:\/\/www.africa-press.net\/cameroun\/wp-json\/wp\/v2\/posts\/28105","targetHints":{"allow":["GET"]}}],"collection":[{"href":"https:\/\/www.africa-press.net\/cameroun\/wp-json\/wp\/v2\/posts"}],"about":[{"href":"https:\/\/www.africa-press.net\/cameroun\/wp-json\/wp\/v2\/types\/post"}],"author":[{"embeddable":true,"href":"https:\/\/www.africa-press.net\/cameroun\/wp-json\/wp\/v2\/users\/82"}],"replies":[{"embeddable":true,"href":"https:\/\/www.africa-press.net\/cameroun\/wp-json\/wp\/v2\/comments?post=28105"}],"version-history":[{"count":0,"href":"https:\/\/www.africa-press.net\/cameroun\/wp-json\/wp\/v2\/posts\/28105\/revisions"}],"wp:featuredmedia":[{"embeddable":true,"href":"https:\/\/www.africa-press.net\/cameroun\/wp-json\/wp\/v2\/media\/28104"}],"wp:attachment":[{"href":"https:\/\/www.africa-press.net\/cameroun\/wp-json\/wp\/v2\/media?parent=28105"}],"wp:term":[{"taxonomy":"category","embeddable":true,"href":"https:\/\/www.africa-press.net\/cameroun\/wp-json\/wp\/v2\/categories?post=28105"},{"taxonomy":"post_tag","embeddable":true,"href":"https:\/\/www.africa-press.net\/cameroun\/wp-json\/wp\/v2\/tags?post=28105"}],"curies":[{"name":"wp","href":"https:\/\/api.w.org\/{rel}","templated":true}]}}