{"id":2812,"date":"2021-04-29T18:43:52","date_gmt":"2021-04-29T18:43:52","guid":{"rendered":"https:\/\/www.africa-press.net\/cameroun\/politique\/cameroun-resistance-a-la-vaccination-anti-covid-19-un-symposium-organise-a-yaounde-pour-trouver-les-causes-de-la-reticence-des-populations"},"modified":"2021-04-29T19:51:09","modified_gmt":"2021-04-29T19:51:09","slug":"cameroun-resistance-a-la-vaccination-anti-covid-19-un-symposium-organise-a-yaounde-pour-trouver-les-causes-de-la-reticence-des-populations","status":"publish","type":"post","link":"https:\/\/www.africa-press.net\/cameroun\/politique\/cameroun-resistance-a-la-vaccination-anti-covid-19-un-symposium-organise-a-yaounde-pour-trouver-les-causes-de-la-reticence-des-populations","title":{"rendered":"Cameroun &#8211; R\u00e9sistance \u00e0 la vaccination anti-Covid-19: Un symposium organis\u00e9 \u00e0 Yaound\u00e9 pour trouver les causes de la r\u00e9ticence des populations"},"content":{"rendered":"<p><span style=\"color: #ff6600\"><strong><a href=\"https:\/\/www.africa-press.net\/\">Africa-Press<\/a> &#8211; <a href=\"https:\/\/www.africa-press.net\/cameroun\">Cameroun<\/a>. <\/strong><\/span>Le 28 avril 2021 \u00e0 Yaound\u00e9 dans le cadre d\u2019un symposium, sept professeurs de m\u00e9decine, des directeurs de formations sanitaires et des chercheurs se sont retrouv\u00e9s pour discuter des causes de la r\u00e9ticence des populations vis \u00e0 vis de la vaccination anti-Covid-19 au Cameroun. Le quotidien national bilingue Cameroon Tribune en kiosque ce 29 avril 2021 rapporte que ce vaccin \u00abest accus\u00e9 d\u2019\u00eatre \u00e0 l\u2019origine de maladies cardiovasculaires ou de cas de st\u00e9rilit\u00e9 et de nombreux autres griefs. Autant de faits suscitant l\u2019h\u00e9sitation vaccinale au Cameroun\u00bb.<\/p>\n<p>Notre confr\u00e8re pr\u00e9cise que: \u00abcette r\u00e9flexion autour de l\u2019importance de la vaccination a r\u00e9uni \u00e0 Yaound\u00e9, des directeurs de formations sanitaires, des enseignants chercheurs et des responsables du Minist\u00e8re de la Sant\u00e9 Publique autour d\u2019une table. Pr\u00e9sid\u00e9 par le doyen de la Facult\u00e9 de M\u00e9decine et de Sciences biom\u00e9dicales de l\u2019Universit\u00e9 de Yaound\u00e9 I, Pr. Jacqueline Ze Minkande, le symposium a permis \u00e0 sept professeurs \u00e9m\u00e9rites de s\u2019interroger sur les causes psychologiques, anthropologiques et sociales de l\u2019h\u00e9sitation vaccinale observ\u00e9 sur l\u2019ensemble du triangle national\u00bb.<\/p>\n<p>Pour le Pr. Rose Leke, pr\u00e9sidente du Groupe consultatif technique national sur la vaccination au Cameroun (NITAG), \u00abil y a beaucoup d\u2019informations non fond\u00e9es qui circulent. Par contre, la bonne information a du mal \u00e0 faire autant d\u2019\u00e9cho\u00bb, peut-on lire dans les colonnes du journal.<\/p>\n<p>Le journal pr\u00e9cise aussi qu\u2019au cours de sa le\u00e7on inaugurale, le professeur \u00e9m\u00e9rite d\u2019immunologie et de parasitologie \u00e0 l\u2019Universit\u00e9 de Yaound\u00e9 I est revenu sur l\u2019influence n\u00e9gative des r\u00e9seaux sociaux sur les populations. \u00abLes internautes soup\u00e7onnent, d\u2019apr\u00e8s le Pr. Marie Jos\u00e9 Essi, enseignante chercheur \u00e0 l\u2019Universit\u00e9 de Yaound\u00e9 I, les grandes puissances et leurs firmes pharmaceutiques de vouloir ralentir la courbe des naissances en Afrique. Une crise de confiance entre les populations et le syst\u00e8me de sant\u00e9 local qui selon cette scientifique, met davantage en danger des vies\u00bb, lit-on.<\/p>\n<p>Ainsi, les scientifiques ont d\u00e8s lors invit\u00e9 les uns et les autres \u00e0 la recherche de la bonne information. \u00abLe Pr. Rose Leke a propos\u00e9 aux agents de sant\u00e9 publique d\u2019effectuer des campagnes de sensibilisation dans les quartiers, communaut\u00e9s, march\u00e9s et espaces publics afin d\u2019obtenir d\u2019adh\u00e9sion de toutes les couches sociales\u00bb, note le reporter.<\/p>\n<p><b>Wilfried ONDOA<\/b><\/p>\n","protected":false},"excerpt":{"rendered":"<p>Africa-Press &#8211; Cameroun. Le 28 avril 2021 \u00e0 Yaound\u00e9 dans le cadre d\u2019un symposium, sept professeurs de m\u00e9decine, des directeurs de formations sanitaires et des chercheurs se sont retrouv\u00e9s pour discuter des causes de la r\u00e9ticence des populations vis \u00e0 vis de la vaccination anti-Covid-19 au Cameroun. Le quotidien national bilingue Cameroon Tribune en kiosque [&hellip;]<\/p>\n","protected":false},"author":82,"featured_media":2811,"comment_status":"open","ping_status":"closed","sticky":false,"template":"","format":"standard","meta":{"footnotes":""},"categories":[11,2,10],"tags":[36,50,49],"class_list":["post-2812","post","type-post","status-publish","format-standard","has-post-thumbnail","hentry","category-homepage-french","category-politique","category-toutes-les-actualites","tag-africa-press","tag-africa-press-cameroun","tag-cameroun"],"yoast_head":"<!-- This site is optimized with the Yoast SEO Premium plugin v26.1 (Yoast SEO v27.0) - https:\/\/yoast.com\/product\/yoast-seo-premium-wordpress\/ -->\n<title>Cameroun - R\u00e9sistance \u00e0 la vaccination anti-Covid-19: Un symposium organis\u00e9 \u00e0 Yaound\u00e9 pour trouver les causes de la r\u00e9ticence des populations - Cameroun<\/title>\n<meta name=\"description\" content=\"Le 28 avril 2021 \u00e0 Yaound\u00e9 dans le cadre d\u2019un symposium, sept professeurs de m\u00e9decine, des directeurs de formations sani ...\" \/>\n<meta name=\"robots\" content=\"index, follow, max-snippet:-1, max-image-preview:large, max-video-preview:-1\" \/>\n<link rel=\"canonical\" href=\"https:\/\/www.africa-press.net\/cameroun\/politique\/cameroun-resistance-a-la-vaccination-anti-covid-19-un-symposium-organise-a-yaounde-pour-trouver-les-causes-de-la-reticence-des-populations\" \/>\n<meta property=\"og:locale\" content=\"fr_FR\" \/>\n<meta property=\"og:type\" content=\"article\" \/>\n<meta property=\"og:title\" content=\"Cameroun - R\u00e9sistance \u00e0 la vaccination anti-Covid-19: Un symposium organis\u00e9 \u00e0 Yaound\u00e9 pour trouver les causes de la r\u00e9ticence des populations\" \/>\n<meta property=\"og:description\" content=\"Le 28 avril 2021 \u00e0 Yaound\u00e9 dans le cadre d\u2019un symposium, sept professeurs de m\u00e9decine, des directeurs de formations sani ...\" \/>\n<meta property=\"og:url\" content=\"https:\/\/www.africa-press.net\/cameroun\/politique\/cameroun-resistance-a-la-vaccination-anti-covid-19-un-symposium-organise-a-yaounde-pour-trouver-les-causes-de-la-reticence-des-populations\" \/>\n<meta property=\"og:site_name\" content=\"Cameroun\" \/>\n<meta property=\"article:published_time\" content=\"2021-04-29T18:43:52+00:00\" \/>\n<meta property=\"article:modified_time\" content=\"2021-04-29T19:51:09+00:00\" \/>\n<meta property=\"og:image\" content=\"https:\/\/static.africa-press.net\/cameroun\/sites\/57\/2021\/04\/img-608b0e0d088c8.jpg\" \/>\n\t<meta property=\"og:image:width\" content=\"800\" \/>\n\t<meta property=\"og:image:height\" content=\"450\" \/>\n\t<meta property=\"og:image:type\" content=\"image\/jpeg\" \/>\n<meta name=\"author\" content=\"cfeditorfr\" \/>\n<meta name=\"twitter:card\" content=\"summary_large_image\" \/>\n<meta name=\"twitter:label1\" content=\"\u00c9crit par\" \/>\n\t<meta name=\"twitter:data1\" content=\"cfeditorfr\" \/>\n\t<meta name=\"twitter:label2\" content=\"Dur\u00e9e de lecture estim\u00e9e\" \/>\n\t<meta name=\"twitter:data2\" content=\"2 minutes\" \/>\n<script type=\"application\/ld+json\" class=\"yoast-schema-graph\">{\"@context\":\"https:\/\/schema.org\",\"@graph\":[{\"@type\":\"Article\",\"@id\":\"https:\/\/www.africa-press.net\/cameroun\/politique\/cameroun-resistance-a-la-vaccination-anti-covid-19-un-symposium-organise-a-yaounde-pour-trouver-les-causes-de-la-reticence-des-populations#article\",\"isPartOf\":{\"@id\":\"https:\/\/www.africa-press.net\/cameroun\/politique\/cameroun-resistance-a-la-vaccination-anti-covid-19-un-symposium-organise-a-yaounde-pour-trouver-les-causes-de-la-reticence-des-populations\"},\"author\":{\"name\":\"cfeditorfr\",\"@id\":\"https:\/\/www.africa-press.net\/cameroun\/#\/schema\/person\/2b1cf3cd81a31e3cd26889ca66d677f1\"},\"headline\":\"Cameroun &#8211; R\u00e9sistance \u00e0 la vaccination anti-Covid-19: Un symposium organis\u00e9 \u00e0 Yaound\u00e9 pour trouver les causes de la r\u00e9ticence des populations\",\"datePublished\":\"2021-04-29T18:43:52+00:00\",\"dateModified\":\"2021-04-29T19:51:09+00:00\",\"mainEntityOfPage\":{\"@id\":\"https:\/\/www.africa-press.net\/cameroun\/politique\/cameroun-resistance-a-la-vaccination-anti-covid-19-un-symposium-organise-a-yaounde-pour-trouver-les-causes-de-la-reticence-des-populations\"},\"wordCount\":421,\"commentCount\":0,\"image\":{\"@id\":\"https:\/\/www.africa-press.net\/cameroun\/politique\/cameroun-resistance-a-la-vaccination-anti-covid-19-un-symposium-organise-a-yaounde-pour-trouver-les-causes-de-la-reticence-des-populations#primaryimage\"},\"thumbnailUrl\":\"https:\/\/static.africa-press.net\/cameroun\/sites\/57\/2021\/04\/img-608b0e0d088c8.jpg\",\"keywords\":[\"Africa Press\",\"Africa Press-Cameroun\",\"Cameroun\"],\"articleSection\":[\"homepage-french\",\"Politique\",\"Toutes les actualit\u00e9s\"],\"inLanguage\":\"fr-FR\",\"potentialAction\":[{\"@type\":\"CommentAction\",\"name\":\"Comment\",\"target\":[\"https:\/\/www.africa-press.net\/cameroun\/politique\/cameroun-resistance-a-la-vaccination-anti-covid-19-un-symposium-organise-a-yaounde-pour-trouver-les-causes-de-la-reticence-des-populations#respond\"]}]},{\"@type\":\"WebPage\",\"@id\":\"https:\/\/www.africa-press.net\/cameroun\/politique\/cameroun-resistance-a-la-vaccination-anti-covid-19-un-symposium-organise-a-yaounde-pour-trouver-les-causes-de-la-reticence-des-populations\",\"url\":\"https:\/\/www.africa-press.net\/cameroun\/politique\/cameroun-resistance-a-la-vaccination-anti-covid-19-un-symposium-organise-a-yaounde-pour-trouver-les-causes-de-la-reticence-des-populations\",\"name\":\"Cameroun - R\u00e9sistance \u00e0 la vaccination anti-Covid-19: Un symposium organis\u00e9 \u00e0 Yaound\u00e9 pour trouver les causes de la r\u00e9ticence des populations - Cameroun\",\"isPartOf\":{\"@id\":\"https:\/\/www.africa-press.net\/cameroun\/#website\"},\"primaryImageOfPage\":{\"@id\":\"https:\/\/www.africa-press.net\/cameroun\/politique\/cameroun-resistance-a-la-vaccination-anti-covid-19-un-symposium-organise-a-yaounde-pour-trouver-les-causes-de-la-reticence-des-populations#primaryimage\"},\"image\":{\"@id\":\"https:\/\/www.africa-press.net\/cameroun\/politique\/cameroun-resistance-a-la-vaccination-anti-covid-19-un-symposium-organise-a-yaounde-pour-trouver-les-causes-de-la-reticence-des-populations#primaryimage\"},\"thumbnailUrl\":\"https:\/\/static.africa-press.net\/cameroun\/sites\/57\/2021\/04\/img-608b0e0d088c8.jpg\",\"datePublished\":\"2021-04-29T18:43:52+00:00\",\"dateModified\":\"2021-04-29T19:51:09+00:00\",\"author\":{\"@id\":\"https:\/\/www.africa-press.net\/cameroun\/#\/schema\/person\/2b1cf3cd81a31e3cd26889ca66d677f1\"},\"description\":\"Le 28 avril 2021 \u00e0 Yaound\u00e9 dans le cadre d\u2019un symposium, sept professeurs de m\u00e9decine, des directeurs de formations sani ...\",\"breadcrumb\":{\"@id\":\"https:\/\/www.africa-press.net\/cameroun\/politique\/cameroun-resistance-a-la-vaccination-anti-covid-19-un-symposium-organise-a-yaounde-pour-trouver-les-causes-de-la-reticence-des-populations#breadcrumb\"},\"inLanguage\":\"fr-FR\",\"potentialAction\":[{\"@type\":\"ReadAction\",\"target\":[\"https:\/\/www.africa-press.net\/cameroun\/politique\/cameroun-resistance-a-la-vaccination-anti-covid-19-un-symposium-organise-a-yaounde-pour-trouver-les-causes-de-la-reticence-des-populations\"]}]},{\"@type\":\"ImageObject\",\"inLanguage\":\"fr-FR\",\"@id\":\"https:\/\/www.africa-press.net\/cameroun\/politique\/cameroun-resistance-a-la-vaccination-anti-covid-19-un-symposium-organise-a-yaounde-pour-trouver-les-causes-de-la-reticence-des-populations#primaryimage\",\"url\":\"https:\/\/static.africa-press.net\/cameroun\/sites\/57\/2021\/04\/img-608b0e0d088c8.jpg\",\"contentUrl\":\"https:\/\/static.africa-press.net\/cameroun\/sites\/57\/2021\/04\/img-608b0e0d088c8.jpg\",\"width\":800,\"height\":450,\"caption\":\"Cameroun - R\u00e9sistance \u00e0 la vaccination anti-Covid-19: Un symposium organis\u00e9 \u00e0 Yaound\u00e9 pour trouver les causes de la r\u00e9ticence des populations\"},{\"@type\":\"BreadcrumbList\",\"@id\":\"https:\/\/www.africa-press.net\/cameroun\/politique\/cameroun-resistance-a-la-vaccination-anti-covid-19-un-symposium-organise-a-yaounde-pour-trouver-les-causes-de-la-reticence-des-populations#breadcrumb\",\"itemListElement\":[{\"@type\":\"ListItem\",\"position\":1,\"name\":\"Accueil\",\"item\":\"https:\/\/www.africa-press.net\/cameroun\/\"},{\"@type\":\"ListItem\",\"position\":2,\"name\":\"Cameroun &#8211; R\u00e9sistance \u00e0 la vaccination anti-Covid-19: Un symposium organis\u00e9 \u00e0 Yaound\u00e9 pour trouver les causes de la r\u00e9ticence des populations\"}]},{\"@type\":\"WebSite\",\"@id\":\"https:\/\/www.africa-press.net\/cameroun\/#website\",\"url\":\"https:\/\/www.africa-press.net\/cameroun\/\",\"name\":\"Cameroun\",\"description\":\"Just another Africa News Agency Sites site\",\"potentialAction\":[{\"@type\":\"SearchAction\",\"target\":{\"@type\":\"EntryPoint\",\"urlTemplate\":\"https:\/\/www.africa-press.net\/cameroun\/?s={search_term_string}\"},\"query-input\":{\"@type\":\"PropertyValueSpecification\",\"valueRequired\":true,\"valueName\":\"search_term_string\"}}],\"inLanguage\":\"fr-FR\"},{\"@type\":\"Person\",\"@id\":\"https:\/\/www.africa-press.net\/cameroun\/#\/schema\/person\/2b1cf3cd81a31e3cd26889ca66d677f1\",\"name\":\"cfeditorfr\"}]}<\/script>\n<!-- \/ Yoast SEO Premium plugin. -->","yoast_head_json":{"title":"Cameroun - R\u00e9sistance \u00e0 la vaccination anti-Covid-19: Un symposium organis\u00e9 \u00e0 Yaound\u00e9 pour trouver les causes de la r\u00e9ticence des populations - Cameroun","description":"Le 28 avril 2021 \u00e0 Yaound\u00e9 dans le cadre d\u2019un symposium, sept professeurs de m\u00e9decine, des directeurs de formations sani ...","robots":{"index":"index","follow":"follow","max-snippet":"max-snippet:-1","max-image-preview":"max-image-preview:large","max-video-preview":"max-video-preview:-1"},"canonical":"https:\/\/www.africa-press.net\/cameroun\/politique\/cameroun-resistance-a-la-vaccination-anti-covid-19-un-symposium-organise-a-yaounde-pour-trouver-les-causes-de-la-reticence-des-populations","og_locale":"fr_FR","og_type":"article","og_title":"Cameroun - R\u00e9sistance \u00e0 la vaccination anti-Covid-19: Un symposium organis\u00e9 \u00e0 Yaound\u00e9 pour trouver les causes de la r\u00e9ticence des populations","og_description":"Le 28 avril 2021 \u00e0 Yaound\u00e9 dans le cadre d\u2019un symposium, sept professeurs de m\u00e9decine, des directeurs de formations sani ...","og_url":"https:\/\/www.africa-press.net\/cameroun\/politique\/cameroun-resistance-a-la-vaccination-anti-covid-19-un-symposium-organise-a-yaounde-pour-trouver-les-causes-de-la-reticence-des-populations","og_site_name":"Cameroun","article_published_time":"2021-04-29T18:43:52+00:00","article_modified_time":"2021-04-29T19:51:09+00:00","og_image":[{"width":800,"height":450,"url":"https:\/\/static.africa-press.net\/cameroun\/sites\/57\/2021\/04\/img-608b0e0d088c8.jpg","type":"image\/jpeg"}],"author":"cfeditorfr","twitter_card":"summary_large_image","twitter_misc":{"\u00c9crit par":"cfeditorfr","Dur\u00e9e de lecture estim\u00e9e":"2 minutes"},"schema":{"@context":"https:\/\/schema.org","@graph":[{"@type":"Article","@id":"https:\/\/www.africa-press.net\/cameroun\/politique\/cameroun-resistance-a-la-vaccination-anti-covid-19-un-symposium-organise-a-yaounde-pour-trouver-les-causes-de-la-reticence-des-populations#article","isPartOf":{"@id":"https:\/\/www.africa-press.net\/cameroun\/politique\/cameroun-resistance-a-la-vaccination-anti-covid-19-un-symposium-organise-a-yaounde-pour-trouver-les-causes-de-la-reticence-des-populations"},"author":{"name":"cfeditorfr","@id":"https:\/\/www.africa-press.net\/cameroun\/#\/schema\/person\/2b1cf3cd81a31e3cd26889ca66d677f1"},"headline":"Cameroun &#8211; R\u00e9sistance \u00e0 la vaccination anti-Covid-19: Un symposium organis\u00e9 \u00e0 Yaound\u00e9 pour trouver les causes de la r\u00e9ticence des populations","datePublished":"2021-04-29T18:43:52+00:00","dateModified":"2021-04-29T19:51:09+00:00","mainEntityOfPage":{"@id":"https:\/\/www.africa-press.net\/cameroun\/politique\/cameroun-resistance-a-la-vaccination-anti-covid-19-un-symposium-organise-a-yaounde-pour-trouver-les-causes-de-la-reticence-des-populations"},"wordCount":421,"commentCount":0,"image":{"@id":"https:\/\/www.africa-press.net\/cameroun\/politique\/cameroun-resistance-a-la-vaccination-anti-covid-19-un-symposium-organise-a-yaounde-pour-trouver-les-causes-de-la-reticence-des-populations#primaryimage"},"thumbnailUrl":"https:\/\/static.africa-press.net\/cameroun\/sites\/57\/2021\/04\/img-608b0e0d088c8.jpg","keywords":["Africa Press","Africa Press-Cameroun","Cameroun"],"articleSection":["homepage-french","Politique","Toutes les actualit\u00e9s"],"inLanguage":"fr-FR","potentialAction":[{"@type":"CommentAction","name":"Comment","target":["https:\/\/www.africa-press.net\/cameroun\/politique\/cameroun-resistance-a-la-vaccination-anti-covid-19-un-symposium-organise-a-yaounde-pour-trouver-les-causes-de-la-reticence-des-populations#respond"]}]},{"@type":"WebPage","@id":"https:\/\/www.africa-press.net\/cameroun\/politique\/cameroun-resistance-a-la-vaccination-anti-covid-19-un-symposium-organise-a-yaounde-pour-trouver-les-causes-de-la-reticence-des-populations","url":"https:\/\/www.africa-press.net\/cameroun\/politique\/cameroun-resistance-a-la-vaccination-anti-covid-19-un-symposium-organise-a-yaounde-pour-trouver-les-causes-de-la-reticence-des-populations","name":"Cameroun - R\u00e9sistance \u00e0 la vaccination anti-Covid-19: Un symposium organis\u00e9 \u00e0 Yaound\u00e9 pour trouver les causes de la r\u00e9ticence des populations - Cameroun","isPartOf":{"@id":"https:\/\/www.africa-press.net\/cameroun\/#website"},"primaryImageOfPage":{"@id":"https:\/\/www.africa-press.net\/cameroun\/politique\/cameroun-resistance-a-la-vaccination-anti-covid-19-un-symposium-organise-a-yaounde-pour-trouver-les-causes-de-la-reticence-des-populations#primaryimage"},"image":{"@id":"https:\/\/www.africa-press.net\/cameroun\/politique\/cameroun-resistance-a-la-vaccination-anti-covid-19-un-symposium-organise-a-yaounde-pour-trouver-les-causes-de-la-reticence-des-populations#primaryimage"},"thumbnailUrl":"https:\/\/static.africa-press.net\/cameroun\/sites\/57\/2021\/04\/img-608b0e0d088c8.jpg","datePublished":"2021-04-29T18:43:52+00:00","dateModified":"2021-04-29T19:51:09+00:00","author":{"@id":"https:\/\/www.africa-press.net\/cameroun\/#\/schema\/person\/2b1cf3cd81a31e3cd26889ca66d677f1"},"description":"Le 28 avril 2021 \u00e0 Yaound\u00e9 dans le cadre d\u2019un symposium, sept professeurs de m\u00e9decine, des directeurs de formations sani ...","breadcrumb":{"@id":"https:\/\/www.africa-press.net\/cameroun\/politique\/cameroun-resistance-a-la-vaccination-anti-covid-19-un-symposium-organise-a-yaounde-pour-trouver-les-causes-de-la-reticence-des-populations#breadcrumb"},"inLanguage":"fr-FR","potentialAction":[{"@type":"ReadAction","target":["https:\/\/www.africa-press.net\/cameroun\/politique\/cameroun-resistance-a-la-vaccination-anti-covid-19-un-symposium-organise-a-yaounde-pour-trouver-les-causes-de-la-reticence-des-populations"]}]},{"@type":"ImageObject","inLanguage":"fr-FR","@id":"https:\/\/www.africa-press.net\/cameroun\/politique\/cameroun-resistance-a-la-vaccination-anti-covid-19-un-symposium-organise-a-yaounde-pour-trouver-les-causes-de-la-reticence-des-populations#primaryimage","url":"https:\/\/static.africa-press.net\/cameroun\/sites\/57\/2021\/04\/img-608b0e0d088c8.jpg","contentUrl":"https:\/\/static.africa-press.net\/cameroun\/sites\/57\/2021\/04\/img-608b0e0d088c8.jpg","width":800,"height":450,"caption":"Cameroun - R\u00e9sistance \u00e0 la vaccination anti-Covid-19: Un symposium organis\u00e9 \u00e0 Yaound\u00e9 pour trouver les causes de la r\u00e9ticence des populations"},{"@type":"BreadcrumbList","@id":"https:\/\/www.africa-press.net\/cameroun\/politique\/cameroun-resistance-a-la-vaccination-anti-covid-19-un-symposium-organise-a-yaounde-pour-trouver-les-causes-de-la-reticence-des-populations#breadcrumb","itemListElement":[{"@type":"ListItem","position":1,"name":"Accueil","item":"https:\/\/www.africa-press.net\/cameroun\/"},{"@type":"ListItem","position":2,"name":"Cameroun &#8211; R\u00e9sistance \u00e0 la vaccination anti-Covid-19: Un symposium organis\u00e9 \u00e0 Yaound\u00e9 pour trouver les causes de la r\u00e9ticence des populations"}]},{"@type":"WebSite","@id":"https:\/\/www.africa-press.net\/cameroun\/#website","url":"https:\/\/www.africa-press.net\/cameroun\/","name":"Cameroun","description":"Just another Africa News Agency Sites site","potentialAction":[{"@type":"SearchAction","target":{"@type":"EntryPoint","urlTemplate":"https:\/\/www.africa-press.net\/cameroun\/?s={search_term_string}"},"query-input":{"@type":"PropertyValueSpecification","valueRequired":true,"valueName":"search_term_string"}}],"inLanguage":"fr-FR"},{"@type":"Person","@id":"https:\/\/www.africa-press.net\/cameroun\/#\/schema\/person\/2b1cf3cd81a31e3cd26889ca66d677f1","name":"cfeditorfr"}]}},"_links":{"self":[{"href":"https:\/\/www.africa-press.net\/cameroun\/wp-json\/wp\/v2\/posts\/2812","targetHints":{"allow":["GET"]}}],"collection":[{"href":"https:\/\/www.africa-press.net\/cameroun\/wp-json\/wp\/v2\/posts"}],"about":[{"href":"https:\/\/www.africa-press.net\/cameroun\/wp-json\/wp\/v2\/types\/post"}],"author":[{"embeddable":true,"href":"https:\/\/www.africa-press.net\/cameroun\/wp-json\/wp\/v2\/users\/82"}],"replies":[{"embeddable":true,"href":"https:\/\/www.africa-press.net\/cameroun\/wp-json\/wp\/v2\/comments?post=2812"}],"version-history":[{"count":0,"href":"https:\/\/www.africa-press.net\/cameroun\/wp-json\/wp\/v2\/posts\/2812\/revisions"}],"wp:featuredmedia":[{"embeddable":true,"href":"https:\/\/www.africa-press.net\/cameroun\/wp-json\/wp\/v2\/media\/2811"}],"wp:attachment":[{"href":"https:\/\/www.africa-press.net\/cameroun\/wp-json\/wp\/v2\/media?parent=2812"}],"wp:term":[{"taxonomy":"category","embeddable":true,"href":"https:\/\/www.africa-press.net\/cameroun\/wp-json\/wp\/v2\/categories?post=2812"},{"taxonomy":"post_tag","embeddable":true,"href":"https:\/\/www.africa-press.net\/cameroun\/wp-json\/wp\/v2\/tags?post=2812"}],"curies":[{"name":"wp","href":"https:\/\/api.w.org\/{rel}","templated":true}]}}