{"id":28122,"date":"2022-09-26T14:07:56","date_gmt":"2022-09-26T14:07:56","guid":{"rendered":"https:\/\/www.africa-press.net\/cameroun\/politique\/avis-lavocat-et-homme-politique-emmanuel-agbor-ashu-declare-que-le-cameroun-a-une-tres-bonne-justice"},"modified":"2022-09-26T16:52:27","modified_gmt":"2022-09-26T16:52:27","slug":"avis-lavocat-et-homme-politique-emmanuel-agbor-ashu-declare-que-le-cameroun-a-une-tres-bonne-justice","status":"publish","type":"post","link":"https:\/\/www.africa-press.net\/cameroun\/politique\/avis-lavocat-et-homme-politique-emmanuel-agbor-ashu-declare-que-le-cameroun-a-une-tres-bonne-justice","title":{"rendered":"Avis: L\u2019avocat et homme politique Emmanuel Agbor Ashu d\u00e9clare que  \u00able Cameroun a une tr\u00e8s bonne justice\u00bb"},"content":{"rendered":"<p><span style=\"color: #ff6600\"><strong>Africa-Press &#8211; Cameroun. <\/strong><\/span>Le climat des affaires au Cameroun e\u0301tait au menu du de\u0301bat dominical sur Canal 2 International le 25 Septembre 2022. L\u2019e\u0301quipe de Canal Presse a fait re\u0301agir ses invite\u0301s pte\u0301cise\u0301ment sur la rencontre entre le directeur ge\u0301ne\u0301ral des impo\u0302ts et le Groupement Interpatronal du Cameroun. Dans ce de\u0301bat intitule\u0301 : DGI, GICAM et justice : un climat propice pour les affaires ?, l\u2019avocat et homme politique Emmanuel Agbor Ashu rappelle que le magistrat est inde\u0301pendant, agit en son a\u0302me et conscience, sans succomber aux influences exte\u0301rieures.<\/p>\n<p>\u00ab Est-ce que nous avons de bons magistrats ? Est-ce que la justice est bien administre\u0301e ? Ce n\u2019est pas un secret. Dans toute l\u2019Afrique, en principe, a\u0300 quelques exceptions pre\u0300s, le Cameroun a une tre\u0300s bonne justice. Il est vrai qu\u2019il y a quelques brebis e\u0301gare\u0301es qui de\u0301cident de se satisfaire&#8230;. \u00bb, conside\u0300re-t-il.<\/p>\n<p>Le pre\u0301sident national du Reform Party soutient que la formation des magistrats est de bonne qualite\u0301. Selon lui, me\u0302me les moins nantis ont souvent eu gain de cause dans des proce\u0300s. Il croit aussi que le nombre important des entreprises est la preuve que leurs promoteurs croient en la justice camerounaise. \u00ab Nous avons des magistrats qui sont bien forme\u0301s, qui travaillent tre\u0300s bien. Vous n\u2019avez pas besoin d\u2019e\u0302tre riche pour gagner un proce\u0300s dans ce pays. Sinon, on ne parlerait plus de justice. Car si la justice devait e\u0302tre vendue comme beaucoup le pre\u0301tendent, les pauvres n\u2019auraient jamais gain de cause. Ceux qui pensent que la justice camerounaise n\u2019est pas au service des affaires, se trompent. Le nombre de socie\u0301te\u0301s qu\u2019il y a dans le pays montre qu\u2019elles trouvent leur compte dans la justice. Aucune socie\u0301te\u0301 n\u2019existe sans avoir de contentieux. Toutes en ont. Et quand elles vont au Tribunal, elles sont satisfaites. C\u2019est pour cela qu\u2019elles sont encore la\u0300 \u00bb, justifie l\u2019avocat au Barreau du Cameroun.<\/p>\n<p>Me Agbor Ashu souligne que le droit OHADA est favorable aux socie\u0301te\u0301s, a\u0300 l\u2019e\u0301closion de l\u2019environnement des affaires et de\u0301clare qu\u2019\u00a0\u00bbil ne faut pas me\u0301langer la politique et le judiciaire\u00a0\u00bb.<\/p>\n<p><strong>Pour plus d&rsquo;informations et d&rsquo;analyses sur la <a href=\"https:\/\/www.africa-press.net\/cameroun\">Cameroun<\/a>, suivez <a href=\"https:\/\/www.africa-press.net\/\">Africa-Press<\/a><\/strong><\/p>\n","protected":false},"excerpt":{"rendered":"<p>Africa-Press &#8211; Cameroun. Le climat des affaires au Cameroun e\u0301tait au menu du de\u0301bat dominical sur Canal 2 International le 25 Septembre 2022. L\u2019e\u0301quipe de Canal Presse a fait re\u0301agir ses invite\u0301s pte\u0301cise\u0301ment sur la rencontre entre le directeur ge\u0301ne\u0301ral des impo\u0302ts et le Groupement Interpatronal du Cameroun. Dans ce de\u0301bat intitule\u0301 : DGI, GICAM [&hellip;]<\/p>\n","protected":false},"author":82,"featured_media":28121,"comment_status":"open","ping_status":"closed","sticky":false,"template":"","format":"standard","meta":{"footnotes":""},"categories":[2,10],"tags":[36,50,49],"class_list":["post-28122","post","type-post","status-publish","format-standard","has-post-thumbnail","hentry","category-politique","category-toutes-les-actualites","tag-africa-press","tag-africa-press-cameroun","tag-cameroun"],"yoast_head":"<!-- This site is optimized with the Yoast SEO Premium plugin v26.1 (Yoast SEO v27.0) - https:\/\/yoast.com\/product\/yoast-seo-premium-wordpress\/ -->\n<title>Avis: L\u2019avocat et homme politique Emmanuel Agbor Ashu d\u00e9clare que \u00able Cameroun a une tr\u00e8s bonne justice\u00bb - Cameroun<\/title>\n<meta name=\"description\" content=\"Le climat des affaires au Cameroun e\u0301tait au menu du de\u0301bat dominical sur Canal 2 International le 25 Septembre 2022. L\u2019 ...\" \/>\n<meta name=\"robots\" content=\"index, follow, max-snippet:-1, max-image-preview:large, max-video-preview:-1\" \/>\n<link rel=\"canonical\" href=\"https:\/\/www.africa-press.net\/cameroun\/politique\/avis-lavocat-et-homme-politique-emmanuel-agbor-ashu-declare-que-le-cameroun-a-une-tres-bonne-justice\" \/>\n<meta property=\"og:locale\" content=\"fr_FR\" \/>\n<meta property=\"og:type\" content=\"article\" \/>\n<meta property=\"og:title\" content=\"Avis: L\u2019avocat et homme politique Emmanuel Agbor Ashu d\u00e9clare que \u00able Cameroun a une tr\u00e8s bonne justice\u00bb\" \/>\n<meta property=\"og:description\" content=\"Le climat des affaires au Cameroun e\u0301tait au menu du de\u0301bat dominical sur Canal 2 International le 25 Septembre 2022. L\u2019 ...\" \/>\n<meta property=\"og:url\" content=\"https:\/\/www.africa-press.net\/cameroun\/politique\/avis-lavocat-et-homme-politique-emmanuel-agbor-ashu-declare-que-le-cameroun-a-une-tres-bonne-justice\" \/>\n<meta property=\"og:site_name\" content=\"Cameroun\" \/>\n<meta property=\"article:published_time\" content=\"2022-09-26T14:07:56+00:00\" \/>\n<meta property=\"article:modified_time\" content=\"2022-09-26T16:52:27+00:00\" \/>\n<meta property=\"og:image\" content=\"https:\/\/static.africa-press.net\/cameroun\/sites\/57\/2022\/09\/img-6331d89e3bc63.jpg\" \/>\n\t<meta property=\"og:image:width\" content=\"800\" \/>\n\t<meta property=\"og:image:height\" content=\"393\" \/>\n\t<meta property=\"og:image:type\" content=\"image\/jpeg\" \/>\n<meta name=\"author\" content=\"cfeditorfr\" \/>\n<meta name=\"twitter:card\" content=\"summary_large_image\" \/>\n<meta name=\"twitter:label1\" content=\"\u00c9crit par\" \/>\n\t<meta name=\"twitter:data1\" content=\"cfeditorfr\" \/>\n\t<meta name=\"twitter:label2\" content=\"Dur\u00e9e de lecture estim\u00e9e\" \/>\n\t<meta name=\"twitter:data2\" content=\"2 minutes\" \/>\n<script type=\"application\/ld+json\" class=\"yoast-schema-graph\">{\"@context\":\"https:\/\/schema.org\",\"@graph\":[{\"@type\":\"Article\",\"@id\":\"https:\/\/www.africa-press.net\/cameroun\/politique\/avis-lavocat-et-homme-politique-emmanuel-agbor-ashu-declare-que-le-cameroun-a-une-tres-bonne-justice#article\",\"isPartOf\":{\"@id\":\"https:\/\/www.africa-press.net\/cameroun\/politique\/avis-lavocat-et-homme-politique-emmanuel-agbor-ashu-declare-que-le-cameroun-a-une-tres-bonne-justice\"},\"author\":{\"name\":\"cfeditorfr\",\"@id\":\"https:\/\/www.africa-press.net\/cameroun\/#\/schema\/person\/2b1cf3cd81a31e3cd26889ca66d677f1\"},\"headline\":\"Avis: L\u2019avocat et homme politique Emmanuel Agbor Ashu d\u00e9clare que \u00able Cameroun a une tr\u00e8s bonne justice\u00bb\",\"datePublished\":\"2022-09-26T14:07:56+00:00\",\"dateModified\":\"2022-09-26T16:52:27+00:00\",\"mainEntityOfPage\":{\"@id\":\"https:\/\/www.africa-press.net\/cameroun\/politique\/avis-lavocat-et-homme-politique-emmanuel-agbor-ashu-declare-que-le-cameroun-a-une-tres-bonne-justice\"},\"wordCount\":417,\"commentCount\":0,\"image\":{\"@id\":\"https:\/\/www.africa-press.net\/cameroun\/politique\/avis-lavocat-et-homme-politique-emmanuel-agbor-ashu-declare-que-le-cameroun-a-une-tres-bonne-justice#primaryimage\"},\"thumbnailUrl\":\"https:\/\/static.africa-press.net\/cameroun\/sites\/57\/2022\/09\/img-6331d89e3bc63.jpg\",\"keywords\":[\"Africa Press\",\"Africa Press-Cameroun\",\"Cameroun\"],\"articleSection\":[\"Politique\",\"Toutes les actualit\u00e9s\"],\"inLanguage\":\"fr-FR\",\"potentialAction\":[{\"@type\":\"CommentAction\",\"name\":\"Comment\",\"target\":[\"https:\/\/www.africa-press.net\/cameroun\/politique\/avis-lavocat-et-homme-politique-emmanuel-agbor-ashu-declare-que-le-cameroun-a-une-tres-bonne-justice#respond\"]}]},{\"@type\":\"WebPage\",\"@id\":\"https:\/\/www.africa-press.net\/cameroun\/politique\/avis-lavocat-et-homme-politique-emmanuel-agbor-ashu-declare-que-le-cameroun-a-une-tres-bonne-justice\",\"url\":\"https:\/\/www.africa-press.net\/cameroun\/politique\/avis-lavocat-et-homme-politique-emmanuel-agbor-ashu-declare-que-le-cameroun-a-une-tres-bonne-justice\",\"name\":\"Avis: L\u2019avocat et homme politique Emmanuel Agbor Ashu d\u00e9clare que \u00able Cameroun a une tr\u00e8s bonne justice\u00bb - Cameroun\",\"isPartOf\":{\"@id\":\"https:\/\/www.africa-press.net\/cameroun\/#website\"},\"primaryImageOfPage\":{\"@id\":\"https:\/\/www.africa-press.net\/cameroun\/politique\/avis-lavocat-et-homme-politique-emmanuel-agbor-ashu-declare-que-le-cameroun-a-une-tres-bonne-justice#primaryimage\"},\"image\":{\"@id\":\"https:\/\/www.africa-press.net\/cameroun\/politique\/avis-lavocat-et-homme-politique-emmanuel-agbor-ashu-declare-que-le-cameroun-a-une-tres-bonne-justice#primaryimage\"},\"thumbnailUrl\":\"https:\/\/static.africa-press.net\/cameroun\/sites\/57\/2022\/09\/img-6331d89e3bc63.jpg\",\"datePublished\":\"2022-09-26T14:07:56+00:00\",\"dateModified\":\"2022-09-26T16:52:27+00:00\",\"author\":{\"@id\":\"https:\/\/www.africa-press.net\/cameroun\/#\/schema\/person\/2b1cf3cd81a31e3cd26889ca66d677f1\"},\"description\":\"Le climat des affaires au Cameroun e\u0301tait au menu du de\u0301bat dominical sur Canal 2 International le 25 Septembre 2022. L\u2019 ...\",\"breadcrumb\":{\"@id\":\"https:\/\/www.africa-press.net\/cameroun\/politique\/avis-lavocat-et-homme-politique-emmanuel-agbor-ashu-declare-que-le-cameroun-a-une-tres-bonne-justice#breadcrumb\"},\"inLanguage\":\"fr-FR\",\"potentialAction\":[{\"@type\":\"ReadAction\",\"target\":[\"https:\/\/www.africa-press.net\/cameroun\/politique\/avis-lavocat-et-homme-politique-emmanuel-agbor-ashu-declare-que-le-cameroun-a-une-tres-bonne-justice\"]}]},{\"@type\":\"ImageObject\",\"inLanguage\":\"fr-FR\",\"@id\":\"https:\/\/www.africa-press.net\/cameroun\/politique\/avis-lavocat-et-homme-politique-emmanuel-agbor-ashu-declare-que-le-cameroun-a-une-tres-bonne-justice#primaryimage\",\"url\":\"https:\/\/static.africa-press.net\/cameroun\/sites\/57\/2022\/09\/img-6331d89e3bc63.jpg\",\"contentUrl\":\"https:\/\/static.africa-press.net\/cameroun\/sites\/57\/2022\/09\/img-6331d89e3bc63.jpg\",\"width\":800,\"height\":393,\"caption\":\"Avis: L\u2019avocat et homme politique Emmanuel Agbor Ashu d\u00e9clare que \u00able Cameroun a une tr\u00e8s bonne justice\u00bb\"},{\"@type\":\"BreadcrumbList\",\"@id\":\"https:\/\/www.africa-press.net\/cameroun\/politique\/avis-lavocat-et-homme-politique-emmanuel-agbor-ashu-declare-que-le-cameroun-a-une-tres-bonne-justice#breadcrumb\",\"itemListElement\":[{\"@type\":\"ListItem\",\"position\":1,\"name\":\"Accueil\",\"item\":\"https:\/\/www.africa-press.net\/cameroun\/\"},{\"@type\":\"ListItem\",\"position\":2,\"name\":\"Avis: L\u2019avocat et homme politique Emmanuel Agbor Ashu d\u00e9clare que \u00able Cameroun a une tr\u00e8s bonne justice\u00bb\"}]},{\"@type\":\"WebSite\",\"@id\":\"https:\/\/www.africa-press.net\/cameroun\/#website\",\"url\":\"https:\/\/www.africa-press.net\/cameroun\/\",\"name\":\"Cameroun\",\"description\":\"Just another Africa News Agency Sites site\",\"potentialAction\":[{\"@type\":\"SearchAction\",\"target\":{\"@type\":\"EntryPoint\",\"urlTemplate\":\"https:\/\/www.africa-press.net\/cameroun\/?s={search_term_string}\"},\"query-input\":{\"@type\":\"PropertyValueSpecification\",\"valueRequired\":true,\"valueName\":\"search_term_string\"}}],\"inLanguage\":\"fr-FR\"},{\"@type\":\"Person\",\"@id\":\"https:\/\/www.africa-press.net\/cameroun\/#\/schema\/person\/2b1cf3cd81a31e3cd26889ca66d677f1\",\"name\":\"cfeditorfr\"}]}<\/script>\n<!-- \/ Yoast SEO Premium plugin. -->","yoast_head_json":{"title":"Avis: L\u2019avocat et homme politique Emmanuel Agbor Ashu d\u00e9clare que \u00able Cameroun a une tr\u00e8s bonne justice\u00bb - Cameroun","description":"Le climat des affaires au Cameroun e\u0301tait au menu du de\u0301bat dominical sur Canal 2 International le 25 Septembre 2022. L\u2019 ...","robots":{"index":"index","follow":"follow","max-snippet":"max-snippet:-1","max-image-preview":"max-image-preview:large","max-video-preview":"max-video-preview:-1"},"canonical":"https:\/\/www.africa-press.net\/cameroun\/politique\/avis-lavocat-et-homme-politique-emmanuel-agbor-ashu-declare-que-le-cameroun-a-une-tres-bonne-justice","og_locale":"fr_FR","og_type":"article","og_title":"Avis: L\u2019avocat et homme politique Emmanuel Agbor Ashu d\u00e9clare que \u00able Cameroun a une tr\u00e8s bonne justice\u00bb","og_description":"Le climat des affaires au Cameroun e\u0301tait au menu du de\u0301bat dominical sur Canal 2 International le 25 Septembre 2022. L\u2019 ...","og_url":"https:\/\/www.africa-press.net\/cameroun\/politique\/avis-lavocat-et-homme-politique-emmanuel-agbor-ashu-declare-que-le-cameroun-a-une-tres-bonne-justice","og_site_name":"Cameroun","article_published_time":"2022-09-26T14:07:56+00:00","article_modified_time":"2022-09-26T16:52:27+00:00","og_image":[{"width":800,"height":393,"url":"https:\/\/static.africa-press.net\/cameroun\/sites\/57\/2022\/09\/img-6331d89e3bc63.jpg","type":"image\/jpeg"}],"author":"cfeditorfr","twitter_card":"summary_large_image","twitter_misc":{"\u00c9crit par":"cfeditorfr","Dur\u00e9e de lecture estim\u00e9e":"2 minutes"},"schema":{"@context":"https:\/\/schema.org","@graph":[{"@type":"Article","@id":"https:\/\/www.africa-press.net\/cameroun\/politique\/avis-lavocat-et-homme-politique-emmanuel-agbor-ashu-declare-que-le-cameroun-a-une-tres-bonne-justice#article","isPartOf":{"@id":"https:\/\/www.africa-press.net\/cameroun\/politique\/avis-lavocat-et-homme-politique-emmanuel-agbor-ashu-declare-que-le-cameroun-a-une-tres-bonne-justice"},"author":{"name":"cfeditorfr","@id":"https:\/\/www.africa-press.net\/cameroun\/#\/schema\/person\/2b1cf3cd81a31e3cd26889ca66d677f1"},"headline":"Avis: L\u2019avocat et homme politique Emmanuel Agbor Ashu d\u00e9clare que \u00able Cameroun a une tr\u00e8s bonne justice\u00bb","datePublished":"2022-09-26T14:07:56+00:00","dateModified":"2022-09-26T16:52:27+00:00","mainEntityOfPage":{"@id":"https:\/\/www.africa-press.net\/cameroun\/politique\/avis-lavocat-et-homme-politique-emmanuel-agbor-ashu-declare-que-le-cameroun-a-une-tres-bonne-justice"},"wordCount":417,"commentCount":0,"image":{"@id":"https:\/\/www.africa-press.net\/cameroun\/politique\/avis-lavocat-et-homme-politique-emmanuel-agbor-ashu-declare-que-le-cameroun-a-une-tres-bonne-justice#primaryimage"},"thumbnailUrl":"https:\/\/static.africa-press.net\/cameroun\/sites\/57\/2022\/09\/img-6331d89e3bc63.jpg","keywords":["Africa Press","Africa Press-Cameroun","Cameroun"],"articleSection":["Politique","Toutes les actualit\u00e9s"],"inLanguage":"fr-FR","potentialAction":[{"@type":"CommentAction","name":"Comment","target":["https:\/\/www.africa-press.net\/cameroun\/politique\/avis-lavocat-et-homme-politique-emmanuel-agbor-ashu-declare-que-le-cameroun-a-une-tres-bonne-justice#respond"]}]},{"@type":"WebPage","@id":"https:\/\/www.africa-press.net\/cameroun\/politique\/avis-lavocat-et-homme-politique-emmanuel-agbor-ashu-declare-que-le-cameroun-a-une-tres-bonne-justice","url":"https:\/\/www.africa-press.net\/cameroun\/politique\/avis-lavocat-et-homme-politique-emmanuel-agbor-ashu-declare-que-le-cameroun-a-une-tres-bonne-justice","name":"Avis: L\u2019avocat et homme politique Emmanuel Agbor Ashu d\u00e9clare que \u00able Cameroun a une tr\u00e8s bonne justice\u00bb - Cameroun","isPartOf":{"@id":"https:\/\/www.africa-press.net\/cameroun\/#website"},"primaryImageOfPage":{"@id":"https:\/\/www.africa-press.net\/cameroun\/politique\/avis-lavocat-et-homme-politique-emmanuel-agbor-ashu-declare-que-le-cameroun-a-une-tres-bonne-justice#primaryimage"},"image":{"@id":"https:\/\/www.africa-press.net\/cameroun\/politique\/avis-lavocat-et-homme-politique-emmanuel-agbor-ashu-declare-que-le-cameroun-a-une-tres-bonne-justice#primaryimage"},"thumbnailUrl":"https:\/\/static.africa-press.net\/cameroun\/sites\/57\/2022\/09\/img-6331d89e3bc63.jpg","datePublished":"2022-09-26T14:07:56+00:00","dateModified":"2022-09-26T16:52:27+00:00","author":{"@id":"https:\/\/www.africa-press.net\/cameroun\/#\/schema\/person\/2b1cf3cd81a31e3cd26889ca66d677f1"},"description":"Le climat des affaires au Cameroun e\u0301tait au menu du de\u0301bat dominical sur Canal 2 International le 25 Septembre 2022. L\u2019 ...","breadcrumb":{"@id":"https:\/\/www.africa-press.net\/cameroun\/politique\/avis-lavocat-et-homme-politique-emmanuel-agbor-ashu-declare-que-le-cameroun-a-une-tres-bonne-justice#breadcrumb"},"inLanguage":"fr-FR","potentialAction":[{"@type":"ReadAction","target":["https:\/\/www.africa-press.net\/cameroun\/politique\/avis-lavocat-et-homme-politique-emmanuel-agbor-ashu-declare-que-le-cameroun-a-une-tres-bonne-justice"]}]},{"@type":"ImageObject","inLanguage":"fr-FR","@id":"https:\/\/www.africa-press.net\/cameroun\/politique\/avis-lavocat-et-homme-politique-emmanuel-agbor-ashu-declare-que-le-cameroun-a-une-tres-bonne-justice#primaryimage","url":"https:\/\/static.africa-press.net\/cameroun\/sites\/57\/2022\/09\/img-6331d89e3bc63.jpg","contentUrl":"https:\/\/static.africa-press.net\/cameroun\/sites\/57\/2022\/09\/img-6331d89e3bc63.jpg","width":800,"height":393,"caption":"Avis: L\u2019avocat et homme politique Emmanuel Agbor Ashu d\u00e9clare que \u00able Cameroun a une tr\u00e8s bonne justice\u00bb"},{"@type":"BreadcrumbList","@id":"https:\/\/www.africa-press.net\/cameroun\/politique\/avis-lavocat-et-homme-politique-emmanuel-agbor-ashu-declare-que-le-cameroun-a-une-tres-bonne-justice#breadcrumb","itemListElement":[{"@type":"ListItem","position":1,"name":"Accueil","item":"https:\/\/www.africa-press.net\/cameroun\/"},{"@type":"ListItem","position":2,"name":"Avis: L\u2019avocat et homme politique Emmanuel Agbor Ashu d\u00e9clare que \u00able Cameroun a une tr\u00e8s bonne justice\u00bb"}]},{"@type":"WebSite","@id":"https:\/\/www.africa-press.net\/cameroun\/#website","url":"https:\/\/www.africa-press.net\/cameroun\/","name":"Cameroun","description":"Just another Africa News Agency Sites site","potentialAction":[{"@type":"SearchAction","target":{"@type":"EntryPoint","urlTemplate":"https:\/\/www.africa-press.net\/cameroun\/?s={search_term_string}"},"query-input":{"@type":"PropertyValueSpecification","valueRequired":true,"valueName":"search_term_string"}}],"inLanguage":"fr-FR"},{"@type":"Person","@id":"https:\/\/www.africa-press.net\/cameroun\/#\/schema\/person\/2b1cf3cd81a31e3cd26889ca66d677f1","name":"cfeditorfr"}]}},"_links":{"self":[{"href":"https:\/\/www.africa-press.net\/cameroun\/wp-json\/wp\/v2\/posts\/28122","targetHints":{"allow":["GET"]}}],"collection":[{"href":"https:\/\/www.africa-press.net\/cameroun\/wp-json\/wp\/v2\/posts"}],"about":[{"href":"https:\/\/www.africa-press.net\/cameroun\/wp-json\/wp\/v2\/types\/post"}],"author":[{"embeddable":true,"href":"https:\/\/www.africa-press.net\/cameroun\/wp-json\/wp\/v2\/users\/82"}],"replies":[{"embeddable":true,"href":"https:\/\/www.africa-press.net\/cameroun\/wp-json\/wp\/v2\/comments?post=28122"}],"version-history":[{"count":0,"href":"https:\/\/www.africa-press.net\/cameroun\/wp-json\/wp\/v2\/posts\/28122\/revisions"}],"wp:featuredmedia":[{"embeddable":true,"href":"https:\/\/www.africa-press.net\/cameroun\/wp-json\/wp\/v2\/media\/28121"}],"wp:attachment":[{"href":"https:\/\/www.africa-press.net\/cameroun\/wp-json\/wp\/v2\/media?parent=28122"}],"wp:term":[{"taxonomy":"category","embeddable":true,"href":"https:\/\/www.africa-press.net\/cameroun\/wp-json\/wp\/v2\/categories?post=28122"},{"taxonomy":"post_tag","embeddable":true,"href":"https:\/\/www.africa-press.net\/cameroun\/wp-json\/wp\/v2\/tags?post=28122"}],"curies":[{"name":"wp","href":"https:\/\/api.w.org\/{rel}","templated":true}]}}