{"id":28131,"date":"2022-09-26T14:31:51","date_gmt":"2022-09-26T14:31:51","guid":{"rendered":"https:\/\/www.africa-press.net\/cameroun\/politique\/mise-en-place-des-infrastructures-les-realites-qui-attendent-martin-mindjos-momeny-dans-la-partie-septentrionale-du-pays-nord-extreme-nord-et-adamaoua"},"modified":"2022-09-26T16:55:19","modified_gmt":"2022-09-26T16:55:19","slug":"mise-en-place-des-infrastructures-les-realites-qui-attendent-martin-mindjos-momeny-dans-la-partie-septentrionale-du-pays-nord-extreme-nord-et-adamaoua","status":"publish","type":"post","link":"https:\/\/www.africa-press.net\/cameroun\/economie\/mise-en-place-des-infrastructures-les-realites-qui-attendent-martin-mindjos-momeny-dans-la-partie-septentrionale-du-pays-nord-extreme-nord-et-adamaoua","title":{"rendered":"Mise en place des infrastructures: Les r\u00e9alit\u00e9s qui attendent Martin Mindjos Momeny dans la partie septentrionale du pays (Nord, Extr\u00eame-Nord et Adamaoua)"},"content":{"rendered":"<p><span style=\"color: #ff6600\"><strong>Africa-Press &#8211; Cameroun. <\/strong><\/span>Depuis plusieurs semaines, la partie septentrionale du pays constitue\u0301e des re\u0301gions du Nord, de l\u2019Extre\u0302me-Nord et de l\u2019Adamaoua est sous le feu des projecteurs. Les populations sont en proies non seulement aux inondations du fait de l\u2019abondance des pluies qu\u2019enregistre cette partie du pays, mais e\u0301galement aux multiples destructions des espaces agricoles par les e\u0301le\u0301phants et les hippopotames.<\/p>\n<p>C\u2019est dans ce contexte que Martin Mindjos Momeny, pre\u0301sident de la Chambre d\u2019agriculture, des pe\u0302ches, de l\u2019e\u0301levage et des fore\u0302ts (CAPEF) a entame\u0301 sa tourne\u0301e ce matin, dans cette partie du pays. Le mois d\u2019aou\u0302t est particulie\u0300rement marque\u0301 par une forte pluviome\u0301trie dans la re\u0301gion de l\u2019Extre\u0302me-Nord et un peu partout dans le septentrion. Presque chaque anne\u0301e, les populations sont victimes de nombreux de\u0301ga\u0302ts cause\u0301s par dame pluie qui dicte sa loi.<\/p>\n<p>70 hectares de plantation de mil rouge ont re\u0301cemment e\u0301te\u0301 de\u0301truits par des pachydermes dans la re\u0301gion de l\u2019Extre\u0302me-Nord. Au cours du lancement officiel de la campagne agricole 2022 dans la localite\u0301 de Mora le 02 juin 2022 par Gabriel Mbai\u0308robe, ministre de l\u2019Agriculture et du de\u0301veloppement rural (Minader), l\u2019on a appris du membre du gouvernement qu\u2019au cours de la pre\u0301ce\u0301dente campagne agricole, la re\u0301gion de l\u2019Extre\u0302me-Nord a enregistre\u0301 un de\u0301ficit ce\u0301re\u0301alier de 74 560 tonnes, contre seulement 15 560 tonnes en 2020. Ce qui re\u0301ve\u0300le une hausse du de\u0301ficit de 58 919 tonnes en glissement annuel, soit 378% en valeur relative.<\/p>\n<p>En effet, la Chambre est dans un processus de relance de ses diffe\u0301rents de\u0301membrements a\u0300 travers le pays. Cette deuxie\u0300me tourne\u0301e fait suite a\u0300 celle ayant conduit le pre\u0301sident de la CAPEF dans les re\u0301gions du Littoral, du Sud-Ouest et l\u2019Ouest, du 30 mai au 04 juin dernier.<\/p>\n<p><b>Jean Daniel Obama<\/b><\/p>\n<p><strong>Pour plus d&rsquo;informations et d&rsquo;analyses sur la <a href=\"https:\/\/www.africa-press.net\/cameroun\">Cameroun<\/a>, suivez <a href=\"https:\/\/www.africa-press.net\/\">Africa-Press<\/a><\/strong><\/p>\n","protected":false},"excerpt":{"rendered":"<p>Africa-Press &#8211; Cameroun. Depuis plusieurs semaines, la partie septentrionale du pays constitue\u0301e des re\u0301gions du Nord, de l\u2019Extre\u0302me-Nord et de l\u2019Adamaoua est sous le feu des projecteurs. Les populations sont en proies non seulement aux inondations du fait de l\u2019abondance des pluies qu\u2019enregistre cette partie du pays, mais e\u0301galement aux multiples destructions des espaces agricoles [&hellip;]<\/p>\n","protected":false},"author":82,"featured_media":28130,"comment_status":"open","ping_status":"closed","sticky":false,"template":"","format":"standard","meta":{"footnotes":""},"categories":[3,10],"tags":[36,50,49],"class_list":["post-28131","post","type-post","status-publish","format-standard","has-post-thumbnail","hentry","category-economie","category-toutes-les-actualites","tag-africa-press","tag-africa-press-cameroun","tag-cameroun"],"yoast_head":"<!-- This site is optimized with the Yoast SEO Premium plugin v26.1 (Yoast SEO v27.0) - https:\/\/yoast.com\/product\/yoast-seo-premium-wordpress\/ -->\n<title>Mise en place des infrastructures: Les r\u00e9alit\u00e9s qui attendent Martin Mindjos Momeny dans la partie septentrionale du pays (Nord, Extr\u00eame-Nord et Adamaoua) - Cameroun<\/title>\n<meta name=\"description\" content=\"Depuis plusieurs semaines, la partie septentrionale du pays constitue\u0301e des re\u0301gions du Nord, de l\u2019Extre\u0302me-Nord et de l ...\" \/>\n<meta name=\"robots\" content=\"index, follow, max-snippet:-1, max-image-preview:large, max-video-preview:-1\" \/>\n<link rel=\"canonical\" href=\"https:\/\/www.africa-press.net\/cameroun\/economie\/mise-en-place-des-infrastructures-les-realites-qui-attendent-martin-mindjos-momeny-dans-la-partie-septentrionale-du-pays-nord-extreme-nord-et-adamaoua\" \/>\n<meta property=\"og:locale\" content=\"fr_FR\" \/>\n<meta property=\"og:type\" content=\"article\" \/>\n<meta property=\"og:title\" content=\"Mise en place des infrastructures: Les r\u00e9alit\u00e9s qui attendent Martin Mindjos Momeny dans la partie septentrionale du pays (Nord, Extr\u00eame-Nord et Adamaoua)\" \/>\n<meta property=\"og:description\" content=\"Depuis plusieurs semaines, la partie septentrionale du pays constitue\u0301e des re\u0301gions du Nord, de l\u2019Extre\u0302me-Nord et de l ...\" \/>\n<meta property=\"og:url\" content=\"https:\/\/www.africa-press.net\/cameroun\/economie\/mise-en-place-des-infrastructures-les-realites-qui-attendent-martin-mindjos-momeny-dans-la-partie-septentrionale-du-pays-nord-extreme-nord-et-adamaoua\" \/>\n<meta property=\"og:site_name\" content=\"Cameroun\" \/>\n<meta property=\"article:published_time\" content=\"2022-09-26T14:31:51+00:00\" \/>\n<meta property=\"article:modified_time\" content=\"2022-09-26T16:55:19+00:00\" \/>\n<meta property=\"og:image\" content=\"https:\/\/static.africa-press.net\/cameroun\/sites\/57\/2022\/09\/img-6331d94b7e227.jpg\" \/>\n\t<meta property=\"og:image:width\" content=\"800\" \/>\n\t<meta property=\"og:image:height\" content=\"805\" \/>\n\t<meta property=\"og:image:type\" content=\"image\/jpeg\" \/>\n<meta name=\"author\" content=\"cfeditorfr\" \/>\n<meta name=\"twitter:card\" content=\"summary_large_image\" \/>\n<meta name=\"twitter:label1\" content=\"\u00c9crit par\" \/>\n\t<meta name=\"twitter:data1\" content=\"cfeditorfr\" \/>\n\t<meta name=\"twitter:label2\" content=\"Dur\u00e9e de lecture estim\u00e9e\" \/>\n\t<meta name=\"twitter:data2\" content=\"2 minutes\" \/>\n<script type=\"application\/ld+json\" class=\"yoast-schema-graph\">{\"@context\":\"https:\/\/schema.org\",\"@graph\":[{\"@type\":\"Article\",\"@id\":\"https:\/\/www.africa-press.net\/cameroun\/economie\/mise-en-place-des-infrastructures-les-realites-qui-attendent-martin-mindjos-momeny-dans-la-partie-septentrionale-du-pays-nord-extreme-nord-et-adamaoua#article\",\"isPartOf\":{\"@id\":\"https:\/\/www.africa-press.net\/cameroun\/economie\/mise-en-place-des-infrastructures-les-realites-qui-attendent-martin-mindjos-momeny-dans-la-partie-septentrionale-du-pays-nord-extreme-nord-et-adamaoua\"},\"author\":{\"name\":\"cfeditorfr\",\"@id\":\"https:\/\/www.africa-press.net\/cameroun\/#\/schema\/person\/2b1cf3cd81a31e3cd26889ca66d677f1\"},\"headline\":\"Mise en place des infrastructures: Les r\u00e9alit\u00e9s qui attendent Martin Mindjos Momeny dans la partie septentrionale du pays (Nord, Extr\u00eame-Nord et Adamaoua)\",\"datePublished\":\"2022-09-26T14:31:51+00:00\",\"dateModified\":\"2022-09-26T16:55:19+00:00\",\"mainEntityOfPage\":{\"@id\":\"https:\/\/www.africa-press.net\/cameroun\/economie\/mise-en-place-des-infrastructures-les-realites-qui-attendent-martin-mindjos-momeny-dans-la-partie-septentrionale-du-pays-nord-extreme-nord-et-adamaoua\"},\"wordCount\":367,\"commentCount\":0,\"image\":{\"@id\":\"https:\/\/www.africa-press.net\/cameroun\/economie\/mise-en-place-des-infrastructures-les-realites-qui-attendent-martin-mindjos-momeny-dans-la-partie-septentrionale-du-pays-nord-extreme-nord-et-adamaoua#primaryimage\"},\"thumbnailUrl\":\"https:\/\/static.africa-press.net\/cameroun\/sites\/57\/2022\/09\/img-6331d94b7e227.jpg\",\"keywords\":[\"Africa Press\",\"Africa Press-Cameroun\",\"Cameroun\"],\"articleSection\":[\"\u00c9conomie\",\"Toutes les actualit\u00e9s\"],\"inLanguage\":\"fr-FR\",\"potentialAction\":[{\"@type\":\"CommentAction\",\"name\":\"Comment\",\"target\":[\"https:\/\/www.africa-press.net\/cameroun\/economie\/mise-en-place-des-infrastructures-les-realites-qui-attendent-martin-mindjos-momeny-dans-la-partie-septentrionale-du-pays-nord-extreme-nord-et-adamaoua#respond\"]}]},{\"@type\":\"WebPage\",\"@id\":\"https:\/\/www.africa-press.net\/cameroun\/economie\/mise-en-place-des-infrastructures-les-realites-qui-attendent-martin-mindjos-momeny-dans-la-partie-septentrionale-du-pays-nord-extreme-nord-et-adamaoua\",\"url\":\"https:\/\/www.africa-press.net\/cameroun\/economie\/mise-en-place-des-infrastructures-les-realites-qui-attendent-martin-mindjos-momeny-dans-la-partie-septentrionale-du-pays-nord-extreme-nord-et-adamaoua\",\"name\":\"Mise en place des infrastructures: Les r\u00e9alit\u00e9s qui attendent Martin Mindjos Momeny dans la partie septentrionale du pays (Nord, Extr\u00eame-Nord et Adamaoua) - Cameroun\",\"isPartOf\":{\"@id\":\"https:\/\/www.africa-press.net\/cameroun\/#website\"},\"primaryImageOfPage\":{\"@id\":\"https:\/\/www.africa-press.net\/cameroun\/economie\/mise-en-place-des-infrastructures-les-realites-qui-attendent-martin-mindjos-momeny-dans-la-partie-septentrionale-du-pays-nord-extreme-nord-et-adamaoua#primaryimage\"},\"image\":{\"@id\":\"https:\/\/www.africa-press.net\/cameroun\/economie\/mise-en-place-des-infrastructures-les-realites-qui-attendent-martin-mindjos-momeny-dans-la-partie-septentrionale-du-pays-nord-extreme-nord-et-adamaoua#primaryimage\"},\"thumbnailUrl\":\"https:\/\/static.africa-press.net\/cameroun\/sites\/57\/2022\/09\/img-6331d94b7e227.jpg\",\"datePublished\":\"2022-09-26T14:31:51+00:00\",\"dateModified\":\"2022-09-26T16:55:19+00:00\",\"author\":{\"@id\":\"https:\/\/www.africa-press.net\/cameroun\/#\/schema\/person\/2b1cf3cd81a31e3cd26889ca66d677f1\"},\"description\":\"Depuis plusieurs semaines, la partie septentrionale du pays constitue\u0301e des re\u0301gions du Nord, de l\u2019Extre\u0302me-Nord et de l ...\",\"breadcrumb\":{\"@id\":\"https:\/\/www.africa-press.net\/cameroun\/economie\/mise-en-place-des-infrastructures-les-realites-qui-attendent-martin-mindjos-momeny-dans-la-partie-septentrionale-du-pays-nord-extreme-nord-et-adamaoua#breadcrumb\"},\"inLanguage\":\"fr-FR\",\"potentialAction\":[{\"@type\":\"ReadAction\",\"target\":[\"https:\/\/www.africa-press.net\/cameroun\/economie\/mise-en-place-des-infrastructures-les-realites-qui-attendent-martin-mindjos-momeny-dans-la-partie-septentrionale-du-pays-nord-extreme-nord-et-adamaoua\"]}]},{\"@type\":\"ImageObject\",\"inLanguage\":\"fr-FR\",\"@id\":\"https:\/\/www.africa-press.net\/cameroun\/economie\/mise-en-place-des-infrastructures-les-realites-qui-attendent-martin-mindjos-momeny-dans-la-partie-septentrionale-du-pays-nord-extreme-nord-et-adamaoua#primaryimage\",\"url\":\"https:\/\/static.africa-press.net\/cameroun\/sites\/57\/2022\/09\/img-6331d94b7e227.jpg\",\"contentUrl\":\"https:\/\/static.africa-press.net\/cameroun\/sites\/57\/2022\/09\/img-6331d94b7e227.jpg\",\"width\":800,\"height\":805,\"caption\":\"Mise en place des infrastructures: Les r\u00e9alit\u00e9s qui attendent Martin Mindjos Momeny dans la partie septentrionale du pays (Nord, Extr\u00eame-Nord et Adamaoua)\"},{\"@type\":\"BreadcrumbList\",\"@id\":\"https:\/\/www.africa-press.net\/cameroun\/economie\/mise-en-place-des-infrastructures-les-realites-qui-attendent-martin-mindjos-momeny-dans-la-partie-septentrionale-du-pays-nord-extreme-nord-et-adamaoua#breadcrumb\",\"itemListElement\":[{\"@type\":\"ListItem\",\"position\":1,\"name\":\"Accueil\",\"item\":\"https:\/\/www.africa-press.net\/cameroun\/\"},{\"@type\":\"ListItem\",\"position\":2,\"name\":\"Mise en place des infrastructures: Les r\u00e9alit\u00e9s qui attendent Martin Mindjos Momeny dans la partie septentrionale du pays (Nord, Extr\u00eame-Nord et Adamaoua)\"}]},{\"@type\":\"WebSite\",\"@id\":\"https:\/\/www.africa-press.net\/cameroun\/#website\",\"url\":\"https:\/\/www.africa-press.net\/cameroun\/\",\"name\":\"Cameroun\",\"description\":\"Just another Africa News Agency Sites site\",\"potentialAction\":[{\"@type\":\"SearchAction\",\"target\":{\"@type\":\"EntryPoint\",\"urlTemplate\":\"https:\/\/www.africa-press.net\/cameroun\/?s={search_term_string}\"},\"query-input\":{\"@type\":\"PropertyValueSpecification\",\"valueRequired\":true,\"valueName\":\"search_term_string\"}}],\"inLanguage\":\"fr-FR\"},{\"@type\":\"Person\",\"@id\":\"https:\/\/www.africa-press.net\/cameroun\/#\/schema\/person\/2b1cf3cd81a31e3cd26889ca66d677f1\",\"name\":\"cfeditorfr\"}]}<\/script>\n<!-- \/ Yoast SEO Premium plugin. -->","yoast_head_json":{"title":"Mise en place des infrastructures: Les r\u00e9alit\u00e9s qui attendent Martin Mindjos Momeny dans la partie septentrionale du pays (Nord, Extr\u00eame-Nord et Adamaoua) - Cameroun","description":"Depuis plusieurs semaines, la partie septentrionale du pays constitue\u0301e des re\u0301gions du Nord, de l\u2019Extre\u0302me-Nord et de l ...","robots":{"index":"index","follow":"follow","max-snippet":"max-snippet:-1","max-image-preview":"max-image-preview:large","max-video-preview":"max-video-preview:-1"},"canonical":"https:\/\/www.africa-press.net\/cameroun\/economie\/mise-en-place-des-infrastructures-les-realites-qui-attendent-martin-mindjos-momeny-dans-la-partie-septentrionale-du-pays-nord-extreme-nord-et-adamaoua","og_locale":"fr_FR","og_type":"article","og_title":"Mise en place des infrastructures: Les r\u00e9alit\u00e9s qui attendent Martin Mindjos Momeny dans la partie septentrionale du pays (Nord, Extr\u00eame-Nord et Adamaoua)","og_description":"Depuis plusieurs semaines, la partie septentrionale du pays constitue\u0301e des re\u0301gions du Nord, de l\u2019Extre\u0302me-Nord et de l ...","og_url":"https:\/\/www.africa-press.net\/cameroun\/economie\/mise-en-place-des-infrastructures-les-realites-qui-attendent-martin-mindjos-momeny-dans-la-partie-septentrionale-du-pays-nord-extreme-nord-et-adamaoua","og_site_name":"Cameroun","article_published_time":"2022-09-26T14:31:51+00:00","article_modified_time":"2022-09-26T16:55:19+00:00","og_image":[{"width":800,"height":805,"url":"https:\/\/static.africa-press.net\/cameroun\/sites\/57\/2022\/09\/img-6331d94b7e227.jpg","type":"image\/jpeg"}],"author":"cfeditorfr","twitter_card":"summary_large_image","twitter_misc":{"\u00c9crit par":"cfeditorfr","Dur\u00e9e de lecture estim\u00e9e":"2 minutes"},"schema":{"@context":"https:\/\/schema.org","@graph":[{"@type":"Article","@id":"https:\/\/www.africa-press.net\/cameroun\/economie\/mise-en-place-des-infrastructures-les-realites-qui-attendent-martin-mindjos-momeny-dans-la-partie-septentrionale-du-pays-nord-extreme-nord-et-adamaoua#article","isPartOf":{"@id":"https:\/\/www.africa-press.net\/cameroun\/economie\/mise-en-place-des-infrastructures-les-realites-qui-attendent-martin-mindjos-momeny-dans-la-partie-septentrionale-du-pays-nord-extreme-nord-et-adamaoua"},"author":{"name":"cfeditorfr","@id":"https:\/\/www.africa-press.net\/cameroun\/#\/schema\/person\/2b1cf3cd81a31e3cd26889ca66d677f1"},"headline":"Mise en place des infrastructures: Les r\u00e9alit\u00e9s qui attendent Martin Mindjos Momeny dans la partie septentrionale du pays (Nord, Extr\u00eame-Nord et Adamaoua)","datePublished":"2022-09-26T14:31:51+00:00","dateModified":"2022-09-26T16:55:19+00:00","mainEntityOfPage":{"@id":"https:\/\/www.africa-press.net\/cameroun\/economie\/mise-en-place-des-infrastructures-les-realites-qui-attendent-martin-mindjos-momeny-dans-la-partie-septentrionale-du-pays-nord-extreme-nord-et-adamaoua"},"wordCount":367,"commentCount":0,"image":{"@id":"https:\/\/www.africa-press.net\/cameroun\/economie\/mise-en-place-des-infrastructures-les-realites-qui-attendent-martin-mindjos-momeny-dans-la-partie-septentrionale-du-pays-nord-extreme-nord-et-adamaoua#primaryimage"},"thumbnailUrl":"https:\/\/static.africa-press.net\/cameroun\/sites\/57\/2022\/09\/img-6331d94b7e227.jpg","keywords":["Africa Press","Africa Press-Cameroun","Cameroun"],"articleSection":["\u00c9conomie","Toutes les actualit\u00e9s"],"inLanguage":"fr-FR","potentialAction":[{"@type":"CommentAction","name":"Comment","target":["https:\/\/www.africa-press.net\/cameroun\/economie\/mise-en-place-des-infrastructures-les-realites-qui-attendent-martin-mindjos-momeny-dans-la-partie-septentrionale-du-pays-nord-extreme-nord-et-adamaoua#respond"]}]},{"@type":"WebPage","@id":"https:\/\/www.africa-press.net\/cameroun\/economie\/mise-en-place-des-infrastructures-les-realites-qui-attendent-martin-mindjos-momeny-dans-la-partie-septentrionale-du-pays-nord-extreme-nord-et-adamaoua","url":"https:\/\/www.africa-press.net\/cameroun\/economie\/mise-en-place-des-infrastructures-les-realites-qui-attendent-martin-mindjos-momeny-dans-la-partie-septentrionale-du-pays-nord-extreme-nord-et-adamaoua","name":"Mise en place des infrastructures: Les r\u00e9alit\u00e9s qui attendent Martin Mindjos Momeny dans la partie septentrionale du pays (Nord, Extr\u00eame-Nord et Adamaoua) - Cameroun","isPartOf":{"@id":"https:\/\/www.africa-press.net\/cameroun\/#website"},"primaryImageOfPage":{"@id":"https:\/\/www.africa-press.net\/cameroun\/economie\/mise-en-place-des-infrastructures-les-realites-qui-attendent-martin-mindjos-momeny-dans-la-partie-septentrionale-du-pays-nord-extreme-nord-et-adamaoua#primaryimage"},"image":{"@id":"https:\/\/www.africa-press.net\/cameroun\/economie\/mise-en-place-des-infrastructures-les-realites-qui-attendent-martin-mindjos-momeny-dans-la-partie-septentrionale-du-pays-nord-extreme-nord-et-adamaoua#primaryimage"},"thumbnailUrl":"https:\/\/static.africa-press.net\/cameroun\/sites\/57\/2022\/09\/img-6331d94b7e227.jpg","datePublished":"2022-09-26T14:31:51+00:00","dateModified":"2022-09-26T16:55:19+00:00","author":{"@id":"https:\/\/www.africa-press.net\/cameroun\/#\/schema\/person\/2b1cf3cd81a31e3cd26889ca66d677f1"},"description":"Depuis plusieurs semaines, la partie septentrionale du pays constitue\u0301e des re\u0301gions du Nord, de l\u2019Extre\u0302me-Nord et de l ...","breadcrumb":{"@id":"https:\/\/www.africa-press.net\/cameroun\/economie\/mise-en-place-des-infrastructures-les-realites-qui-attendent-martin-mindjos-momeny-dans-la-partie-septentrionale-du-pays-nord-extreme-nord-et-adamaoua#breadcrumb"},"inLanguage":"fr-FR","potentialAction":[{"@type":"ReadAction","target":["https:\/\/www.africa-press.net\/cameroun\/economie\/mise-en-place-des-infrastructures-les-realites-qui-attendent-martin-mindjos-momeny-dans-la-partie-septentrionale-du-pays-nord-extreme-nord-et-adamaoua"]}]},{"@type":"ImageObject","inLanguage":"fr-FR","@id":"https:\/\/www.africa-press.net\/cameroun\/economie\/mise-en-place-des-infrastructures-les-realites-qui-attendent-martin-mindjos-momeny-dans-la-partie-septentrionale-du-pays-nord-extreme-nord-et-adamaoua#primaryimage","url":"https:\/\/static.africa-press.net\/cameroun\/sites\/57\/2022\/09\/img-6331d94b7e227.jpg","contentUrl":"https:\/\/static.africa-press.net\/cameroun\/sites\/57\/2022\/09\/img-6331d94b7e227.jpg","width":800,"height":805,"caption":"Mise en place des infrastructures: Les r\u00e9alit\u00e9s qui attendent Martin Mindjos Momeny dans la partie septentrionale du pays (Nord, Extr\u00eame-Nord et Adamaoua)"},{"@type":"BreadcrumbList","@id":"https:\/\/www.africa-press.net\/cameroun\/economie\/mise-en-place-des-infrastructures-les-realites-qui-attendent-martin-mindjos-momeny-dans-la-partie-septentrionale-du-pays-nord-extreme-nord-et-adamaoua#breadcrumb","itemListElement":[{"@type":"ListItem","position":1,"name":"Accueil","item":"https:\/\/www.africa-press.net\/cameroun\/"},{"@type":"ListItem","position":2,"name":"Mise en place des infrastructures: Les r\u00e9alit\u00e9s qui attendent Martin Mindjos Momeny dans la partie septentrionale du pays (Nord, Extr\u00eame-Nord et Adamaoua)"}]},{"@type":"WebSite","@id":"https:\/\/www.africa-press.net\/cameroun\/#website","url":"https:\/\/www.africa-press.net\/cameroun\/","name":"Cameroun","description":"Just another Africa News Agency Sites site","potentialAction":[{"@type":"SearchAction","target":{"@type":"EntryPoint","urlTemplate":"https:\/\/www.africa-press.net\/cameroun\/?s={search_term_string}"},"query-input":{"@type":"PropertyValueSpecification","valueRequired":true,"valueName":"search_term_string"}}],"inLanguage":"fr-FR"},{"@type":"Person","@id":"https:\/\/www.africa-press.net\/cameroun\/#\/schema\/person\/2b1cf3cd81a31e3cd26889ca66d677f1","name":"cfeditorfr"}]}},"_links":{"self":[{"href":"https:\/\/www.africa-press.net\/cameroun\/wp-json\/wp\/v2\/posts\/28131","targetHints":{"allow":["GET"]}}],"collection":[{"href":"https:\/\/www.africa-press.net\/cameroun\/wp-json\/wp\/v2\/posts"}],"about":[{"href":"https:\/\/www.africa-press.net\/cameroun\/wp-json\/wp\/v2\/types\/post"}],"author":[{"embeddable":true,"href":"https:\/\/www.africa-press.net\/cameroun\/wp-json\/wp\/v2\/users\/82"}],"replies":[{"embeddable":true,"href":"https:\/\/www.africa-press.net\/cameroun\/wp-json\/wp\/v2\/comments?post=28131"}],"version-history":[{"count":0,"href":"https:\/\/www.africa-press.net\/cameroun\/wp-json\/wp\/v2\/posts\/28131\/revisions"}],"wp:featuredmedia":[{"embeddable":true,"href":"https:\/\/www.africa-press.net\/cameroun\/wp-json\/wp\/v2\/media\/28130"}],"wp:attachment":[{"href":"https:\/\/www.africa-press.net\/cameroun\/wp-json\/wp\/v2\/media?parent=28131"}],"wp:term":[{"taxonomy":"category","embeddable":true,"href":"https:\/\/www.africa-press.net\/cameroun\/wp-json\/wp\/v2\/categories?post=28131"},{"taxonomy":"post_tag","embeddable":true,"href":"https:\/\/www.africa-press.net\/cameroun\/wp-json\/wp\/v2\/tags?post=28131"}],"curies":[{"name":"wp","href":"https:\/\/api.w.org\/{rel}","templated":true}]}}