{"id":28137,"date":"2022-09-26T14:49:37","date_gmt":"2022-09-26T14:49:37","guid":{"rendered":"https:\/\/www.africa-press.net\/cameroun\/politique\/cameroun-le-covid-19-reste-sous-controle-malgre-la-remontee-des-cas"},"modified":"2022-09-26T16:57:16","modified_gmt":"2022-09-26T16:57:16","slug":"cameroun-le-covid-19-reste-sous-controle-malgre-la-remontee-des-cas","status":"publish","type":"post","link":"https:\/\/www.africa-press.net\/cameroun\/toutes-les-actualites\/cameroun-le-covid-19-reste-sous-controle-malgre-la-remontee-des-cas","title":{"rendered":"Cameroun : le Covid-19  reste sous contr\u00f4le malgr\u00e9 la remont\u00e9e des cas"},"content":{"rendered":"<p><span style=\"color: #ff6600\"><strong>Africa-Press &#8211; Cameroun. <\/strong><\/span><b>C\u2019est ce qu\u2019affirme le ministe\u0300re de la Sante\u0301 publique (Minsante\u0301) dans une de\u0301claration rendue publique dimanche 25 septembre 2022.<\/b><\/p>\n<p>Les alertes des autorite\u0301s sanitaires pre\u0301viennent de la remonte\u0301e des cas de contamination au Covid-19 au Cameroun depuis quelques semaines. Ces messages qui assurent de la pre\u0301sence du virus parmi les Camerounais ne font ne\u0301anmoins pas paniquer. C\u2019est que, selon le ministe\u0300re de la Sante\u0301 publique, \u00ab dans l\u2019ensemble, le Covid-19 reste sous contro\u0302le au Cameroun malgre\u0301 la le\u0301ge\u0300re remonte\u0301e des cas de ces dernie\u0300res semaines \u00bb, peut-on lire sur la de\u0301claration publie\u0301e par le de\u0301partement ministe\u0301riel.<\/p>\n<p>Dans le me\u0302me document, le Minsante\u0301 fournit des statistiques de l\u2019e\u0301volution de la pande\u0301mie au Cameroun. Au 17 aou\u0302t 2022, \u00ab le 143e\u0300 rapport de la situation (SITREP) comptait 1 214 cas actifs dont 14 hospitalise\u0301s \u00bb, informe le ministe\u0300re qui ne cache pas sa satisfaction tout en restant sur ses gardes. La pre\u0301sence de la maladie \u00ab impose un re\u0301ajustement permanent des strate\u0301gies de re\u0301ponse a\u0300 tous les niveaux de la pyramide sanitaire \u00bb, alerte le de\u0301partement ministe\u0301riel. A date, le pays compte un peu plus de 121 600 cas actifs dont 1 935 de\u0301ce\u0300s.<\/p>\n<p>Ces informations sont rendues publiques au terme de deux ateliers tenus a\u0300 Ebolowa du 20 au 24 septembre 2022. Organise\u0301es par la direction de la promotion de la sante\u0301, ces rencontres ont porte\u0301 sur la communication sur les risques et engagement communautaire. Les travaux ont tourne\u0301 autour de la mise en place ou a\u0300 jour des diffe\u0301rents outils qui rentrent dans le renforcement de la lutte contre le Covid-19 et les autres maladies zoonotiques. L\u2019un des axes a concerne\u0301 l\u2019actualisation du plan de communication sur les risques et engagement communautaire.<\/p>\n<p><strong>Pour plus d&rsquo;informations et d&rsquo;analyses sur la <a href=\"https:\/\/www.africa-press.net\/cameroun\">Cameroun<\/a>, suivez <a href=\"https:\/\/www.africa-press.net\/\">Africa-Press<\/a><\/strong><\/p>\n","protected":false},"excerpt":{"rendered":"<p>Africa-Press &#8211; Cameroun. C\u2019est ce qu\u2019affirme le ministe\u0300re de la Sante\u0301 publique (Minsante\u0301) dans une de\u0301claration rendue publique dimanche 25 septembre 2022. Les alertes des autorite\u0301s sanitaires pre\u0301viennent de la remonte\u0301e des cas de contamination au Covid-19 au Cameroun depuis quelques semaines. Ces messages qui assurent de la pre\u0301sence du virus parmi les Camerounais ne [&hellip;]<\/p>\n","protected":false},"author":82,"featured_media":28136,"comment_status":"open","ping_status":"closed","sticky":false,"template":"","format":"standard","meta":{"footnotes":""},"categories":[21,10],"tags":[36,50,49],"class_list":["post-28137","post","type-post","status-publish","format-standard","has-post-thumbnail","hentry","category-communaute","category-toutes-les-actualites","tag-africa-press","tag-africa-press-cameroun","tag-cameroun"],"yoast_head":"<!-- This site is optimized with the Yoast SEO Premium plugin v26.1 (Yoast SEO v27.0) - https:\/\/yoast.com\/product\/yoast-seo-premium-wordpress\/ -->\n<title>Cameroun : le Covid-19 reste sous contr\u00f4le malgr\u00e9 la remont\u00e9e des cas - Cameroun<\/title>\n<meta name=\"description\" content=\"C\u2019est ce qu\u2019affirme le ministe\u0300re de la Sante\u0301 publique (Minsante\u0301) dans une de\u0301claration rendue publique dimanche 25 ...\" \/>\n<meta name=\"robots\" content=\"index, follow, max-snippet:-1, max-image-preview:large, max-video-preview:-1\" \/>\n<link rel=\"canonical\" href=\"https:\/\/www.africa-press.net\/cameroun\/toutes-les-actualites\/cameroun-le-covid-19-reste-sous-controle-malgre-la-remontee-des-cas\" \/>\n<meta property=\"og:locale\" content=\"fr_FR\" \/>\n<meta property=\"og:type\" content=\"article\" \/>\n<meta property=\"og:title\" content=\"Cameroun : le Covid-19 reste sous contr\u00f4le malgr\u00e9 la remont\u00e9e des cas\" \/>\n<meta property=\"og:description\" content=\"C\u2019est ce qu\u2019affirme le ministe\u0300re de la Sante\u0301 publique (Minsante\u0301) dans une de\u0301claration rendue publique dimanche 25 ...\" \/>\n<meta property=\"og:url\" content=\"https:\/\/www.africa-press.net\/cameroun\/toutes-les-actualites\/cameroun-le-covid-19-reste-sous-controle-malgre-la-remontee-des-cas\" \/>\n<meta property=\"og:site_name\" content=\"Cameroun\" \/>\n<meta property=\"article:published_time\" content=\"2022-09-26T14:49:37+00:00\" \/>\n<meta property=\"article:modified_time\" content=\"2022-09-26T16:57:16+00:00\" \/>\n<meta property=\"og:image\" content=\"https:\/\/static.africa-press.net\/cameroun\/sites\/57\/2022\/09\/img-6331d9b3b45a0.jpg\" \/>\n\t<meta property=\"og:image:width\" content=\"960\" \/>\n\t<meta property=\"og:image:height\" content=\"720\" \/>\n\t<meta property=\"og:image:type\" content=\"image\/jpeg\" \/>\n<meta name=\"author\" content=\"cfeditorfr\" \/>\n<meta name=\"twitter:card\" content=\"summary_large_image\" \/>\n<meta name=\"twitter:label1\" content=\"\u00c9crit par\" \/>\n\t<meta name=\"twitter:data1\" content=\"cfeditorfr\" \/>\n\t<meta name=\"twitter:label2\" content=\"Dur\u00e9e de lecture estim\u00e9e\" \/>\n\t<meta name=\"twitter:data2\" content=\"2 minutes\" \/>\n<script type=\"application\/ld+json\" class=\"yoast-schema-graph\">{\"@context\":\"https:\/\/schema.org\",\"@graph\":[{\"@type\":\"Article\",\"@id\":\"https:\/\/www.africa-press.net\/cameroun\/toutes-les-actualites\/cameroun-le-covid-19-reste-sous-controle-malgre-la-remontee-des-cas#article\",\"isPartOf\":{\"@id\":\"https:\/\/www.africa-press.net\/cameroun\/toutes-les-actualites\/cameroun-le-covid-19-reste-sous-controle-malgre-la-remontee-des-cas\"},\"author\":{\"name\":\"cfeditorfr\",\"@id\":\"https:\/\/www.africa-press.net\/cameroun\/#\/schema\/person\/2b1cf3cd81a31e3cd26889ca66d677f1\"},\"headline\":\"Cameroun : le Covid-19 reste sous contr\u00f4le malgr\u00e9 la remont\u00e9e des cas\",\"datePublished\":\"2022-09-26T14:49:37+00:00\",\"dateModified\":\"2022-09-26T16:57:16+00:00\",\"mainEntityOfPage\":{\"@id\":\"https:\/\/www.africa-press.net\/cameroun\/toutes-les-actualites\/cameroun-le-covid-19-reste-sous-controle-malgre-la-remontee-des-cas\"},\"wordCount\":330,\"commentCount\":0,\"image\":{\"@id\":\"https:\/\/www.africa-press.net\/cameroun\/toutes-les-actualites\/cameroun-le-covid-19-reste-sous-controle-malgre-la-remontee-des-cas#primaryimage\"},\"thumbnailUrl\":\"https:\/\/static.africa-press.net\/cameroun\/sites\/57\/2022\/09\/img-6331d9b3b45a0.jpg\",\"keywords\":[\"Africa Press\",\"Africa Press-Cameroun\",\"Cameroun\"],\"articleSection\":[\"Communaut\u00e9\",\"Toutes les actualit\u00e9s\"],\"inLanguage\":\"fr-FR\",\"potentialAction\":[{\"@type\":\"CommentAction\",\"name\":\"Comment\",\"target\":[\"https:\/\/www.africa-press.net\/cameroun\/toutes-les-actualites\/cameroun-le-covid-19-reste-sous-controle-malgre-la-remontee-des-cas#respond\"]}]},{\"@type\":\"WebPage\",\"@id\":\"https:\/\/www.africa-press.net\/cameroun\/toutes-les-actualites\/cameroun-le-covid-19-reste-sous-controle-malgre-la-remontee-des-cas\",\"url\":\"https:\/\/www.africa-press.net\/cameroun\/toutes-les-actualites\/cameroun-le-covid-19-reste-sous-controle-malgre-la-remontee-des-cas\",\"name\":\"Cameroun : le Covid-19 reste sous contr\u00f4le malgr\u00e9 la remont\u00e9e des cas - Cameroun\",\"isPartOf\":{\"@id\":\"https:\/\/www.africa-press.net\/cameroun\/#website\"},\"primaryImageOfPage\":{\"@id\":\"https:\/\/www.africa-press.net\/cameroun\/toutes-les-actualites\/cameroun-le-covid-19-reste-sous-controle-malgre-la-remontee-des-cas#primaryimage\"},\"image\":{\"@id\":\"https:\/\/www.africa-press.net\/cameroun\/toutes-les-actualites\/cameroun-le-covid-19-reste-sous-controle-malgre-la-remontee-des-cas#primaryimage\"},\"thumbnailUrl\":\"https:\/\/static.africa-press.net\/cameroun\/sites\/57\/2022\/09\/img-6331d9b3b45a0.jpg\",\"datePublished\":\"2022-09-26T14:49:37+00:00\",\"dateModified\":\"2022-09-26T16:57:16+00:00\",\"author\":{\"@id\":\"https:\/\/www.africa-press.net\/cameroun\/#\/schema\/person\/2b1cf3cd81a31e3cd26889ca66d677f1\"},\"description\":\"C\u2019est ce qu\u2019affirme le ministe\u0300re de la Sante\u0301 publique (Minsante\u0301) dans une de\u0301claration rendue publique dimanche 25 ...\",\"breadcrumb\":{\"@id\":\"https:\/\/www.africa-press.net\/cameroun\/toutes-les-actualites\/cameroun-le-covid-19-reste-sous-controle-malgre-la-remontee-des-cas#breadcrumb\"},\"inLanguage\":\"fr-FR\",\"potentialAction\":[{\"@type\":\"ReadAction\",\"target\":[\"https:\/\/www.africa-press.net\/cameroun\/toutes-les-actualites\/cameroun-le-covid-19-reste-sous-controle-malgre-la-remontee-des-cas\"]}]},{\"@type\":\"ImageObject\",\"inLanguage\":\"fr-FR\",\"@id\":\"https:\/\/www.africa-press.net\/cameroun\/toutes-les-actualites\/cameroun-le-covid-19-reste-sous-controle-malgre-la-remontee-des-cas#primaryimage\",\"url\":\"https:\/\/static.africa-press.net\/cameroun\/sites\/57\/2022\/09\/img-6331d9b3b45a0.jpg\",\"contentUrl\":\"https:\/\/static.africa-press.net\/cameroun\/sites\/57\/2022\/09\/img-6331d9b3b45a0.jpg\",\"width\":960,\"height\":720,\"caption\":\"Cameroun : le Covid-19 reste sous contr\u00f4le malgr\u00e9 la remont\u00e9e des cas\"},{\"@type\":\"BreadcrumbList\",\"@id\":\"https:\/\/www.africa-press.net\/cameroun\/toutes-les-actualites\/cameroun-le-covid-19-reste-sous-controle-malgre-la-remontee-des-cas#breadcrumb\",\"itemListElement\":[{\"@type\":\"ListItem\",\"position\":1,\"name\":\"Accueil\",\"item\":\"https:\/\/www.africa-press.net\/cameroun\/\"},{\"@type\":\"ListItem\",\"position\":2,\"name\":\"Cameroun : le Covid-19 reste sous contr\u00f4le malgr\u00e9 la remont\u00e9e des cas\"}]},{\"@type\":\"WebSite\",\"@id\":\"https:\/\/www.africa-press.net\/cameroun\/#website\",\"url\":\"https:\/\/www.africa-press.net\/cameroun\/\",\"name\":\"Cameroun\",\"description\":\"Just another Africa News Agency Sites site\",\"potentialAction\":[{\"@type\":\"SearchAction\",\"target\":{\"@type\":\"EntryPoint\",\"urlTemplate\":\"https:\/\/www.africa-press.net\/cameroun\/?s={search_term_string}\"},\"query-input\":{\"@type\":\"PropertyValueSpecification\",\"valueRequired\":true,\"valueName\":\"search_term_string\"}}],\"inLanguage\":\"fr-FR\"},{\"@type\":\"Person\",\"@id\":\"https:\/\/www.africa-press.net\/cameroun\/#\/schema\/person\/2b1cf3cd81a31e3cd26889ca66d677f1\",\"name\":\"cfeditorfr\"}]}<\/script>\n<!-- \/ Yoast SEO Premium plugin. -->","yoast_head_json":{"title":"Cameroun : le Covid-19 reste sous contr\u00f4le malgr\u00e9 la remont\u00e9e des cas - Cameroun","description":"C\u2019est ce qu\u2019affirme le ministe\u0300re de la Sante\u0301 publique (Minsante\u0301) dans une de\u0301claration rendue publique dimanche 25 ...","robots":{"index":"index","follow":"follow","max-snippet":"max-snippet:-1","max-image-preview":"max-image-preview:large","max-video-preview":"max-video-preview:-1"},"canonical":"https:\/\/www.africa-press.net\/cameroun\/toutes-les-actualites\/cameroun-le-covid-19-reste-sous-controle-malgre-la-remontee-des-cas","og_locale":"fr_FR","og_type":"article","og_title":"Cameroun : le Covid-19 reste sous contr\u00f4le malgr\u00e9 la remont\u00e9e des cas","og_description":"C\u2019est ce qu\u2019affirme le ministe\u0300re de la Sante\u0301 publique (Minsante\u0301) dans une de\u0301claration rendue publique dimanche 25 ...","og_url":"https:\/\/www.africa-press.net\/cameroun\/toutes-les-actualites\/cameroun-le-covid-19-reste-sous-controle-malgre-la-remontee-des-cas","og_site_name":"Cameroun","article_published_time":"2022-09-26T14:49:37+00:00","article_modified_time":"2022-09-26T16:57:16+00:00","og_image":[{"width":960,"height":720,"url":"https:\/\/static.africa-press.net\/cameroun\/sites\/57\/2022\/09\/img-6331d9b3b45a0.jpg","type":"image\/jpeg"}],"author":"cfeditorfr","twitter_card":"summary_large_image","twitter_misc":{"\u00c9crit par":"cfeditorfr","Dur\u00e9e de lecture estim\u00e9e":"2 minutes"},"schema":{"@context":"https:\/\/schema.org","@graph":[{"@type":"Article","@id":"https:\/\/www.africa-press.net\/cameroun\/toutes-les-actualites\/cameroun-le-covid-19-reste-sous-controle-malgre-la-remontee-des-cas#article","isPartOf":{"@id":"https:\/\/www.africa-press.net\/cameroun\/toutes-les-actualites\/cameroun-le-covid-19-reste-sous-controle-malgre-la-remontee-des-cas"},"author":{"name":"cfeditorfr","@id":"https:\/\/www.africa-press.net\/cameroun\/#\/schema\/person\/2b1cf3cd81a31e3cd26889ca66d677f1"},"headline":"Cameroun : le Covid-19 reste sous contr\u00f4le malgr\u00e9 la remont\u00e9e des cas","datePublished":"2022-09-26T14:49:37+00:00","dateModified":"2022-09-26T16:57:16+00:00","mainEntityOfPage":{"@id":"https:\/\/www.africa-press.net\/cameroun\/toutes-les-actualites\/cameroun-le-covid-19-reste-sous-controle-malgre-la-remontee-des-cas"},"wordCount":330,"commentCount":0,"image":{"@id":"https:\/\/www.africa-press.net\/cameroun\/toutes-les-actualites\/cameroun-le-covid-19-reste-sous-controle-malgre-la-remontee-des-cas#primaryimage"},"thumbnailUrl":"https:\/\/static.africa-press.net\/cameroun\/sites\/57\/2022\/09\/img-6331d9b3b45a0.jpg","keywords":["Africa Press","Africa Press-Cameroun","Cameroun"],"articleSection":["Communaut\u00e9","Toutes les actualit\u00e9s"],"inLanguage":"fr-FR","potentialAction":[{"@type":"CommentAction","name":"Comment","target":["https:\/\/www.africa-press.net\/cameroun\/toutes-les-actualites\/cameroun-le-covid-19-reste-sous-controle-malgre-la-remontee-des-cas#respond"]}]},{"@type":"WebPage","@id":"https:\/\/www.africa-press.net\/cameroun\/toutes-les-actualites\/cameroun-le-covid-19-reste-sous-controle-malgre-la-remontee-des-cas","url":"https:\/\/www.africa-press.net\/cameroun\/toutes-les-actualites\/cameroun-le-covid-19-reste-sous-controle-malgre-la-remontee-des-cas","name":"Cameroun : le Covid-19 reste sous contr\u00f4le malgr\u00e9 la remont\u00e9e des cas - Cameroun","isPartOf":{"@id":"https:\/\/www.africa-press.net\/cameroun\/#website"},"primaryImageOfPage":{"@id":"https:\/\/www.africa-press.net\/cameroun\/toutes-les-actualites\/cameroun-le-covid-19-reste-sous-controle-malgre-la-remontee-des-cas#primaryimage"},"image":{"@id":"https:\/\/www.africa-press.net\/cameroun\/toutes-les-actualites\/cameroun-le-covid-19-reste-sous-controle-malgre-la-remontee-des-cas#primaryimage"},"thumbnailUrl":"https:\/\/static.africa-press.net\/cameroun\/sites\/57\/2022\/09\/img-6331d9b3b45a0.jpg","datePublished":"2022-09-26T14:49:37+00:00","dateModified":"2022-09-26T16:57:16+00:00","author":{"@id":"https:\/\/www.africa-press.net\/cameroun\/#\/schema\/person\/2b1cf3cd81a31e3cd26889ca66d677f1"},"description":"C\u2019est ce qu\u2019affirme le ministe\u0300re de la Sante\u0301 publique (Minsante\u0301) dans une de\u0301claration rendue publique dimanche 25 ...","breadcrumb":{"@id":"https:\/\/www.africa-press.net\/cameroun\/toutes-les-actualites\/cameroun-le-covid-19-reste-sous-controle-malgre-la-remontee-des-cas#breadcrumb"},"inLanguage":"fr-FR","potentialAction":[{"@type":"ReadAction","target":["https:\/\/www.africa-press.net\/cameroun\/toutes-les-actualites\/cameroun-le-covid-19-reste-sous-controle-malgre-la-remontee-des-cas"]}]},{"@type":"ImageObject","inLanguage":"fr-FR","@id":"https:\/\/www.africa-press.net\/cameroun\/toutes-les-actualites\/cameroun-le-covid-19-reste-sous-controle-malgre-la-remontee-des-cas#primaryimage","url":"https:\/\/static.africa-press.net\/cameroun\/sites\/57\/2022\/09\/img-6331d9b3b45a0.jpg","contentUrl":"https:\/\/static.africa-press.net\/cameroun\/sites\/57\/2022\/09\/img-6331d9b3b45a0.jpg","width":960,"height":720,"caption":"Cameroun : le Covid-19 reste sous contr\u00f4le malgr\u00e9 la remont\u00e9e des cas"},{"@type":"BreadcrumbList","@id":"https:\/\/www.africa-press.net\/cameroun\/toutes-les-actualites\/cameroun-le-covid-19-reste-sous-controle-malgre-la-remontee-des-cas#breadcrumb","itemListElement":[{"@type":"ListItem","position":1,"name":"Accueil","item":"https:\/\/www.africa-press.net\/cameroun\/"},{"@type":"ListItem","position":2,"name":"Cameroun : le Covid-19 reste sous contr\u00f4le malgr\u00e9 la remont\u00e9e des cas"}]},{"@type":"WebSite","@id":"https:\/\/www.africa-press.net\/cameroun\/#website","url":"https:\/\/www.africa-press.net\/cameroun\/","name":"Cameroun","description":"Just another Africa News Agency Sites site","potentialAction":[{"@type":"SearchAction","target":{"@type":"EntryPoint","urlTemplate":"https:\/\/www.africa-press.net\/cameroun\/?s={search_term_string}"},"query-input":{"@type":"PropertyValueSpecification","valueRequired":true,"valueName":"search_term_string"}}],"inLanguage":"fr-FR"},{"@type":"Person","@id":"https:\/\/www.africa-press.net\/cameroun\/#\/schema\/person\/2b1cf3cd81a31e3cd26889ca66d677f1","name":"cfeditorfr"}]}},"_links":{"self":[{"href":"https:\/\/www.africa-press.net\/cameroun\/wp-json\/wp\/v2\/posts\/28137","targetHints":{"allow":["GET"]}}],"collection":[{"href":"https:\/\/www.africa-press.net\/cameroun\/wp-json\/wp\/v2\/posts"}],"about":[{"href":"https:\/\/www.africa-press.net\/cameroun\/wp-json\/wp\/v2\/types\/post"}],"author":[{"embeddable":true,"href":"https:\/\/www.africa-press.net\/cameroun\/wp-json\/wp\/v2\/users\/82"}],"replies":[{"embeddable":true,"href":"https:\/\/www.africa-press.net\/cameroun\/wp-json\/wp\/v2\/comments?post=28137"}],"version-history":[{"count":0,"href":"https:\/\/www.africa-press.net\/cameroun\/wp-json\/wp\/v2\/posts\/28137\/revisions"}],"wp:featuredmedia":[{"embeddable":true,"href":"https:\/\/www.africa-press.net\/cameroun\/wp-json\/wp\/v2\/media\/28136"}],"wp:attachment":[{"href":"https:\/\/www.africa-press.net\/cameroun\/wp-json\/wp\/v2\/media?parent=28137"}],"wp:term":[{"taxonomy":"category","embeddable":true,"href":"https:\/\/www.africa-press.net\/cameroun\/wp-json\/wp\/v2\/categories?post=28137"},{"taxonomy":"post_tag","embeddable":true,"href":"https:\/\/www.africa-press.net\/cameroun\/wp-json\/wp\/v2\/tags?post=28137"}],"curies":[{"name":"wp","href":"https:\/\/api.w.org\/{rel}","templated":true}]}}