{"id":28140,"date":"2022-09-26T14:58:42","date_gmt":"2022-09-26T14:58:42","guid":{"rendered":"https:\/\/www.africa-press.net\/cameroun\/politique\/cameroun-le-pape-francois-demande-la-liberation-des-otages"},"modified":"2022-09-26T16:58:18","modified_gmt":"2022-09-26T16:58:18","slug":"cameroun-le-pape-francois-demande-la-liberation-des-otages","status":"publish","type":"post","link":"https:\/\/www.africa-press.net\/cameroun\/politique\/cameroun-le-pape-francois-demande-la-liberation-des-otages","title":{"rendered":"Cameroun : le Pape Fran\u00e7ois demande la lib\u00e9ration des otages"},"content":{"rendered":"<p><span style=\"color: #ff6600\"><strong>Africa-Press &#8211; Cameroun. <\/strong><\/span><b>Le chef de l\u2019e\u0301glise catholique dans le monde a appele\u0301 dimanche 25 septembre 2022 a\u0300 la libe\u0301ration des cinq pre\u0302tes, une religieuse et deux fide\u0300les.<\/b><\/p>\n<p>Huit personnes sont entre les mains des ravisseurs depuis 10 jours. Le 16 septembre dernier, des hommes arme\u0301s ont kidnappe\u0301 cinq pre\u0302tres, une religieuse et deux lai\u0308cs. Ils sont incendie\u0301 leur e\u0301glise, la paroisse Sainte-Marie de Nchang dans le dioce\u0300se de Mamfe\u0301, re\u0301gion administrative du Sud-Ouest. Neuf jours apre\u0300s, le pape Franc\u0327ois appelle a\u0300 leur libe\u0301ration.<\/p>\n<p>Le souverain pontife a lance\u0301 cet appel au terme d\u2019une messe ce\u0301le\u0301bre\u0301e dans la matine\u0301e du 25 septembre 2022. Le pape a pre\u0301side\u0301 cette ce\u0301le\u0301bration eucharistique a\u0300 Matera, dans le sud de l\u2019Italie. C\u2019e\u0301tait a\u0300 l\u2019occasion de la clo\u0302ture du Congre\u0300s eucharistique italien. Il en a profite\u0301 pour prier pour les otages ainsi que les habitants de la province eccle\u0301siastique de Bamenda, une zone en crise depuis 2016.<\/p>\n<p>L\u2019appel du pape survient quelques jours apre\u0300s la confirmation de l\u2019enle\u0300vement par la Confe\u0301rence e\u0301piscopale nationale du Cameroun. Le pre\u0301sident de cette instance regroupant les e\u0301ve\u0302ques du pays Mgr Andrew Nkea, par ailleurs archeve\u0302que de Bamenda a donne\u0301 des nouvelles des otages en fin de semaine dernie\u0300re. Selon lui, les ravisseurs imposent le versement d\u2019une ranc\u0327on contre la remise en liberte\u0301 des personnes de\u0301tenues. D\u2019abord fixe\u0301 a\u0300 50 millions de FCFA, ils l\u2019ont re\u0301duit de moitie\u0301 par la suite.<\/p>\n<p>Dans une interview accorde\u0301e a\u0300 la Croix, Mgr Andrew Nkea a affirme\u0301 que l\u2019e\u0301glise ne commencera pas a\u0300 payer des ranc\u0327ons, alors qu\u2019elle ne dispose pas des moyens financiers. A l\u2019en croire, l\u2019e\u0301glise n\u2019est pas pre\u0302te a\u0300 ce\u0301der aux conditions des ravisseurs au risque de leur donner la possibilite\u0301 de continuer a\u0300 accomplir des actes de me\u0302me nature.<\/p>\n<p><strong>Pour plus d&rsquo;informations et d&rsquo;analyses sur la <a href=\"https:\/\/www.africa-press.net\/cameroun\">Cameroun<\/a>, suivez <a href=\"https:\/\/www.africa-press.net\/\">Africa-Press<\/a><\/strong><\/p>\n","protected":false},"excerpt":{"rendered":"<p>Africa-Press &#8211; Cameroun. Le chef de l\u2019e\u0301glise catholique dans le monde a appele\u0301 dimanche 25 septembre 2022 a\u0300 la libe\u0301ration des cinq pre\u0302tes, une religieuse et deux fide\u0300les. Huit personnes sont entre les mains des ravisseurs depuis 10 jours. Le 16 septembre dernier, des hommes arme\u0301s ont kidnappe\u0301 cinq pre\u0302tres, une religieuse et deux lai\u0308cs. [&hellip;]<\/p>\n","protected":false},"author":82,"featured_media":28139,"comment_status":"open","ping_status":"closed","sticky":false,"template":"","format":"standard","meta":{"footnotes":""},"categories":[2,20,10],"tags":[36,50,49],"class_list":["post-28140","post","type-post","status-publish","format-standard","has-post-thumbnail","hentry","category-politique","category-top-nouvelles","category-toutes-les-actualites","tag-africa-press","tag-africa-press-cameroun","tag-cameroun"],"yoast_head":"<!-- This site is optimized with the Yoast SEO Premium plugin v26.1 (Yoast SEO v27.0) - https:\/\/yoast.com\/product\/yoast-seo-premium-wordpress\/ -->\n<title>Cameroun : le Pape Fran\u00e7ois demande la lib\u00e9ration des otages - Cameroun<\/title>\n<meta name=\"description\" content=\"Le chef de l\u2019e\u0301glise catholique dans le monde a appele\u0301 dimanche 25 septembre 2022 a\u0300 la libe\u0301ration des cinq pre\u0302tes ...\" \/>\n<meta name=\"robots\" content=\"index, follow, max-snippet:-1, max-image-preview:large, max-video-preview:-1\" \/>\n<link rel=\"canonical\" href=\"https:\/\/www.africa-press.net\/cameroun\/politique\/cameroun-le-pape-francois-demande-la-liberation-des-otages\" \/>\n<meta property=\"og:locale\" content=\"fr_FR\" \/>\n<meta property=\"og:type\" content=\"article\" \/>\n<meta property=\"og:title\" content=\"Cameroun : le Pape Fran\u00e7ois demande la lib\u00e9ration des otages\" \/>\n<meta property=\"og:description\" content=\"Le chef de l\u2019e\u0301glise catholique dans le monde a appele\u0301 dimanche 25 septembre 2022 a\u0300 la libe\u0301ration des cinq pre\u0302tes ...\" \/>\n<meta property=\"og:url\" content=\"https:\/\/www.africa-press.net\/cameroun\/politique\/cameroun-le-pape-francois-demande-la-liberation-des-otages\" \/>\n<meta property=\"og:site_name\" content=\"Cameroun\" \/>\n<meta property=\"article:published_time\" content=\"2022-09-26T14:58:42+00:00\" \/>\n<meta property=\"article:modified_time\" content=\"2022-09-26T16:58:18+00:00\" \/>\n<meta property=\"og:image\" content=\"https:\/\/static.africa-press.net\/cameroun\/sites\/57\/2022\/09\/img-6331d9f4ba3e0.jpg\" \/>\n\t<meta property=\"og:image:width\" content=\"1280\" \/>\n\t<meta property=\"og:image:height\" content=\"720\" \/>\n\t<meta property=\"og:image:type\" content=\"image\/jpeg\" \/>\n<meta name=\"author\" content=\"cfeditorfr\" \/>\n<meta name=\"twitter:card\" content=\"summary_large_image\" \/>\n<meta name=\"twitter:label1\" content=\"\u00c9crit par\" \/>\n\t<meta name=\"twitter:data1\" content=\"cfeditorfr\" \/>\n\t<meta name=\"twitter:label2\" content=\"Dur\u00e9e de lecture estim\u00e9e\" \/>\n\t<meta name=\"twitter:data2\" content=\"2 minutes\" \/>\n<script type=\"application\/ld+json\" class=\"yoast-schema-graph\">{\"@context\":\"https:\/\/schema.org\",\"@graph\":[{\"@type\":\"Article\",\"@id\":\"https:\/\/www.africa-press.net\/cameroun\/politique\/cameroun-le-pape-francois-demande-la-liberation-des-otages#article\",\"isPartOf\":{\"@id\":\"https:\/\/www.africa-press.net\/cameroun\/politique\/cameroun-le-pape-francois-demande-la-liberation-des-otages\"},\"author\":{\"name\":\"cfeditorfr\",\"@id\":\"https:\/\/www.africa-press.net\/cameroun\/#\/schema\/person\/2b1cf3cd81a31e3cd26889ca66d677f1\"},\"headline\":\"Cameroun : le Pape Fran\u00e7ois demande la lib\u00e9ration des otages\",\"datePublished\":\"2022-09-26T14:58:42+00:00\",\"dateModified\":\"2022-09-26T16:58:18+00:00\",\"mainEntityOfPage\":{\"@id\":\"https:\/\/www.africa-press.net\/cameroun\/politique\/cameroun-le-pape-francois-demande-la-liberation-des-otages\"},\"wordCount\":362,\"commentCount\":0,\"image\":{\"@id\":\"https:\/\/www.africa-press.net\/cameroun\/politique\/cameroun-le-pape-francois-demande-la-liberation-des-otages#primaryimage\"},\"thumbnailUrl\":\"https:\/\/static.africa-press.net\/cameroun\/sites\/57\/2022\/09\/img-6331d9f4ba3e0.jpg\",\"keywords\":[\"Africa Press\",\"Africa Press-Cameroun\",\"Cameroun\"],\"articleSection\":[\"Politique\",\"Top Nouvelles\",\"Toutes les actualit\u00e9s\"],\"inLanguage\":\"fr-FR\",\"potentialAction\":[{\"@type\":\"CommentAction\",\"name\":\"Comment\",\"target\":[\"https:\/\/www.africa-press.net\/cameroun\/politique\/cameroun-le-pape-francois-demande-la-liberation-des-otages#respond\"]}]},{\"@type\":\"WebPage\",\"@id\":\"https:\/\/www.africa-press.net\/cameroun\/politique\/cameroun-le-pape-francois-demande-la-liberation-des-otages\",\"url\":\"https:\/\/www.africa-press.net\/cameroun\/politique\/cameroun-le-pape-francois-demande-la-liberation-des-otages\",\"name\":\"Cameroun : le Pape Fran\u00e7ois demande la lib\u00e9ration des otages - Cameroun\",\"isPartOf\":{\"@id\":\"https:\/\/www.africa-press.net\/cameroun\/#website\"},\"primaryImageOfPage\":{\"@id\":\"https:\/\/www.africa-press.net\/cameroun\/politique\/cameroun-le-pape-francois-demande-la-liberation-des-otages#primaryimage\"},\"image\":{\"@id\":\"https:\/\/www.africa-press.net\/cameroun\/politique\/cameroun-le-pape-francois-demande-la-liberation-des-otages#primaryimage\"},\"thumbnailUrl\":\"https:\/\/static.africa-press.net\/cameroun\/sites\/57\/2022\/09\/img-6331d9f4ba3e0.jpg\",\"datePublished\":\"2022-09-26T14:58:42+00:00\",\"dateModified\":\"2022-09-26T16:58:18+00:00\",\"author\":{\"@id\":\"https:\/\/www.africa-press.net\/cameroun\/#\/schema\/person\/2b1cf3cd81a31e3cd26889ca66d677f1\"},\"description\":\"Le chef de l\u2019e\u0301glise catholique dans le monde a appele\u0301 dimanche 25 septembre 2022 a\u0300 la libe\u0301ration des cinq pre\u0302tes ...\",\"breadcrumb\":{\"@id\":\"https:\/\/www.africa-press.net\/cameroun\/politique\/cameroun-le-pape-francois-demande-la-liberation-des-otages#breadcrumb\"},\"inLanguage\":\"fr-FR\",\"potentialAction\":[{\"@type\":\"ReadAction\",\"target\":[\"https:\/\/www.africa-press.net\/cameroun\/politique\/cameroun-le-pape-francois-demande-la-liberation-des-otages\"]}]},{\"@type\":\"ImageObject\",\"inLanguage\":\"fr-FR\",\"@id\":\"https:\/\/www.africa-press.net\/cameroun\/politique\/cameroun-le-pape-francois-demande-la-liberation-des-otages#primaryimage\",\"url\":\"https:\/\/static.africa-press.net\/cameroun\/sites\/57\/2022\/09\/img-6331d9f4ba3e0.jpg\",\"contentUrl\":\"https:\/\/static.africa-press.net\/cameroun\/sites\/57\/2022\/09\/img-6331d9f4ba3e0.jpg\",\"width\":1280,\"height\":720,\"caption\":\"Cameroun : le Pape Fran\u00e7ois demande la lib\u00e9ration des otages\"},{\"@type\":\"BreadcrumbList\",\"@id\":\"https:\/\/www.africa-press.net\/cameroun\/politique\/cameroun-le-pape-francois-demande-la-liberation-des-otages#breadcrumb\",\"itemListElement\":[{\"@type\":\"ListItem\",\"position\":1,\"name\":\"Accueil\",\"item\":\"https:\/\/www.africa-press.net\/cameroun\/\"},{\"@type\":\"ListItem\",\"position\":2,\"name\":\"Cameroun : le Pape Fran\u00e7ois demande la lib\u00e9ration des otages\"}]},{\"@type\":\"WebSite\",\"@id\":\"https:\/\/www.africa-press.net\/cameroun\/#website\",\"url\":\"https:\/\/www.africa-press.net\/cameroun\/\",\"name\":\"Cameroun\",\"description\":\"Just another Africa News Agency Sites site\",\"potentialAction\":[{\"@type\":\"SearchAction\",\"target\":{\"@type\":\"EntryPoint\",\"urlTemplate\":\"https:\/\/www.africa-press.net\/cameroun\/?s={search_term_string}\"},\"query-input\":{\"@type\":\"PropertyValueSpecification\",\"valueRequired\":true,\"valueName\":\"search_term_string\"}}],\"inLanguage\":\"fr-FR\"},{\"@type\":\"Person\",\"@id\":\"https:\/\/www.africa-press.net\/cameroun\/#\/schema\/person\/2b1cf3cd81a31e3cd26889ca66d677f1\",\"name\":\"cfeditorfr\"}]}<\/script>\n<!-- \/ Yoast SEO Premium plugin. -->","yoast_head_json":{"title":"Cameroun : le Pape Fran\u00e7ois demande la lib\u00e9ration des otages - Cameroun","description":"Le chef de l\u2019e\u0301glise catholique dans le monde a appele\u0301 dimanche 25 septembre 2022 a\u0300 la libe\u0301ration des cinq pre\u0302tes ...","robots":{"index":"index","follow":"follow","max-snippet":"max-snippet:-1","max-image-preview":"max-image-preview:large","max-video-preview":"max-video-preview:-1"},"canonical":"https:\/\/www.africa-press.net\/cameroun\/politique\/cameroun-le-pape-francois-demande-la-liberation-des-otages","og_locale":"fr_FR","og_type":"article","og_title":"Cameroun : le Pape Fran\u00e7ois demande la lib\u00e9ration des otages","og_description":"Le chef de l\u2019e\u0301glise catholique dans le monde a appele\u0301 dimanche 25 septembre 2022 a\u0300 la libe\u0301ration des cinq pre\u0302tes ...","og_url":"https:\/\/www.africa-press.net\/cameroun\/politique\/cameroun-le-pape-francois-demande-la-liberation-des-otages","og_site_name":"Cameroun","article_published_time":"2022-09-26T14:58:42+00:00","article_modified_time":"2022-09-26T16:58:18+00:00","og_image":[{"width":1280,"height":720,"url":"https:\/\/static.africa-press.net\/cameroun\/sites\/57\/2022\/09\/img-6331d9f4ba3e0.jpg","type":"image\/jpeg"}],"author":"cfeditorfr","twitter_card":"summary_large_image","twitter_misc":{"\u00c9crit par":"cfeditorfr","Dur\u00e9e de lecture estim\u00e9e":"2 minutes"},"schema":{"@context":"https:\/\/schema.org","@graph":[{"@type":"Article","@id":"https:\/\/www.africa-press.net\/cameroun\/politique\/cameroun-le-pape-francois-demande-la-liberation-des-otages#article","isPartOf":{"@id":"https:\/\/www.africa-press.net\/cameroun\/politique\/cameroun-le-pape-francois-demande-la-liberation-des-otages"},"author":{"name":"cfeditorfr","@id":"https:\/\/www.africa-press.net\/cameroun\/#\/schema\/person\/2b1cf3cd81a31e3cd26889ca66d677f1"},"headline":"Cameroun : le Pape Fran\u00e7ois demande la lib\u00e9ration des otages","datePublished":"2022-09-26T14:58:42+00:00","dateModified":"2022-09-26T16:58:18+00:00","mainEntityOfPage":{"@id":"https:\/\/www.africa-press.net\/cameroun\/politique\/cameroun-le-pape-francois-demande-la-liberation-des-otages"},"wordCount":362,"commentCount":0,"image":{"@id":"https:\/\/www.africa-press.net\/cameroun\/politique\/cameroun-le-pape-francois-demande-la-liberation-des-otages#primaryimage"},"thumbnailUrl":"https:\/\/static.africa-press.net\/cameroun\/sites\/57\/2022\/09\/img-6331d9f4ba3e0.jpg","keywords":["Africa Press","Africa Press-Cameroun","Cameroun"],"articleSection":["Politique","Top Nouvelles","Toutes les actualit\u00e9s"],"inLanguage":"fr-FR","potentialAction":[{"@type":"CommentAction","name":"Comment","target":["https:\/\/www.africa-press.net\/cameroun\/politique\/cameroun-le-pape-francois-demande-la-liberation-des-otages#respond"]}]},{"@type":"WebPage","@id":"https:\/\/www.africa-press.net\/cameroun\/politique\/cameroun-le-pape-francois-demande-la-liberation-des-otages","url":"https:\/\/www.africa-press.net\/cameroun\/politique\/cameroun-le-pape-francois-demande-la-liberation-des-otages","name":"Cameroun : le Pape Fran\u00e7ois demande la lib\u00e9ration des otages - Cameroun","isPartOf":{"@id":"https:\/\/www.africa-press.net\/cameroun\/#website"},"primaryImageOfPage":{"@id":"https:\/\/www.africa-press.net\/cameroun\/politique\/cameroun-le-pape-francois-demande-la-liberation-des-otages#primaryimage"},"image":{"@id":"https:\/\/www.africa-press.net\/cameroun\/politique\/cameroun-le-pape-francois-demande-la-liberation-des-otages#primaryimage"},"thumbnailUrl":"https:\/\/static.africa-press.net\/cameroun\/sites\/57\/2022\/09\/img-6331d9f4ba3e0.jpg","datePublished":"2022-09-26T14:58:42+00:00","dateModified":"2022-09-26T16:58:18+00:00","author":{"@id":"https:\/\/www.africa-press.net\/cameroun\/#\/schema\/person\/2b1cf3cd81a31e3cd26889ca66d677f1"},"description":"Le chef de l\u2019e\u0301glise catholique dans le monde a appele\u0301 dimanche 25 septembre 2022 a\u0300 la libe\u0301ration des cinq pre\u0302tes ...","breadcrumb":{"@id":"https:\/\/www.africa-press.net\/cameroun\/politique\/cameroun-le-pape-francois-demande-la-liberation-des-otages#breadcrumb"},"inLanguage":"fr-FR","potentialAction":[{"@type":"ReadAction","target":["https:\/\/www.africa-press.net\/cameroun\/politique\/cameroun-le-pape-francois-demande-la-liberation-des-otages"]}]},{"@type":"ImageObject","inLanguage":"fr-FR","@id":"https:\/\/www.africa-press.net\/cameroun\/politique\/cameroun-le-pape-francois-demande-la-liberation-des-otages#primaryimage","url":"https:\/\/static.africa-press.net\/cameroun\/sites\/57\/2022\/09\/img-6331d9f4ba3e0.jpg","contentUrl":"https:\/\/static.africa-press.net\/cameroun\/sites\/57\/2022\/09\/img-6331d9f4ba3e0.jpg","width":1280,"height":720,"caption":"Cameroun : le Pape Fran\u00e7ois demande la lib\u00e9ration des otages"},{"@type":"BreadcrumbList","@id":"https:\/\/www.africa-press.net\/cameroun\/politique\/cameroun-le-pape-francois-demande-la-liberation-des-otages#breadcrumb","itemListElement":[{"@type":"ListItem","position":1,"name":"Accueil","item":"https:\/\/www.africa-press.net\/cameroun\/"},{"@type":"ListItem","position":2,"name":"Cameroun : le Pape Fran\u00e7ois demande la lib\u00e9ration des otages"}]},{"@type":"WebSite","@id":"https:\/\/www.africa-press.net\/cameroun\/#website","url":"https:\/\/www.africa-press.net\/cameroun\/","name":"Cameroun","description":"Just another Africa News Agency Sites site","potentialAction":[{"@type":"SearchAction","target":{"@type":"EntryPoint","urlTemplate":"https:\/\/www.africa-press.net\/cameroun\/?s={search_term_string}"},"query-input":{"@type":"PropertyValueSpecification","valueRequired":true,"valueName":"search_term_string"}}],"inLanguage":"fr-FR"},{"@type":"Person","@id":"https:\/\/www.africa-press.net\/cameroun\/#\/schema\/person\/2b1cf3cd81a31e3cd26889ca66d677f1","name":"cfeditorfr"}]}},"_links":{"self":[{"href":"https:\/\/www.africa-press.net\/cameroun\/wp-json\/wp\/v2\/posts\/28140","targetHints":{"allow":["GET"]}}],"collection":[{"href":"https:\/\/www.africa-press.net\/cameroun\/wp-json\/wp\/v2\/posts"}],"about":[{"href":"https:\/\/www.africa-press.net\/cameroun\/wp-json\/wp\/v2\/types\/post"}],"author":[{"embeddable":true,"href":"https:\/\/www.africa-press.net\/cameroun\/wp-json\/wp\/v2\/users\/82"}],"replies":[{"embeddable":true,"href":"https:\/\/www.africa-press.net\/cameroun\/wp-json\/wp\/v2\/comments?post=28140"}],"version-history":[{"count":0,"href":"https:\/\/www.africa-press.net\/cameroun\/wp-json\/wp\/v2\/posts\/28140\/revisions"}],"wp:featuredmedia":[{"embeddable":true,"href":"https:\/\/www.africa-press.net\/cameroun\/wp-json\/wp\/v2\/media\/28139"}],"wp:attachment":[{"href":"https:\/\/www.africa-press.net\/cameroun\/wp-json\/wp\/v2\/media?parent=28140"}],"wp:term":[{"taxonomy":"category","embeddable":true,"href":"https:\/\/www.africa-press.net\/cameroun\/wp-json\/wp\/v2\/categories?post=28140"},{"taxonomy":"post_tag","embeddable":true,"href":"https:\/\/www.africa-press.net\/cameroun\/wp-json\/wp\/v2\/tags?post=28140"}],"curies":[{"name":"wp","href":"https:\/\/api.w.org\/{rel}","templated":true}]}}