{"id":28143,"date":"2022-09-26T15:02:42","date_gmt":"2022-09-26T15:02:42","guid":{"rendered":"https:\/\/www.africa-press.net\/cameroun\/politique\/cameroun-cinq-civils-enleves-dans-un-hopital-au-nord-ouest"},"modified":"2022-09-26T16:59:37","modified_gmt":"2022-09-26T16:59:37","slug":"cameroun-cinq-civils-enleves-dans-un-hopital-au-nord-ouest","status":"publish","type":"post","link":"https:\/\/www.africa-press.net\/cameroun\/toutes-les-actualites\/cameroun-cinq-civils-enleves-dans-un-hopital-au-nord-ouest","title":{"rendered":"Cameroun : cinq civils enlev\u00e9s dans un h\u00f4pital au Nord-Ouest"},"content":{"rendered":"<p><span style=\"color: #ff6600\"><strong>Africa-Press &#8211; Cameroun. <\/strong><\/span><b>Un pasteur et quatre employe\u0301s de la formation sanitaire ont e\u0301te\u0301 enleve\u0301s par des personnes arme\u0301es, des se\u0301cessionnistes selon les sources.<\/b><\/p>\n<p>De sources me\u0301diatiques, des hommes arme\u0301s ont proce\u0301de\u0301 a\u0300 l\u2019enle\u0300vement d\u2019au moins cinq personnes cette fin de semaines a\u0300 l\u2019ho\u0302pital de Banso. C\u2019est dans la localite\u0301 de Kumbo, chef-lieu du de\u0301partement du Bui, re\u0301gion du Nord-Ouest Cameroun. Selon nos confre\u0300res d\u2019Infos Cameroun, cinq personnels de cet ho\u0302pital ont e\u0301te\u0301 enleve\u0301s ce dimanche 25 septembre 2022.<\/p>\n<p>Le journal en ligne reprend l\u2019activiste et lanceur d\u2019alertes Nzui Manto. Ce dernier e\u0301tablit le lien entre un re\u0301cent enle\u0300vement dans le me\u0302me e\u0301tablissement et celui de ce dimanche. \u00ab Apre\u0300s l\u2019enle\u0300vement d\u2019un docteur et de deux infirmie\u0300res par l\u2019arme\u0301e les accusant de soigner leurs adversaires, c\u2019est autour des \u2018\u2019ambazoniens\u2019\u2019 d\u2019enlever 1 pasteur et 4 autres employe\u0301s de l\u2019e\u0301tablissement de sante\u0301 accuse\u0301s a\u0300 leur tour de collaborer avec l\u2019arme\u0301e et d\u2019avoir livre\u0301 leurs colle\u0300gues \u00bb, lance l\u2019activiste sans donner aucun autre de\u0301tail.<\/p>\n<p>Pour l\u2019instant, aucune communication officielle n\u2019a e\u0301te\u0301 faite a\u0300 propos de cet enle\u0300vement, ni par l\u2019ho\u0302pital, ni par les autorite\u0301s administratives locales. La nouvelle circule huit jours apre\u0300s l\u2019enle\u0300vement de cinq pre\u0302tres, une religieuse et deux fide\u0300les de l\u2019e\u0301glise catholique a\u0300 la paroisse Sainte-Marie de Nchang dans la re\u0301gion du Sud-Ouest. Ces otages restent de\u0301tenus par leurs ravisseurs qui demandent une ranc\u0327on.<\/p>\n<p><strong>Pour plus d&rsquo;informations et d&rsquo;analyses sur la <a href=\"https:\/\/www.africa-press.net\/cameroun\">Cameroun<\/a>, suivez <a href=\"https:\/\/www.africa-press.net\/\">Africa-Press<\/a><\/strong><\/p>\n","protected":false},"excerpt":{"rendered":"<p>Africa-Press &#8211; Cameroun. Un pasteur et quatre employe\u0301s de la formation sanitaire ont e\u0301te\u0301 enleve\u0301s par des personnes arme\u0301es, des se\u0301cessionnistes selon les sources. De sources me\u0301diatiques, des hommes arme\u0301s ont proce\u0301de\u0301 a\u0300 l\u2019enle\u0300vement d\u2019au moins cinq personnes cette fin de semaines a\u0300 l\u2019ho\u0302pital de Banso. C\u2019est dans la localite\u0301 de Kumbo, chef-lieu du de\u0301partement [&hellip;]<\/p>\n","protected":false},"author":82,"featured_media":28142,"comment_status":"open","ping_status":"closed","sticky":false,"template":"","format":"standard","meta":{"footnotes":""},"categories":[21,10],"tags":[36,50,49],"class_list":["post-28143","post","type-post","status-publish","format-standard","has-post-thumbnail","hentry","category-communaute","category-toutes-les-actualites","tag-africa-press","tag-africa-press-cameroun","tag-cameroun"],"yoast_head":"<!-- This site is optimized with the Yoast SEO Premium plugin v26.1 (Yoast SEO v27.0) - https:\/\/yoast.com\/product\/yoast-seo-premium-wordpress\/ -->\n<title>Cameroun : cinq civils enlev\u00e9s dans un h\u00f4pital au Nord-Ouest - Cameroun<\/title>\n<meta name=\"description\" content=\"Un pasteur et quatre employe\u0301s de la formation sanitaire ont e\u0301te\u0301 enleve\u0301s par des personnes arme\u0301es, des se\u0301cession ...\" \/>\n<meta name=\"robots\" content=\"index, follow, max-snippet:-1, max-image-preview:large, max-video-preview:-1\" \/>\n<link rel=\"canonical\" href=\"https:\/\/www.africa-press.net\/cameroun\/toutes-les-actualites\/cameroun-cinq-civils-enleves-dans-un-hopital-au-nord-ouest\" \/>\n<meta property=\"og:locale\" content=\"fr_FR\" \/>\n<meta property=\"og:type\" content=\"article\" \/>\n<meta property=\"og:title\" content=\"Cameroun : cinq civils enlev\u00e9s dans un h\u00f4pital au Nord-Ouest\" \/>\n<meta property=\"og:description\" content=\"Un pasteur et quatre employe\u0301s de la formation sanitaire ont e\u0301te\u0301 enleve\u0301s par des personnes arme\u0301es, des se\u0301cession ...\" \/>\n<meta property=\"og:url\" content=\"https:\/\/www.africa-press.net\/cameroun\/toutes-les-actualites\/cameroun-cinq-civils-enleves-dans-un-hopital-au-nord-ouest\" \/>\n<meta property=\"og:site_name\" content=\"Cameroun\" \/>\n<meta property=\"article:published_time\" content=\"2022-09-26T15:02:42+00:00\" \/>\n<meta property=\"article:modified_time\" content=\"2022-09-26T16:59:37+00:00\" \/>\n<meta property=\"og:image\" content=\"https:\/\/static.africa-press.net\/cameroun\/sites\/57\/2022\/09\/img-6331da3269fc1.jpg\" \/>\n\t<meta property=\"og:image:width\" content=\"720\" \/>\n\t<meta property=\"og:image:height\" content=\"357\" \/>\n\t<meta property=\"og:image:type\" content=\"image\/jpeg\" \/>\n<meta name=\"author\" content=\"cfeditorfr\" \/>\n<meta name=\"twitter:card\" content=\"summary_large_image\" \/>\n<meta name=\"twitter:label1\" content=\"\u00c9crit par\" \/>\n\t<meta name=\"twitter:data1\" content=\"cfeditorfr\" \/>\n\t<meta name=\"twitter:label2\" content=\"Dur\u00e9e de lecture estim\u00e9e\" \/>\n\t<meta name=\"twitter:data2\" content=\"2 minutes\" \/>\n<script type=\"application\/ld+json\" class=\"yoast-schema-graph\">{\"@context\":\"https:\/\/schema.org\",\"@graph\":[{\"@type\":\"Article\",\"@id\":\"https:\/\/www.africa-press.net\/cameroun\/toutes-les-actualites\/cameroun-cinq-civils-enleves-dans-un-hopital-au-nord-ouest#article\",\"isPartOf\":{\"@id\":\"https:\/\/www.africa-press.net\/cameroun\/toutes-les-actualites\/cameroun-cinq-civils-enleves-dans-un-hopital-au-nord-ouest\"},\"author\":{\"name\":\"cfeditorfr\",\"@id\":\"https:\/\/www.africa-press.net\/cameroun\/#\/schema\/person\/2b1cf3cd81a31e3cd26889ca66d677f1\"},\"headline\":\"Cameroun : cinq civils enlev\u00e9s dans un h\u00f4pital au Nord-Ouest\",\"datePublished\":\"2022-09-26T15:02:42+00:00\",\"dateModified\":\"2022-09-26T16:59:37+00:00\",\"mainEntityOfPage\":{\"@id\":\"https:\/\/www.africa-press.net\/cameroun\/toutes-les-actualites\/cameroun-cinq-civils-enleves-dans-un-hopital-au-nord-ouest\"},\"wordCount\":304,\"commentCount\":0,\"image\":{\"@id\":\"https:\/\/www.africa-press.net\/cameroun\/toutes-les-actualites\/cameroun-cinq-civils-enleves-dans-un-hopital-au-nord-ouest#primaryimage\"},\"thumbnailUrl\":\"https:\/\/static.africa-press.net\/cameroun\/sites\/57\/2022\/09\/img-6331da3269fc1.jpg\",\"keywords\":[\"Africa Press\",\"Africa Press-Cameroun\",\"Cameroun\"],\"articleSection\":[\"Communaut\u00e9\",\"Toutes les actualit\u00e9s\"],\"inLanguage\":\"fr-FR\",\"potentialAction\":[{\"@type\":\"CommentAction\",\"name\":\"Comment\",\"target\":[\"https:\/\/www.africa-press.net\/cameroun\/toutes-les-actualites\/cameroun-cinq-civils-enleves-dans-un-hopital-au-nord-ouest#respond\"]}]},{\"@type\":\"WebPage\",\"@id\":\"https:\/\/www.africa-press.net\/cameroun\/toutes-les-actualites\/cameroun-cinq-civils-enleves-dans-un-hopital-au-nord-ouest\",\"url\":\"https:\/\/www.africa-press.net\/cameroun\/toutes-les-actualites\/cameroun-cinq-civils-enleves-dans-un-hopital-au-nord-ouest\",\"name\":\"Cameroun : cinq civils enlev\u00e9s dans un h\u00f4pital au Nord-Ouest - Cameroun\",\"isPartOf\":{\"@id\":\"https:\/\/www.africa-press.net\/cameroun\/#website\"},\"primaryImageOfPage\":{\"@id\":\"https:\/\/www.africa-press.net\/cameroun\/toutes-les-actualites\/cameroun-cinq-civils-enleves-dans-un-hopital-au-nord-ouest#primaryimage\"},\"image\":{\"@id\":\"https:\/\/www.africa-press.net\/cameroun\/toutes-les-actualites\/cameroun-cinq-civils-enleves-dans-un-hopital-au-nord-ouest#primaryimage\"},\"thumbnailUrl\":\"https:\/\/static.africa-press.net\/cameroun\/sites\/57\/2022\/09\/img-6331da3269fc1.jpg\",\"datePublished\":\"2022-09-26T15:02:42+00:00\",\"dateModified\":\"2022-09-26T16:59:37+00:00\",\"author\":{\"@id\":\"https:\/\/www.africa-press.net\/cameroun\/#\/schema\/person\/2b1cf3cd81a31e3cd26889ca66d677f1\"},\"description\":\"Un pasteur et quatre employe\u0301s de la formation sanitaire ont e\u0301te\u0301 enleve\u0301s par des personnes arme\u0301es, des se\u0301cession ...\",\"breadcrumb\":{\"@id\":\"https:\/\/www.africa-press.net\/cameroun\/toutes-les-actualites\/cameroun-cinq-civils-enleves-dans-un-hopital-au-nord-ouest#breadcrumb\"},\"inLanguage\":\"fr-FR\",\"potentialAction\":[{\"@type\":\"ReadAction\",\"target\":[\"https:\/\/www.africa-press.net\/cameroun\/toutes-les-actualites\/cameroun-cinq-civils-enleves-dans-un-hopital-au-nord-ouest\"]}]},{\"@type\":\"ImageObject\",\"inLanguage\":\"fr-FR\",\"@id\":\"https:\/\/www.africa-press.net\/cameroun\/toutes-les-actualites\/cameroun-cinq-civils-enleves-dans-un-hopital-au-nord-ouest#primaryimage\",\"url\":\"https:\/\/static.africa-press.net\/cameroun\/sites\/57\/2022\/09\/img-6331da3269fc1.jpg\",\"contentUrl\":\"https:\/\/static.africa-press.net\/cameroun\/sites\/57\/2022\/09\/img-6331da3269fc1.jpg\",\"width\":720,\"height\":357,\"caption\":\"Cameroun : cinq civils enlev\u00e9s dans un h\u00f4pital au Nord-Ouest\"},{\"@type\":\"BreadcrumbList\",\"@id\":\"https:\/\/www.africa-press.net\/cameroun\/toutes-les-actualites\/cameroun-cinq-civils-enleves-dans-un-hopital-au-nord-ouest#breadcrumb\",\"itemListElement\":[{\"@type\":\"ListItem\",\"position\":1,\"name\":\"Accueil\",\"item\":\"https:\/\/www.africa-press.net\/cameroun\/\"},{\"@type\":\"ListItem\",\"position\":2,\"name\":\"Cameroun : cinq civils enlev\u00e9s dans un h\u00f4pital au Nord-Ouest\"}]},{\"@type\":\"WebSite\",\"@id\":\"https:\/\/www.africa-press.net\/cameroun\/#website\",\"url\":\"https:\/\/www.africa-press.net\/cameroun\/\",\"name\":\"Cameroun\",\"description\":\"Just another Africa News Agency Sites site\",\"potentialAction\":[{\"@type\":\"SearchAction\",\"target\":{\"@type\":\"EntryPoint\",\"urlTemplate\":\"https:\/\/www.africa-press.net\/cameroun\/?s={search_term_string}\"},\"query-input\":{\"@type\":\"PropertyValueSpecification\",\"valueRequired\":true,\"valueName\":\"search_term_string\"}}],\"inLanguage\":\"fr-FR\"},{\"@type\":\"Person\",\"@id\":\"https:\/\/www.africa-press.net\/cameroun\/#\/schema\/person\/2b1cf3cd81a31e3cd26889ca66d677f1\",\"name\":\"cfeditorfr\"}]}<\/script>\n<!-- \/ Yoast SEO Premium plugin. -->","yoast_head_json":{"title":"Cameroun : cinq civils enlev\u00e9s dans un h\u00f4pital au Nord-Ouest - Cameroun","description":"Un pasteur et quatre employe\u0301s de la formation sanitaire ont e\u0301te\u0301 enleve\u0301s par des personnes arme\u0301es, des se\u0301cession ...","robots":{"index":"index","follow":"follow","max-snippet":"max-snippet:-1","max-image-preview":"max-image-preview:large","max-video-preview":"max-video-preview:-1"},"canonical":"https:\/\/www.africa-press.net\/cameroun\/toutes-les-actualites\/cameroun-cinq-civils-enleves-dans-un-hopital-au-nord-ouest","og_locale":"fr_FR","og_type":"article","og_title":"Cameroun : cinq civils enlev\u00e9s dans un h\u00f4pital au Nord-Ouest","og_description":"Un pasteur et quatre employe\u0301s de la formation sanitaire ont e\u0301te\u0301 enleve\u0301s par des personnes arme\u0301es, des se\u0301cession ...","og_url":"https:\/\/www.africa-press.net\/cameroun\/toutes-les-actualites\/cameroun-cinq-civils-enleves-dans-un-hopital-au-nord-ouest","og_site_name":"Cameroun","article_published_time":"2022-09-26T15:02:42+00:00","article_modified_time":"2022-09-26T16:59:37+00:00","og_image":[{"width":720,"height":357,"url":"https:\/\/static.africa-press.net\/cameroun\/sites\/57\/2022\/09\/img-6331da3269fc1.jpg","type":"image\/jpeg"}],"author":"cfeditorfr","twitter_card":"summary_large_image","twitter_misc":{"\u00c9crit par":"cfeditorfr","Dur\u00e9e de lecture estim\u00e9e":"2 minutes"},"schema":{"@context":"https:\/\/schema.org","@graph":[{"@type":"Article","@id":"https:\/\/www.africa-press.net\/cameroun\/toutes-les-actualites\/cameroun-cinq-civils-enleves-dans-un-hopital-au-nord-ouest#article","isPartOf":{"@id":"https:\/\/www.africa-press.net\/cameroun\/toutes-les-actualites\/cameroun-cinq-civils-enleves-dans-un-hopital-au-nord-ouest"},"author":{"name":"cfeditorfr","@id":"https:\/\/www.africa-press.net\/cameroun\/#\/schema\/person\/2b1cf3cd81a31e3cd26889ca66d677f1"},"headline":"Cameroun : cinq civils enlev\u00e9s dans un h\u00f4pital au Nord-Ouest","datePublished":"2022-09-26T15:02:42+00:00","dateModified":"2022-09-26T16:59:37+00:00","mainEntityOfPage":{"@id":"https:\/\/www.africa-press.net\/cameroun\/toutes-les-actualites\/cameroun-cinq-civils-enleves-dans-un-hopital-au-nord-ouest"},"wordCount":304,"commentCount":0,"image":{"@id":"https:\/\/www.africa-press.net\/cameroun\/toutes-les-actualites\/cameroun-cinq-civils-enleves-dans-un-hopital-au-nord-ouest#primaryimage"},"thumbnailUrl":"https:\/\/static.africa-press.net\/cameroun\/sites\/57\/2022\/09\/img-6331da3269fc1.jpg","keywords":["Africa Press","Africa Press-Cameroun","Cameroun"],"articleSection":["Communaut\u00e9","Toutes les actualit\u00e9s"],"inLanguage":"fr-FR","potentialAction":[{"@type":"CommentAction","name":"Comment","target":["https:\/\/www.africa-press.net\/cameroun\/toutes-les-actualites\/cameroun-cinq-civils-enleves-dans-un-hopital-au-nord-ouest#respond"]}]},{"@type":"WebPage","@id":"https:\/\/www.africa-press.net\/cameroun\/toutes-les-actualites\/cameroun-cinq-civils-enleves-dans-un-hopital-au-nord-ouest","url":"https:\/\/www.africa-press.net\/cameroun\/toutes-les-actualites\/cameroun-cinq-civils-enleves-dans-un-hopital-au-nord-ouest","name":"Cameroun : cinq civils enlev\u00e9s dans un h\u00f4pital au Nord-Ouest - Cameroun","isPartOf":{"@id":"https:\/\/www.africa-press.net\/cameroun\/#website"},"primaryImageOfPage":{"@id":"https:\/\/www.africa-press.net\/cameroun\/toutes-les-actualites\/cameroun-cinq-civils-enleves-dans-un-hopital-au-nord-ouest#primaryimage"},"image":{"@id":"https:\/\/www.africa-press.net\/cameroun\/toutes-les-actualites\/cameroun-cinq-civils-enleves-dans-un-hopital-au-nord-ouest#primaryimage"},"thumbnailUrl":"https:\/\/static.africa-press.net\/cameroun\/sites\/57\/2022\/09\/img-6331da3269fc1.jpg","datePublished":"2022-09-26T15:02:42+00:00","dateModified":"2022-09-26T16:59:37+00:00","author":{"@id":"https:\/\/www.africa-press.net\/cameroun\/#\/schema\/person\/2b1cf3cd81a31e3cd26889ca66d677f1"},"description":"Un pasteur et quatre employe\u0301s de la formation sanitaire ont e\u0301te\u0301 enleve\u0301s par des personnes arme\u0301es, des se\u0301cession ...","breadcrumb":{"@id":"https:\/\/www.africa-press.net\/cameroun\/toutes-les-actualites\/cameroun-cinq-civils-enleves-dans-un-hopital-au-nord-ouest#breadcrumb"},"inLanguage":"fr-FR","potentialAction":[{"@type":"ReadAction","target":["https:\/\/www.africa-press.net\/cameroun\/toutes-les-actualites\/cameroun-cinq-civils-enleves-dans-un-hopital-au-nord-ouest"]}]},{"@type":"ImageObject","inLanguage":"fr-FR","@id":"https:\/\/www.africa-press.net\/cameroun\/toutes-les-actualites\/cameroun-cinq-civils-enleves-dans-un-hopital-au-nord-ouest#primaryimage","url":"https:\/\/static.africa-press.net\/cameroun\/sites\/57\/2022\/09\/img-6331da3269fc1.jpg","contentUrl":"https:\/\/static.africa-press.net\/cameroun\/sites\/57\/2022\/09\/img-6331da3269fc1.jpg","width":720,"height":357,"caption":"Cameroun : cinq civils enlev\u00e9s dans un h\u00f4pital au Nord-Ouest"},{"@type":"BreadcrumbList","@id":"https:\/\/www.africa-press.net\/cameroun\/toutes-les-actualites\/cameroun-cinq-civils-enleves-dans-un-hopital-au-nord-ouest#breadcrumb","itemListElement":[{"@type":"ListItem","position":1,"name":"Accueil","item":"https:\/\/www.africa-press.net\/cameroun\/"},{"@type":"ListItem","position":2,"name":"Cameroun : cinq civils enlev\u00e9s dans un h\u00f4pital au Nord-Ouest"}]},{"@type":"WebSite","@id":"https:\/\/www.africa-press.net\/cameroun\/#website","url":"https:\/\/www.africa-press.net\/cameroun\/","name":"Cameroun","description":"Just another Africa News Agency Sites site","potentialAction":[{"@type":"SearchAction","target":{"@type":"EntryPoint","urlTemplate":"https:\/\/www.africa-press.net\/cameroun\/?s={search_term_string}"},"query-input":{"@type":"PropertyValueSpecification","valueRequired":true,"valueName":"search_term_string"}}],"inLanguage":"fr-FR"},{"@type":"Person","@id":"https:\/\/www.africa-press.net\/cameroun\/#\/schema\/person\/2b1cf3cd81a31e3cd26889ca66d677f1","name":"cfeditorfr"}]}},"_links":{"self":[{"href":"https:\/\/www.africa-press.net\/cameroun\/wp-json\/wp\/v2\/posts\/28143","targetHints":{"allow":["GET"]}}],"collection":[{"href":"https:\/\/www.africa-press.net\/cameroun\/wp-json\/wp\/v2\/posts"}],"about":[{"href":"https:\/\/www.africa-press.net\/cameroun\/wp-json\/wp\/v2\/types\/post"}],"author":[{"embeddable":true,"href":"https:\/\/www.africa-press.net\/cameroun\/wp-json\/wp\/v2\/users\/82"}],"replies":[{"embeddable":true,"href":"https:\/\/www.africa-press.net\/cameroun\/wp-json\/wp\/v2\/comments?post=28143"}],"version-history":[{"count":0,"href":"https:\/\/www.africa-press.net\/cameroun\/wp-json\/wp\/v2\/posts\/28143\/revisions"}],"wp:featuredmedia":[{"embeddable":true,"href":"https:\/\/www.africa-press.net\/cameroun\/wp-json\/wp\/v2\/media\/28142"}],"wp:attachment":[{"href":"https:\/\/www.africa-press.net\/cameroun\/wp-json\/wp\/v2\/media?parent=28143"}],"wp:term":[{"taxonomy":"category","embeddable":true,"href":"https:\/\/www.africa-press.net\/cameroun\/wp-json\/wp\/v2\/categories?post=28143"},{"taxonomy":"post_tag","embeddable":true,"href":"https:\/\/www.africa-press.net\/cameroun\/wp-json\/wp\/v2\/tags?post=28143"}],"curies":[{"name":"wp","href":"https:\/\/api.w.org\/{rel}","templated":true}]}}