{"id":28149,"date":"2022-09-26T15:23:58","date_gmt":"2022-09-26T15:23:58","guid":{"rendered":"https:\/\/www.africa-press.net\/cameroun\/politique\/cameroun-interdiction-de-convoyer-les-bovins-la-nuit"},"modified":"2022-09-26T17:02:45","modified_gmt":"2022-09-26T17:02:45","slug":"cameroun-interdiction-de-convoyer-les-bovins-la-nuit","status":"publish","type":"post","link":"https:\/\/www.africa-press.net\/cameroun\/economie\/cameroun-interdiction-de-convoyer-les-bovins-la-nuit","title":{"rendered":"Cameroun : interdiction de convoyer les bovins la nuit"},"content":{"rendered":"<p><span style=\"color: #ff6600\"><strong>Africa-Press &#8211; Cameroun. <\/strong><\/span><b>La mesure prise par le gouverneur de la re\u0301gion de l\u2019Adamaoua Kildadi Taguieke Boukar vise a\u0300 lutter contre le vol re\u0301pe\u0301te\u0301 du be\u0301tail.<\/b><\/p>\n<p>En raison de la criminalite\u0301 sur les cheptels de bovins en transhumance, les autorite\u0301s re\u0301ajustent les mesures de se\u0301curite\u0301. Depuis le de\u0301but du mois de septembre 2022, il est interdit de convoyer a\u0300 pied des bovins entre 19h et 6h. Dans le me\u0302me temps, le transport des carcasses de b\u0153ufs a\u0300 moto, a\u0300 tricycles ou sur des ve\u0301hicules improvise\u0301s n\u2019est plus admis. De\u0301sormais, ces mouvements doivent e\u0302tre encadre\u0301s. Restes autorise\u0301s, les transports de be\u0301tails en camions homologue\u0301s et les transhumances encadre\u0301es.<\/p>\n<p>Ces mesures, les autorite\u0301s administratives, religieuses et traditionnelles les pre\u0301parent depuis plusieurs mois. Elles viennent ainsi donner satisfaction aux e\u0301leveurs et tous les intervenants dans la chai\u0302ne. C\u2019est du moins ce que confie le pre\u0301sident de l\u2019Union de\u0301partementale des e\u0301leveurs du Mayo-Banyo a\u0300 nos confre\u0300res de Rfi.<\/p>\n<p>\u00ab On est oblige\u0301 de cre\u0301er des solidarite\u0301s avec nos e\u0301leveurs qui sont au Nigeria. De\u0300s qu\u2019ils voient des animaux suspects, ils arre\u0302tent, ils filment, ils nous envoient des images par WhatsApp. Et nous aussi, de ce co\u0302te\u0301 de la frontie\u0300re, nous faisons de me\u0302me. Et on parvient quand-me\u0302me a\u0300 bloquer certains voleurs. Si le gouvernement intervient pour bloquer ces mouvements nocturnes, vraiment nous sommes contents \u00bb, de\u0301clare Mohamadou Bachirou.<\/p>\n<p>La mesure vient sans doute se\u0301curiser non seulement les acteurs, leurs investissements, mais aussi l\u2019e\u0301conomie du pays. Dans le contexte camerounais, une te\u0302te de b\u0153uf peut cou\u0302ter entre 300 000 et 500 000 FCFA.<\/p>\n<p><strong>Pour plus d&rsquo;informations et d&rsquo;analyses sur la <a href=\"https:\/\/www.africa-press.net\/cameroun\">Cameroun<\/a>, suivez <a href=\"https:\/\/www.africa-press.net\/\">Africa-Press<\/a><\/strong><\/p>\n","protected":false},"excerpt":{"rendered":"<p>Africa-Press &#8211; Cameroun. La mesure prise par le gouverneur de la re\u0301gion de l\u2019Adamaoua Kildadi Taguieke Boukar vise a\u0300 lutter contre le vol re\u0301pe\u0301te\u0301 du be\u0301tail. En raison de la criminalite\u0301 sur les cheptels de bovins en transhumance, les autorite\u0301s re\u0301ajustent les mesures de se\u0301curite\u0301. Depuis le de\u0301but du mois de septembre 2022, il est [&hellip;]<\/p>\n","protected":false},"author":82,"featured_media":28148,"comment_status":"open","ping_status":"closed","sticky":false,"template":"","format":"standard","meta":{"footnotes":""},"categories":[3,10],"tags":[36,50,49],"class_list":["post-28149","post","type-post","status-publish","format-standard","has-post-thumbnail","hentry","category-economie","category-toutes-les-actualites","tag-africa-press","tag-africa-press-cameroun","tag-cameroun"],"yoast_head":"<!-- This site is optimized with the Yoast SEO Premium plugin v26.1 (Yoast SEO v27.0) - https:\/\/yoast.com\/product\/yoast-seo-premium-wordpress\/ -->\n<title>Cameroun : interdiction de convoyer les bovins la nuit - Cameroun<\/title>\n<meta name=\"description\" content=\"La mesure prise par le gouverneur de la re\u0301gion de l\u2019Adamaoua Kildadi Taguieke Boukar vise a\u0300 lutter contre le vol re ...\" \/>\n<meta name=\"robots\" content=\"index, follow, max-snippet:-1, max-image-preview:large, max-video-preview:-1\" \/>\n<link rel=\"canonical\" href=\"https:\/\/www.africa-press.net\/cameroun\/economie\/cameroun-interdiction-de-convoyer-les-bovins-la-nuit\" \/>\n<meta property=\"og:locale\" content=\"fr_FR\" \/>\n<meta property=\"og:type\" content=\"article\" \/>\n<meta property=\"og:title\" content=\"Cameroun : interdiction de convoyer les bovins la nuit\" \/>\n<meta property=\"og:description\" content=\"La mesure prise par le gouverneur de la re\u0301gion de l\u2019Adamaoua Kildadi Taguieke Boukar vise a\u0300 lutter contre le vol re ...\" \/>\n<meta property=\"og:url\" content=\"https:\/\/www.africa-press.net\/cameroun\/economie\/cameroun-interdiction-de-convoyer-les-bovins-la-nuit\" \/>\n<meta property=\"og:site_name\" content=\"Cameroun\" \/>\n<meta property=\"article:published_time\" content=\"2022-09-26T15:23:58+00:00\" \/>\n<meta property=\"article:modified_time\" content=\"2022-09-26T17:02:45+00:00\" \/>\n<meta property=\"og:image\" content=\"https:\/\/static.africa-press.net\/cameroun\/sites\/57\/2022\/09\/img-6331daef6e125.jpg\" \/>\n\t<meta property=\"og:image:width\" content=\"720\" \/>\n\t<meta property=\"og:image:height\" content=\"360\" \/>\n\t<meta property=\"og:image:type\" content=\"image\/jpeg\" \/>\n<meta name=\"author\" content=\"cfeditorfr\" \/>\n<meta name=\"twitter:card\" content=\"summary_large_image\" \/>\n<meta name=\"twitter:label1\" content=\"\u00c9crit par\" \/>\n\t<meta name=\"twitter:data1\" content=\"cfeditorfr\" \/>\n\t<meta name=\"twitter:label2\" content=\"Dur\u00e9e de lecture estim\u00e9e\" \/>\n\t<meta name=\"twitter:data2\" content=\"2 minutes\" \/>\n<script type=\"application\/ld+json\" class=\"yoast-schema-graph\">{\"@context\":\"https:\/\/schema.org\",\"@graph\":[{\"@type\":\"Article\",\"@id\":\"https:\/\/www.africa-press.net\/cameroun\/economie\/cameroun-interdiction-de-convoyer-les-bovins-la-nuit#article\",\"isPartOf\":{\"@id\":\"https:\/\/www.africa-press.net\/cameroun\/economie\/cameroun-interdiction-de-convoyer-les-bovins-la-nuit\"},\"author\":{\"name\":\"cfeditorfr\",\"@id\":\"https:\/\/www.africa-press.net\/cameroun\/#\/schema\/person\/2b1cf3cd81a31e3cd26889ca66d677f1\"},\"headline\":\"Cameroun : interdiction de convoyer les bovins la nuit\",\"datePublished\":\"2022-09-26T15:23:58+00:00\",\"dateModified\":\"2022-09-26T17:02:45+00:00\",\"mainEntityOfPage\":{\"@id\":\"https:\/\/www.africa-press.net\/cameroun\/economie\/cameroun-interdiction-de-convoyer-les-bovins-la-nuit\"},\"wordCount\":319,\"commentCount\":0,\"image\":{\"@id\":\"https:\/\/www.africa-press.net\/cameroun\/economie\/cameroun-interdiction-de-convoyer-les-bovins-la-nuit#primaryimage\"},\"thumbnailUrl\":\"https:\/\/static.africa-press.net\/cameroun\/sites\/57\/2022\/09\/img-6331daef6e125.jpg\",\"keywords\":[\"Africa Press\",\"Africa Press-Cameroun\",\"Cameroun\"],\"articleSection\":[\"\u00c9conomie\",\"Toutes les actualit\u00e9s\"],\"inLanguage\":\"fr-FR\",\"potentialAction\":[{\"@type\":\"CommentAction\",\"name\":\"Comment\",\"target\":[\"https:\/\/www.africa-press.net\/cameroun\/economie\/cameroun-interdiction-de-convoyer-les-bovins-la-nuit#respond\"]}]},{\"@type\":\"WebPage\",\"@id\":\"https:\/\/www.africa-press.net\/cameroun\/economie\/cameroun-interdiction-de-convoyer-les-bovins-la-nuit\",\"url\":\"https:\/\/www.africa-press.net\/cameroun\/economie\/cameroun-interdiction-de-convoyer-les-bovins-la-nuit\",\"name\":\"Cameroun : interdiction de convoyer les bovins la nuit - Cameroun\",\"isPartOf\":{\"@id\":\"https:\/\/www.africa-press.net\/cameroun\/#website\"},\"primaryImageOfPage\":{\"@id\":\"https:\/\/www.africa-press.net\/cameroun\/economie\/cameroun-interdiction-de-convoyer-les-bovins-la-nuit#primaryimage\"},\"image\":{\"@id\":\"https:\/\/www.africa-press.net\/cameroun\/economie\/cameroun-interdiction-de-convoyer-les-bovins-la-nuit#primaryimage\"},\"thumbnailUrl\":\"https:\/\/static.africa-press.net\/cameroun\/sites\/57\/2022\/09\/img-6331daef6e125.jpg\",\"datePublished\":\"2022-09-26T15:23:58+00:00\",\"dateModified\":\"2022-09-26T17:02:45+00:00\",\"author\":{\"@id\":\"https:\/\/www.africa-press.net\/cameroun\/#\/schema\/person\/2b1cf3cd81a31e3cd26889ca66d677f1\"},\"description\":\"La mesure prise par le gouverneur de la re\u0301gion de l\u2019Adamaoua Kildadi Taguieke Boukar vise a\u0300 lutter contre le vol re ...\",\"breadcrumb\":{\"@id\":\"https:\/\/www.africa-press.net\/cameroun\/economie\/cameroun-interdiction-de-convoyer-les-bovins-la-nuit#breadcrumb\"},\"inLanguage\":\"fr-FR\",\"potentialAction\":[{\"@type\":\"ReadAction\",\"target\":[\"https:\/\/www.africa-press.net\/cameroun\/economie\/cameroun-interdiction-de-convoyer-les-bovins-la-nuit\"]}]},{\"@type\":\"ImageObject\",\"inLanguage\":\"fr-FR\",\"@id\":\"https:\/\/www.africa-press.net\/cameroun\/economie\/cameroun-interdiction-de-convoyer-les-bovins-la-nuit#primaryimage\",\"url\":\"https:\/\/static.africa-press.net\/cameroun\/sites\/57\/2022\/09\/img-6331daef6e125.jpg\",\"contentUrl\":\"https:\/\/static.africa-press.net\/cameroun\/sites\/57\/2022\/09\/img-6331daef6e125.jpg\",\"width\":720,\"height\":360,\"caption\":\"Cameroun : interdiction de convoyer les bovins la nuit\"},{\"@type\":\"BreadcrumbList\",\"@id\":\"https:\/\/www.africa-press.net\/cameroun\/economie\/cameroun-interdiction-de-convoyer-les-bovins-la-nuit#breadcrumb\",\"itemListElement\":[{\"@type\":\"ListItem\",\"position\":1,\"name\":\"Accueil\",\"item\":\"https:\/\/www.africa-press.net\/cameroun\/\"},{\"@type\":\"ListItem\",\"position\":2,\"name\":\"Cameroun : interdiction de convoyer les bovins la nuit\"}]},{\"@type\":\"WebSite\",\"@id\":\"https:\/\/www.africa-press.net\/cameroun\/#website\",\"url\":\"https:\/\/www.africa-press.net\/cameroun\/\",\"name\":\"Cameroun\",\"description\":\"Just another Africa News Agency Sites site\",\"potentialAction\":[{\"@type\":\"SearchAction\",\"target\":{\"@type\":\"EntryPoint\",\"urlTemplate\":\"https:\/\/www.africa-press.net\/cameroun\/?s={search_term_string}\"},\"query-input\":{\"@type\":\"PropertyValueSpecification\",\"valueRequired\":true,\"valueName\":\"search_term_string\"}}],\"inLanguage\":\"fr-FR\"},{\"@type\":\"Person\",\"@id\":\"https:\/\/www.africa-press.net\/cameroun\/#\/schema\/person\/2b1cf3cd81a31e3cd26889ca66d677f1\",\"name\":\"cfeditorfr\"}]}<\/script>\n<!-- \/ Yoast SEO Premium plugin. -->","yoast_head_json":{"title":"Cameroun : interdiction de convoyer les bovins la nuit - Cameroun","description":"La mesure prise par le gouverneur de la re\u0301gion de l\u2019Adamaoua Kildadi Taguieke Boukar vise a\u0300 lutter contre le vol re ...","robots":{"index":"index","follow":"follow","max-snippet":"max-snippet:-1","max-image-preview":"max-image-preview:large","max-video-preview":"max-video-preview:-1"},"canonical":"https:\/\/www.africa-press.net\/cameroun\/economie\/cameroun-interdiction-de-convoyer-les-bovins-la-nuit","og_locale":"fr_FR","og_type":"article","og_title":"Cameroun : interdiction de convoyer les bovins la nuit","og_description":"La mesure prise par le gouverneur de la re\u0301gion de l\u2019Adamaoua Kildadi Taguieke Boukar vise a\u0300 lutter contre le vol re ...","og_url":"https:\/\/www.africa-press.net\/cameroun\/economie\/cameroun-interdiction-de-convoyer-les-bovins-la-nuit","og_site_name":"Cameroun","article_published_time":"2022-09-26T15:23:58+00:00","article_modified_time":"2022-09-26T17:02:45+00:00","og_image":[{"width":720,"height":360,"url":"https:\/\/static.africa-press.net\/cameroun\/sites\/57\/2022\/09\/img-6331daef6e125.jpg","type":"image\/jpeg"}],"author":"cfeditorfr","twitter_card":"summary_large_image","twitter_misc":{"\u00c9crit par":"cfeditorfr","Dur\u00e9e de lecture estim\u00e9e":"2 minutes"},"schema":{"@context":"https:\/\/schema.org","@graph":[{"@type":"Article","@id":"https:\/\/www.africa-press.net\/cameroun\/economie\/cameroun-interdiction-de-convoyer-les-bovins-la-nuit#article","isPartOf":{"@id":"https:\/\/www.africa-press.net\/cameroun\/economie\/cameroun-interdiction-de-convoyer-les-bovins-la-nuit"},"author":{"name":"cfeditorfr","@id":"https:\/\/www.africa-press.net\/cameroun\/#\/schema\/person\/2b1cf3cd81a31e3cd26889ca66d677f1"},"headline":"Cameroun : interdiction de convoyer les bovins la nuit","datePublished":"2022-09-26T15:23:58+00:00","dateModified":"2022-09-26T17:02:45+00:00","mainEntityOfPage":{"@id":"https:\/\/www.africa-press.net\/cameroun\/economie\/cameroun-interdiction-de-convoyer-les-bovins-la-nuit"},"wordCount":319,"commentCount":0,"image":{"@id":"https:\/\/www.africa-press.net\/cameroun\/economie\/cameroun-interdiction-de-convoyer-les-bovins-la-nuit#primaryimage"},"thumbnailUrl":"https:\/\/static.africa-press.net\/cameroun\/sites\/57\/2022\/09\/img-6331daef6e125.jpg","keywords":["Africa Press","Africa Press-Cameroun","Cameroun"],"articleSection":["\u00c9conomie","Toutes les actualit\u00e9s"],"inLanguage":"fr-FR","potentialAction":[{"@type":"CommentAction","name":"Comment","target":["https:\/\/www.africa-press.net\/cameroun\/economie\/cameroun-interdiction-de-convoyer-les-bovins-la-nuit#respond"]}]},{"@type":"WebPage","@id":"https:\/\/www.africa-press.net\/cameroun\/economie\/cameroun-interdiction-de-convoyer-les-bovins-la-nuit","url":"https:\/\/www.africa-press.net\/cameroun\/economie\/cameroun-interdiction-de-convoyer-les-bovins-la-nuit","name":"Cameroun : interdiction de convoyer les bovins la nuit - Cameroun","isPartOf":{"@id":"https:\/\/www.africa-press.net\/cameroun\/#website"},"primaryImageOfPage":{"@id":"https:\/\/www.africa-press.net\/cameroun\/economie\/cameroun-interdiction-de-convoyer-les-bovins-la-nuit#primaryimage"},"image":{"@id":"https:\/\/www.africa-press.net\/cameroun\/economie\/cameroun-interdiction-de-convoyer-les-bovins-la-nuit#primaryimage"},"thumbnailUrl":"https:\/\/static.africa-press.net\/cameroun\/sites\/57\/2022\/09\/img-6331daef6e125.jpg","datePublished":"2022-09-26T15:23:58+00:00","dateModified":"2022-09-26T17:02:45+00:00","author":{"@id":"https:\/\/www.africa-press.net\/cameroun\/#\/schema\/person\/2b1cf3cd81a31e3cd26889ca66d677f1"},"description":"La mesure prise par le gouverneur de la re\u0301gion de l\u2019Adamaoua Kildadi Taguieke Boukar vise a\u0300 lutter contre le vol re ...","breadcrumb":{"@id":"https:\/\/www.africa-press.net\/cameroun\/economie\/cameroun-interdiction-de-convoyer-les-bovins-la-nuit#breadcrumb"},"inLanguage":"fr-FR","potentialAction":[{"@type":"ReadAction","target":["https:\/\/www.africa-press.net\/cameroun\/economie\/cameroun-interdiction-de-convoyer-les-bovins-la-nuit"]}]},{"@type":"ImageObject","inLanguage":"fr-FR","@id":"https:\/\/www.africa-press.net\/cameroun\/economie\/cameroun-interdiction-de-convoyer-les-bovins-la-nuit#primaryimage","url":"https:\/\/static.africa-press.net\/cameroun\/sites\/57\/2022\/09\/img-6331daef6e125.jpg","contentUrl":"https:\/\/static.africa-press.net\/cameroun\/sites\/57\/2022\/09\/img-6331daef6e125.jpg","width":720,"height":360,"caption":"Cameroun : interdiction de convoyer les bovins la nuit"},{"@type":"BreadcrumbList","@id":"https:\/\/www.africa-press.net\/cameroun\/economie\/cameroun-interdiction-de-convoyer-les-bovins-la-nuit#breadcrumb","itemListElement":[{"@type":"ListItem","position":1,"name":"Accueil","item":"https:\/\/www.africa-press.net\/cameroun\/"},{"@type":"ListItem","position":2,"name":"Cameroun : interdiction de convoyer les bovins la nuit"}]},{"@type":"WebSite","@id":"https:\/\/www.africa-press.net\/cameroun\/#website","url":"https:\/\/www.africa-press.net\/cameroun\/","name":"Cameroun","description":"Just another Africa News Agency Sites site","potentialAction":[{"@type":"SearchAction","target":{"@type":"EntryPoint","urlTemplate":"https:\/\/www.africa-press.net\/cameroun\/?s={search_term_string}"},"query-input":{"@type":"PropertyValueSpecification","valueRequired":true,"valueName":"search_term_string"}}],"inLanguage":"fr-FR"},{"@type":"Person","@id":"https:\/\/www.africa-press.net\/cameroun\/#\/schema\/person\/2b1cf3cd81a31e3cd26889ca66d677f1","name":"cfeditorfr"}]}},"_links":{"self":[{"href":"https:\/\/www.africa-press.net\/cameroun\/wp-json\/wp\/v2\/posts\/28149","targetHints":{"allow":["GET"]}}],"collection":[{"href":"https:\/\/www.africa-press.net\/cameroun\/wp-json\/wp\/v2\/posts"}],"about":[{"href":"https:\/\/www.africa-press.net\/cameroun\/wp-json\/wp\/v2\/types\/post"}],"author":[{"embeddable":true,"href":"https:\/\/www.africa-press.net\/cameroun\/wp-json\/wp\/v2\/users\/82"}],"replies":[{"embeddable":true,"href":"https:\/\/www.africa-press.net\/cameroun\/wp-json\/wp\/v2\/comments?post=28149"}],"version-history":[{"count":0,"href":"https:\/\/www.africa-press.net\/cameroun\/wp-json\/wp\/v2\/posts\/28149\/revisions"}],"wp:featuredmedia":[{"embeddable":true,"href":"https:\/\/www.africa-press.net\/cameroun\/wp-json\/wp\/v2\/media\/28148"}],"wp:attachment":[{"href":"https:\/\/www.africa-press.net\/cameroun\/wp-json\/wp\/v2\/media?parent=28149"}],"wp:term":[{"taxonomy":"category","embeddable":true,"href":"https:\/\/www.africa-press.net\/cameroun\/wp-json\/wp\/v2\/categories?post=28149"},{"taxonomy":"post_tag","embeddable":true,"href":"https:\/\/www.africa-press.net\/cameroun\/wp-json\/wp\/v2\/tags?post=28149"}],"curies":[{"name":"wp","href":"https:\/\/api.w.org\/{rel}","templated":true}]}}