{"id":2815,"date":"2021-04-29T18:53:38","date_gmt":"2021-04-29T18:53:38","guid":{"rendered":"https:\/\/www.africa-press.net\/cameroun\/politique\/cameroun-liberte-de-la-presse-interdiction-dune-marche-projetee-par-certains-patrons-de-presse-le-lundi-3-mai-2021-a-yaounde"},"modified":"2021-04-29T20:53:50","modified_gmt":"2021-04-29T20:53:50","slug":"cameroun-liberte-de-la-presse-interdiction-dune-marche-projetee-par-certains-patrons-de-presse-le-lundi-3-mai-2021-a-yaounde","status":"publish","type":"post","link":"https:\/\/www.africa-press.net\/cameroun\/politique\/cameroun-liberte-de-la-presse-interdiction-dune-marche-projetee-par-certains-patrons-de-presse-le-lundi-3-mai-2021-a-yaounde","title":{"rendered":"Cameroun &#8211; Libert\u00e9 de la presse: Interdiction d\u2019une marche projet\u00e9e par certains patrons de presse le lundi 3 mai 2021 \u00e0 Yaound\u00e9"},"content":{"rendered":"<p><span style=\"color: #ff6600\"><strong><a href=\"https:\/\/www.africa-press.net\/\">Africa-Press<\/a> &#8211; <a href=\"https:\/\/www.africa-press.net\/cameroun\">Cameroun<\/a>. <\/strong><\/span>La manifestation projet\u00e9e \u00e0 Yaound\u00e9 le lundi 3 mai 2021 par le R\u00e9seau des Patrons de Presse du Cameroun (REPAC) n\u2019aura plus lieu tel que pr\u00e9alablement envisag\u00e9. L\u2019initiative a \u00e9t\u00e9 interdite par le Sous-pr\u00e9fet de l\u2019arrondissement de Yaound\u00e9 1er, Harouna Nyandji Mgbatou, \u00e0 travers une d\u00e9cision sign\u00e9e le 27 avril 2021.<\/p>\n<p><b>\u00ab Est pour compter de la date de signature de la pr\u00e9sente d\u00e9cision, interdite pour n\u00e9cessit\u00e9 de pr\u00e9servation de l\u2019ordre social, la manifestation publique (marche pacifique) projet\u00e9e par le R\u00e9seau des Patrons de Presse du Cameroun (REPAC) repr\u00e9sent\u00e9 par monsieur Fran\u00e7ois Mboke, pr\u00e9vue le 03 mai 2021de 10H \u00e0 11H de l\u2019h\u00f4tel de ville de Yaound\u00e9 au minist\u00e8re de la Communication, \u00e0 l\u2019occasion de la journ\u00e9e internationale de la libert\u00e9 de la presse<\/b>\u00bb, renseigne le document.<\/p>\n<p>En plus du motif de pr\u00e9servation de l\u2019ordre social qui motive sa d\u00e9cision, l\u2019autorit\u00e9 administrative \u00e9voque \u00e9galement le contexte de crise sanitaire marqu\u00e9 par la pand\u00e9mie de Coronavirus, et son lot de restrictions, notamment l\u2019interdiction des regroupements de plus de 50 personnes d\u00e9cid\u00e9e par le gouvernement dans le cadre de la riposte contre cette pand\u00e9mie.<\/p>\n<p>Il va sans dire que ces patrons de presse vont devoir ajourner leur projet de marche pacifique, alors m\u00eame qu\u2019une autre faction de patrons de presse, ceux-l\u00e0 se revendiquant du Collectif des Communicateurs R\u00e9publicains et Patriotes (CCRP), s\u2019\u00e9tait d\u00e9solidaris\u00e9e de cette marche au pr\u00e9texte que les premiers font du chantage aux autorit\u00e9s.<\/p>\n<p>Le REPAC a toujours critiqu\u00e9 le \u00abrefus du gouvernement de mettre en \u0153uvre les recommandations des \u00e9tats g\u00e9n\u00e9raux de la communication de 2012. Les journalistes camerounais comptent porter \u00e0 l\u2019attention de l\u2019opinion nationale et internationale leurs souffrances\u00bb, indiquait nagu\u00e8re le pr\u00e9sident du REPAC, Fran\u00e7ois Mboke, par ailleurs directeur de publication du journal Diapason.<\/p>\n","protected":false},"excerpt":{"rendered":"<p>Africa-Press &#8211; Cameroun. La manifestation projet\u00e9e \u00e0 Yaound\u00e9 le lundi 3 mai 2021 par le R\u00e9seau des Patrons de Presse du Cameroun (REPAC) n\u2019aura plus lieu tel que pr\u00e9alablement envisag\u00e9. L\u2019initiative a \u00e9t\u00e9 interdite par le Sous-pr\u00e9fet de l\u2019arrondissement de Yaound\u00e9 1er, Harouna Nyandji Mgbatou, \u00e0 travers une d\u00e9cision sign\u00e9e le 27 avril 2021. \u00ab [&hellip;]<\/p>\n","protected":false},"author":82,"featured_media":2814,"comment_status":"open","ping_status":"closed","sticky":false,"template":"","format":"standard","meta":{"footnotes":""},"categories":[11,2,10],"tags":[36,50,49],"class_list":["post-2815","post","type-post","status-publish","format-standard","has-post-thumbnail","hentry","category-homepage-french","category-politique","category-toutes-les-actualites","tag-africa-press","tag-africa-press-cameroun","tag-cameroun"],"yoast_head":"<!-- This site is optimized with the Yoast SEO Premium plugin v26.1 (Yoast SEO v27.0) - https:\/\/yoast.com\/product\/yoast-seo-premium-wordpress\/ -->\n<title>Cameroun - Libert\u00e9 de la presse: Interdiction d\u2019une marche projet\u00e9e par certains patrons de presse le lundi 3 mai 2021 \u00e0 Yaound\u00e9 - Cameroun<\/title>\n<meta name=\"description\" content=\"La manifestation projet\u00e9e \u00e0 Yaound\u00e9 le lundi 3 mai 2021 par le R\u00e9seau des Patrons de Presse du Cameroun (REPAC) n\u2019aura p ...\" \/>\n<meta name=\"robots\" content=\"index, follow, max-snippet:-1, max-image-preview:large, max-video-preview:-1\" \/>\n<link rel=\"canonical\" href=\"https:\/\/www.africa-press.net\/cameroun\/politique\/cameroun-liberte-de-la-presse-interdiction-dune-marche-projetee-par-certains-patrons-de-presse-le-lundi-3-mai-2021-a-yaounde\" \/>\n<meta property=\"og:locale\" content=\"fr_FR\" \/>\n<meta property=\"og:type\" content=\"article\" \/>\n<meta property=\"og:title\" content=\"Cameroun - Libert\u00e9 de la presse: Interdiction d\u2019une marche projet\u00e9e par certains patrons de presse le lundi 3 mai 2021 \u00e0 Yaound\u00e9\" \/>\n<meta property=\"og:description\" content=\"La manifestation projet\u00e9e \u00e0 Yaound\u00e9 le lundi 3 mai 2021 par le R\u00e9seau des Patrons de Presse du Cameroun (REPAC) n\u2019aura p ...\" \/>\n<meta property=\"og:url\" content=\"https:\/\/www.africa-press.net\/cameroun\/politique\/cameroun-liberte-de-la-presse-interdiction-dune-marche-projetee-par-certains-patrons-de-presse-le-lundi-3-mai-2021-a-yaounde\" \/>\n<meta property=\"og:site_name\" content=\"Cameroun\" \/>\n<meta property=\"article:published_time\" content=\"2021-04-29T18:53:38+00:00\" \/>\n<meta property=\"article:modified_time\" content=\"2021-04-29T20:53:50+00:00\" \/>\n<meta property=\"og:image\" content=\"https:\/\/static.africa-press.net\/cameroun\/sites\/57\/2021\/04\/img-608b0e3c22c22.jpg\" \/>\n\t<meta property=\"og:image:width\" content=\"800\" \/>\n\t<meta property=\"og:image:height\" content=\"480\" \/>\n\t<meta property=\"og:image:type\" content=\"image\/jpeg\" \/>\n<meta name=\"author\" content=\"cfeditorfr\" \/>\n<meta name=\"twitter:card\" content=\"summary_large_image\" \/>\n<meta name=\"twitter:label1\" content=\"\u00c9crit par\" \/>\n\t<meta name=\"twitter:data1\" content=\"cfeditorfr\" \/>\n\t<meta name=\"twitter:label2\" content=\"Dur\u00e9e de lecture estim\u00e9e\" \/>\n\t<meta name=\"twitter:data2\" content=\"2 minutes\" \/>\n<script type=\"application\/ld+json\" class=\"yoast-schema-graph\">{\"@context\":\"https:\/\/schema.org\",\"@graph\":[{\"@type\":\"Article\",\"@id\":\"https:\/\/www.africa-press.net\/cameroun\/politique\/cameroun-liberte-de-la-presse-interdiction-dune-marche-projetee-par-certains-patrons-de-presse-le-lundi-3-mai-2021-a-yaounde#article\",\"isPartOf\":{\"@id\":\"https:\/\/www.africa-press.net\/cameroun\/politique\/cameroun-liberte-de-la-presse-interdiction-dune-marche-projetee-par-certains-patrons-de-presse-le-lundi-3-mai-2021-a-yaounde\"},\"author\":{\"name\":\"cfeditorfr\",\"@id\":\"https:\/\/www.africa-press.net\/cameroun\/#\/schema\/person\/2b1cf3cd81a31e3cd26889ca66d677f1\"},\"headline\":\"Cameroun &#8211; Libert\u00e9 de la presse: Interdiction d\u2019une marche projet\u00e9e par certains patrons de presse le lundi 3 mai 2021 \u00e0 Yaound\u00e9\",\"datePublished\":\"2021-04-29T18:53:38+00:00\",\"dateModified\":\"2021-04-29T20:53:50+00:00\",\"mainEntityOfPage\":{\"@id\":\"https:\/\/www.africa-press.net\/cameroun\/politique\/cameroun-liberte-de-la-presse-interdiction-dune-marche-projetee-par-certains-patrons-de-presse-le-lundi-3-mai-2021-a-yaounde\"},\"wordCount\":346,\"commentCount\":0,\"image\":{\"@id\":\"https:\/\/www.africa-press.net\/cameroun\/politique\/cameroun-liberte-de-la-presse-interdiction-dune-marche-projetee-par-certains-patrons-de-presse-le-lundi-3-mai-2021-a-yaounde#primaryimage\"},\"thumbnailUrl\":\"https:\/\/static.africa-press.net\/cameroun\/sites\/57\/2021\/04\/img-608b0e3c22c22.jpg\",\"keywords\":[\"Africa Press\",\"Africa Press-Cameroun\",\"Cameroun\"],\"articleSection\":[\"homepage-french\",\"Politique\",\"Toutes les actualit\u00e9s\"],\"inLanguage\":\"fr-FR\",\"potentialAction\":[{\"@type\":\"CommentAction\",\"name\":\"Comment\",\"target\":[\"https:\/\/www.africa-press.net\/cameroun\/politique\/cameroun-liberte-de-la-presse-interdiction-dune-marche-projetee-par-certains-patrons-de-presse-le-lundi-3-mai-2021-a-yaounde#respond\"]}]},{\"@type\":\"WebPage\",\"@id\":\"https:\/\/www.africa-press.net\/cameroun\/politique\/cameroun-liberte-de-la-presse-interdiction-dune-marche-projetee-par-certains-patrons-de-presse-le-lundi-3-mai-2021-a-yaounde\",\"url\":\"https:\/\/www.africa-press.net\/cameroun\/politique\/cameroun-liberte-de-la-presse-interdiction-dune-marche-projetee-par-certains-patrons-de-presse-le-lundi-3-mai-2021-a-yaounde\",\"name\":\"Cameroun - Libert\u00e9 de la presse: Interdiction d\u2019une marche projet\u00e9e par certains patrons de presse le lundi 3 mai 2021 \u00e0 Yaound\u00e9 - Cameroun\",\"isPartOf\":{\"@id\":\"https:\/\/www.africa-press.net\/cameroun\/#website\"},\"primaryImageOfPage\":{\"@id\":\"https:\/\/www.africa-press.net\/cameroun\/politique\/cameroun-liberte-de-la-presse-interdiction-dune-marche-projetee-par-certains-patrons-de-presse-le-lundi-3-mai-2021-a-yaounde#primaryimage\"},\"image\":{\"@id\":\"https:\/\/www.africa-press.net\/cameroun\/politique\/cameroun-liberte-de-la-presse-interdiction-dune-marche-projetee-par-certains-patrons-de-presse-le-lundi-3-mai-2021-a-yaounde#primaryimage\"},\"thumbnailUrl\":\"https:\/\/static.africa-press.net\/cameroun\/sites\/57\/2021\/04\/img-608b0e3c22c22.jpg\",\"datePublished\":\"2021-04-29T18:53:38+00:00\",\"dateModified\":\"2021-04-29T20:53:50+00:00\",\"author\":{\"@id\":\"https:\/\/www.africa-press.net\/cameroun\/#\/schema\/person\/2b1cf3cd81a31e3cd26889ca66d677f1\"},\"description\":\"La manifestation projet\u00e9e \u00e0 Yaound\u00e9 le lundi 3 mai 2021 par le R\u00e9seau des Patrons de Presse du Cameroun (REPAC) n\u2019aura p ...\",\"breadcrumb\":{\"@id\":\"https:\/\/www.africa-press.net\/cameroun\/politique\/cameroun-liberte-de-la-presse-interdiction-dune-marche-projetee-par-certains-patrons-de-presse-le-lundi-3-mai-2021-a-yaounde#breadcrumb\"},\"inLanguage\":\"fr-FR\",\"potentialAction\":[{\"@type\":\"ReadAction\",\"target\":[\"https:\/\/www.africa-press.net\/cameroun\/politique\/cameroun-liberte-de-la-presse-interdiction-dune-marche-projetee-par-certains-patrons-de-presse-le-lundi-3-mai-2021-a-yaounde\"]}]},{\"@type\":\"ImageObject\",\"inLanguage\":\"fr-FR\",\"@id\":\"https:\/\/www.africa-press.net\/cameroun\/politique\/cameroun-liberte-de-la-presse-interdiction-dune-marche-projetee-par-certains-patrons-de-presse-le-lundi-3-mai-2021-a-yaounde#primaryimage\",\"url\":\"https:\/\/static.africa-press.net\/cameroun\/sites\/57\/2021\/04\/img-608b0e3c22c22.jpg\",\"contentUrl\":\"https:\/\/static.africa-press.net\/cameroun\/sites\/57\/2021\/04\/img-608b0e3c22c22.jpg\",\"width\":800,\"height\":480,\"caption\":\"Cameroun - Libert\u00e9 de la presse: Interdiction d\u2019une marche projet\u00e9e par certains patrons de presse le lundi 3 mai 2021 \u00e0 Yaound\u00e9\"},{\"@type\":\"BreadcrumbList\",\"@id\":\"https:\/\/www.africa-press.net\/cameroun\/politique\/cameroun-liberte-de-la-presse-interdiction-dune-marche-projetee-par-certains-patrons-de-presse-le-lundi-3-mai-2021-a-yaounde#breadcrumb\",\"itemListElement\":[{\"@type\":\"ListItem\",\"position\":1,\"name\":\"Accueil\",\"item\":\"https:\/\/www.africa-press.net\/cameroun\/\"},{\"@type\":\"ListItem\",\"position\":2,\"name\":\"Cameroun &#8211; Libert\u00e9 de la presse: Interdiction d\u2019une marche projet\u00e9e par certains patrons de presse le lundi 3 mai 2021 \u00e0 Yaound\u00e9\"}]},{\"@type\":\"WebSite\",\"@id\":\"https:\/\/www.africa-press.net\/cameroun\/#website\",\"url\":\"https:\/\/www.africa-press.net\/cameroun\/\",\"name\":\"Cameroun\",\"description\":\"Just another Africa News Agency Sites site\",\"potentialAction\":[{\"@type\":\"SearchAction\",\"target\":{\"@type\":\"EntryPoint\",\"urlTemplate\":\"https:\/\/www.africa-press.net\/cameroun\/?s={search_term_string}\"},\"query-input\":{\"@type\":\"PropertyValueSpecification\",\"valueRequired\":true,\"valueName\":\"search_term_string\"}}],\"inLanguage\":\"fr-FR\"},{\"@type\":\"Person\",\"@id\":\"https:\/\/www.africa-press.net\/cameroun\/#\/schema\/person\/2b1cf3cd81a31e3cd26889ca66d677f1\",\"name\":\"cfeditorfr\"}]}<\/script>\n<!-- \/ Yoast SEO Premium plugin. -->","yoast_head_json":{"title":"Cameroun - Libert\u00e9 de la presse: Interdiction d\u2019une marche projet\u00e9e par certains patrons de presse le lundi 3 mai 2021 \u00e0 Yaound\u00e9 - Cameroun","description":"La manifestation projet\u00e9e \u00e0 Yaound\u00e9 le lundi 3 mai 2021 par le R\u00e9seau des Patrons de Presse du Cameroun (REPAC) n\u2019aura p ...","robots":{"index":"index","follow":"follow","max-snippet":"max-snippet:-1","max-image-preview":"max-image-preview:large","max-video-preview":"max-video-preview:-1"},"canonical":"https:\/\/www.africa-press.net\/cameroun\/politique\/cameroun-liberte-de-la-presse-interdiction-dune-marche-projetee-par-certains-patrons-de-presse-le-lundi-3-mai-2021-a-yaounde","og_locale":"fr_FR","og_type":"article","og_title":"Cameroun - Libert\u00e9 de la presse: Interdiction d\u2019une marche projet\u00e9e par certains patrons de presse le lundi 3 mai 2021 \u00e0 Yaound\u00e9","og_description":"La manifestation projet\u00e9e \u00e0 Yaound\u00e9 le lundi 3 mai 2021 par le R\u00e9seau des Patrons de Presse du Cameroun (REPAC) n\u2019aura p ...","og_url":"https:\/\/www.africa-press.net\/cameroun\/politique\/cameroun-liberte-de-la-presse-interdiction-dune-marche-projetee-par-certains-patrons-de-presse-le-lundi-3-mai-2021-a-yaounde","og_site_name":"Cameroun","article_published_time":"2021-04-29T18:53:38+00:00","article_modified_time":"2021-04-29T20:53:50+00:00","og_image":[{"width":800,"height":480,"url":"https:\/\/static.africa-press.net\/cameroun\/sites\/57\/2021\/04\/img-608b0e3c22c22.jpg","type":"image\/jpeg"}],"author":"cfeditorfr","twitter_card":"summary_large_image","twitter_misc":{"\u00c9crit par":"cfeditorfr","Dur\u00e9e de lecture estim\u00e9e":"2 minutes"},"schema":{"@context":"https:\/\/schema.org","@graph":[{"@type":"Article","@id":"https:\/\/www.africa-press.net\/cameroun\/politique\/cameroun-liberte-de-la-presse-interdiction-dune-marche-projetee-par-certains-patrons-de-presse-le-lundi-3-mai-2021-a-yaounde#article","isPartOf":{"@id":"https:\/\/www.africa-press.net\/cameroun\/politique\/cameroun-liberte-de-la-presse-interdiction-dune-marche-projetee-par-certains-patrons-de-presse-le-lundi-3-mai-2021-a-yaounde"},"author":{"name":"cfeditorfr","@id":"https:\/\/www.africa-press.net\/cameroun\/#\/schema\/person\/2b1cf3cd81a31e3cd26889ca66d677f1"},"headline":"Cameroun &#8211; Libert\u00e9 de la presse: Interdiction d\u2019une marche projet\u00e9e par certains patrons de presse le lundi 3 mai 2021 \u00e0 Yaound\u00e9","datePublished":"2021-04-29T18:53:38+00:00","dateModified":"2021-04-29T20:53:50+00:00","mainEntityOfPage":{"@id":"https:\/\/www.africa-press.net\/cameroun\/politique\/cameroun-liberte-de-la-presse-interdiction-dune-marche-projetee-par-certains-patrons-de-presse-le-lundi-3-mai-2021-a-yaounde"},"wordCount":346,"commentCount":0,"image":{"@id":"https:\/\/www.africa-press.net\/cameroun\/politique\/cameroun-liberte-de-la-presse-interdiction-dune-marche-projetee-par-certains-patrons-de-presse-le-lundi-3-mai-2021-a-yaounde#primaryimage"},"thumbnailUrl":"https:\/\/static.africa-press.net\/cameroun\/sites\/57\/2021\/04\/img-608b0e3c22c22.jpg","keywords":["Africa Press","Africa Press-Cameroun","Cameroun"],"articleSection":["homepage-french","Politique","Toutes les actualit\u00e9s"],"inLanguage":"fr-FR","potentialAction":[{"@type":"CommentAction","name":"Comment","target":["https:\/\/www.africa-press.net\/cameroun\/politique\/cameroun-liberte-de-la-presse-interdiction-dune-marche-projetee-par-certains-patrons-de-presse-le-lundi-3-mai-2021-a-yaounde#respond"]}]},{"@type":"WebPage","@id":"https:\/\/www.africa-press.net\/cameroun\/politique\/cameroun-liberte-de-la-presse-interdiction-dune-marche-projetee-par-certains-patrons-de-presse-le-lundi-3-mai-2021-a-yaounde","url":"https:\/\/www.africa-press.net\/cameroun\/politique\/cameroun-liberte-de-la-presse-interdiction-dune-marche-projetee-par-certains-patrons-de-presse-le-lundi-3-mai-2021-a-yaounde","name":"Cameroun - Libert\u00e9 de la presse: Interdiction d\u2019une marche projet\u00e9e par certains patrons de presse le lundi 3 mai 2021 \u00e0 Yaound\u00e9 - Cameroun","isPartOf":{"@id":"https:\/\/www.africa-press.net\/cameroun\/#website"},"primaryImageOfPage":{"@id":"https:\/\/www.africa-press.net\/cameroun\/politique\/cameroun-liberte-de-la-presse-interdiction-dune-marche-projetee-par-certains-patrons-de-presse-le-lundi-3-mai-2021-a-yaounde#primaryimage"},"image":{"@id":"https:\/\/www.africa-press.net\/cameroun\/politique\/cameroun-liberte-de-la-presse-interdiction-dune-marche-projetee-par-certains-patrons-de-presse-le-lundi-3-mai-2021-a-yaounde#primaryimage"},"thumbnailUrl":"https:\/\/static.africa-press.net\/cameroun\/sites\/57\/2021\/04\/img-608b0e3c22c22.jpg","datePublished":"2021-04-29T18:53:38+00:00","dateModified":"2021-04-29T20:53:50+00:00","author":{"@id":"https:\/\/www.africa-press.net\/cameroun\/#\/schema\/person\/2b1cf3cd81a31e3cd26889ca66d677f1"},"description":"La manifestation projet\u00e9e \u00e0 Yaound\u00e9 le lundi 3 mai 2021 par le R\u00e9seau des Patrons de Presse du Cameroun (REPAC) n\u2019aura p ...","breadcrumb":{"@id":"https:\/\/www.africa-press.net\/cameroun\/politique\/cameroun-liberte-de-la-presse-interdiction-dune-marche-projetee-par-certains-patrons-de-presse-le-lundi-3-mai-2021-a-yaounde#breadcrumb"},"inLanguage":"fr-FR","potentialAction":[{"@type":"ReadAction","target":["https:\/\/www.africa-press.net\/cameroun\/politique\/cameroun-liberte-de-la-presse-interdiction-dune-marche-projetee-par-certains-patrons-de-presse-le-lundi-3-mai-2021-a-yaounde"]}]},{"@type":"ImageObject","inLanguage":"fr-FR","@id":"https:\/\/www.africa-press.net\/cameroun\/politique\/cameroun-liberte-de-la-presse-interdiction-dune-marche-projetee-par-certains-patrons-de-presse-le-lundi-3-mai-2021-a-yaounde#primaryimage","url":"https:\/\/static.africa-press.net\/cameroun\/sites\/57\/2021\/04\/img-608b0e3c22c22.jpg","contentUrl":"https:\/\/static.africa-press.net\/cameroun\/sites\/57\/2021\/04\/img-608b0e3c22c22.jpg","width":800,"height":480,"caption":"Cameroun - Libert\u00e9 de la presse: Interdiction d\u2019une marche projet\u00e9e par certains patrons de presse le lundi 3 mai 2021 \u00e0 Yaound\u00e9"},{"@type":"BreadcrumbList","@id":"https:\/\/www.africa-press.net\/cameroun\/politique\/cameroun-liberte-de-la-presse-interdiction-dune-marche-projetee-par-certains-patrons-de-presse-le-lundi-3-mai-2021-a-yaounde#breadcrumb","itemListElement":[{"@type":"ListItem","position":1,"name":"Accueil","item":"https:\/\/www.africa-press.net\/cameroun\/"},{"@type":"ListItem","position":2,"name":"Cameroun &#8211; Libert\u00e9 de la presse: Interdiction d\u2019une marche projet\u00e9e par certains patrons de presse le lundi 3 mai 2021 \u00e0 Yaound\u00e9"}]},{"@type":"WebSite","@id":"https:\/\/www.africa-press.net\/cameroun\/#website","url":"https:\/\/www.africa-press.net\/cameroun\/","name":"Cameroun","description":"Just another Africa News Agency Sites site","potentialAction":[{"@type":"SearchAction","target":{"@type":"EntryPoint","urlTemplate":"https:\/\/www.africa-press.net\/cameroun\/?s={search_term_string}"},"query-input":{"@type":"PropertyValueSpecification","valueRequired":true,"valueName":"search_term_string"}}],"inLanguage":"fr-FR"},{"@type":"Person","@id":"https:\/\/www.africa-press.net\/cameroun\/#\/schema\/person\/2b1cf3cd81a31e3cd26889ca66d677f1","name":"cfeditorfr"}]}},"_links":{"self":[{"href":"https:\/\/www.africa-press.net\/cameroun\/wp-json\/wp\/v2\/posts\/2815","targetHints":{"allow":["GET"]}}],"collection":[{"href":"https:\/\/www.africa-press.net\/cameroun\/wp-json\/wp\/v2\/posts"}],"about":[{"href":"https:\/\/www.africa-press.net\/cameroun\/wp-json\/wp\/v2\/types\/post"}],"author":[{"embeddable":true,"href":"https:\/\/www.africa-press.net\/cameroun\/wp-json\/wp\/v2\/users\/82"}],"replies":[{"embeddable":true,"href":"https:\/\/www.africa-press.net\/cameroun\/wp-json\/wp\/v2\/comments?post=2815"}],"version-history":[{"count":0,"href":"https:\/\/www.africa-press.net\/cameroun\/wp-json\/wp\/v2\/posts\/2815\/revisions"}],"wp:featuredmedia":[{"embeddable":true,"href":"https:\/\/www.africa-press.net\/cameroun\/wp-json\/wp\/v2\/media\/2814"}],"wp:attachment":[{"href":"https:\/\/www.africa-press.net\/cameroun\/wp-json\/wp\/v2\/media?parent=2815"}],"wp:term":[{"taxonomy":"category","embeddable":true,"href":"https:\/\/www.africa-press.net\/cameroun\/wp-json\/wp\/v2\/categories?post=2815"},{"taxonomy":"post_tag","embeddable":true,"href":"https:\/\/www.africa-press.net\/cameroun\/wp-json\/wp\/v2\/tags?post=2815"}],"curies":[{"name":"wp","href":"https:\/\/api.w.org\/{rel}","templated":true}]}}