{"id":2818,"date":"2021-04-29T19:02:22","date_gmt":"2021-04-29T19:02:22","guid":{"rendered":"https:\/\/www.africa-press.net\/cameroun\/politique\/cameroun-place-du-grand-nord-dans-la-succession-de-paul-biya-pr-owona-nguini-et-guibai-gatama-saffrontent-sur-la-toile"},"modified":"2021-04-29T20:51:38","modified_gmt":"2021-04-29T20:51:38","slug":"cameroun-place-du-grand-nord-dans-la-succession-de-paul-biya-pr-owona-nguini-et-guibai-gatama-saffrontent-sur-la-toile","status":"publish","type":"post","link":"https:\/\/www.africa-press.net\/cameroun\/politique\/cameroun-place-du-grand-nord-dans-la-succession-de-paul-biya-pr-owona-nguini-et-guibai-gatama-saffrontent-sur-la-toile","title":{"rendered":"Cameroun &#8211; Place du Grand Nord dans la succession de Paul Biya: Pr Owona Nguini et Guibai Gatama s\u2019affrontent sur la toile"},"content":{"rendered":"<p><span style=\"color: #ff6600\"><strong><a href=\"https:\/\/www.africa-press.net\/\">Africa-Press<\/a> &#8211; <a href=\"https:\/\/www.africa-press.net\/cameroun\">Cameroun<\/a>. <\/strong><\/span>Une passe d\u2019armes entre Pr Mathias \u00c9ric Owona Nguini et Guibai Gatama. Le 27 avril 2021, le vice-recteur de l\u2019Universit\u00e9 de Yaound\u00e9 I en charge de la recherche, de la coop\u00e9ration et des relations avec le monde des entreprises a publi\u00e9 un message sur sa page Facebook, indiquant qu\u2019une r\u00e9bellion est en gestation dans le Grand Nord avec pour objectif de couper le pays en deux.<\/p>\n<p><b>\u00abCouper le Cameroun en deux par le Nord, s\u00e9parer celui-ci du Sud. Voil\u00e0 le m\u00e9canisme d&rsquo;enclenchement de la nouvelle dynamique crise politico-militaire que des officines n\u00e9o-coloniales pr\u00e9parent avec le MLC. Une nouvelle phase de la guerre hybride est sur le point de commencer\u00bb<\/b>, a soutenu l\u2019enseignant d\u2019universit\u00e9.<\/p>\n<p>En r\u00e9action, le directeur de publication du journal L\u2019\u0152il du Sahel a publi\u00e9 \u00e0 son tour un message sur sa page Facebook dans lequel il pr\u00e9vient que \u00ables Nordistes ne commettront pas l\u2019erreur d\u2019une quelconque r\u00e9bellion ou insurrection pour \u00eatre malicieusement \u00e9cart\u00e9s de la seule bataille qui vaille d\u2019\u00eatre men\u00e9e en ce moment: celle de la succession du Pr\u00e9sident Paul Biya\u00bb.<\/p>\n<p>Cette r\u00e9action a provoqu\u00e9 des sorties en s\u00e9rie de Pr Owona Nguini, \u00e0 travers lesquelles il questionne le but vis\u00e9 par le mouvement \u00ab10 Millions de Nordistes\u00bb, cr\u00e9\u00e9 par notre confr\u00e8re et interdit par le ministre de l\u2019Administration Territoriale.<\/p>\n<p><b>Voici le texte de Guibai Gatama:<\/b><\/p>\n<p>Ma R\u00e9ponse Au Respectable Prof Mathias Eric Owona Nguini Sur Une Pr\u00e9tendue R\u00e9bellion Dans Le Nord Dont L\u2019objectif Serait De Couper Le Nord Du Sud<\/p>\n<p>J\u2019entends parler du MLC ici et l\u00e0. C\u2019est quoi le MLC mon tr\u00e8s cher Prof Mathias \u00c9ric Owona Nguini ? Il op\u00e8re exactement o\u00f9 ? Quels sont leurs faits d\u2019armes \u00e0 ce jour ? Sont-ils plus nuisibles que les preneurs d\u2019otages ou les coupeurs de route qui pullulent dans le Grand-Nord depuis des ann\u00e9es ? Sont-ils plus nombreux et mieux arm\u00e9s que les milliers de Nordistes qui ont rejoint les terroristes de Boko Haram et qui nous pourrissent la vie chaque jour dans le Logone et Chari, le Mayo-Sava et le Mayo-Tsanaga ?<\/p>\n<p>Hier, Boko Haram \u00e9tait une r\u00e9bellion&#8230; qui devait permettre aux Nordistes d\u2019avancer masqu\u00e9s pour Etoudi (Cf Eyebe Ayissi, le prof lui-m\u00eame, D\u00e9nis Kwebo&#8230;). Cette mise \u00e0 l\u2019\u00e9preuve par des accusations fallacieuses, blessantes, alors que nous payions un lourd tribut au terrorisme n\u2019\u00e9tait pas seulement une erreur d\u2019appr\u00e9ciation mais le r\u00e9sultat d\u2019une d\u00e9marche bien m\u00fbrie. Bref passons.<\/p>\n<p>Aujourd\u2019hui, c\u2019est le MLC, une petite bande de preneurs d\u2019otages, de coupeurs de route install\u00e9s \u00e0 la fronti\u00e8re entre le Cameroun et le Nigeria au niveau de la zone foresti\u00e8re de Kontcha, dont une partie des effectifs a \u00e9t\u00e9 r\u00e9cemment neutralis\u00e9e par des comit\u00e9s de vigilance du Nigeria, qui est agit\u00e9e comme une menace s\u00e9curitaire de grande ampleur visant \u00e0 couper le Nord du Sud.<\/p>\n<p>Je suis persuad\u00e9 que les Nordistes ne commettront pas l\u2019erreur d\u2019une quelconque r\u00e9bellion ou insurrection pour \u00eatre malicieusement \u00e9cart\u00e9s de la seule bataille qui vaille d\u2019\u00eatre men\u00e9e en ce moment: celle de la succession du Pr\u00e9sident Paul Biya. Ils sont dans la R\u00e9publique, un et indivisible. Ils sont respectueux de ses lois et c\u2019est dans cette R\u00e9publique qu\u2019ils se battront. Chacun avec ses arguments.<\/p>\n<p><b>GUIBAI GATAMA<\/b><\/p>\n<p><b>Ci-dessous, la r\u00e9action de Pr Owona Nguini:<\/b><\/p>\n<p>Monsieur Gatama est libre de sp\u00e9culer sur les \u00e9lections pr\u00e9sidentielles \u00e0 venir au Cameroun tant que cela ne se traduit pas par un affichage politique aussi grossi\u00e8rement r\u00e9gionaliste et dangereux pour la coh\u00e9sion nationale r\u00e9publicaine du Cameroun que sa plateforme \u2018\u201810 Millions de Nordistes\u2019\u2019. Il faut le dire. Ceux qui le d\u00e9fendent accepteraient-ils aussi que moi MEON que je cr\u00e9e \u00ab\u00a0x millions d&rsquo;Ekangs pour les \u00e9lections de 2025&Prime;? Ils ne manqueraient pas de dire que c&rsquo;est du divisionnisme anti- national ultra-tribaliste et ultra- r\u00e9gionaliste. Pourquoi ce qui serait vrai si c&rsquo;\u00e9tait moi ne le serait plus parce que ce serait Guibai Gatama ?<\/p>\n<p>Comme Guibai Gatama s&rsquo;int\u00e9resse \u00e0 moi, je vais aussi m&rsquo;int\u00e9resser \u00e0 lui. Peut-il me clarifier le sens de son initiative \u00a0\u00bb 10 millions de Nordistes\u00a0\u00bb dans l&rsquo;espace de la politique r\u00e9publicaine dans notre pays la R\u00e9publique du Cameroun? En quoi son positionnement nombriliste qui excite ouvertement le r\u00e9gionalisme augment\u00e9 du \u00ab\u00a0Grand Nord \u00a0\u00bb est-il compatible avec la coh\u00e9sion nationale ? Peut-on d\u00e9cemment faire de la pr\u00e9-mobilisation sur une \u00e9volution \u00e9lectorale de la succession conjectur\u00e9e et conjecturale du Pr\u00e9sident Biya sur une base aussi ouvertement agonistique (conflictuelle) de regroupement proto-nationaliste et ultra- r\u00e9gionaliste ?<\/p>\n","protected":false},"excerpt":{"rendered":"<p>Africa-Press &#8211; Cameroun. Une passe d\u2019armes entre Pr Mathias \u00c9ric Owona Nguini et Guibai Gatama. Le 27 avril 2021, le vice-recteur de l\u2019Universit\u00e9 de Yaound\u00e9 I en charge de la recherche, de la coop\u00e9ration et des relations avec le monde des entreprises a publi\u00e9 un message sur sa page Facebook, indiquant qu\u2019une r\u00e9bellion est en [&hellip;]<\/p>\n","protected":false},"author":82,"featured_media":2817,"comment_status":"open","ping_status":"closed","sticky":false,"template":"","format":"standard","meta":{"footnotes":""},"categories":[11,2,10],"tags":[36,50,49],"class_list":["post-2818","post","type-post","status-publish","format-standard","has-post-thumbnail","hentry","category-homepage-french","category-politique","category-toutes-les-actualites","tag-africa-press","tag-africa-press-cameroun","tag-cameroun"],"yoast_head":"<!-- This site is optimized with the Yoast SEO Premium plugin v26.1 (Yoast SEO v27.0) - https:\/\/yoast.com\/product\/yoast-seo-premium-wordpress\/ -->\n<title>Cameroun - Place du Grand Nord dans la succession de Paul Biya: Pr Owona Nguini et Guibai Gatama s\u2019affrontent sur la toile - Cameroun<\/title>\n<meta name=\"description\" content=\"Une passe d\u2019armes entre Pr Mathias \u00c9ric Owona Nguini et Guibai Gatama. Le 27 avril 2021, le vice-recteur de l\u2019Universit\u00e9 ...\" \/>\n<meta name=\"robots\" content=\"index, follow, max-snippet:-1, max-image-preview:large, max-video-preview:-1\" \/>\n<link rel=\"canonical\" href=\"https:\/\/www.africa-press.net\/cameroun\/politique\/cameroun-place-du-grand-nord-dans-la-succession-de-paul-biya-pr-owona-nguini-et-guibai-gatama-saffrontent-sur-la-toile\" \/>\n<meta property=\"og:locale\" content=\"fr_FR\" \/>\n<meta property=\"og:type\" content=\"article\" \/>\n<meta property=\"og:title\" content=\"Cameroun - Place du Grand Nord dans la succession de Paul Biya: Pr Owona Nguini et Guibai Gatama s\u2019affrontent sur la toile\" \/>\n<meta property=\"og:description\" content=\"Une passe d\u2019armes entre Pr Mathias \u00c9ric Owona Nguini et Guibai Gatama. Le 27 avril 2021, le vice-recteur de l\u2019Universit\u00e9 ...\" \/>\n<meta property=\"og:url\" content=\"https:\/\/www.africa-press.net\/cameroun\/politique\/cameroun-place-du-grand-nord-dans-la-succession-de-paul-biya-pr-owona-nguini-et-guibai-gatama-saffrontent-sur-la-toile\" \/>\n<meta property=\"og:site_name\" content=\"Cameroun\" \/>\n<meta property=\"article:published_time\" content=\"2021-04-29T19:02:22+00:00\" \/>\n<meta property=\"article:modified_time\" content=\"2021-04-29T20:51:38+00:00\" \/>\n<meta property=\"og:image\" content=\"https:\/\/static.africa-press.net\/cameroun\/sites\/57\/2021\/04\/img-608b0e65d0ba4.jpg\" \/>\n\t<meta property=\"og:image:width\" content=\"800\" \/>\n\t<meta property=\"og:image:height\" content=\"338\" \/>\n\t<meta property=\"og:image:type\" content=\"image\/jpeg\" \/>\n<meta name=\"author\" content=\"cfeditorfr\" \/>\n<meta name=\"twitter:card\" content=\"summary_large_image\" \/>\n<meta name=\"twitter:label1\" content=\"\u00c9crit par\" \/>\n\t<meta name=\"twitter:data1\" content=\"cfeditorfr\" \/>\n\t<meta name=\"twitter:label2\" content=\"Dur\u00e9e de lecture estim\u00e9e\" \/>\n\t<meta name=\"twitter:data2\" content=\"4 minutes\" \/>\n<script type=\"application\/ld+json\" class=\"yoast-schema-graph\">{\"@context\":\"https:\/\/schema.org\",\"@graph\":[{\"@type\":\"Article\",\"@id\":\"https:\/\/www.africa-press.net\/cameroun\/politique\/cameroun-place-du-grand-nord-dans-la-succession-de-paul-biya-pr-owona-nguini-et-guibai-gatama-saffrontent-sur-la-toile#article\",\"isPartOf\":{\"@id\":\"https:\/\/www.africa-press.net\/cameroun\/politique\/cameroun-place-du-grand-nord-dans-la-succession-de-paul-biya-pr-owona-nguini-et-guibai-gatama-saffrontent-sur-la-toile\"},\"author\":{\"name\":\"cfeditorfr\",\"@id\":\"https:\/\/www.africa-press.net\/cameroun\/#\/schema\/person\/2b1cf3cd81a31e3cd26889ca66d677f1\"},\"headline\":\"Cameroun &#8211; Place du Grand Nord dans la succession de Paul Biya: Pr Owona Nguini et Guibai Gatama s\u2019affrontent sur la toile\",\"datePublished\":\"2021-04-29T19:02:22+00:00\",\"dateModified\":\"2021-04-29T20:51:38+00:00\",\"mainEntityOfPage\":{\"@id\":\"https:\/\/www.africa-press.net\/cameroun\/politique\/cameroun-place-du-grand-nord-dans-la-succession-de-paul-biya-pr-owona-nguini-et-guibai-gatama-saffrontent-sur-la-toile\"},\"wordCount\":828,\"commentCount\":0,\"image\":{\"@id\":\"https:\/\/www.africa-press.net\/cameroun\/politique\/cameroun-place-du-grand-nord-dans-la-succession-de-paul-biya-pr-owona-nguini-et-guibai-gatama-saffrontent-sur-la-toile#primaryimage\"},\"thumbnailUrl\":\"https:\/\/static.africa-press.net\/cameroun\/sites\/57\/2021\/04\/img-608b0e65d0ba4.jpg\",\"keywords\":[\"Africa Press\",\"Africa Press-Cameroun\",\"Cameroun\"],\"articleSection\":[\"homepage-french\",\"Politique\",\"Toutes les actualit\u00e9s\"],\"inLanguage\":\"fr-FR\",\"potentialAction\":[{\"@type\":\"CommentAction\",\"name\":\"Comment\",\"target\":[\"https:\/\/www.africa-press.net\/cameroun\/politique\/cameroun-place-du-grand-nord-dans-la-succession-de-paul-biya-pr-owona-nguini-et-guibai-gatama-saffrontent-sur-la-toile#respond\"]}]},{\"@type\":\"WebPage\",\"@id\":\"https:\/\/www.africa-press.net\/cameroun\/politique\/cameroun-place-du-grand-nord-dans-la-succession-de-paul-biya-pr-owona-nguini-et-guibai-gatama-saffrontent-sur-la-toile\",\"url\":\"https:\/\/www.africa-press.net\/cameroun\/politique\/cameroun-place-du-grand-nord-dans-la-succession-de-paul-biya-pr-owona-nguini-et-guibai-gatama-saffrontent-sur-la-toile\",\"name\":\"Cameroun - Place du Grand Nord dans la succession de Paul Biya: Pr Owona Nguini et Guibai Gatama s\u2019affrontent sur la toile - Cameroun\",\"isPartOf\":{\"@id\":\"https:\/\/www.africa-press.net\/cameroun\/#website\"},\"primaryImageOfPage\":{\"@id\":\"https:\/\/www.africa-press.net\/cameroun\/politique\/cameroun-place-du-grand-nord-dans-la-succession-de-paul-biya-pr-owona-nguini-et-guibai-gatama-saffrontent-sur-la-toile#primaryimage\"},\"image\":{\"@id\":\"https:\/\/www.africa-press.net\/cameroun\/politique\/cameroun-place-du-grand-nord-dans-la-succession-de-paul-biya-pr-owona-nguini-et-guibai-gatama-saffrontent-sur-la-toile#primaryimage\"},\"thumbnailUrl\":\"https:\/\/static.africa-press.net\/cameroun\/sites\/57\/2021\/04\/img-608b0e65d0ba4.jpg\",\"datePublished\":\"2021-04-29T19:02:22+00:00\",\"dateModified\":\"2021-04-29T20:51:38+00:00\",\"author\":{\"@id\":\"https:\/\/www.africa-press.net\/cameroun\/#\/schema\/person\/2b1cf3cd81a31e3cd26889ca66d677f1\"},\"description\":\"Une passe d\u2019armes entre Pr Mathias \u00c9ric Owona Nguini et Guibai Gatama. Le 27 avril 2021, le vice-recteur de l\u2019Universit\u00e9 ...\",\"breadcrumb\":{\"@id\":\"https:\/\/www.africa-press.net\/cameroun\/politique\/cameroun-place-du-grand-nord-dans-la-succession-de-paul-biya-pr-owona-nguini-et-guibai-gatama-saffrontent-sur-la-toile#breadcrumb\"},\"inLanguage\":\"fr-FR\",\"potentialAction\":[{\"@type\":\"ReadAction\",\"target\":[\"https:\/\/www.africa-press.net\/cameroun\/politique\/cameroun-place-du-grand-nord-dans-la-succession-de-paul-biya-pr-owona-nguini-et-guibai-gatama-saffrontent-sur-la-toile\"]}]},{\"@type\":\"ImageObject\",\"inLanguage\":\"fr-FR\",\"@id\":\"https:\/\/www.africa-press.net\/cameroun\/politique\/cameroun-place-du-grand-nord-dans-la-succession-de-paul-biya-pr-owona-nguini-et-guibai-gatama-saffrontent-sur-la-toile#primaryimage\",\"url\":\"https:\/\/static.africa-press.net\/cameroun\/sites\/57\/2021\/04\/img-608b0e65d0ba4.jpg\",\"contentUrl\":\"https:\/\/static.africa-press.net\/cameroun\/sites\/57\/2021\/04\/img-608b0e65d0ba4.jpg\",\"width\":800,\"height\":338,\"caption\":\"Cameroun - Place du Grand Nord dans la succession de Paul Biya: Pr Owona Nguini et Guibai Gatama s\u2019affrontent sur la toile\"},{\"@type\":\"BreadcrumbList\",\"@id\":\"https:\/\/www.africa-press.net\/cameroun\/politique\/cameroun-place-du-grand-nord-dans-la-succession-de-paul-biya-pr-owona-nguini-et-guibai-gatama-saffrontent-sur-la-toile#breadcrumb\",\"itemListElement\":[{\"@type\":\"ListItem\",\"position\":1,\"name\":\"Accueil\",\"item\":\"https:\/\/www.africa-press.net\/cameroun\/\"},{\"@type\":\"ListItem\",\"position\":2,\"name\":\"Cameroun &#8211; Place du Grand Nord dans la succession de Paul Biya: Pr Owona Nguini et Guibai Gatama s\u2019affrontent sur la toile\"}]},{\"@type\":\"WebSite\",\"@id\":\"https:\/\/www.africa-press.net\/cameroun\/#website\",\"url\":\"https:\/\/www.africa-press.net\/cameroun\/\",\"name\":\"Cameroun\",\"description\":\"Just another Africa News Agency Sites site\",\"potentialAction\":[{\"@type\":\"SearchAction\",\"target\":{\"@type\":\"EntryPoint\",\"urlTemplate\":\"https:\/\/www.africa-press.net\/cameroun\/?s={search_term_string}\"},\"query-input\":{\"@type\":\"PropertyValueSpecification\",\"valueRequired\":true,\"valueName\":\"search_term_string\"}}],\"inLanguage\":\"fr-FR\"},{\"@type\":\"Person\",\"@id\":\"https:\/\/www.africa-press.net\/cameroun\/#\/schema\/person\/2b1cf3cd81a31e3cd26889ca66d677f1\",\"name\":\"cfeditorfr\"}]}<\/script>\n<!-- \/ Yoast SEO Premium plugin. -->","yoast_head_json":{"title":"Cameroun - Place du Grand Nord dans la succession de Paul Biya: Pr Owona Nguini et Guibai Gatama s\u2019affrontent sur la toile - Cameroun","description":"Une passe d\u2019armes entre Pr Mathias \u00c9ric Owona Nguini et Guibai Gatama. Le 27 avril 2021, le vice-recteur de l\u2019Universit\u00e9 ...","robots":{"index":"index","follow":"follow","max-snippet":"max-snippet:-1","max-image-preview":"max-image-preview:large","max-video-preview":"max-video-preview:-1"},"canonical":"https:\/\/www.africa-press.net\/cameroun\/politique\/cameroun-place-du-grand-nord-dans-la-succession-de-paul-biya-pr-owona-nguini-et-guibai-gatama-saffrontent-sur-la-toile","og_locale":"fr_FR","og_type":"article","og_title":"Cameroun - Place du Grand Nord dans la succession de Paul Biya: Pr Owona Nguini et Guibai Gatama s\u2019affrontent sur la toile","og_description":"Une passe d\u2019armes entre Pr Mathias \u00c9ric Owona Nguini et Guibai Gatama. Le 27 avril 2021, le vice-recteur de l\u2019Universit\u00e9 ...","og_url":"https:\/\/www.africa-press.net\/cameroun\/politique\/cameroun-place-du-grand-nord-dans-la-succession-de-paul-biya-pr-owona-nguini-et-guibai-gatama-saffrontent-sur-la-toile","og_site_name":"Cameroun","article_published_time":"2021-04-29T19:02:22+00:00","article_modified_time":"2021-04-29T20:51:38+00:00","og_image":[{"width":800,"height":338,"url":"https:\/\/static.africa-press.net\/cameroun\/sites\/57\/2021\/04\/img-608b0e65d0ba4.jpg","type":"image\/jpeg"}],"author":"cfeditorfr","twitter_card":"summary_large_image","twitter_misc":{"\u00c9crit par":"cfeditorfr","Dur\u00e9e de lecture estim\u00e9e":"4 minutes"},"schema":{"@context":"https:\/\/schema.org","@graph":[{"@type":"Article","@id":"https:\/\/www.africa-press.net\/cameroun\/politique\/cameroun-place-du-grand-nord-dans-la-succession-de-paul-biya-pr-owona-nguini-et-guibai-gatama-saffrontent-sur-la-toile#article","isPartOf":{"@id":"https:\/\/www.africa-press.net\/cameroun\/politique\/cameroun-place-du-grand-nord-dans-la-succession-de-paul-biya-pr-owona-nguini-et-guibai-gatama-saffrontent-sur-la-toile"},"author":{"name":"cfeditorfr","@id":"https:\/\/www.africa-press.net\/cameroun\/#\/schema\/person\/2b1cf3cd81a31e3cd26889ca66d677f1"},"headline":"Cameroun &#8211; Place du Grand Nord dans la succession de Paul Biya: Pr Owona Nguini et Guibai Gatama s\u2019affrontent sur la toile","datePublished":"2021-04-29T19:02:22+00:00","dateModified":"2021-04-29T20:51:38+00:00","mainEntityOfPage":{"@id":"https:\/\/www.africa-press.net\/cameroun\/politique\/cameroun-place-du-grand-nord-dans-la-succession-de-paul-biya-pr-owona-nguini-et-guibai-gatama-saffrontent-sur-la-toile"},"wordCount":828,"commentCount":0,"image":{"@id":"https:\/\/www.africa-press.net\/cameroun\/politique\/cameroun-place-du-grand-nord-dans-la-succession-de-paul-biya-pr-owona-nguini-et-guibai-gatama-saffrontent-sur-la-toile#primaryimage"},"thumbnailUrl":"https:\/\/static.africa-press.net\/cameroun\/sites\/57\/2021\/04\/img-608b0e65d0ba4.jpg","keywords":["Africa Press","Africa Press-Cameroun","Cameroun"],"articleSection":["homepage-french","Politique","Toutes les actualit\u00e9s"],"inLanguage":"fr-FR","potentialAction":[{"@type":"CommentAction","name":"Comment","target":["https:\/\/www.africa-press.net\/cameroun\/politique\/cameroun-place-du-grand-nord-dans-la-succession-de-paul-biya-pr-owona-nguini-et-guibai-gatama-saffrontent-sur-la-toile#respond"]}]},{"@type":"WebPage","@id":"https:\/\/www.africa-press.net\/cameroun\/politique\/cameroun-place-du-grand-nord-dans-la-succession-de-paul-biya-pr-owona-nguini-et-guibai-gatama-saffrontent-sur-la-toile","url":"https:\/\/www.africa-press.net\/cameroun\/politique\/cameroun-place-du-grand-nord-dans-la-succession-de-paul-biya-pr-owona-nguini-et-guibai-gatama-saffrontent-sur-la-toile","name":"Cameroun - Place du Grand Nord dans la succession de Paul Biya: Pr Owona Nguini et Guibai Gatama s\u2019affrontent sur la toile - Cameroun","isPartOf":{"@id":"https:\/\/www.africa-press.net\/cameroun\/#website"},"primaryImageOfPage":{"@id":"https:\/\/www.africa-press.net\/cameroun\/politique\/cameroun-place-du-grand-nord-dans-la-succession-de-paul-biya-pr-owona-nguini-et-guibai-gatama-saffrontent-sur-la-toile#primaryimage"},"image":{"@id":"https:\/\/www.africa-press.net\/cameroun\/politique\/cameroun-place-du-grand-nord-dans-la-succession-de-paul-biya-pr-owona-nguini-et-guibai-gatama-saffrontent-sur-la-toile#primaryimage"},"thumbnailUrl":"https:\/\/static.africa-press.net\/cameroun\/sites\/57\/2021\/04\/img-608b0e65d0ba4.jpg","datePublished":"2021-04-29T19:02:22+00:00","dateModified":"2021-04-29T20:51:38+00:00","author":{"@id":"https:\/\/www.africa-press.net\/cameroun\/#\/schema\/person\/2b1cf3cd81a31e3cd26889ca66d677f1"},"description":"Une passe d\u2019armes entre Pr Mathias \u00c9ric Owona Nguini et Guibai Gatama. Le 27 avril 2021, le vice-recteur de l\u2019Universit\u00e9 ...","breadcrumb":{"@id":"https:\/\/www.africa-press.net\/cameroun\/politique\/cameroun-place-du-grand-nord-dans-la-succession-de-paul-biya-pr-owona-nguini-et-guibai-gatama-saffrontent-sur-la-toile#breadcrumb"},"inLanguage":"fr-FR","potentialAction":[{"@type":"ReadAction","target":["https:\/\/www.africa-press.net\/cameroun\/politique\/cameroun-place-du-grand-nord-dans-la-succession-de-paul-biya-pr-owona-nguini-et-guibai-gatama-saffrontent-sur-la-toile"]}]},{"@type":"ImageObject","inLanguage":"fr-FR","@id":"https:\/\/www.africa-press.net\/cameroun\/politique\/cameroun-place-du-grand-nord-dans-la-succession-de-paul-biya-pr-owona-nguini-et-guibai-gatama-saffrontent-sur-la-toile#primaryimage","url":"https:\/\/static.africa-press.net\/cameroun\/sites\/57\/2021\/04\/img-608b0e65d0ba4.jpg","contentUrl":"https:\/\/static.africa-press.net\/cameroun\/sites\/57\/2021\/04\/img-608b0e65d0ba4.jpg","width":800,"height":338,"caption":"Cameroun - Place du Grand Nord dans la succession de Paul Biya: Pr Owona Nguini et Guibai Gatama s\u2019affrontent sur la toile"},{"@type":"BreadcrumbList","@id":"https:\/\/www.africa-press.net\/cameroun\/politique\/cameroun-place-du-grand-nord-dans-la-succession-de-paul-biya-pr-owona-nguini-et-guibai-gatama-saffrontent-sur-la-toile#breadcrumb","itemListElement":[{"@type":"ListItem","position":1,"name":"Accueil","item":"https:\/\/www.africa-press.net\/cameroun\/"},{"@type":"ListItem","position":2,"name":"Cameroun &#8211; Place du Grand Nord dans la succession de Paul Biya: Pr Owona Nguini et Guibai Gatama s\u2019affrontent sur la toile"}]},{"@type":"WebSite","@id":"https:\/\/www.africa-press.net\/cameroun\/#website","url":"https:\/\/www.africa-press.net\/cameroun\/","name":"Cameroun","description":"Just another Africa News Agency Sites site","potentialAction":[{"@type":"SearchAction","target":{"@type":"EntryPoint","urlTemplate":"https:\/\/www.africa-press.net\/cameroun\/?s={search_term_string}"},"query-input":{"@type":"PropertyValueSpecification","valueRequired":true,"valueName":"search_term_string"}}],"inLanguage":"fr-FR"},{"@type":"Person","@id":"https:\/\/www.africa-press.net\/cameroun\/#\/schema\/person\/2b1cf3cd81a31e3cd26889ca66d677f1","name":"cfeditorfr"}]}},"_links":{"self":[{"href":"https:\/\/www.africa-press.net\/cameroun\/wp-json\/wp\/v2\/posts\/2818","targetHints":{"allow":["GET"]}}],"collection":[{"href":"https:\/\/www.africa-press.net\/cameroun\/wp-json\/wp\/v2\/posts"}],"about":[{"href":"https:\/\/www.africa-press.net\/cameroun\/wp-json\/wp\/v2\/types\/post"}],"author":[{"embeddable":true,"href":"https:\/\/www.africa-press.net\/cameroun\/wp-json\/wp\/v2\/users\/82"}],"replies":[{"embeddable":true,"href":"https:\/\/www.africa-press.net\/cameroun\/wp-json\/wp\/v2\/comments?post=2818"}],"version-history":[{"count":0,"href":"https:\/\/www.africa-press.net\/cameroun\/wp-json\/wp\/v2\/posts\/2818\/revisions"}],"wp:featuredmedia":[{"embeddable":true,"href":"https:\/\/www.africa-press.net\/cameroun\/wp-json\/wp\/v2\/media\/2817"}],"wp:attachment":[{"href":"https:\/\/www.africa-press.net\/cameroun\/wp-json\/wp\/v2\/media?parent=2818"}],"wp:term":[{"taxonomy":"category","embeddable":true,"href":"https:\/\/www.africa-press.net\/cameroun\/wp-json\/wp\/v2\/categories?post=2818"},{"taxonomy":"post_tag","embeddable":true,"href":"https:\/\/www.africa-press.net\/cameroun\/wp-json\/wp\/v2\/tags?post=2818"}],"curies":[{"name":"wp","href":"https:\/\/api.w.org\/{rel}","templated":true}]}}