{"id":28206,"date":"2022-09-27T15:14:13","date_gmt":"2022-09-27T15:14:13","guid":{"rendered":"https:\/\/www.africa-press.net\/cameroun\/politique\/crise-anglophone-le-defenseur-des-droits-de-lhomme-felix-agbor-bala-recommande-au-regime-de-yaounde-de-discuter-avec-ayuk-sisiku-tabe"},"modified":"2022-09-27T18:38:26","modified_gmt":"2022-09-27T18:38:26","slug":"crise-anglophone-le-defenseur-des-droits-de-lhomme-felix-agbor-bala-recommande-au-regime-de-yaounde-de-discuter-avec-ayuk-sisiku-tabe","status":"publish","type":"post","link":"https:\/\/www.africa-press.net\/cameroun\/politique\/crise-anglophone-le-defenseur-des-droits-de-lhomme-felix-agbor-bala-recommande-au-regime-de-yaounde-de-discuter-avec-ayuk-sisiku-tabe","title":{"rendered":"Crise anglophone: Le d\u00e9fenseur des Droits de l\u2019homme F\u00e9lix Agbor Bala recommande au r\u00e9gime de Yaound\u00e9 de discuter avec Ayuk Sisiku Tabe"},"content":{"rendered":"<p><span style=\"color: #ff6600\"><strong>Africa-Press &#8211; Cameroun. <\/strong><\/span>Le conflit arme\u0301 perdure dans les re\u0301gions du Nord-Ouest et du Sud-Ouest, trois ans apre\u0300s la tenue du Grand Dialogue national en 2019, alors que cet e\u0301ve\u0301nement tenu a\u0300 Yaounde\u0301 e\u0301tait cense\u0301 marquer un indicateur significatif dans le processus de re\u0301solution du conflit. Les anne\u0301es passent, et rien ne change. Les tueries se multiplient au me\u0302me rythme qu\u2019avant le Grand dialogue, sinon plus, les incendies et le pillage des domiciles prive\u0301s se poursuivent e\u0301galement, au grand dam des de\u0301fenseurs des droits de l\u2019homme.<\/p>\n<p>Pour sa part, le droit-de-l\u2019hommiste Fe\u0301lix Agbor Bala, regrette que rien n\u2019avance dans le processus de re\u0301solution de cette guerre. \u00ab Trois ans apre\u0300s la tenue du Grand dialogue national pour re\u0301soudre la crise anglophone, nous constatons que rien ne change effectivement dans les deux re\u0301gions en crise se\u0301curitaire depuis 2016. Les enle\u0300vements, les attaques a\u0300 mains arme\u0301es au cours desquelles des civils et les militaires trouvent la mort se poursuivent dans les deux re\u0301gions. Bref, la crise anglophone continue de faire les ravages qui pre\u0301sentent plusieurs conse\u0301quences sur l\u2019ensemble des populations camerounaises. Me\u0302me lorsque le Grand dialogue s\u2019est tenu en 2019, je ne pensais pas que cette crise allait trouver une solution de\u0301finitive \u00bb, a de\u0301clare\u0301 le fondateur du Centre pour les droits de l\u2019homme et de la de\u0301mocratie en Afrique dans une interview accorde\u0301e au quotidien Le Jour ce mardi 27 septembre 2022.<\/p>\n<p>Il de\u0301plore que les attaques contre les e\u0301coles, les e\u0301glises, les ho\u0302pitaux et les ba\u0302timents publics continuent d\u2019e\u0302tre le\u0301gions, et sont l\u2019\u0153uvre, tanto\u0302t des miliciens se\u0301paratistes, tanto\u0302t des forces de de\u0301fense et de se\u0301curite\u0301 camerounaises. \u00ab Il s\u2019agit la\u0300 des crimes de guerre que nous en tant que de\u0301fenseurs des droits de l\u2019homme ne pouvons pas tole\u0301rer \u00bb, tonne l\u2019Enseignant d\u2019universite\u0301.<\/p>\n<p>Cet avocat au barreau du Cameroun pense par ailleurs qu\u2019il est important que les autorite\u0301s camerounaises organisent des re\u0301unions informelles avec les leaders se\u0301cessionnistes afin de trouver des solutions durables a\u0300 la crise. \u00ab Maintenant, il est important que les autorite\u0301s e\u0301tatiques travaillent pour la re\u0301solution de\u0301finitive de cette crise qui paralyse les activite\u0301s dans deux re\u0301gions du pays. Je propose au gouvernement de discuter avec les leaders se\u0301paratistes qui sont au Cameroun dans le but de re\u0301soudre de\u0301finitivement dans le cadre des re\u0301unions informelles par exemple. Nous avons par exemple un leader comme Ayuk Tabe qui est incarce\u0301re\u0301 a\u0300 Kondengui. Le gouvernement peut aussi consulter les membres de la socie\u0301te\u0301 civile pour trouver une solution de\u0301finitive a\u0300 cette crise. Une re\u0301forme des institutions re\u0301publicaines est aussi ne\u0301cessaire pour la re\u0301solution de\u0301finitive de cette crise \u00bb, a-t-il ajoute\u0301.<\/p>\n<p><strong>Pour plus d&rsquo;informations et d&rsquo;analyses sur la <a href=\"https:\/\/www.africa-press.net\/cameroun\">Cameroun<\/a>, suivez <a href=\"https:\/\/www.africa-press.net\/\">Africa-Press<\/a><\/strong><\/p>\n","protected":false},"excerpt":{"rendered":"<p>Africa-Press &#8211; Cameroun. Le conflit arme\u0301 perdure dans les re\u0301gions du Nord-Ouest et du Sud-Ouest, trois ans apre\u0300s la tenue du Grand Dialogue national en 2019, alors que cet e\u0301ve\u0301nement tenu a\u0300 Yaounde\u0301 e\u0301tait cense\u0301 marquer un indicateur significatif dans le processus de re\u0301solution du conflit. Les anne\u0301es passent, et rien ne change. Les tueries [&hellip;]<\/p>\n","protected":false},"author":82,"featured_media":28205,"comment_status":"open","ping_status":"closed","sticky":false,"template":"","format":"standard","meta":{"footnotes":""},"categories":[2,10],"tags":[36,50,49],"class_list":["post-28206","post","type-post","status-publish","format-standard","has-post-thumbnail","hentry","category-politique","category-toutes-les-actualites","tag-africa-press","tag-africa-press-cameroun","tag-cameroun"],"yoast_head":"<!-- This site is optimized with the Yoast SEO Premium plugin v26.1 (Yoast SEO v27.0) - https:\/\/yoast.com\/product\/yoast-seo-premium-wordpress\/ -->\n<title>Crise anglophone: Le d\u00e9fenseur des Droits de l\u2019homme F\u00e9lix Agbor Bala recommande au r\u00e9gime de Yaound\u00e9 de discuter avec Ayuk Sisiku Tabe - Cameroun<\/title>\n<meta name=\"description\" content=\"Le conflit arme\u0301 perdure dans les re\u0301gions du Nord-Ouest et du Sud-Ouest, trois ans apre\u0300s la tenue du Grand Dialogue na ...\" \/>\n<meta name=\"robots\" content=\"index, follow, max-snippet:-1, max-image-preview:large, max-video-preview:-1\" \/>\n<link rel=\"canonical\" href=\"https:\/\/www.africa-press.net\/cameroun\/politique\/crise-anglophone-le-defenseur-des-droits-de-lhomme-felix-agbor-bala-recommande-au-regime-de-yaounde-de-discuter-avec-ayuk-sisiku-tabe\" \/>\n<meta property=\"og:locale\" content=\"fr_FR\" \/>\n<meta property=\"og:type\" content=\"article\" \/>\n<meta property=\"og:title\" content=\"Crise anglophone: Le d\u00e9fenseur des Droits de l\u2019homme F\u00e9lix Agbor Bala recommande au r\u00e9gime de Yaound\u00e9 de discuter avec Ayuk Sisiku Tabe\" \/>\n<meta property=\"og:description\" content=\"Le conflit arme\u0301 perdure dans les re\u0301gions du Nord-Ouest et du Sud-Ouest, trois ans apre\u0300s la tenue du Grand Dialogue na ...\" \/>\n<meta property=\"og:url\" content=\"https:\/\/www.africa-press.net\/cameroun\/politique\/crise-anglophone-le-defenseur-des-droits-de-lhomme-felix-agbor-bala-recommande-au-regime-de-yaounde-de-discuter-avec-ayuk-sisiku-tabe\" \/>\n<meta property=\"og:site_name\" content=\"Cameroun\" \/>\n<meta property=\"article:published_time\" content=\"2022-09-27T15:14:13+00:00\" \/>\n<meta property=\"article:modified_time\" content=\"2022-09-27T18:38:26+00:00\" \/>\n<meta property=\"og:image\" content=\"https:\/\/static.africa-press.net\/cameroun\/sites\/57\/2022\/09\/img-633339708aad1.jpg\" \/>\n\t<meta property=\"og:image:width\" content=\"800\" \/>\n\t<meta property=\"og:image:height\" content=\"632\" \/>\n\t<meta property=\"og:image:type\" content=\"image\/jpeg\" \/>\n<meta name=\"author\" content=\"cfeditorfr\" \/>\n<meta name=\"twitter:card\" content=\"summary_large_image\" \/>\n<meta name=\"twitter:label1\" content=\"\u00c9crit par\" \/>\n\t<meta name=\"twitter:data1\" content=\"cfeditorfr\" \/>\n\t<meta name=\"twitter:label2\" content=\"Dur\u00e9e de lecture estim\u00e9e\" \/>\n\t<meta name=\"twitter:data2\" content=\"3 minutes\" \/>\n<script type=\"application\/ld+json\" class=\"yoast-schema-graph\">{\"@context\":\"https:\/\/schema.org\",\"@graph\":[{\"@type\":\"Article\",\"@id\":\"https:\/\/www.africa-press.net\/cameroun\/politique\/crise-anglophone-le-defenseur-des-droits-de-lhomme-felix-agbor-bala-recommande-au-regime-de-yaounde-de-discuter-avec-ayuk-sisiku-tabe#article\",\"isPartOf\":{\"@id\":\"https:\/\/www.africa-press.net\/cameroun\/politique\/crise-anglophone-le-defenseur-des-droits-de-lhomme-felix-agbor-bala-recommande-au-regime-de-yaounde-de-discuter-avec-ayuk-sisiku-tabe\"},\"author\":{\"name\":\"cfeditorfr\",\"@id\":\"https:\/\/www.africa-press.net\/cameroun\/#\/schema\/person\/2b1cf3cd81a31e3cd26889ca66d677f1\"},\"headline\":\"Crise anglophone: Le d\u00e9fenseur des Droits de l\u2019homme F\u00e9lix Agbor Bala recommande au r\u00e9gime de Yaound\u00e9 de discuter avec Ayuk Sisiku Tabe\",\"datePublished\":\"2022-09-27T15:14:13+00:00\",\"dateModified\":\"2022-09-27T18:38:26+00:00\",\"mainEntityOfPage\":{\"@id\":\"https:\/\/www.africa-press.net\/cameroun\/politique\/crise-anglophone-le-defenseur-des-droits-de-lhomme-felix-agbor-bala-recommande-au-regime-de-yaounde-de-discuter-avec-ayuk-sisiku-tabe\"},\"wordCount\":533,\"commentCount\":0,\"image\":{\"@id\":\"https:\/\/www.africa-press.net\/cameroun\/politique\/crise-anglophone-le-defenseur-des-droits-de-lhomme-felix-agbor-bala-recommande-au-regime-de-yaounde-de-discuter-avec-ayuk-sisiku-tabe#primaryimage\"},\"thumbnailUrl\":\"https:\/\/static.africa-press.net\/cameroun\/sites\/57\/2022\/09\/img-633339708aad1.jpg\",\"keywords\":[\"Africa Press\",\"Africa Press-Cameroun\",\"Cameroun\"],\"articleSection\":[\"Politique\",\"Toutes les actualit\u00e9s\"],\"inLanguage\":\"fr-FR\",\"potentialAction\":[{\"@type\":\"CommentAction\",\"name\":\"Comment\",\"target\":[\"https:\/\/www.africa-press.net\/cameroun\/politique\/crise-anglophone-le-defenseur-des-droits-de-lhomme-felix-agbor-bala-recommande-au-regime-de-yaounde-de-discuter-avec-ayuk-sisiku-tabe#respond\"]}]},{\"@type\":\"WebPage\",\"@id\":\"https:\/\/www.africa-press.net\/cameroun\/politique\/crise-anglophone-le-defenseur-des-droits-de-lhomme-felix-agbor-bala-recommande-au-regime-de-yaounde-de-discuter-avec-ayuk-sisiku-tabe\",\"url\":\"https:\/\/www.africa-press.net\/cameroun\/politique\/crise-anglophone-le-defenseur-des-droits-de-lhomme-felix-agbor-bala-recommande-au-regime-de-yaounde-de-discuter-avec-ayuk-sisiku-tabe\",\"name\":\"Crise anglophone: Le d\u00e9fenseur des Droits de l\u2019homme F\u00e9lix Agbor Bala recommande au r\u00e9gime de Yaound\u00e9 de discuter avec Ayuk Sisiku Tabe - Cameroun\",\"isPartOf\":{\"@id\":\"https:\/\/www.africa-press.net\/cameroun\/#website\"},\"primaryImageOfPage\":{\"@id\":\"https:\/\/www.africa-press.net\/cameroun\/politique\/crise-anglophone-le-defenseur-des-droits-de-lhomme-felix-agbor-bala-recommande-au-regime-de-yaounde-de-discuter-avec-ayuk-sisiku-tabe#primaryimage\"},\"image\":{\"@id\":\"https:\/\/www.africa-press.net\/cameroun\/politique\/crise-anglophone-le-defenseur-des-droits-de-lhomme-felix-agbor-bala-recommande-au-regime-de-yaounde-de-discuter-avec-ayuk-sisiku-tabe#primaryimage\"},\"thumbnailUrl\":\"https:\/\/static.africa-press.net\/cameroun\/sites\/57\/2022\/09\/img-633339708aad1.jpg\",\"datePublished\":\"2022-09-27T15:14:13+00:00\",\"dateModified\":\"2022-09-27T18:38:26+00:00\",\"author\":{\"@id\":\"https:\/\/www.africa-press.net\/cameroun\/#\/schema\/person\/2b1cf3cd81a31e3cd26889ca66d677f1\"},\"description\":\"Le conflit arme\u0301 perdure dans les re\u0301gions du Nord-Ouest et du Sud-Ouest, trois ans apre\u0300s la tenue du Grand Dialogue na ...\",\"breadcrumb\":{\"@id\":\"https:\/\/www.africa-press.net\/cameroun\/politique\/crise-anglophone-le-defenseur-des-droits-de-lhomme-felix-agbor-bala-recommande-au-regime-de-yaounde-de-discuter-avec-ayuk-sisiku-tabe#breadcrumb\"},\"inLanguage\":\"fr-FR\",\"potentialAction\":[{\"@type\":\"ReadAction\",\"target\":[\"https:\/\/www.africa-press.net\/cameroun\/politique\/crise-anglophone-le-defenseur-des-droits-de-lhomme-felix-agbor-bala-recommande-au-regime-de-yaounde-de-discuter-avec-ayuk-sisiku-tabe\"]}]},{\"@type\":\"ImageObject\",\"inLanguage\":\"fr-FR\",\"@id\":\"https:\/\/www.africa-press.net\/cameroun\/politique\/crise-anglophone-le-defenseur-des-droits-de-lhomme-felix-agbor-bala-recommande-au-regime-de-yaounde-de-discuter-avec-ayuk-sisiku-tabe#primaryimage\",\"url\":\"https:\/\/static.africa-press.net\/cameroun\/sites\/57\/2022\/09\/img-633339708aad1.jpg\",\"contentUrl\":\"https:\/\/static.africa-press.net\/cameroun\/sites\/57\/2022\/09\/img-633339708aad1.jpg\",\"width\":800,\"height\":632,\"caption\":\"Crise anglophone: Le d\u00e9fenseur des Droits de l\u2019homme F\u00e9lix Agbor Bala recommande au r\u00e9gime de Yaound\u00e9 de discuter avec Ayuk Sisiku Tabe\"},{\"@type\":\"BreadcrumbList\",\"@id\":\"https:\/\/www.africa-press.net\/cameroun\/politique\/crise-anglophone-le-defenseur-des-droits-de-lhomme-felix-agbor-bala-recommande-au-regime-de-yaounde-de-discuter-avec-ayuk-sisiku-tabe#breadcrumb\",\"itemListElement\":[{\"@type\":\"ListItem\",\"position\":1,\"name\":\"Accueil\",\"item\":\"https:\/\/www.africa-press.net\/cameroun\/\"},{\"@type\":\"ListItem\",\"position\":2,\"name\":\"Crise anglophone: Le d\u00e9fenseur des Droits de l\u2019homme F\u00e9lix Agbor Bala recommande au r\u00e9gime de Yaound\u00e9 de discuter avec Ayuk Sisiku Tabe\"}]},{\"@type\":\"WebSite\",\"@id\":\"https:\/\/www.africa-press.net\/cameroun\/#website\",\"url\":\"https:\/\/www.africa-press.net\/cameroun\/\",\"name\":\"Cameroun\",\"description\":\"Just another Africa News Agency Sites site\",\"potentialAction\":[{\"@type\":\"SearchAction\",\"target\":{\"@type\":\"EntryPoint\",\"urlTemplate\":\"https:\/\/www.africa-press.net\/cameroun\/?s={search_term_string}\"},\"query-input\":{\"@type\":\"PropertyValueSpecification\",\"valueRequired\":true,\"valueName\":\"search_term_string\"}}],\"inLanguage\":\"fr-FR\"},{\"@type\":\"Person\",\"@id\":\"https:\/\/www.africa-press.net\/cameroun\/#\/schema\/person\/2b1cf3cd81a31e3cd26889ca66d677f1\",\"name\":\"cfeditorfr\"}]}<\/script>\n<!-- \/ Yoast SEO Premium plugin. -->","yoast_head_json":{"title":"Crise anglophone: Le d\u00e9fenseur des Droits de l\u2019homme F\u00e9lix Agbor Bala recommande au r\u00e9gime de Yaound\u00e9 de discuter avec Ayuk Sisiku Tabe - Cameroun","description":"Le conflit arme\u0301 perdure dans les re\u0301gions du Nord-Ouest et du Sud-Ouest, trois ans apre\u0300s la tenue du Grand Dialogue na ...","robots":{"index":"index","follow":"follow","max-snippet":"max-snippet:-1","max-image-preview":"max-image-preview:large","max-video-preview":"max-video-preview:-1"},"canonical":"https:\/\/www.africa-press.net\/cameroun\/politique\/crise-anglophone-le-defenseur-des-droits-de-lhomme-felix-agbor-bala-recommande-au-regime-de-yaounde-de-discuter-avec-ayuk-sisiku-tabe","og_locale":"fr_FR","og_type":"article","og_title":"Crise anglophone: Le d\u00e9fenseur des Droits de l\u2019homme F\u00e9lix Agbor Bala recommande au r\u00e9gime de Yaound\u00e9 de discuter avec Ayuk Sisiku Tabe","og_description":"Le conflit arme\u0301 perdure dans les re\u0301gions du Nord-Ouest et du Sud-Ouest, trois ans apre\u0300s la tenue du Grand Dialogue na ...","og_url":"https:\/\/www.africa-press.net\/cameroun\/politique\/crise-anglophone-le-defenseur-des-droits-de-lhomme-felix-agbor-bala-recommande-au-regime-de-yaounde-de-discuter-avec-ayuk-sisiku-tabe","og_site_name":"Cameroun","article_published_time":"2022-09-27T15:14:13+00:00","article_modified_time":"2022-09-27T18:38:26+00:00","og_image":[{"width":800,"height":632,"url":"https:\/\/static.africa-press.net\/cameroun\/sites\/57\/2022\/09\/img-633339708aad1.jpg","type":"image\/jpeg"}],"author":"cfeditorfr","twitter_card":"summary_large_image","twitter_misc":{"\u00c9crit par":"cfeditorfr","Dur\u00e9e de lecture estim\u00e9e":"3 minutes"},"schema":{"@context":"https:\/\/schema.org","@graph":[{"@type":"Article","@id":"https:\/\/www.africa-press.net\/cameroun\/politique\/crise-anglophone-le-defenseur-des-droits-de-lhomme-felix-agbor-bala-recommande-au-regime-de-yaounde-de-discuter-avec-ayuk-sisiku-tabe#article","isPartOf":{"@id":"https:\/\/www.africa-press.net\/cameroun\/politique\/crise-anglophone-le-defenseur-des-droits-de-lhomme-felix-agbor-bala-recommande-au-regime-de-yaounde-de-discuter-avec-ayuk-sisiku-tabe"},"author":{"name":"cfeditorfr","@id":"https:\/\/www.africa-press.net\/cameroun\/#\/schema\/person\/2b1cf3cd81a31e3cd26889ca66d677f1"},"headline":"Crise anglophone: Le d\u00e9fenseur des Droits de l\u2019homme F\u00e9lix Agbor Bala recommande au r\u00e9gime de Yaound\u00e9 de discuter avec Ayuk Sisiku Tabe","datePublished":"2022-09-27T15:14:13+00:00","dateModified":"2022-09-27T18:38:26+00:00","mainEntityOfPage":{"@id":"https:\/\/www.africa-press.net\/cameroun\/politique\/crise-anglophone-le-defenseur-des-droits-de-lhomme-felix-agbor-bala-recommande-au-regime-de-yaounde-de-discuter-avec-ayuk-sisiku-tabe"},"wordCount":533,"commentCount":0,"image":{"@id":"https:\/\/www.africa-press.net\/cameroun\/politique\/crise-anglophone-le-defenseur-des-droits-de-lhomme-felix-agbor-bala-recommande-au-regime-de-yaounde-de-discuter-avec-ayuk-sisiku-tabe#primaryimage"},"thumbnailUrl":"https:\/\/static.africa-press.net\/cameroun\/sites\/57\/2022\/09\/img-633339708aad1.jpg","keywords":["Africa Press","Africa Press-Cameroun","Cameroun"],"articleSection":["Politique","Toutes les actualit\u00e9s"],"inLanguage":"fr-FR","potentialAction":[{"@type":"CommentAction","name":"Comment","target":["https:\/\/www.africa-press.net\/cameroun\/politique\/crise-anglophone-le-defenseur-des-droits-de-lhomme-felix-agbor-bala-recommande-au-regime-de-yaounde-de-discuter-avec-ayuk-sisiku-tabe#respond"]}]},{"@type":"WebPage","@id":"https:\/\/www.africa-press.net\/cameroun\/politique\/crise-anglophone-le-defenseur-des-droits-de-lhomme-felix-agbor-bala-recommande-au-regime-de-yaounde-de-discuter-avec-ayuk-sisiku-tabe","url":"https:\/\/www.africa-press.net\/cameroun\/politique\/crise-anglophone-le-defenseur-des-droits-de-lhomme-felix-agbor-bala-recommande-au-regime-de-yaounde-de-discuter-avec-ayuk-sisiku-tabe","name":"Crise anglophone: Le d\u00e9fenseur des Droits de l\u2019homme F\u00e9lix Agbor Bala recommande au r\u00e9gime de Yaound\u00e9 de discuter avec Ayuk Sisiku Tabe - Cameroun","isPartOf":{"@id":"https:\/\/www.africa-press.net\/cameroun\/#website"},"primaryImageOfPage":{"@id":"https:\/\/www.africa-press.net\/cameroun\/politique\/crise-anglophone-le-defenseur-des-droits-de-lhomme-felix-agbor-bala-recommande-au-regime-de-yaounde-de-discuter-avec-ayuk-sisiku-tabe#primaryimage"},"image":{"@id":"https:\/\/www.africa-press.net\/cameroun\/politique\/crise-anglophone-le-defenseur-des-droits-de-lhomme-felix-agbor-bala-recommande-au-regime-de-yaounde-de-discuter-avec-ayuk-sisiku-tabe#primaryimage"},"thumbnailUrl":"https:\/\/static.africa-press.net\/cameroun\/sites\/57\/2022\/09\/img-633339708aad1.jpg","datePublished":"2022-09-27T15:14:13+00:00","dateModified":"2022-09-27T18:38:26+00:00","author":{"@id":"https:\/\/www.africa-press.net\/cameroun\/#\/schema\/person\/2b1cf3cd81a31e3cd26889ca66d677f1"},"description":"Le conflit arme\u0301 perdure dans les re\u0301gions du Nord-Ouest et du Sud-Ouest, trois ans apre\u0300s la tenue du Grand Dialogue na ...","breadcrumb":{"@id":"https:\/\/www.africa-press.net\/cameroun\/politique\/crise-anglophone-le-defenseur-des-droits-de-lhomme-felix-agbor-bala-recommande-au-regime-de-yaounde-de-discuter-avec-ayuk-sisiku-tabe#breadcrumb"},"inLanguage":"fr-FR","potentialAction":[{"@type":"ReadAction","target":["https:\/\/www.africa-press.net\/cameroun\/politique\/crise-anglophone-le-defenseur-des-droits-de-lhomme-felix-agbor-bala-recommande-au-regime-de-yaounde-de-discuter-avec-ayuk-sisiku-tabe"]}]},{"@type":"ImageObject","inLanguage":"fr-FR","@id":"https:\/\/www.africa-press.net\/cameroun\/politique\/crise-anglophone-le-defenseur-des-droits-de-lhomme-felix-agbor-bala-recommande-au-regime-de-yaounde-de-discuter-avec-ayuk-sisiku-tabe#primaryimage","url":"https:\/\/static.africa-press.net\/cameroun\/sites\/57\/2022\/09\/img-633339708aad1.jpg","contentUrl":"https:\/\/static.africa-press.net\/cameroun\/sites\/57\/2022\/09\/img-633339708aad1.jpg","width":800,"height":632,"caption":"Crise anglophone: Le d\u00e9fenseur des Droits de l\u2019homme F\u00e9lix Agbor Bala recommande au r\u00e9gime de Yaound\u00e9 de discuter avec Ayuk Sisiku Tabe"},{"@type":"BreadcrumbList","@id":"https:\/\/www.africa-press.net\/cameroun\/politique\/crise-anglophone-le-defenseur-des-droits-de-lhomme-felix-agbor-bala-recommande-au-regime-de-yaounde-de-discuter-avec-ayuk-sisiku-tabe#breadcrumb","itemListElement":[{"@type":"ListItem","position":1,"name":"Accueil","item":"https:\/\/www.africa-press.net\/cameroun\/"},{"@type":"ListItem","position":2,"name":"Crise anglophone: Le d\u00e9fenseur des Droits de l\u2019homme F\u00e9lix Agbor Bala recommande au r\u00e9gime de Yaound\u00e9 de discuter avec Ayuk Sisiku Tabe"}]},{"@type":"WebSite","@id":"https:\/\/www.africa-press.net\/cameroun\/#website","url":"https:\/\/www.africa-press.net\/cameroun\/","name":"Cameroun","description":"Just another Africa News Agency Sites site","potentialAction":[{"@type":"SearchAction","target":{"@type":"EntryPoint","urlTemplate":"https:\/\/www.africa-press.net\/cameroun\/?s={search_term_string}"},"query-input":{"@type":"PropertyValueSpecification","valueRequired":true,"valueName":"search_term_string"}}],"inLanguage":"fr-FR"},{"@type":"Person","@id":"https:\/\/www.africa-press.net\/cameroun\/#\/schema\/person\/2b1cf3cd81a31e3cd26889ca66d677f1","name":"cfeditorfr"}]}},"_links":{"self":[{"href":"https:\/\/www.africa-press.net\/cameroun\/wp-json\/wp\/v2\/posts\/28206","targetHints":{"allow":["GET"]}}],"collection":[{"href":"https:\/\/www.africa-press.net\/cameroun\/wp-json\/wp\/v2\/posts"}],"about":[{"href":"https:\/\/www.africa-press.net\/cameroun\/wp-json\/wp\/v2\/types\/post"}],"author":[{"embeddable":true,"href":"https:\/\/www.africa-press.net\/cameroun\/wp-json\/wp\/v2\/users\/82"}],"replies":[{"embeddable":true,"href":"https:\/\/www.africa-press.net\/cameroun\/wp-json\/wp\/v2\/comments?post=28206"}],"version-history":[{"count":0,"href":"https:\/\/www.africa-press.net\/cameroun\/wp-json\/wp\/v2\/posts\/28206\/revisions"}],"wp:featuredmedia":[{"embeddable":true,"href":"https:\/\/www.africa-press.net\/cameroun\/wp-json\/wp\/v2\/media\/28205"}],"wp:attachment":[{"href":"https:\/\/www.africa-press.net\/cameroun\/wp-json\/wp\/v2\/media?parent=28206"}],"wp:term":[{"taxonomy":"category","embeddable":true,"href":"https:\/\/www.africa-press.net\/cameroun\/wp-json\/wp\/v2\/categories?post=28206"},{"taxonomy":"post_tag","embeddable":true,"href":"https:\/\/www.africa-press.net\/cameroun\/wp-json\/wp\/v2\/tags?post=28206"}],"curies":[{"name":"wp","href":"https:\/\/api.w.org\/{rel}","templated":true}]}}