{"id":28209,"date":"2022-09-27T15:22:48","date_gmt":"2022-09-27T15:22:48","guid":{"rendered":"https:\/\/www.africa-press.net\/cameroun\/politique\/cameroun-dans-son-discours-a-lonu-au-nom-du-chef-de-letat-lejeune-mbella-mbella-ministre-des-relations-exterieures-declare-que-le-cameroun-reste-ouvert-au-dialogue-pour-mettre-fin-a-la"},"modified":"2022-09-27T17:58:06","modified_gmt":"2022-09-27T17:58:06","slug":"cameroun-dans-son-discours-a-lonu-au-nom-du-chef-de-letat-lejeune-mbella-mbella-ministre-des-relations-exterieures-declare-que-le-cameroun-reste-ouvert-au-dialogue-pour-mettre-fin-a-la","status":"publish","type":"post","link":"https:\/\/www.africa-press.net\/cameroun\/politique\/cameroun-dans-son-discours-a-lonu-au-nom-du-chef-de-letat-lejeune-mbella-mbella-ministre-des-relations-exterieures-declare-que-le-cameroun-reste-ouvert-au-dialogue-pour-mettre-fin-a-la","title":{"rendered":"Cameroun: Dans son discours \u00e0 l\u2019ONU au nom du Chef de l&rsquo;Etat, Lejeune Mbella Mbella (Ministre des Relations Ext\u00e9rieures) d\u00e9clare que  le Cameroun reste ouvert au dialogue pour mettre fin \u00e0 la crise anglophone (Vid\u00e9o)"},"content":{"rendered":"<p><span style=\"color: #ff6600\"><strong>Africa-Press &#8211; Cameroun. <\/strong><\/span>Le Cameroun prend activement part aux travaux de la 77e session de l\u2019Assemble\u0301e ge\u0301ne\u0301rale de l\u2019Organisation des Nations-Unies qui ont cours a\u0300 New York aux Etats-Unis. Plusieurs chefs d\u2019Etat et chefs de gouvernement y sont repre\u0301sente\u0301s. Pour sa part, le pre\u0301sident camerounais Paul Biya a choisi de se faire repre\u0301senter par son ministre des Relations Exte\u0301rieures, Lejeune Mbella Mbella.<\/p>\n<p>Ce dernier est d\u2019ailleurs passe\u0301 au pupitre de l\u2019ONU ce lundi 26 septembre 2022, pour lire l\u2019inte\u0301gralite\u0301 du discours du chef de l\u2019Etat. Dans ledit discours, Paul Biya a aborde\u0301 plusieurs questions, notamment celles lie\u0301es aux de\u0301fis climatiques, au conflit entre l\u2019Ukraine et la Russie, au processus de de\u0301centralisation en cours dans son pays, ainsi qu\u2019a\u0300 la crise anglophone.<\/p>\n<p>Sur cette dernie\u0300re question, Paul Biya a indique\u0301 que son re\u0301gime continue de travailler sur l\u2019ouverture au dialogue afin consolider le retour a\u0300 la paix. \u00ab En raison de son attachement a\u0300 la paix, a\u0300 son inte\u0301grite\u0301 territoriale et a\u0300 sa politique d\u2019inte\u0301gration nationale, le Gouvernement de mon pays continue a\u0300 faire preuve d\u2019ouverture et de dialogue pour mettre fin a\u0300 la crise sociopolitique dans les re\u0301gions du Nord-Ouest et du Sud-Ouest&#8230; \u00bb, a-t-il de\u0301clare\u0301 a\u0300 travers Lejeune Mbella Mbella.<\/p>\n<p>Il laisse surtout entendre que l\u2019une des solutions durables a\u0300 cette crise est la mise en place du processus de de\u0301centralisation qui est de\u0301ja\u0300 dans sa phase de parache\u0300vement. \u00ab La re\u0301gionalisation dans mon pays est en marche et elle contribue a\u0300 renforcer la participation des Camerounais a\u0300 la gestion des affaires de leur pays. Ces avance\u0301es de\u0301montrent que le Cameroun est engage\u0301, de manie\u0300re irre\u0301versible et re\u0301solue, sur le chemin du parache\u0300vement me\u0301thodique du projet de\u0301mocratique qu\u2019il s\u2019est donne\u0301, et qui re\u0301pond aux souhaits le\u0301gitimes du peuple camerounais ainsi qu\u2019a\u0300 son projet d\u2019e\u0301mergence e\u0301conomique&#8230; \u00bb, soutient Paul Biya.<\/p>\n<p>Il importe cependant de rappeler que les deux re\u0301gions restent en proie a\u0300 une guerre sanglante entre miliciens se\u0301paratistes et forces de de\u0301fense et de se\u0301curite\u0301 camerounaises.<\/p>\n<p><iframe loading=\"lazy\" title=\"(Fran\u00e7ais) ?? Cameroon - Foreign Minister Addresses UN General Debate, 77th Session | #UNGA\" width=\"696\" height=\"392\" src=\"https:\/\/www.youtube.com\/embed\/noGDsW5KGf0?feature=oembed\" frameborder=\"0\" allow=\"accelerometer; autoplay; clipboard-write; encrypted-media; gyroscope; picture-in-picture\" allowfullscreen><\/iframe><\/p>\n<p><strong>Pour plus d&rsquo;informations et d&rsquo;analyses sur la <a href=\"https:\/\/www.africa-press.net\/cameroun\">Cameroun<\/a>, suivez <a href=\"https:\/\/www.africa-press.net\/\">Africa-Press<\/a><\/strong><\/p>\n","protected":false},"excerpt":{"rendered":"<p>Africa-Press &#8211; Cameroun. Le Cameroun prend activement part aux travaux de la 77e session de l\u2019Assemble\u0301e ge\u0301ne\u0301rale de l\u2019Organisation des Nations-Unies qui ont cours a\u0300 New York aux Etats-Unis. Plusieurs chefs d\u2019Etat et chefs de gouvernement y sont repre\u0301sente\u0301s. Pour sa part, le pre\u0301sident camerounais Paul Biya a choisi de se faire repre\u0301senter par son [&hellip;]<\/p>\n","protected":false},"author":82,"featured_media":28208,"comment_status":"open","ping_status":"closed","sticky":false,"template":"","format":"standard","meta":{"footnotes":""},"categories":[2,10,9],"tags":[36,50,49],"class_list":["post-28209","post","type-post","status-publish","format-standard","has-post-thumbnail","hentry","category-politique","category-toutes-les-actualites","category-video","tag-africa-press","tag-africa-press-cameroun","tag-cameroun"],"yoast_head":"<!-- This site is optimized with the Yoast SEO Premium plugin v26.1 (Yoast SEO v27.0) - https:\/\/yoast.com\/product\/yoast-seo-premium-wordpress\/ -->\n<title>Cameroun: Dans son discours \u00e0 l\u2019ONU au nom du Chef de l&#039;Etat, Lejeune Mbella Mbella (Ministre des Relations Ext\u00e9rieures) d\u00e9clare que le Cameroun reste ouvert au dialogue pour mettre fin \u00e0 la crise anglophone (Vid\u00e9o) - Cameroun<\/title>\n<meta name=\"description\" content=\"Le Cameroun prend activement part aux travaux de la 77e session de l\u2019Assemble\u0301e ge\u0301ne\u0301rale de l\u2019Organisation des Nations ...\" \/>\n<meta name=\"robots\" content=\"index, follow, max-snippet:-1, max-image-preview:large, max-video-preview:-1\" \/>\n<link rel=\"canonical\" href=\"https:\/\/www.africa-press.net\/cameroun\/politique\/cameroun-dans-son-discours-a-lonu-au-nom-du-chef-de-letat-lejeune-mbella-mbella-ministre-des-relations-exterieures-declare-que-le-cameroun-reste-ouvert-au-dialogue-pour-mettre-fin-a-la\" \/>\n<meta property=\"og:locale\" content=\"fr_FR\" \/>\n<meta property=\"og:type\" content=\"article\" \/>\n<meta property=\"og:title\" content=\"Cameroun: Dans son discours \u00e0 l\u2019ONU au nom du Chef de l&#039;Etat, Lejeune Mbella Mbella (Ministre des Relations Ext\u00e9rieures) d\u00e9clare que le Cameroun reste ouvert au dialogue pour mettre fin \u00e0 la crise anglophone (Vid\u00e9o)\" \/>\n<meta property=\"og:description\" content=\"Le Cameroun prend activement part aux travaux de la 77e session de l\u2019Assemble\u0301e ge\u0301ne\u0301rale de l\u2019Organisation des Nations ...\" \/>\n<meta property=\"og:url\" content=\"https:\/\/www.africa-press.net\/cameroun\/politique\/cameroun-dans-son-discours-a-lonu-au-nom-du-chef-de-letat-lejeune-mbella-mbella-ministre-des-relations-exterieures-declare-que-le-cameroun-reste-ouvert-au-dialogue-pour-mettre-fin-a-la\" \/>\n<meta property=\"og:site_name\" content=\"Cameroun\" \/>\n<meta property=\"article:published_time\" content=\"2022-09-27T15:22:48+00:00\" \/>\n<meta property=\"article:modified_time\" content=\"2022-09-27T17:58:06+00:00\" \/>\n<meta property=\"og:image\" content=\"https:\/\/static.africa-press.net\/cameroun\/sites\/57\/2022\/09\/img-633339957a0fa.jpg\" \/>\n\t<meta property=\"og:image:width\" content=\"800\" \/>\n\t<meta property=\"og:image:height\" content=\"456\" \/>\n\t<meta property=\"og:image:type\" content=\"image\/jpeg\" \/>\n<meta name=\"author\" content=\"cfeditorfr\" \/>\n<meta name=\"twitter:card\" content=\"summary_large_image\" \/>\n<meta name=\"twitter:label1\" content=\"\u00c9crit par\" \/>\n\t<meta name=\"twitter:data1\" content=\"cfeditorfr\" \/>\n\t<meta name=\"twitter:label2\" content=\"Dur\u00e9e de lecture estim\u00e9e\" \/>\n\t<meta name=\"twitter:data2\" content=\"2 minutes\" \/>\n<script type=\"application\/ld+json\" class=\"yoast-schema-graph\">{\"@context\":\"https:\/\/schema.org\",\"@graph\":[{\"@type\":\"Article\",\"@id\":\"https:\/\/www.africa-press.net\/cameroun\/politique\/cameroun-dans-son-discours-a-lonu-au-nom-du-chef-de-letat-lejeune-mbella-mbella-ministre-des-relations-exterieures-declare-que-le-cameroun-reste-ouvert-au-dialogue-pour-mettre-fin-a-la#article\",\"isPartOf\":{\"@id\":\"https:\/\/www.africa-press.net\/cameroun\/politique\/cameroun-dans-son-discours-a-lonu-au-nom-du-chef-de-letat-lejeune-mbella-mbella-ministre-des-relations-exterieures-declare-que-le-cameroun-reste-ouvert-au-dialogue-pour-mettre-fin-a-la\"},\"author\":{\"name\":\"cfeditorfr\",\"@id\":\"https:\/\/www.africa-press.net\/cameroun\/#\/schema\/person\/2b1cf3cd81a31e3cd26889ca66d677f1\"},\"headline\":\"Cameroun: Dans son discours \u00e0 l\u2019ONU au nom du Chef de l&rsquo;Etat, Lejeune Mbella Mbella (Ministre des Relations Ext\u00e9rieures) d\u00e9clare que le Cameroun reste ouvert au dialogue pour mettre fin \u00e0 la crise anglophone (Vid\u00e9o)\",\"datePublished\":\"2022-09-27T15:22:48+00:00\",\"dateModified\":\"2022-09-27T17:58:06+00:00\",\"mainEntityOfPage\":{\"@id\":\"https:\/\/www.africa-press.net\/cameroun\/politique\/cameroun-dans-son-discours-a-lonu-au-nom-du-chef-de-letat-lejeune-mbella-mbella-ministre-des-relations-exterieures-declare-que-le-cameroun-reste-ouvert-au-dialogue-pour-mettre-fin-a-la\"},\"wordCount\":434,\"commentCount\":0,\"image\":{\"@id\":\"https:\/\/www.africa-press.net\/cameroun\/politique\/cameroun-dans-son-discours-a-lonu-au-nom-du-chef-de-letat-lejeune-mbella-mbella-ministre-des-relations-exterieures-declare-que-le-cameroun-reste-ouvert-au-dialogue-pour-mettre-fin-a-la#primaryimage\"},\"thumbnailUrl\":\"https:\/\/static.africa-press.net\/cameroun\/sites\/57\/2022\/09\/img-633339957a0fa.jpg\",\"keywords\":[\"Africa Press\",\"Africa Press-Cameroun\",\"Cameroun\"],\"articleSection\":[\"Politique\",\"Toutes les actualit\u00e9s\",\"vid\u00e9o\"],\"inLanguage\":\"fr-FR\",\"potentialAction\":[{\"@type\":\"CommentAction\",\"name\":\"Comment\",\"target\":[\"https:\/\/www.africa-press.net\/cameroun\/politique\/cameroun-dans-son-discours-a-lonu-au-nom-du-chef-de-letat-lejeune-mbella-mbella-ministre-des-relations-exterieures-declare-que-le-cameroun-reste-ouvert-au-dialogue-pour-mettre-fin-a-la#respond\"]}]},{\"@type\":\"WebPage\",\"@id\":\"https:\/\/www.africa-press.net\/cameroun\/politique\/cameroun-dans-son-discours-a-lonu-au-nom-du-chef-de-letat-lejeune-mbella-mbella-ministre-des-relations-exterieures-declare-que-le-cameroun-reste-ouvert-au-dialogue-pour-mettre-fin-a-la\",\"url\":\"https:\/\/www.africa-press.net\/cameroun\/politique\/cameroun-dans-son-discours-a-lonu-au-nom-du-chef-de-letat-lejeune-mbella-mbella-ministre-des-relations-exterieures-declare-que-le-cameroun-reste-ouvert-au-dialogue-pour-mettre-fin-a-la\",\"name\":\"Cameroun: Dans son discours \u00e0 l\u2019ONU au nom du Chef de l'Etat, Lejeune Mbella Mbella (Ministre des Relations Ext\u00e9rieures) d\u00e9clare que le Cameroun reste ouvert au dialogue pour mettre fin \u00e0 la crise anglophone (Vid\u00e9o) - Cameroun\",\"isPartOf\":{\"@id\":\"https:\/\/www.africa-press.net\/cameroun\/#website\"},\"primaryImageOfPage\":{\"@id\":\"https:\/\/www.africa-press.net\/cameroun\/politique\/cameroun-dans-son-discours-a-lonu-au-nom-du-chef-de-letat-lejeune-mbella-mbella-ministre-des-relations-exterieures-declare-que-le-cameroun-reste-ouvert-au-dialogue-pour-mettre-fin-a-la#primaryimage\"},\"image\":{\"@id\":\"https:\/\/www.africa-press.net\/cameroun\/politique\/cameroun-dans-son-discours-a-lonu-au-nom-du-chef-de-letat-lejeune-mbella-mbella-ministre-des-relations-exterieures-declare-que-le-cameroun-reste-ouvert-au-dialogue-pour-mettre-fin-a-la#primaryimage\"},\"thumbnailUrl\":\"https:\/\/static.africa-press.net\/cameroun\/sites\/57\/2022\/09\/img-633339957a0fa.jpg\",\"datePublished\":\"2022-09-27T15:22:48+00:00\",\"dateModified\":\"2022-09-27T17:58:06+00:00\",\"author\":{\"@id\":\"https:\/\/www.africa-press.net\/cameroun\/#\/schema\/person\/2b1cf3cd81a31e3cd26889ca66d677f1\"},\"description\":\"Le Cameroun prend activement part aux travaux de la 77e session de l\u2019Assemble\u0301e ge\u0301ne\u0301rale de l\u2019Organisation des Nations ...\",\"breadcrumb\":{\"@id\":\"https:\/\/www.africa-press.net\/cameroun\/politique\/cameroun-dans-son-discours-a-lonu-au-nom-du-chef-de-letat-lejeune-mbella-mbella-ministre-des-relations-exterieures-declare-que-le-cameroun-reste-ouvert-au-dialogue-pour-mettre-fin-a-la#breadcrumb\"},\"inLanguage\":\"fr-FR\",\"potentialAction\":[{\"@type\":\"ReadAction\",\"target\":[\"https:\/\/www.africa-press.net\/cameroun\/politique\/cameroun-dans-son-discours-a-lonu-au-nom-du-chef-de-letat-lejeune-mbella-mbella-ministre-des-relations-exterieures-declare-que-le-cameroun-reste-ouvert-au-dialogue-pour-mettre-fin-a-la\"]}]},{\"@type\":\"ImageObject\",\"inLanguage\":\"fr-FR\",\"@id\":\"https:\/\/www.africa-press.net\/cameroun\/politique\/cameroun-dans-son-discours-a-lonu-au-nom-du-chef-de-letat-lejeune-mbella-mbella-ministre-des-relations-exterieures-declare-que-le-cameroun-reste-ouvert-au-dialogue-pour-mettre-fin-a-la#primaryimage\",\"url\":\"https:\/\/static.africa-press.net\/cameroun\/sites\/57\/2022\/09\/img-633339957a0fa.jpg\",\"contentUrl\":\"https:\/\/static.africa-press.net\/cameroun\/sites\/57\/2022\/09\/img-633339957a0fa.jpg\",\"width\":800,\"height\":456,\"caption\":\"Cameroun: Dans son discours \u00e0 l\u2019ONU au nom du Chef de l'Etat, Lejeune Mbella Mbella (Ministre des Relations Ext\u00e9rieures) d\u00e9clare que le Cameroun reste ouvert au dialogue pour mettre fin \u00e0 la crise anglophone (Vid\u00e9o)\"},{\"@type\":\"BreadcrumbList\",\"@id\":\"https:\/\/www.africa-press.net\/cameroun\/politique\/cameroun-dans-son-discours-a-lonu-au-nom-du-chef-de-letat-lejeune-mbella-mbella-ministre-des-relations-exterieures-declare-que-le-cameroun-reste-ouvert-au-dialogue-pour-mettre-fin-a-la#breadcrumb\",\"itemListElement\":[{\"@type\":\"ListItem\",\"position\":1,\"name\":\"Accueil\",\"item\":\"https:\/\/www.africa-press.net\/cameroun\/\"},{\"@type\":\"ListItem\",\"position\":2,\"name\":\"Cameroun: Dans son discours \u00e0 l\u2019ONU au nom du Chef de l&#8217;Etat, Lejeune Mbella Mbella (Ministre des Relations Ext\u00e9rieures) d\u00e9clare que le Cameroun reste ouvert au dialogue pour mettre fin \u00e0 la crise anglophone (Vid\u00e9o)\"}]},{\"@type\":\"WebSite\",\"@id\":\"https:\/\/www.africa-press.net\/cameroun\/#website\",\"url\":\"https:\/\/www.africa-press.net\/cameroun\/\",\"name\":\"Cameroun\",\"description\":\"Just another Africa News Agency Sites site\",\"potentialAction\":[{\"@type\":\"SearchAction\",\"target\":{\"@type\":\"EntryPoint\",\"urlTemplate\":\"https:\/\/www.africa-press.net\/cameroun\/?s={search_term_string}\"},\"query-input\":{\"@type\":\"PropertyValueSpecification\",\"valueRequired\":true,\"valueName\":\"search_term_string\"}}],\"inLanguage\":\"fr-FR\"},{\"@type\":\"Person\",\"@id\":\"https:\/\/www.africa-press.net\/cameroun\/#\/schema\/person\/2b1cf3cd81a31e3cd26889ca66d677f1\",\"name\":\"cfeditorfr\"}]}<\/script>\n<!-- \/ Yoast SEO Premium plugin. -->","yoast_head_json":{"title":"Cameroun: Dans son discours \u00e0 l\u2019ONU au nom du Chef de l'Etat, Lejeune Mbella Mbella (Ministre des Relations Ext\u00e9rieures) d\u00e9clare que le Cameroun reste ouvert au dialogue pour mettre fin \u00e0 la crise anglophone (Vid\u00e9o) - Cameroun","description":"Le Cameroun prend activement part aux travaux de la 77e session de l\u2019Assemble\u0301e ge\u0301ne\u0301rale de l\u2019Organisation des Nations ...","robots":{"index":"index","follow":"follow","max-snippet":"max-snippet:-1","max-image-preview":"max-image-preview:large","max-video-preview":"max-video-preview:-1"},"canonical":"https:\/\/www.africa-press.net\/cameroun\/politique\/cameroun-dans-son-discours-a-lonu-au-nom-du-chef-de-letat-lejeune-mbella-mbella-ministre-des-relations-exterieures-declare-que-le-cameroun-reste-ouvert-au-dialogue-pour-mettre-fin-a-la","og_locale":"fr_FR","og_type":"article","og_title":"Cameroun: Dans son discours \u00e0 l\u2019ONU au nom du Chef de l'Etat, Lejeune Mbella Mbella (Ministre des Relations Ext\u00e9rieures) d\u00e9clare que le Cameroun reste ouvert au dialogue pour mettre fin \u00e0 la crise anglophone (Vid\u00e9o)","og_description":"Le Cameroun prend activement part aux travaux de la 77e session de l\u2019Assemble\u0301e ge\u0301ne\u0301rale de l\u2019Organisation des Nations ...","og_url":"https:\/\/www.africa-press.net\/cameroun\/politique\/cameroun-dans-son-discours-a-lonu-au-nom-du-chef-de-letat-lejeune-mbella-mbella-ministre-des-relations-exterieures-declare-que-le-cameroun-reste-ouvert-au-dialogue-pour-mettre-fin-a-la","og_site_name":"Cameroun","article_published_time":"2022-09-27T15:22:48+00:00","article_modified_time":"2022-09-27T17:58:06+00:00","og_image":[{"width":800,"height":456,"url":"https:\/\/static.africa-press.net\/cameroun\/sites\/57\/2022\/09\/img-633339957a0fa.jpg","type":"image\/jpeg"}],"author":"cfeditorfr","twitter_card":"summary_large_image","twitter_misc":{"\u00c9crit par":"cfeditorfr","Dur\u00e9e de lecture estim\u00e9e":"2 minutes"},"schema":{"@context":"https:\/\/schema.org","@graph":[{"@type":"Article","@id":"https:\/\/www.africa-press.net\/cameroun\/politique\/cameroun-dans-son-discours-a-lonu-au-nom-du-chef-de-letat-lejeune-mbella-mbella-ministre-des-relations-exterieures-declare-que-le-cameroun-reste-ouvert-au-dialogue-pour-mettre-fin-a-la#article","isPartOf":{"@id":"https:\/\/www.africa-press.net\/cameroun\/politique\/cameroun-dans-son-discours-a-lonu-au-nom-du-chef-de-letat-lejeune-mbella-mbella-ministre-des-relations-exterieures-declare-que-le-cameroun-reste-ouvert-au-dialogue-pour-mettre-fin-a-la"},"author":{"name":"cfeditorfr","@id":"https:\/\/www.africa-press.net\/cameroun\/#\/schema\/person\/2b1cf3cd81a31e3cd26889ca66d677f1"},"headline":"Cameroun: Dans son discours \u00e0 l\u2019ONU au nom du Chef de l&rsquo;Etat, Lejeune Mbella Mbella (Ministre des Relations Ext\u00e9rieures) d\u00e9clare que le Cameroun reste ouvert au dialogue pour mettre fin \u00e0 la crise anglophone (Vid\u00e9o)","datePublished":"2022-09-27T15:22:48+00:00","dateModified":"2022-09-27T17:58:06+00:00","mainEntityOfPage":{"@id":"https:\/\/www.africa-press.net\/cameroun\/politique\/cameroun-dans-son-discours-a-lonu-au-nom-du-chef-de-letat-lejeune-mbella-mbella-ministre-des-relations-exterieures-declare-que-le-cameroun-reste-ouvert-au-dialogue-pour-mettre-fin-a-la"},"wordCount":434,"commentCount":0,"image":{"@id":"https:\/\/www.africa-press.net\/cameroun\/politique\/cameroun-dans-son-discours-a-lonu-au-nom-du-chef-de-letat-lejeune-mbella-mbella-ministre-des-relations-exterieures-declare-que-le-cameroun-reste-ouvert-au-dialogue-pour-mettre-fin-a-la#primaryimage"},"thumbnailUrl":"https:\/\/static.africa-press.net\/cameroun\/sites\/57\/2022\/09\/img-633339957a0fa.jpg","keywords":["Africa Press","Africa Press-Cameroun","Cameroun"],"articleSection":["Politique","Toutes les actualit\u00e9s","vid\u00e9o"],"inLanguage":"fr-FR","potentialAction":[{"@type":"CommentAction","name":"Comment","target":["https:\/\/www.africa-press.net\/cameroun\/politique\/cameroun-dans-son-discours-a-lonu-au-nom-du-chef-de-letat-lejeune-mbella-mbella-ministre-des-relations-exterieures-declare-que-le-cameroun-reste-ouvert-au-dialogue-pour-mettre-fin-a-la#respond"]}]},{"@type":"WebPage","@id":"https:\/\/www.africa-press.net\/cameroun\/politique\/cameroun-dans-son-discours-a-lonu-au-nom-du-chef-de-letat-lejeune-mbella-mbella-ministre-des-relations-exterieures-declare-que-le-cameroun-reste-ouvert-au-dialogue-pour-mettre-fin-a-la","url":"https:\/\/www.africa-press.net\/cameroun\/politique\/cameroun-dans-son-discours-a-lonu-au-nom-du-chef-de-letat-lejeune-mbella-mbella-ministre-des-relations-exterieures-declare-que-le-cameroun-reste-ouvert-au-dialogue-pour-mettre-fin-a-la","name":"Cameroun: Dans son discours \u00e0 l\u2019ONU au nom du Chef de l'Etat, Lejeune Mbella Mbella (Ministre des Relations Ext\u00e9rieures) d\u00e9clare que le Cameroun reste ouvert au dialogue pour mettre fin \u00e0 la crise anglophone (Vid\u00e9o) - Cameroun","isPartOf":{"@id":"https:\/\/www.africa-press.net\/cameroun\/#website"},"primaryImageOfPage":{"@id":"https:\/\/www.africa-press.net\/cameroun\/politique\/cameroun-dans-son-discours-a-lonu-au-nom-du-chef-de-letat-lejeune-mbella-mbella-ministre-des-relations-exterieures-declare-que-le-cameroun-reste-ouvert-au-dialogue-pour-mettre-fin-a-la#primaryimage"},"image":{"@id":"https:\/\/www.africa-press.net\/cameroun\/politique\/cameroun-dans-son-discours-a-lonu-au-nom-du-chef-de-letat-lejeune-mbella-mbella-ministre-des-relations-exterieures-declare-que-le-cameroun-reste-ouvert-au-dialogue-pour-mettre-fin-a-la#primaryimage"},"thumbnailUrl":"https:\/\/static.africa-press.net\/cameroun\/sites\/57\/2022\/09\/img-633339957a0fa.jpg","datePublished":"2022-09-27T15:22:48+00:00","dateModified":"2022-09-27T17:58:06+00:00","author":{"@id":"https:\/\/www.africa-press.net\/cameroun\/#\/schema\/person\/2b1cf3cd81a31e3cd26889ca66d677f1"},"description":"Le Cameroun prend activement part aux travaux de la 77e session de l\u2019Assemble\u0301e ge\u0301ne\u0301rale de l\u2019Organisation des Nations ...","breadcrumb":{"@id":"https:\/\/www.africa-press.net\/cameroun\/politique\/cameroun-dans-son-discours-a-lonu-au-nom-du-chef-de-letat-lejeune-mbella-mbella-ministre-des-relations-exterieures-declare-que-le-cameroun-reste-ouvert-au-dialogue-pour-mettre-fin-a-la#breadcrumb"},"inLanguage":"fr-FR","potentialAction":[{"@type":"ReadAction","target":["https:\/\/www.africa-press.net\/cameroun\/politique\/cameroun-dans-son-discours-a-lonu-au-nom-du-chef-de-letat-lejeune-mbella-mbella-ministre-des-relations-exterieures-declare-que-le-cameroun-reste-ouvert-au-dialogue-pour-mettre-fin-a-la"]}]},{"@type":"ImageObject","inLanguage":"fr-FR","@id":"https:\/\/www.africa-press.net\/cameroun\/politique\/cameroun-dans-son-discours-a-lonu-au-nom-du-chef-de-letat-lejeune-mbella-mbella-ministre-des-relations-exterieures-declare-que-le-cameroun-reste-ouvert-au-dialogue-pour-mettre-fin-a-la#primaryimage","url":"https:\/\/static.africa-press.net\/cameroun\/sites\/57\/2022\/09\/img-633339957a0fa.jpg","contentUrl":"https:\/\/static.africa-press.net\/cameroun\/sites\/57\/2022\/09\/img-633339957a0fa.jpg","width":800,"height":456,"caption":"Cameroun: Dans son discours \u00e0 l\u2019ONU au nom du Chef de l'Etat, Lejeune Mbella Mbella (Ministre des Relations Ext\u00e9rieures) d\u00e9clare que le Cameroun reste ouvert au dialogue pour mettre fin \u00e0 la crise anglophone (Vid\u00e9o)"},{"@type":"BreadcrumbList","@id":"https:\/\/www.africa-press.net\/cameroun\/politique\/cameroun-dans-son-discours-a-lonu-au-nom-du-chef-de-letat-lejeune-mbella-mbella-ministre-des-relations-exterieures-declare-que-le-cameroun-reste-ouvert-au-dialogue-pour-mettre-fin-a-la#breadcrumb","itemListElement":[{"@type":"ListItem","position":1,"name":"Accueil","item":"https:\/\/www.africa-press.net\/cameroun\/"},{"@type":"ListItem","position":2,"name":"Cameroun: Dans son discours \u00e0 l\u2019ONU au nom du Chef de l&#8217;Etat, Lejeune Mbella Mbella (Ministre des Relations Ext\u00e9rieures) d\u00e9clare que le Cameroun reste ouvert au dialogue pour mettre fin \u00e0 la crise anglophone (Vid\u00e9o)"}]},{"@type":"WebSite","@id":"https:\/\/www.africa-press.net\/cameroun\/#website","url":"https:\/\/www.africa-press.net\/cameroun\/","name":"Cameroun","description":"Just another Africa News Agency Sites site","potentialAction":[{"@type":"SearchAction","target":{"@type":"EntryPoint","urlTemplate":"https:\/\/www.africa-press.net\/cameroun\/?s={search_term_string}"},"query-input":{"@type":"PropertyValueSpecification","valueRequired":true,"valueName":"search_term_string"}}],"inLanguage":"fr-FR"},{"@type":"Person","@id":"https:\/\/www.africa-press.net\/cameroun\/#\/schema\/person\/2b1cf3cd81a31e3cd26889ca66d677f1","name":"cfeditorfr"}]}},"_links":{"self":[{"href":"https:\/\/www.africa-press.net\/cameroun\/wp-json\/wp\/v2\/posts\/28209","targetHints":{"allow":["GET"]}}],"collection":[{"href":"https:\/\/www.africa-press.net\/cameroun\/wp-json\/wp\/v2\/posts"}],"about":[{"href":"https:\/\/www.africa-press.net\/cameroun\/wp-json\/wp\/v2\/types\/post"}],"author":[{"embeddable":true,"href":"https:\/\/www.africa-press.net\/cameroun\/wp-json\/wp\/v2\/users\/82"}],"replies":[{"embeddable":true,"href":"https:\/\/www.africa-press.net\/cameroun\/wp-json\/wp\/v2\/comments?post=28209"}],"version-history":[{"count":0,"href":"https:\/\/www.africa-press.net\/cameroun\/wp-json\/wp\/v2\/posts\/28209\/revisions"}],"wp:featuredmedia":[{"embeddable":true,"href":"https:\/\/www.africa-press.net\/cameroun\/wp-json\/wp\/v2\/media\/28208"}],"wp:attachment":[{"href":"https:\/\/www.africa-press.net\/cameroun\/wp-json\/wp\/v2\/media?parent=28209"}],"wp:term":[{"taxonomy":"category","embeddable":true,"href":"https:\/\/www.africa-press.net\/cameroun\/wp-json\/wp\/v2\/categories?post=28209"},{"taxonomy":"post_tag","embeddable":true,"href":"https:\/\/www.africa-press.net\/cameroun\/wp-json\/wp\/v2\/tags?post=28209"}],"curies":[{"name":"wp","href":"https:\/\/api.w.org\/{rel}","templated":true}]}}