{"id":28215,"date":"2022-09-27T15:35:59","date_gmt":"2022-09-27T15:35:59","guid":{"rendered":"https:\/\/www.africa-press.net\/cameroun\/politique\/charite-apres-avoir-remplace-les-couleurs-du-sdf-sur-les-salles-de-classe-joshua-osih-offre-un-nouvel-eclat-a-lecole-publique-de-new-deido-littoral"},"modified":"2022-09-27T17:59:18","modified_gmt":"2022-09-27T17:59:18","slug":"charite-apres-avoir-remplace-les-couleurs-du-sdf-sur-les-salles-de-classe-joshua-osih-offre-un-nouvel-eclat-a-lecole-publique-de-new-deido-littoral","status":"publish","type":"post","link":"https:\/\/www.africa-press.net\/cameroun\/politique\/charite-apres-avoir-remplace-les-couleurs-du-sdf-sur-les-salles-de-classe-joshua-osih-offre-un-nouvel-eclat-a-lecole-publique-de-new-deido-littoral","title":{"rendered":"Charit\u00e9: Apr\u00e8s avoir remplac\u00e9 les couleurs du SDF sur les salles de classe, Joshua Osih offre un nouvel \u00e9clat  \u00e0 l\u2019Ecole publique de New-Deido (Littoral)"},"content":{"rendered":"<p><span style=\"color: #ff6600\"><strong>Africa-Press &#8211; Cameroun. <\/strong><\/span>L\u2019Ecole publique de New-Dei\u0308do a\u0300 Douala dans la re\u0301gion du Littoral a de\u0301sormais fie\u0300re allure. Les salles de classes de cet e\u0301tablissement scolaire ont subi de nouveaux coups de pinceaux, et ont retrouve\u0301 leur e\u0301clat, gra\u0302ce a\u0300 la charite\u0301 du vice-pre\u0301sident du Social Democratic Front (SDF), Joshua Osih, par ailleurs de\u0301pute\u0301 de la circonscription de Wouri-Centre. Les ba\u0302timents jadis peints aux couleurs banc et vert du SDF, et qui avaient suscite\u0301 une vague d\u2019indignation au sein de la classe politique, et me\u0302me de l\u2019opinion, ont e\u0301te\u0301 repeints en blanc et gris, et pre\u0301sentent un nouvel e\u0301clat.<\/p>\n<p>Ces travaux ont en effet consiste\u0301 a\u0300 la re\u0301habilitation de 7 salles de classe, a\u0300 la confection 5 portes me\u0301talliques, de 3 fene\u0302tres me\u0301talliques, a\u0300 la re\u0301fection de la peinture ; a\u0300 la re\u0301habilitation des toilettes, a\u0300 la cre\u0301ation et a\u0300 l\u2019ame\u0301nagement de trois points d\u2019eau ; a\u0300 la cre\u0301ation et l\u2019ame\u0301nagement d\u2019un espace de feu multisports ; a\u0300 la remise de 100 tables bancs&#8230;<\/p>\n<p>Cette re\u0301trocession a e\u0301te\u0301 supervise\u0301e par la nouvelle secre\u0301taire ge\u0301ne\u0301rale du parti, Adeline Djomgang, par ailleurs de\u0301pute\u0301 supple\u0301ante de la me\u0302me circonscription, laquelle n\u2019a pas manque\u0301 de revenir sur la pole\u0301mique lie\u0301e au choix pre\u0301alable des couleurs : \u00ab Le choix sur les couleurs est un de\u0301bat de chiffonniers. La couleur pour moi ne repre\u0301sente rien. A un moment donne\u0301, on a voulu dire que les couleurs e\u0301taient celles du SDF \u00bb, a-t-elle re\u0301agi, dans une re\u0301action publie\u0301e par nos confre\u0300res de Griote TV.<\/p>\n<p><strong>Pour plus d&rsquo;informations et d&rsquo;analyses sur la <a href=\"https:\/\/www.africa-press.net\/cameroun\">Cameroun<\/a>, suivez <a href=\"https:\/\/www.africa-press.net\/\">Africa-Press<\/a><\/strong><\/p>\n","protected":false},"excerpt":{"rendered":"<p>Africa-Press &#8211; Cameroun. L\u2019Ecole publique de New-Dei\u0308do a\u0300 Douala dans la re\u0301gion du Littoral a de\u0301sormais fie\u0300re allure. Les salles de classes de cet e\u0301tablissement scolaire ont subi de nouveaux coups de pinceaux, et ont retrouve\u0301 leur e\u0301clat, gra\u0302ce a\u0300 la charite\u0301 du vice-pre\u0301sident du Social Democratic Front (SDF), Joshua Osih, par ailleurs de\u0301pute\u0301 de [&hellip;]<\/p>\n","protected":false},"author":82,"featured_media":28214,"comment_status":"open","ping_status":"closed","sticky":false,"template":"","format":"standard","meta":{"footnotes":""},"categories":[2,10],"tags":[36,50,49],"class_list":["post-28215","post","type-post","status-publish","format-standard","has-post-thumbnail","hentry","category-politique","category-toutes-les-actualites","tag-africa-press","tag-africa-press-cameroun","tag-cameroun"],"yoast_head":"<!-- This site is optimized with the Yoast SEO Premium plugin v26.1 (Yoast SEO v27.0) - https:\/\/yoast.com\/product\/yoast-seo-premium-wordpress\/ -->\n<title>Charit\u00e9: Apr\u00e8s avoir remplac\u00e9 les couleurs du SDF sur les salles de classe, Joshua Osih offre un nouvel \u00e9clat \u00e0 l\u2019Ecole publique de New-Deido (Littoral) - Cameroun<\/title>\n<meta name=\"description\" content=\"L\u2019Ecole publique de New-Dei\u0308do a\u0300 Douala dans la re\u0301gion du Littoral a de\u0301sormais fie\u0300re allure. Les salles de classes d ...\" \/>\n<meta name=\"robots\" content=\"index, follow, max-snippet:-1, max-image-preview:large, max-video-preview:-1\" \/>\n<link rel=\"canonical\" href=\"https:\/\/www.africa-press.net\/cameroun\/politique\/charite-apres-avoir-remplace-les-couleurs-du-sdf-sur-les-salles-de-classe-joshua-osih-offre-un-nouvel-eclat-a-lecole-publique-de-new-deido-littoral\" \/>\n<meta property=\"og:locale\" content=\"fr_FR\" \/>\n<meta property=\"og:type\" content=\"article\" \/>\n<meta property=\"og:title\" content=\"Charit\u00e9: Apr\u00e8s avoir remplac\u00e9 les couleurs du SDF sur les salles de classe, Joshua Osih offre un nouvel \u00e9clat \u00e0 l\u2019Ecole publique de New-Deido (Littoral)\" \/>\n<meta property=\"og:description\" content=\"L\u2019Ecole publique de New-Dei\u0308do a\u0300 Douala dans la re\u0301gion du Littoral a de\u0301sormais fie\u0300re allure. Les salles de classes d ...\" \/>\n<meta property=\"og:url\" content=\"https:\/\/www.africa-press.net\/cameroun\/politique\/charite-apres-avoir-remplace-les-couleurs-du-sdf-sur-les-salles-de-classe-joshua-osih-offre-un-nouvel-eclat-a-lecole-publique-de-new-deido-littoral\" \/>\n<meta property=\"og:site_name\" content=\"Cameroun\" \/>\n<meta property=\"article:published_time\" content=\"2022-09-27T15:35:59+00:00\" \/>\n<meta property=\"article:modified_time\" content=\"2022-09-27T17:59:18+00:00\" \/>\n<meta property=\"og:image\" content=\"https:\/\/static.africa-press.net\/cameroun\/sites\/57\/2022\/09\/img-633339db22d46.jpg\" \/>\n\t<meta property=\"og:image:width\" content=\"800\" \/>\n\t<meta property=\"og:image:height\" content=\"600\" \/>\n\t<meta property=\"og:image:type\" content=\"image\/jpeg\" \/>\n<meta name=\"author\" content=\"cfeditorfr\" \/>\n<meta name=\"twitter:card\" content=\"summary_large_image\" \/>\n<meta name=\"twitter:label1\" content=\"\u00c9crit par\" \/>\n\t<meta name=\"twitter:data1\" content=\"cfeditorfr\" \/>\n\t<meta name=\"twitter:label2\" content=\"Dur\u00e9e de lecture estim\u00e9e\" \/>\n\t<meta name=\"twitter:data2\" content=\"2 minutes\" \/>\n<script type=\"application\/ld+json\" class=\"yoast-schema-graph\">{\"@context\":\"https:\/\/schema.org\",\"@graph\":[{\"@type\":\"Article\",\"@id\":\"https:\/\/www.africa-press.net\/cameroun\/politique\/charite-apres-avoir-remplace-les-couleurs-du-sdf-sur-les-salles-de-classe-joshua-osih-offre-un-nouvel-eclat-a-lecole-publique-de-new-deido-littoral#article\",\"isPartOf\":{\"@id\":\"https:\/\/www.africa-press.net\/cameroun\/politique\/charite-apres-avoir-remplace-les-couleurs-du-sdf-sur-les-salles-de-classe-joshua-osih-offre-un-nouvel-eclat-a-lecole-publique-de-new-deido-littoral\"},\"author\":{\"name\":\"cfeditorfr\",\"@id\":\"https:\/\/www.africa-press.net\/cameroun\/#\/schema\/person\/2b1cf3cd81a31e3cd26889ca66d677f1\"},\"headline\":\"Charit\u00e9: Apr\u00e8s avoir remplac\u00e9 les couleurs du SDF sur les salles de classe, Joshua Osih offre un nouvel \u00e9clat \u00e0 l\u2019Ecole publique de New-Deido (Littoral)\",\"datePublished\":\"2022-09-27T15:35:59+00:00\",\"dateModified\":\"2022-09-27T17:59:18+00:00\",\"mainEntityOfPage\":{\"@id\":\"https:\/\/www.africa-press.net\/cameroun\/politique\/charite-apres-avoir-remplace-les-couleurs-du-sdf-sur-les-salles-de-classe-joshua-osih-offre-un-nouvel-eclat-a-lecole-publique-de-new-deido-littoral\"},\"wordCount\":327,\"commentCount\":0,\"image\":{\"@id\":\"https:\/\/www.africa-press.net\/cameroun\/politique\/charite-apres-avoir-remplace-les-couleurs-du-sdf-sur-les-salles-de-classe-joshua-osih-offre-un-nouvel-eclat-a-lecole-publique-de-new-deido-littoral#primaryimage\"},\"thumbnailUrl\":\"https:\/\/static.africa-press.net\/cameroun\/sites\/57\/2022\/09\/img-633339db22d46.jpg\",\"keywords\":[\"Africa Press\",\"Africa Press-Cameroun\",\"Cameroun\"],\"articleSection\":[\"Politique\",\"Toutes les actualit\u00e9s\"],\"inLanguage\":\"fr-FR\",\"potentialAction\":[{\"@type\":\"CommentAction\",\"name\":\"Comment\",\"target\":[\"https:\/\/www.africa-press.net\/cameroun\/politique\/charite-apres-avoir-remplace-les-couleurs-du-sdf-sur-les-salles-de-classe-joshua-osih-offre-un-nouvel-eclat-a-lecole-publique-de-new-deido-littoral#respond\"]}]},{\"@type\":\"WebPage\",\"@id\":\"https:\/\/www.africa-press.net\/cameroun\/politique\/charite-apres-avoir-remplace-les-couleurs-du-sdf-sur-les-salles-de-classe-joshua-osih-offre-un-nouvel-eclat-a-lecole-publique-de-new-deido-littoral\",\"url\":\"https:\/\/www.africa-press.net\/cameroun\/politique\/charite-apres-avoir-remplace-les-couleurs-du-sdf-sur-les-salles-de-classe-joshua-osih-offre-un-nouvel-eclat-a-lecole-publique-de-new-deido-littoral\",\"name\":\"Charit\u00e9: Apr\u00e8s avoir remplac\u00e9 les couleurs du SDF sur les salles de classe, Joshua Osih offre un nouvel \u00e9clat \u00e0 l\u2019Ecole publique de New-Deido (Littoral) - Cameroun\",\"isPartOf\":{\"@id\":\"https:\/\/www.africa-press.net\/cameroun\/#website\"},\"primaryImageOfPage\":{\"@id\":\"https:\/\/www.africa-press.net\/cameroun\/politique\/charite-apres-avoir-remplace-les-couleurs-du-sdf-sur-les-salles-de-classe-joshua-osih-offre-un-nouvel-eclat-a-lecole-publique-de-new-deido-littoral#primaryimage\"},\"image\":{\"@id\":\"https:\/\/www.africa-press.net\/cameroun\/politique\/charite-apres-avoir-remplace-les-couleurs-du-sdf-sur-les-salles-de-classe-joshua-osih-offre-un-nouvel-eclat-a-lecole-publique-de-new-deido-littoral#primaryimage\"},\"thumbnailUrl\":\"https:\/\/static.africa-press.net\/cameroun\/sites\/57\/2022\/09\/img-633339db22d46.jpg\",\"datePublished\":\"2022-09-27T15:35:59+00:00\",\"dateModified\":\"2022-09-27T17:59:18+00:00\",\"author\":{\"@id\":\"https:\/\/www.africa-press.net\/cameroun\/#\/schema\/person\/2b1cf3cd81a31e3cd26889ca66d677f1\"},\"description\":\"L\u2019Ecole publique de New-Dei\u0308do a\u0300 Douala dans la re\u0301gion du Littoral a de\u0301sormais fie\u0300re allure. Les salles de classes d ...\",\"breadcrumb\":{\"@id\":\"https:\/\/www.africa-press.net\/cameroun\/politique\/charite-apres-avoir-remplace-les-couleurs-du-sdf-sur-les-salles-de-classe-joshua-osih-offre-un-nouvel-eclat-a-lecole-publique-de-new-deido-littoral#breadcrumb\"},\"inLanguage\":\"fr-FR\",\"potentialAction\":[{\"@type\":\"ReadAction\",\"target\":[\"https:\/\/www.africa-press.net\/cameroun\/politique\/charite-apres-avoir-remplace-les-couleurs-du-sdf-sur-les-salles-de-classe-joshua-osih-offre-un-nouvel-eclat-a-lecole-publique-de-new-deido-littoral\"]}]},{\"@type\":\"ImageObject\",\"inLanguage\":\"fr-FR\",\"@id\":\"https:\/\/www.africa-press.net\/cameroun\/politique\/charite-apres-avoir-remplace-les-couleurs-du-sdf-sur-les-salles-de-classe-joshua-osih-offre-un-nouvel-eclat-a-lecole-publique-de-new-deido-littoral#primaryimage\",\"url\":\"https:\/\/static.africa-press.net\/cameroun\/sites\/57\/2022\/09\/img-633339db22d46.jpg\",\"contentUrl\":\"https:\/\/static.africa-press.net\/cameroun\/sites\/57\/2022\/09\/img-633339db22d46.jpg\",\"width\":800,\"height\":600,\"caption\":\"Charit\u00e9: Apr\u00e8s avoir remplac\u00e9 les couleurs du SDF sur les salles de classe, Joshua Osih offre un nouvel \u00e9clat \u00e0 l\u2019Ecole publique de New-Deido (Littoral)\"},{\"@type\":\"BreadcrumbList\",\"@id\":\"https:\/\/www.africa-press.net\/cameroun\/politique\/charite-apres-avoir-remplace-les-couleurs-du-sdf-sur-les-salles-de-classe-joshua-osih-offre-un-nouvel-eclat-a-lecole-publique-de-new-deido-littoral#breadcrumb\",\"itemListElement\":[{\"@type\":\"ListItem\",\"position\":1,\"name\":\"Accueil\",\"item\":\"https:\/\/www.africa-press.net\/cameroun\/\"},{\"@type\":\"ListItem\",\"position\":2,\"name\":\"Charit\u00e9: Apr\u00e8s avoir remplac\u00e9 les couleurs du SDF sur les salles de classe, Joshua Osih offre un nouvel \u00e9clat \u00e0 l\u2019Ecole publique de New-Deido (Littoral)\"}]},{\"@type\":\"WebSite\",\"@id\":\"https:\/\/www.africa-press.net\/cameroun\/#website\",\"url\":\"https:\/\/www.africa-press.net\/cameroun\/\",\"name\":\"Cameroun\",\"description\":\"Just another Africa News Agency Sites site\",\"potentialAction\":[{\"@type\":\"SearchAction\",\"target\":{\"@type\":\"EntryPoint\",\"urlTemplate\":\"https:\/\/www.africa-press.net\/cameroun\/?s={search_term_string}\"},\"query-input\":{\"@type\":\"PropertyValueSpecification\",\"valueRequired\":true,\"valueName\":\"search_term_string\"}}],\"inLanguage\":\"fr-FR\"},{\"@type\":\"Person\",\"@id\":\"https:\/\/www.africa-press.net\/cameroun\/#\/schema\/person\/2b1cf3cd81a31e3cd26889ca66d677f1\",\"name\":\"cfeditorfr\"}]}<\/script>\n<!-- \/ Yoast SEO Premium plugin. -->","yoast_head_json":{"title":"Charit\u00e9: Apr\u00e8s avoir remplac\u00e9 les couleurs du SDF sur les salles de classe, Joshua Osih offre un nouvel \u00e9clat \u00e0 l\u2019Ecole publique de New-Deido (Littoral) - Cameroun","description":"L\u2019Ecole publique de New-Dei\u0308do a\u0300 Douala dans la re\u0301gion du Littoral a de\u0301sormais fie\u0300re allure. Les salles de classes d ...","robots":{"index":"index","follow":"follow","max-snippet":"max-snippet:-1","max-image-preview":"max-image-preview:large","max-video-preview":"max-video-preview:-1"},"canonical":"https:\/\/www.africa-press.net\/cameroun\/politique\/charite-apres-avoir-remplace-les-couleurs-du-sdf-sur-les-salles-de-classe-joshua-osih-offre-un-nouvel-eclat-a-lecole-publique-de-new-deido-littoral","og_locale":"fr_FR","og_type":"article","og_title":"Charit\u00e9: Apr\u00e8s avoir remplac\u00e9 les couleurs du SDF sur les salles de classe, Joshua Osih offre un nouvel \u00e9clat \u00e0 l\u2019Ecole publique de New-Deido (Littoral)","og_description":"L\u2019Ecole publique de New-Dei\u0308do a\u0300 Douala dans la re\u0301gion du Littoral a de\u0301sormais fie\u0300re allure. Les salles de classes d ...","og_url":"https:\/\/www.africa-press.net\/cameroun\/politique\/charite-apres-avoir-remplace-les-couleurs-du-sdf-sur-les-salles-de-classe-joshua-osih-offre-un-nouvel-eclat-a-lecole-publique-de-new-deido-littoral","og_site_name":"Cameroun","article_published_time":"2022-09-27T15:35:59+00:00","article_modified_time":"2022-09-27T17:59:18+00:00","og_image":[{"width":800,"height":600,"url":"https:\/\/static.africa-press.net\/cameroun\/sites\/57\/2022\/09\/img-633339db22d46.jpg","type":"image\/jpeg"}],"author":"cfeditorfr","twitter_card":"summary_large_image","twitter_misc":{"\u00c9crit par":"cfeditorfr","Dur\u00e9e de lecture estim\u00e9e":"2 minutes"},"schema":{"@context":"https:\/\/schema.org","@graph":[{"@type":"Article","@id":"https:\/\/www.africa-press.net\/cameroun\/politique\/charite-apres-avoir-remplace-les-couleurs-du-sdf-sur-les-salles-de-classe-joshua-osih-offre-un-nouvel-eclat-a-lecole-publique-de-new-deido-littoral#article","isPartOf":{"@id":"https:\/\/www.africa-press.net\/cameroun\/politique\/charite-apres-avoir-remplace-les-couleurs-du-sdf-sur-les-salles-de-classe-joshua-osih-offre-un-nouvel-eclat-a-lecole-publique-de-new-deido-littoral"},"author":{"name":"cfeditorfr","@id":"https:\/\/www.africa-press.net\/cameroun\/#\/schema\/person\/2b1cf3cd81a31e3cd26889ca66d677f1"},"headline":"Charit\u00e9: Apr\u00e8s avoir remplac\u00e9 les couleurs du SDF sur les salles de classe, Joshua Osih offre un nouvel \u00e9clat \u00e0 l\u2019Ecole publique de New-Deido (Littoral)","datePublished":"2022-09-27T15:35:59+00:00","dateModified":"2022-09-27T17:59:18+00:00","mainEntityOfPage":{"@id":"https:\/\/www.africa-press.net\/cameroun\/politique\/charite-apres-avoir-remplace-les-couleurs-du-sdf-sur-les-salles-de-classe-joshua-osih-offre-un-nouvel-eclat-a-lecole-publique-de-new-deido-littoral"},"wordCount":327,"commentCount":0,"image":{"@id":"https:\/\/www.africa-press.net\/cameroun\/politique\/charite-apres-avoir-remplace-les-couleurs-du-sdf-sur-les-salles-de-classe-joshua-osih-offre-un-nouvel-eclat-a-lecole-publique-de-new-deido-littoral#primaryimage"},"thumbnailUrl":"https:\/\/static.africa-press.net\/cameroun\/sites\/57\/2022\/09\/img-633339db22d46.jpg","keywords":["Africa Press","Africa Press-Cameroun","Cameroun"],"articleSection":["Politique","Toutes les actualit\u00e9s"],"inLanguage":"fr-FR","potentialAction":[{"@type":"CommentAction","name":"Comment","target":["https:\/\/www.africa-press.net\/cameroun\/politique\/charite-apres-avoir-remplace-les-couleurs-du-sdf-sur-les-salles-de-classe-joshua-osih-offre-un-nouvel-eclat-a-lecole-publique-de-new-deido-littoral#respond"]}]},{"@type":"WebPage","@id":"https:\/\/www.africa-press.net\/cameroun\/politique\/charite-apres-avoir-remplace-les-couleurs-du-sdf-sur-les-salles-de-classe-joshua-osih-offre-un-nouvel-eclat-a-lecole-publique-de-new-deido-littoral","url":"https:\/\/www.africa-press.net\/cameroun\/politique\/charite-apres-avoir-remplace-les-couleurs-du-sdf-sur-les-salles-de-classe-joshua-osih-offre-un-nouvel-eclat-a-lecole-publique-de-new-deido-littoral","name":"Charit\u00e9: Apr\u00e8s avoir remplac\u00e9 les couleurs du SDF sur les salles de classe, Joshua Osih offre un nouvel \u00e9clat \u00e0 l\u2019Ecole publique de New-Deido (Littoral) - Cameroun","isPartOf":{"@id":"https:\/\/www.africa-press.net\/cameroun\/#website"},"primaryImageOfPage":{"@id":"https:\/\/www.africa-press.net\/cameroun\/politique\/charite-apres-avoir-remplace-les-couleurs-du-sdf-sur-les-salles-de-classe-joshua-osih-offre-un-nouvel-eclat-a-lecole-publique-de-new-deido-littoral#primaryimage"},"image":{"@id":"https:\/\/www.africa-press.net\/cameroun\/politique\/charite-apres-avoir-remplace-les-couleurs-du-sdf-sur-les-salles-de-classe-joshua-osih-offre-un-nouvel-eclat-a-lecole-publique-de-new-deido-littoral#primaryimage"},"thumbnailUrl":"https:\/\/static.africa-press.net\/cameroun\/sites\/57\/2022\/09\/img-633339db22d46.jpg","datePublished":"2022-09-27T15:35:59+00:00","dateModified":"2022-09-27T17:59:18+00:00","author":{"@id":"https:\/\/www.africa-press.net\/cameroun\/#\/schema\/person\/2b1cf3cd81a31e3cd26889ca66d677f1"},"description":"L\u2019Ecole publique de New-Dei\u0308do a\u0300 Douala dans la re\u0301gion du Littoral a de\u0301sormais fie\u0300re allure. Les salles de classes d ...","breadcrumb":{"@id":"https:\/\/www.africa-press.net\/cameroun\/politique\/charite-apres-avoir-remplace-les-couleurs-du-sdf-sur-les-salles-de-classe-joshua-osih-offre-un-nouvel-eclat-a-lecole-publique-de-new-deido-littoral#breadcrumb"},"inLanguage":"fr-FR","potentialAction":[{"@type":"ReadAction","target":["https:\/\/www.africa-press.net\/cameroun\/politique\/charite-apres-avoir-remplace-les-couleurs-du-sdf-sur-les-salles-de-classe-joshua-osih-offre-un-nouvel-eclat-a-lecole-publique-de-new-deido-littoral"]}]},{"@type":"ImageObject","inLanguage":"fr-FR","@id":"https:\/\/www.africa-press.net\/cameroun\/politique\/charite-apres-avoir-remplace-les-couleurs-du-sdf-sur-les-salles-de-classe-joshua-osih-offre-un-nouvel-eclat-a-lecole-publique-de-new-deido-littoral#primaryimage","url":"https:\/\/static.africa-press.net\/cameroun\/sites\/57\/2022\/09\/img-633339db22d46.jpg","contentUrl":"https:\/\/static.africa-press.net\/cameroun\/sites\/57\/2022\/09\/img-633339db22d46.jpg","width":800,"height":600,"caption":"Charit\u00e9: Apr\u00e8s avoir remplac\u00e9 les couleurs du SDF sur les salles de classe, Joshua Osih offre un nouvel \u00e9clat \u00e0 l\u2019Ecole publique de New-Deido (Littoral)"},{"@type":"BreadcrumbList","@id":"https:\/\/www.africa-press.net\/cameroun\/politique\/charite-apres-avoir-remplace-les-couleurs-du-sdf-sur-les-salles-de-classe-joshua-osih-offre-un-nouvel-eclat-a-lecole-publique-de-new-deido-littoral#breadcrumb","itemListElement":[{"@type":"ListItem","position":1,"name":"Accueil","item":"https:\/\/www.africa-press.net\/cameroun\/"},{"@type":"ListItem","position":2,"name":"Charit\u00e9: Apr\u00e8s avoir remplac\u00e9 les couleurs du SDF sur les salles de classe, Joshua Osih offre un nouvel \u00e9clat \u00e0 l\u2019Ecole publique de New-Deido (Littoral)"}]},{"@type":"WebSite","@id":"https:\/\/www.africa-press.net\/cameroun\/#website","url":"https:\/\/www.africa-press.net\/cameroun\/","name":"Cameroun","description":"Just another Africa News Agency Sites site","potentialAction":[{"@type":"SearchAction","target":{"@type":"EntryPoint","urlTemplate":"https:\/\/www.africa-press.net\/cameroun\/?s={search_term_string}"},"query-input":{"@type":"PropertyValueSpecification","valueRequired":true,"valueName":"search_term_string"}}],"inLanguage":"fr-FR"},{"@type":"Person","@id":"https:\/\/www.africa-press.net\/cameroun\/#\/schema\/person\/2b1cf3cd81a31e3cd26889ca66d677f1","name":"cfeditorfr"}]}},"_links":{"self":[{"href":"https:\/\/www.africa-press.net\/cameroun\/wp-json\/wp\/v2\/posts\/28215","targetHints":{"allow":["GET"]}}],"collection":[{"href":"https:\/\/www.africa-press.net\/cameroun\/wp-json\/wp\/v2\/posts"}],"about":[{"href":"https:\/\/www.africa-press.net\/cameroun\/wp-json\/wp\/v2\/types\/post"}],"author":[{"embeddable":true,"href":"https:\/\/www.africa-press.net\/cameroun\/wp-json\/wp\/v2\/users\/82"}],"replies":[{"embeddable":true,"href":"https:\/\/www.africa-press.net\/cameroun\/wp-json\/wp\/v2\/comments?post=28215"}],"version-history":[{"count":0,"href":"https:\/\/www.africa-press.net\/cameroun\/wp-json\/wp\/v2\/posts\/28215\/revisions"}],"wp:featuredmedia":[{"embeddable":true,"href":"https:\/\/www.africa-press.net\/cameroun\/wp-json\/wp\/v2\/media\/28214"}],"wp:attachment":[{"href":"https:\/\/www.africa-press.net\/cameroun\/wp-json\/wp\/v2\/media?parent=28215"}],"wp:term":[{"taxonomy":"category","embeddable":true,"href":"https:\/\/www.africa-press.net\/cameroun\/wp-json\/wp\/v2\/categories?post=28215"},{"taxonomy":"post_tag","embeddable":true,"href":"https:\/\/www.africa-press.net\/cameroun\/wp-json\/wp\/v2\/tags?post=28215"}],"curies":[{"name":"wp","href":"https:\/\/api.w.org\/{rel}","templated":true}]}}