{"id":28227,"date":"2022-09-27T16:05:24","date_gmt":"2022-09-27T16:05:24","guid":{"rendered":"https:\/\/www.africa-press.net\/cameroun\/politique\/guerre-en-ukraine-le-cameroun-reitere-sa-neutralite-a-la-tribune-des-nations-unies"},"modified":"2022-09-27T18:01:39","modified_gmt":"2022-09-27T18:01:39","slug":"guerre-en-ukraine-le-cameroun-reitere-sa-neutralite-a-la-tribune-des-nations-unies","status":"publish","type":"post","link":"https:\/\/www.africa-press.net\/cameroun\/politique\/guerre-en-ukraine-le-cameroun-reitere-sa-neutralite-a-la-tribune-des-nations-unies","title":{"rendered":"Guerre en Ukraine : le Cameroun r\u00e9it\u00e8re sa neutralit\u00e9 \u00e0 la tribune des Nations unies"},"content":{"rendered":"<p><span style=\"color: #ff6600\"><strong>Africa-Press &#8211; Cameroun. <\/strong><\/span><b>Le ministre des Relations exte\u0301rieures (Minrex) repre\u0301sente le pre\u0301sident Paul Biya a\u0300 la 77e\u0300 session de l\u2019Assemble\u0301e ge\u0301ne\u0301rale des Nations unies. Lejeune Mbella Mbella au nom du chef de l\u2019Etat camerounais, a appele\u0301 l\u2019Ukraine et la Russie au dialogue.<\/b><\/p>\n<p>\u00ab Un tournant de\u0301cisif : des solutions transformatrices face aux de\u0301fis intrique\u0301s \u00bb. C\u2019est sous ce the\u0300me que le de\u0301bat ge\u0301ne\u0301ral de la 77e\u0300 session de l\u2019Assemble\u0301e ge\u0301ne\u0301rale des Nations unies se tient a\u0300 New York aux Etats-Unis d\u2019Ame\u0301rique. Prenant la parole au nom du Cameroun le lundi 26 septembre 2022, le ministre Lejeune Mbella Mbella a aborde\u0301 plusieurs the\u0300mes. Il s\u2019agit entre autres des effets de la Covid-19 sur le monde, les de\u0301re\u0300glements climatiques, les de\u0301fis e\u0301conomiques, la migration, les de\u0301fis se\u0301curitaires.<\/p>\n<p>Dans ce dernier chapitre, le repre\u0301sentant du pre\u0301sident Paul Biya a aborde\u0301 le terrorisme, les conflits dans diffe\u0301rentes zones ge\u0301ographiques du monde notamment en Afrique et en Europe. La crise russo-ukrainienne n\u2019a pas e\u0301chappe\u0301 a\u0300 l\u2019homme politique camerounais. Selon Lejeune Mbella Mbella, ce conflit place l\u2019Europe de l\u2019est parmi les \u00ab foyers de tensions ou\u0300 s\u2019exercent des chocs dont les ondes et les effets amplifient les menaces et les souffrances qui pe\u0300sent de\u0301ja\u0300 lourdement sur ls peuples et les nations en tyermes de pertes en vies humaines, mate\u0301rielles, migrations(&#8230;) \u00bb<\/p>\n<p>Face a\u0300 cette crise, la position du Cameroun est connue. Le Minrex vient de la re\u0301affirmer a\u0300 la tribune des nations. \u00ab Le gouvernement camerounais suit avec la plus grande attention la situation ou\u0300 s\u2019affrontent l\u2019Ukraine et la Russie. Comme vous le savez, le re\u0300glement pacifique des diffe\u0301rends entre les Etats a toujours e\u0301te\u0301 l\u2019un des principes fondamentaux de la politique e\u0301trange\u0300re de mon pays.<\/p>\n<p>A cet effet, le Cameroun a de\u0300s le de\u0301but de cette crise, re\u0301ite\u0301re\u0301 sa position en appelant les deux parties a\u0300 l\u2019ouverture des ne\u0301gociations dans l\u2019optique de parvenir a\u0300 une solution concerte\u0301e, afin que triomphent les ide\u0301aux de paix, de se\u0301curite\u0301, et de de\u0301veloppement durable, qui fondent notre organisation \u00bb, a de\u0301clare\u0301 Lejeune Mbella Mbella.<\/p>\n<p><b>Inte\u0301gralite\u0301 du discours du ministre Lejeune Mbella Mbella a\u0300 la 77e\u0300 session de l\u2019assemble\u0301e ge\u0301ne\u0301rale de l\u2019ONU<\/b><\/p>\n<p><strong>Pour plus d&rsquo;informations et d&rsquo;analyses sur la <a href=\"https:\/\/www.africa-press.net\/cameroun\">Cameroun<\/a>, suivez <a href=\"https:\/\/www.africa-press.net\/\">Africa-Press<\/a><\/strong><\/p>\n","protected":false},"excerpt":{"rendered":"<p>Africa-Press &#8211; Cameroun. Le ministre des Relations exte\u0301rieures (Minrex) repre\u0301sente le pre\u0301sident Paul Biya a\u0300 la 77e\u0300 session de l\u2019Assemble\u0301e ge\u0301ne\u0301rale des Nations unies. Lejeune Mbella Mbella au nom du chef de l\u2019Etat camerounais, a appele\u0301 l\u2019Ukraine et la Russie au dialogue. \u00ab Un tournant de\u0301cisif : des solutions transformatrices face aux de\u0301fis intrique\u0301s \u00bb. [&hellip;]<\/p>\n","protected":false},"author":82,"featured_media":28226,"comment_status":"open","ping_status":"closed","sticky":false,"template":"","format":"standard","meta":{"footnotes":""},"categories":[2,20,10],"tags":[36,50,49],"class_list":["post-28227","post","type-post","status-publish","format-standard","has-post-thumbnail","hentry","category-politique","category-top-nouvelles","category-toutes-les-actualites","tag-africa-press","tag-africa-press-cameroun","tag-cameroun"],"yoast_head":"<!-- This site is optimized with the Yoast SEO Premium plugin v26.1 (Yoast SEO v27.0) - https:\/\/yoast.com\/product\/yoast-seo-premium-wordpress\/ -->\n<title>Guerre en Ukraine : le Cameroun r\u00e9it\u00e8re sa neutralit\u00e9 \u00e0 la tribune des Nations unies - Cameroun<\/title>\n<meta name=\"description\" content=\"Le ministre des Relations exte\u0301rieures (Minrex) repre\u0301sente le pre\u0301sident Paul Biya a\u0300 la 77e\u0300 session de l\u2019Assemble\u0301 ...\" \/>\n<meta name=\"robots\" content=\"index, follow, max-snippet:-1, max-image-preview:large, max-video-preview:-1\" \/>\n<link rel=\"canonical\" href=\"https:\/\/www.africa-press.net\/cameroun\/politique\/guerre-en-ukraine-le-cameroun-reitere-sa-neutralite-a-la-tribune-des-nations-unies\" \/>\n<meta property=\"og:locale\" content=\"fr_FR\" \/>\n<meta property=\"og:type\" content=\"article\" \/>\n<meta property=\"og:title\" content=\"Guerre en Ukraine : le Cameroun r\u00e9it\u00e8re sa neutralit\u00e9 \u00e0 la tribune des Nations unies\" \/>\n<meta property=\"og:description\" content=\"Le ministre des Relations exte\u0301rieures (Minrex) repre\u0301sente le pre\u0301sident Paul Biya a\u0300 la 77e\u0300 session de l\u2019Assemble\u0301 ...\" \/>\n<meta property=\"og:url\" content=\"https:\/\/www.africa-press.net\/cameroun\/politique\/guerre-en-ukraine-le-cameroun-reitere-sa-neutralite-a-la-tribune-des-nations-unies\" \/>\n<meta property=\"og:site_name\" content=\"Cameroun\" \/>\n<meta property=\"article:published_time\" content=\"2022-09-27T16:05:24+00:00\" \/>\n<meta property=\"article:modified_time\" content=\"2022-09-27T18:01:39+00:00\" \/>\n<meta property=\"og:image\" content=\"https:\/\/static.africa-press.net\/cameroun\/sites\/57\/2022\/09\/img-63333a6f52acc.jpg\" \/>\n\t<meta property=\"og:image:width\" content=\"720\" \/>\n\t<meta property=\"og:image:height\" content=\"407\" \/>\n\t<meta property=\"og:image:type\" content=\"image\/jpeg\" \/>\n<meta name=\"author\" content=\"cfeditorfr\" \/>\n<meta name=\"twitter:card\" content=\"summary_large_image\" \/>\n<meta name=\"twitter:label1\" content=\"\u00c9crit par\" \/>\n\t<meta name=\"twitter:data1\" content=\"cfeditorfr\" \/>\n\t<meta name=\"twitter:label2\" content=\"Dur\u00e9e de lecture estim\u00e9e\" \/>\n\t<meta name=\"twitter:data2\" content=\"2 minutes\" \/>\n<script type=\"application\/ld+json\" class=\"yoast-schema-graph\">{\"@context\":\"https:\/\/schema.org\",\"@graph\":[{\"@type\":\"Article\",\"@id\":\"https:\/\/www.africa-press.net\/cameroun\/politique\/guerre-en-ukraine-le-cameroun-reitere-sa-neutralite-a-la-tribune-des-nations-unies#article\",\"isPartOf\":{\"@id\":\"https:\/\/www.africa-press.net\/cameroun\/politique\/guerre-en-ukraine-le-cameroun-reitere-sa-neutralite-a-la-tribune-des-nations-unies\"},\"author\":{\"name\":\"cfeditorfr\",\"@id\":\"https:\/\/www.africa-press.net\/cameroun\/#\/schema\/person\/2b1cf3cd81a31e3cd26889ca66d677f1\"},\"headline\":\"Guerre en Ukraine : le Cameroun r\u00e9it\u00e8re sa neutralit\u00e9 \u00e0 la tribune des Nations unies\",\"datePublished\":\"2022-09-27T16:05:24+00:00\",\"dateModified\":\"2022-09-27T18:01:39+00:00\",\"mainEntityOfPage\":{\"@id\":\"https:\/\/www.africa-press.net\/cameroun\/politique\/guerre-en-ukraine-le-cameroun-reitere-sa-neutralite-a-la-tribune-des-nations-unies\"},\"wordCount\":441,\"commentCount\":0,\"image\":{\"@id\":\"https:\/\/www.africa-press.net\/cameroun\/politique\/guerre-en-ukraine-le-cameroun-reitere-sa-neutralite-a-la-tribune-des-nations-unies#primaryimage\"},\"thumbnailUrl\":\"https:\/\/static.africa-press.net\/cameroun\/sites\/57\/2022\/09\/img-63333a6f52acc.jpg\",\"keywords\":[\"Africa Press\",\"Africa Press-Cameroun\",\"Cameroun\"],\"articleSection\":[\"Politique\",\"Top Nouvelles\",\"Toutes les actualit\u00e9s\"],\"inLanguage\":\"fr-FR\",\"potentialAction\":[{\"@type\":\"CommentAction\",\"name\":\"Comment\",\"target\":[\"https:\/\/www.africa-press.net\/cameroun\/politique\/guerre-en-ukraine-le-cameroun-reitere-sa-neutralite-a-la-tribune-des-nations-unies#respond\"]}]},{\"@type\":\"WebPage\",\"@id\":\"https:\/\/www.africa-press.net\/cameroun\/politique\/guerre-en-ukraine-le-cameroun-reitere-sa-neutralite-a-la-tribune-des-nations-unies\",\"url\":\"https:\/\/www.africa-press.net\/cameroun\/politique\/guerre-en-ukraine-le-cameroun-reitere-sa-neutralite-a-la-tribune-des-nations-unies\",\"name\":\"Guerre en Ukraine : le Cameroun r\u00e9it\u00e8re sa neutralit\u00e9 \u00e0 la tribune des Nations unies - Cameroun\",\"isPartOf\":{\"@id\":\"https:\/\/www.africa-press.net\/cameroun\/#website\"},\"primaryImageOfPage\":{\"@id\":\"https:\/\/www.africa-press.net\/cameroun\/politique\/guerre-en-ukraine-le-cameroun-reitere-sa-neutralite-a-la-tribune-des-nations-unies#primaryimage\"},\"image\":{\"@id\":\"https:\/\/www.africa-press.net\/cameroun\/politique\/guerre-en-ukraine-le-cameroun-reitere-sa-neutralite-a-la-tribune-des-nations-unies#primaryimage\"},\"thumbnailUrl\":\"https:\/\/static.africa-press.net\/cameroun\/sites\/57\/2022\/09\/img-63333a6f52acc.jpg\",\"datePublished\":\"2022-09-27T16:05:24+00:00\",\"dateModified\":\"2022-09-27T18:01:39+00:00\",\"author\":{\"@id\":\"https:\/\/www.africa-press.net\/cameroun\/#\/schema\/person\/2b1cf3cd81a31e3cd26889ca66d677f1\"},\"description\":\"Le ministre des Relations exte\u0301rieures (Minrex) repre\u0301sente le pre\u0301sident Paul Biya a\u0300 la 77e\u0300 session de l\u2019Assemble\u0301 ...\",\"breadcrumb\":{\"@id\":\"https:\/\/www.africa-press.net\/cameroun\/politique\/guerre-en-ukraine-le-cameroun-reitere-sa-neutralite-a-la-tribune-des-nations-unies#breadcrumb\"},\"inLanguage\":\"fr-FR\",\"potentialAction\":[{\"@type\":\"ReadAction\",\"target\":[\"https:\/\/www.africa-press.net\/cameroun\/politique\/guerre-en-ukraine-le-cameroun-reitere-sa-neutralite-a-la-tribune-des-nations-unies\"]}]},{\"@type\":\"ImageObject\",\"inLanguage\":\"fr-FR\",\"@id\":\"https:\/\/www.africa-press.net\/cameroun\/politique\/guerre-en-ukraine-le-cameroun-reitere-sa-neutralite-a-la-tribune-des-nations-unies#primaryimage\",\"url\":\"https:\/\/static.africa-press.net\/cameroun\/sites\/57\/2022\/09\/img-63333a6f52acc.jpg\",\"contentUrl\":\"https:\/\/static.africa-press.net\/cameroun\/sites\/57\/2022\/09\/img-63333a6f52acc.jpg\",\"width\":720,\"height\":407,\"caption\":\"Guerre en Ukraine : le Cameroun r\u00e9it\u00e8re sa neutralit\u00e9 \u00e0 la tribune des Nations unies\"},{\"@type\":\"BreadcrumbList\",\"@id\":\"https:\/\/www.africa-press.net\/cameroun\/politique\/guerre-en-ukraine-le-cameroun-reitere-sa-neutralite-a-la-tribune-des-nations-unies#breadcrumb\",\"itemListElement\":[{\"@type\":\"ListItem\",\"position\":1,\"name\":\"Accueil\",\"item\":\"https:\/\/www.africa-press.net\/cameroun\/\"},{\"@type\":\"ListItem\",\"position\":2,\"name\":\"Guerre en Ukraine : le Cameroun r\u00e9it\u00e8re sa neutralit\u00e9 \u00e0 la tribune des Nations unies\"}]},{\"@type\":\"WebSite\",\"@id\":\"https:\/\/www.africa-press.net\/cameroun\/#website\",\"url\":\"https:\/\/www.africa-press.net\/cameroun\/\",\"name\":\"Cameroun\",\"description\":\"Just another Africa News Agency Sites site\",\"potentialAction\":[{\"@type\":\"SearchAction\",\"target\":{\"@type\":\"EntryPoint\",\"urlTemplate\":\"https:\/\/www.africa-press.net\/cameroun\/?s={search_term_string}\"},\"query-input\":{\"@type\":\"PropertyValueSpecification\",\"valueRequired\":true,\"valueName\":\"search_term_string\"}}],\"inLanguage\":\"fr-FR\"},{\"@type\":\"Person\",\"@id\":\"https:\/\/www.africa-press.net\/cameroun\/#\/schema\/person\/2b1cf3cd81a31e3cd26889ca66d677f1\",\"name\":\"cfeditorfr\"}]}<\/script>\n<!-- \/ Yoast SEO Premium plugin. -->","yoast_head_json":{"title":"Guerre en Ukraine : le Cameroun r\u00e9it\u00e8re sa neutralit\u00e9 \u00e0 la tribune des Nations unies - Cameroun","description":"Le ministre des Relations exte\u0301rieures (Minrex) repre\u0301sente le pre\u0301sident Paul Biya a\u0300 la 77e\u0300 session de l\u2019Assemble\u0301 ...","robots":{"index":"index","follow":"follow","max-snippet":"max-snippet:-1","max-image-preview":"max-image-preview:large","max-video-preview":"max-video-preview:-1"},"canonical":"https:\/\/www.africa-press.net\/cameroun\/politique\/guerre-en-ukraine-le-cameroun-reitere-sa-neutralite-a-la-tribune-des-nations-unies","og_locale":"fr_FR","og_type":"article","og_title":"Guerre en Ukraine : le Cameroun r\u00e9it\u00e8re sa neutralit\u00e9 \u00e0 la tribune des Nations unies","og_description":"Le ministre des Relations exte\u0301rieures (Minrex) repre\u0301sente le pre\u0301sident Paul Biya a\u0300 la 77e\u0300 session de l\u2019Assemble\u0301 ...","og_url":"https:\/\/www.africa-press.net\/cameroun\/politique\/guerre-en-ukraine-le-cameroun-reitere-sa-neutralite-a-la-tribune-des-nations-unies","og_site_name":"Cameroun","article_published_time":"2022-09-27T16:05:24+00:00","article_modified_time":"2022-09-27T18:01:39+00:00","og_image":[{"width":720,"height":407,"url":"https:\/\/static.africa-press.net\/cameroun\/sites\/57\/2022\/09\/img-63333a6f52acc.jpg","type":"image\/jpeg"}],"author":"cfeditorfr","twitter_card":"summary_large_image","twitter_misc":{"\u00c9crit par":"cfeditorfr","Dur\u00e9e de lecture estim\u00e9e":"2 minutes"},"schema":{"@context":"https:\/\/schema.org","@graph":[{"@type":"Article","@id":"https:\/\/www.africa-press.net\/cameroun\/politique\/guerre-en-ukraine-le-cameroun-reitere-sa-neutralite-a-la-tribune-des-nations-unies#article","isPartOf":{"@id":"https:\/\/www.africa-press.net\/cameroun\/politique\/guerre-en-ukraine-le-cameroun-reitere-sa-neutralite-a-la-tribune-des-nations-unies"},"author":{"name":"cfeditorfr","@id":"https:\/\/www.africa-press.net\/cameroun\/#\/schema\/person\/2b1cf3cd81a31e3cd26889ca66d677f1"},"headline":"Guerre en Ukraine : le Cameroun r\u00e9it\u00e8re sa neutralit\u00e9 \u00e0 la tribune des Nations unies","datePublished":"2022-09-27T16:05:24+00:00","dateModified":"2022-09-27T18:01:39+00:00","mainEntityOfPage":{"@id":"https:\/\/www.africa-press.net\/cameroun\/politique\/guerre-en-ukraine-le-cameroun-reitere-sa-neutralite-a-la-tribune-des-nations-unies"},"wordCount":441,"commentCount":0,"image":{"@id":"https:\/\/www.africa-press.net\/cameroun\/politique\/guerre-en-ukraine-le-cameroun-reitere-sa-neutralite-a-la-tribune-des-nations-unies#primaryimage"},"thumbnailUrl":"https:\/\/static.africa-press.net\/cameroun\/sites\/57\/2022\/09\/img-63333a6f52acc.jpg","keywords":["Africa Press","Africa Press-Cameroun","Cameroun"],"articleSection":["Politique","Top Nouvelles","Toutes les actualit\u00e9s"],"inLanguage":"fr-FR","potentialAction":[{"@type":"CommentAction","name":"Comment","target":["https:\/\/www.africa-press.net\/cameroun\/politique\/guerre-en-ukraine-le-cameroun-reitere-sa-neutralite-a-la-tribune-des-nations-unies#respond"]}]},{"@type":"WebPage","@id":"https:\/\/www.africa-press.net\/cameroun\/politique\/guerre-en-ukraine-le-cameroun-reitere-sa-neutralite-a-la-tribune-des-nations-unies","url":"https:\/\/www.africa-press.net\/cameroun\/politique\/guerre-en-ukraine-le-cameroun-reitere-sa-neutralite-a-la-tribune-des-nations-unies","name":"Guerre en Ukraine : le Cameroun r\u00e9it\u00e8re sa neutralit\u00e9 \u00e0 la tribune des Nations unies - Cameroun","isPartOf":{"@id":"https:\/\/www.africa-press.net\/cameroun\/#website"},"primaryImageOfPage":{"@id":"https:\/\/www.africa-press.net\/cameroun\/politique\/guerre-en-ukraine-le-cameroun-reitere-sa-neutralite-a-la-tribune-des-nations-unies#primaryimage"},"image":{"@id":"https:\/\/www.africa-press.net\/cameroun\/politique\/guerre-en-ukraine-le-cameroun-reitere-sa-neutralite-a-la-tribune-des-nations-unies#primaryimage"},"thumbnailUrl":"https:\/\/static.africa-press.net\/cameroun\/sites\/57\/2022\/09\/img-63333a6f52acc.jpg","datePublished":"2022-09-27T16:05:24+00:00","dateModified":"2022-09-27T18:01:39+00:00","author":{"@id":"https:\/\/www.africa-press.net\/cameroun\/#\/schema\/person\/2b1cf3cd81a31e3cd26889ca66d677f1"},"description":"Le ministre des Relations exte\u0301rieures (Minrex) repre\u0301sente le pre\u0301sident Paul Biya a\u0300 la 77e\u0300 session de l\u2019Assemble\u0301 ...","breadcrumb":{"@id":"https:\/\/www.africa-press.net\/cameroun\/politique\/guerre-en-ukraine-le-cameroun-reitere-sa-neutralite-a-la-tribune-des-nations-unies#breadcrumb"},"inLanguage":"fr-FR","potentialAction":[{"@type":"ReadAction","target":["https:\/\/www.africa-press.net\/cameroun\/politique\/guerre-en-ukraine-le-cameroun-reitere-sa-neutralite-a-la-tribune-des-nations-unies"]}]},{"@type":"ImageObject","inLanguage":"fr-FR","@id":"https:\/\/www.africa-press.net\/cameroun\/politique\/guerre-en-ukraine-le-cameroun-reitere-sa-neutralite-a-la-tribune-des-nations-unies#primaryimage","url":"https:\/\/static.africa-press.net\/cameroun\/sites\/57\/2022\/09\/img-63333a6f52acc.jpg","contentUrl":"https:\/\/static.africa-press.net\/cameroun\/sites\/57\/2022\/09\/img-63333a6f52acc.jpg","width":720,"height":407,"caption":"Guerre en Ukraine : le Cameroun r\u00e9it\u00e8re sa neutralit\u00e9 \u00e0 la tribune des Nations unies"},{"@type":"BreadcrumbList","@id":"https:\/\/www.africa-press.net\/cameroun\/politique\/guerre-en-ukraine-le-cameroun-reitere-sa-neutralite-a-la-tribune-des-nations-unies#breadcrumb","itemListElement":[{"@type":"ListItem","position":1,"name":"Accueil","item":"https:\/\/www.africa-press.net\/cameroun\/"},{"@type":"ListItem","position":2,"name":"Guerre en Ukraine : le Cameroun r\u00e9it\u00e8re sa neutralit\u00e9 \u00e0 la tribune des Nations unies"}]},{"@type":"WebSite","@id":"https:\/\/www.africa-press.net\/cameroun\/#website","url":"https:\/\/www.africa-press.net\/cameroun\/","name":"Cameroun","description":"Just another Africa News Agency Sites site","potentialAction":[{"@type":"SearchAction","target":{"@type":"EntryPoint","urlTemplate":"https:\/\/www.africa-press.net\/cameroun\/?s={search_term_string}"},"query-input":{"@type":"PropertyValueSpecification","valueRequired":true,"valueName":"search_term_string"}}],"inLanguage":"fr-FR"},{"@type":"Person","@id":"https:\/\/www.africa-press.net\/cameroun\/#\/schema\/person\/2b1cf3cd81a31e3cd26889ca66d677f1","name":"cfeditorfr"}]}},"_links":{"self":[{"href":"https:\/\/www.africa-press.net\/cameroun\/wp-json\/wp\/v2\/posts\/28227","targetHints":{"allow":["GET"]}}],"collection":[{"href":"https:\/\/www.africa-press.net\/cameroun\/wp-json\/wp\/v2\/posts"}],"about":[{"href":"https:\/\/www.africa-press.net\/cameroun\/wp-json\/wp\/v2\/types\/post"}],"author":[{"embeddable":true,"href":"https:\/\/www.africa-press.net\/cameroun\/wp-json\/wp\/v2\/users\/82"}],"replies":[{"embeddable":true,"href":"https:\/\/www.africa-press.net\/cameroun\/wp-json\/wp\/v2\/comments?post=28227"}],"version-history":[{"count":0,"href":"https:\/\/www.africa-press.net\/cameroun\/wp-json\/wp\/v2\/posts\/28227\/revisions"}],"wp:featuredmedia":[{"embeddable":true,"href":"https:\/\/www.africa-press.net\/cameroun\/wp-json\/wp\/v2\/media\/28226"}],"wp:attachment":[{"href":"https:\/\/www.africa-press.net\/cameroun\/wp-json\/wp\/v2\/media?parent=28227"}],"wp:term":[{"taxonomy":"category","embeddable":true,"href":"https:\/\/www.africa-press.net\/cameroun\/wp-json\/wp\/v2\/categories?post=28227"},{"taxonomy":"post_tag","embeddable":true,"href":"https:\/\/www.africa-press.net\/cameroun\/wp-json\/wp\/v2\/tags?post=28227"}],"curies":[{"name":"wp","href":"https:\/\/api.w.org\/{rel}","templated":true}]}}