{"id":28233,"date":"2022-09-27T16:22:24","date_gmt":"2022-09-27T16:22:24","guid":{"rendered":"https:\/\/www.africa-press.net\/cameroun\/politique\/cameroun-crise-anglophone-la-solution-definitive-divise"},"modified":"2022-09-27T18:02:42","modified_gmt":"2022-09-27T18:02:42","slug":"cameroun-crise-anglophone-la-solution-definitive-divise","status":"publish","type":"post","link":"https:\/\/www.africa-press.net\/cameroun\/politique\/cameroun-crise-anglophone-la-solution-definitive-divise","title":{"rendered":"Cameroun-crise anglophone : la solution d\u00e9finitive divise"},"content":{"rendered":"<p><span style=\"color: #ff6600\"><strong>Africa-Press &#8211; Cameroun. <\/strong><\/span><b>Tandis que le gouvernement s\u2019engage a\u0300 relever le de\u0301fi de la reconstruction, Me Felix Agbor Balla pense que la discussion s\u2019impose.<\/b><\/p>\n<p>Du haut de la tribune des Nations unies le 26 septembre 2022, le ministre des Relations exte\u0301rieures du Cameroun aborde<b> la crise anglophone<\/b>. Lejeune Mbella Mbella, a met un accent particulier sur les solutions gouvernementales a\u0300 la crise se\u0301curitaire qui dure de\u0301ja\u0300 6 ans. Le bilan fait e\u0301tat de milliers de morts, de nombreuses infrastructures de\u0301truites, des milliers de re\u0301fugie\u0301s et de de\u0301place\u0301s&#8230;<\/p>\n<p>Entre autres re\u0301ponses, le repre\u0301sentant du chef de l\u2019Etat Paul Biya a rappele\u0301 des actions entreprises. Il s\u2019agit par exemple de l\u2019organisation du Grand dialogue national du 30 septembre au 4 octobre 2019. L\u2019acce\u0301le\u0301ration et l\u2019approfondissement de la de\u0301centralisation ; le de\u0301sarmement, la de\u0301mobilisation et la re\u0301insertion ne sont pas en reste. Le membre du gouvernement n\u2019a pas oublie\u0301 la protection de l\u2019inte\u0301grite\u0301 du territoire.<\/p>\n<p>Pour le Mirex, le \u00ab de\u0301fi actuel du gouvernement c\u2019est la poursuite de la mise en \u0153uvre de la reconstruction des re\u0301gions affecte\u0301es, a\u0300 travers le Plan d\u2019urgence humanitaire et le Plan de de\u0301veloppement e\u0301labore\u0301 en concertation avec le PNUD (Programme des Nations unies pour le de\u0301veloppement Ndlr) pour la restauration socioe\u0301conomiques des re\u0301gions susmentionne\u0301es \u00bb, a de\u0301clare\u0301 Lejeune Mbella Mbella. C\u2019e\u0301tait a\u0300 la 77e\u0300 session de l\u2019Assemble\u0301e ge\u0301ne\u0301rale de l\u2019Organisation des nations unies a\u0300 New York.<\/p>\n<p><b>Discussion entre gouvernement et leaders se\u0301paratistes <\/b><\/p>\n<p>Cependant, ce propos ne coi\u0308ncide pas avec le point de vue Me Felix Agbor Balla, de\u0301fenseur des droits de l\u2019homme. Pour lui, trois ans apre\u0300s la tenue du Grand dialogue national, la crise se poursuit. \u00ab Nous constatons que rien ne change effectivement dans les deux re\u0301gions en crise se\u0301curitaire depuis 2016. Les enle\u0300vements, les attaques a\u0300 mains arme\u0301es, au cours desquelles les civils et les militaires trouvent la mort se poursuivent dans les deux re\u0301gions \u00bb, fait-il remarquer. L\u2019enseignant des universite\u0301s accorde une interview au quotidien Le jour paru ce mardi 27 septembre 2022.<\/p>\n<p>Le fondateur du Centre des droits de l\u2019homme et de la de\u0301mocratie en Afrique fait des propositions en vue d\u2019une paix durable au Cameroun. \u00ab Je propose au gouvernement de discuter avec les leaders se\u0301paratistes qui sont au Cameroun dans le but de re\u0301soudre de\u0301finitivement la crise dans le cadre des re\u0301unions informelles par exemple (&#8230;) Le gouvernement peut aussi consulter les membres de la socie\u0301te\u0301 civile pour trouver une solution de\u0301finitive a\u0300 cette crise. Une re\u0301forme des institutions re\u0301publicaines est aussi ne\u0301cessaire \u00bb, sugge\u0300re-t-il.<\/p>\n<p>Pour rappel, dans la mouvance du Grand dialogue national en 2019, le gouvernement a rencontre\u0301 la socie\u0301te\u0301 civile. Cette dernie\u0300re a d\u2019ailleurs pris part aux travaux au Palais des Congre\u0300s de Yaounde\u0301. Au sortir du dialogue, l\u2019option de la de\u0301centralisation comme syste\u0300me de gouvernance a e\u0301te\u0301 adopte\u0301e. D\u2019ou\u0300 le vote et la promulgation de la loi portant code ge\u0301ne\u0301ral des collectivite\u0301s territoriales de\u0301centralise\u0301es du 24 de\u0301cembre 2019.<\/p>\n<p>Cette loi a e\u0301te\u0301 suivie de la mise en place des re\u0301gions avec statut spe\u0301cial au Nord-Ouest et au Sud-Ouest. Pour cela a\u0300 tort ou a\u0300 raison, \u00ab la re\u0301gionalisation est en marche (&#8230;) Elle continue a\u0300 renforcer la participation des Camerounais a\u0300 la gestion des affaires de leur pays \u00bb, conclut le Minrex devant la tribune de l\u2019ONU.<\/p>\n<p><strong>Pour plus d&rsquo;informations et d&rsquo;analyses sur la <a href=\"https:\/\/www.africa-press.net\/cameroun\">Cameroun<\/a>, suivez <a href=\"https:\/\/www.africa-press.net\/\">Africa-Press<\/a><\/strong><\/p>\n","protected":false},"excerpt":{"rendered":"<p>Africa-Press &#8211; Cameroun. Tandis que le gouvernement s\u2019engage a\u0300 relever le de\u0301fi de la reconstruction, Me Felix Agbor Balla pense que la discussion s\u2019impose. Du haut de la tribune des Nations unies le 26 septembre 2022, le ministre des Relations exte\u0301rieures du Cameroun aborde la crise anglophone. Lejeune Mbella Mbella, a met un accent particulier [&hellip;]<\/p>\n","protected":false},"author":82,"featured_media":28232,"comment_status":"open","ping_status":"closed","sticky":false,"template":"","format":"standard","meta":{"footnotes":""},"categories":[2,10],"tags":[36,50,49],"class_list":["post-28233","post","type-post","status-publish","format-standard","has-post-thumbnail","hentry","category-politique","category-toutes-les-actualites","tag-africa-press","tag-africa-press-cameroun","tag-cameroun"],"yoast_head":"<!-- This site is optimized with the Yoast SEO Premium plugin v26.1 (Yoast SEO v27.0) - https:\/\/yoast.com\/product\/yoast-seo-premium-wordpress\/ -->\n<title>Cameroun-crise anglophone : la solution d\u00e9finitive divise - Cameroun<\/title>\n<meta name=\"description\" content=\"Tandis que le gouvernement s\u2019engage a\u0300 relever le de\u0301fi de la reconstruction, Me Felix Agbor Balla pense que la discu ...\" \/>\n<meta name=\"robots\" content=\"index, follow, max-snippet:-1, max-image-preview:large, max-video-preview:-1\" \/>\n<link rel=\"canonical\" href=\"https:\/\/www.africa-press.net\/cameroun\/politique\/cameroun-crise-anglophone-la-solution-definitive-divise\" \/>\n<meta property=\"og:locale\" content=\"fr_FR\" \/>\n<meta property=\"og:type\" content=\"article\" \/>\n<meta property=\"og:title\" content=\"Cameroun-crise anglophone : la solution d\u00e9finitive divise\" \/>\n<meta property=\"og:description\" content=\"Tandis que le gouvernement s\u2019engage a\u0300 relever le de\u0301fi de la reconstruction, Me Felix Agbor Balla pense que la discu ...\" \/>\n<meta property=\"og:url\" content=\"https:\/\/www.africa-press.net\/cameroun\/politique\/cameroun-crise-anglophone-la-solution-definitive-divise\" \/>\n<meta property=\"og:site_name\" content=\"Cameroun\" \/>\n<meta property=\"article:published_time\" content=\"2022-09-27T16:22:24+00:00\" \/>\n<meta property=\"article:modified_time\" content=\"2022-09-27T18:02:42+00:00\" \/>\n<meta property=\"og:image\" content=\"https:\/\/static.africa-press.net\/cameroun\/sites\/57\/2022\/09\/img-63333aa8a775a.jpg\" \/>\n\t<meta property=\"og:image:width\" content=\"800\" \/>\n\t<meta property=\"og:image:height\" content=\"413\" \/>\n\t<meta property=\"og:image:type\" content=\"image\/jpeg\" \/>\n<meta name=\"author\" content=\"cfeditorfr\" \/>\n<meta name=\"twitter:card\" content=\"summary_large_image\" \/>\n<meta name=\"twitter:label1\" content=\"\u00c9crit par\" \/>\n\t<meta name=\"twitter:data1\" content=\"cfeditorfr\" \/>\n\t<meta name=\"twitter:label2\" content=\"Dur\u00e9e de lecture estim\u00e9e\" \/>\n\t<meta name=\"twitter:data2\" content=\"3 minutes\" \/>\n<script type=\"application\/ld+json\" class=\"yoast-schema-graph\">{\"@context\":\"https:\/\/schema.org\",\"@graph\":[{\"@type\":\"Article\",\"@id\":\"https:\/\/www.africa-press.net\/cameroun\/politique\/cameroun-crise-anglophone-la-solution-definitive-divise#article\",\"isPartOf\":{\"@id\":\"https:\/\/www.africa-press.net\/cameroun\/politique\/cameroun-crise-anglophone-la-solution-definitive-divise\"},\"author\":{\"name\":\"cfeditorfr\",\"@id\":\"https:\/\/www.africa-press.net\/cameroun\/#\/schema\/person\/2b1cf3cd81a31e3cd26889ca66d677f1\"},\"headline\":\"Cameroun-crise anglophone : la solution d\u00e9finitive divise\",\"datePublished\":\"2022-09-27T16:22:24+00:00\",\"dateModified\":\"2022-09-27T18:02:42+00:00\",\"mainEntityOfPage\":{\"@id\":\"https:\/\/www.africa-press.net\/cameroun\/politique\/cameroun-crise-anglophone-la-solution-definitive-divise\"},\"wordCount\":630,\"commentCount\":0,\"image\":{\"@id\":\"https:\/\/www.africa-press.net\/cameroun\/politique\/cameroun-crise-anglophone-la-solution-definitive-divise#primaryimage\"},\"thumbnailUrl\":\"https:\/\/static.africa-press.net\/cameroun\/sites\/57\/2022\/09\/img-63333aa8a775a.jpg\",\"keywords\":[\"Africa Press\",\"Africa Press-Cameroun\",\"Cameroun\"],\"articleSection\":[\"Politique\",\"Toutes les actualit\u00e9s\"],\"inLanguage\":\"fr-FR\",\"potentialAction\":[{\"@type\":\"CommentAction\",\"name\":\"Comment\",\"target\":[\"https:\/\/www.africa-press.net\/cameroun\/politique\/cameroun-crise-anglophone-la-solution-definitive-divise#respond\"]}]},{\"@type\":\"WebPage\",\"@id\":\"https:\/\/www.africa-press.net\/cameroun\/politique\/cameroun-crise-anglophone-la-solution-definitive-divise\",\"url\":\"https:\/\/www.africa-press.net\/cameroun\/politique\/cameroun-crise-anglophone-la-solution-definitive-divise\",\"name\":\"Cameroun-crise anglophone : la solution d\u00e9finitive divise - Cameroun\",\"isPartOf\":{\"@id\":\"https:\/\/www.africa-press.net\/cameroun\/#website\"},\"primaryImageOfPage\":{\"@id\":\"https:\/\/www.africa-press.net\/cameroun\/politique\/cameroun-crise-anglophone-la-solution-definitive-divise#primaryimage\"},\"image\":{\"@id\":\"https:\/\/www.africa-press.net\/cameroun\/politique\/cameroun-crise-anglophone-la-solution-definitive-divise#primaryimage\"},\"thumbnailUrl\":\"https:\/\/static.africa-press.net\/cameroun\/sites\/57\/2022\/09\/img-63333aa8a775a.jpg\",\"datePublished\":\"2022-09-27T16:22:24+00:00\",\"dateModified\":\"2022-09-27T18:02:42+00:00\",\"author\":{\"@id\":\"https:\/\/www.africa-press.net\/cameroun\/#\/schema\/person\/2b1cf3cd81a31e3cd26889ca66d677f1\"},\"description\":\"Tandis que le gouvernement s\u2019engage a\u0300 relever le de\u0301fi de la reconstruction, Me Felix Agbor Balla pense que la discu ...\",\"breadcrumb\":{\"@id\":\"https:\/\/www.africa-press.net\/cameroun\/politique\/cameroun-crise-anglophone-la-solution-definitive-divise#breadcrumb\"},\"inLanguage\":\"fr-FR\",\"potentialAction\":[{\"@type\":\"ReadAction\",\"target\":[\"https:\/\/www.africa-press.net\/cameroun\/politique\/cameroun-crise-anglophone-la-solution-definitive-divise\"]}]},{\"@type\":\"ImageObject\",\"inLanguage\":\"fr-FR\",\"@id\":\"https:\/\/www.africa-press.net\/cameroun\/politique\/cameroun-crise-anglophone-la-solution-definitive-divise#primaryimage\",\"url\":\"https:\/\/static.africa-press.net\/cameroun\/sites\/57\/2022\/09\/img-63333aa8a775a.jpg\",\"contentUrl\":\"https:\/\/static.africa-press.net\/cameroun\/sites\/57\/2022\/09\/img-63333aa8a775a.jpg\",\"width\":800,\"height\":413,\"caption\":\"Cameroun-crise anglophone : la solution d\u00e9finitive divise\"},{\"@type\":\"BreadcrumbList\",\"@id\":\"https:\/\/www.africa-press.net\/cameroun\/politique\/cameroun-crise-anglophone-la-solution-definitive-divise#breadcrumb\",\"itemListElement\":[{\"@type\":\"ListItem\",\"position\":1,\"name\":\"Accueil\",\"item\":\"https:\/\/www.africa-press.net\/cameroun\/\"},{\"@type\":\"ListItem\",\"position\":2,\"name\":\"Cameroun-crise anglophone : la solution d\u00e9finitive divise\"}]},{\"@type\":\"WebSite\",\"@id\":\"https:\/\/www.africa-press.net\/cameroun\/#website\",\"url\":\"https:\/\/www.africa-press.net\/cameroun\/\",\"name\":\"Cameroun\",\"description\":\"Just another Africa News Agency Sites site\",\"potentialAction\":[{\"@type\":\"SearchAction\",\"target\":{\"@type\":\"EntryPoint\",\"urlTemplate\":\"https:\/\/www.africa-press.net\/cameroun\/?s={search_term_string}\"},\"query-input\":{\"@type\":\"PropertyValueSpecification\",\"valueRequired\":true,\"valueName\":\"search_term_string\"}}],\"inLanguage\":\"fr-FR\"},{\"@type\":\"Person\",\"@id\":\"https:\/\/www.africa-press.net\/cameroun\/#\/schema\/person\/2b1cf3cd81a31e3cd26889ca66d677f1\",\"name\":\"cfeditorfr\"}]}<\/script>\n<!-- \/ Yoast SEO Premium plugin. -->","yoast_head_json":{"title":"Cameroun-crise anglophone : la solution d\u00e9finitive divise - Cameroun","description":"Tandis que le gouvernement s\u2019engage a\u0300 relever le de\u0301fi de la reconstruction, Me Felix Agbor Balla pense que la discu ...","robots":{"index":"index","follow":"follow","max-snippet":"max-snippet:-1","max-image-preview":"max-image-preview:large","max-video-preview":"max-video-preview:-1"},"canonical":"https:\/\/www.africa-press.net\/cameroun\/politique\/cameroun-crise-anglophone-la-solution-definitive-divise","og_locale":"fr_FR","og_type":"article","og_title":"Cameroun-crise anglophone : la solution d\u00e9finitive divise","og_description":"Tandis que le gouvernement s\u2019engage a\u0300 relever le de\u0301fi de la reconstruction, Me Felix Agbor Balla pense que la discu ...","og_url":"https:\/\/www.africa-press.net\/cameroun\/politique\/cameroun-crise-anglophone-la-solution-definitive-divise","og_site_name":"Cameroun","article_published_time":"2022-09-27T16:22:24+00:00","article_modified_time":"2022-09-27T18:02:42+00:00","og_image":[{"width":800,"height":413,"url":"https:\/\/static.africa-press.net\/cameroun\/sites\/57\/2022\/09\/img-63333aa8a775a.jpg","type":"image\/jpeg"}],"author":"cfeditorfr","twitter_card":"summary_large_image","twitter_misc":{"\u00c9crit par":"cfeditorfr","Dur\u00e9e de lecture estim\u00e9e":"3 minutes"},"schema":{"@context":"https:\/\/schema.org","@graph":[{"@type":"Article","@id":"https:\/\/www.africa-press.net\/cameroun\/politique\/cameroun-crise-anglophone-la-solution-definitive-divise#article","isPartOf":{"@id":"https:\/\/www.africa-press.net\/cameroun\/politique\/cameroun-crise-anglophone-la-solution-definitive-divise"},"author":{"name":"cfeditorfr","@id":"https:\/\/www.africa-press.net\/cameroun\/#\/schema\/person\/2b1cf3cd81a31e3cd26889ca66d677f1"},"headline":"Cameroun-crise anglophone : la solution d\u00e9finitive divise","datePublished":"2022-09-27T16:22:24+00:00","dateModified":"2022-09-27T18:02:42+00:00","mainEntityOfPage":{"@id":"https:\/\/www.africa-press.net\/cameroun\/politique\/cameroun-crise-anglophone-la-solution-definitive-divise"},"wordCount":630,"commentCount":0,"image":{"@id":"https:\/\/www.africa-press.net\/cameroun\/politique\/cameroun-crise-anglophone-la-solution-definitive-divise#primaryimage"},"thumbnailUrl":"https:\/\/static.africa-press.net\/cameroun\/sites\/57\/2022\/09\/img-63333aa8a775a.jpg","keywords":["Africa Press","Africa Press-Cameroun","Cameroun"],"articleSection":["Politique","Toutes les actualit\u00e9s"],"inLanguage":"fr-FR","potentialAction":[{"@type":"CommentAction","name":"Comment","target":["https:\/\/www.africa-press.net\/cameroun\/politique\/cameroun-crise-anglophone-la-solution-definitive-divise#respond"]}]},{"@type":"WebPage","@id":"https:\/\/www.africa-press.net\/cameroun\/politique\/cameroun-crise-anglophone-la-solution-definitive-divise","url":"https:\/\/www.africa-press.net\/cameroun\/politique\/cameroun-crise-anglophone-la-solution-definitive-divise","name":"Cameroun-crise anglophone : la solution d\u00e9finitive divise - Cameroun","isPartOf":{"@id":"https:\/\/www.africa-press.net\/cameroun\/#website"},"primaryImageOfPage":{"@id":"https:\/\/www.africa-press.net\/cameroun\/politique\/cameroun-crise-anglophone-la-solution-definitive-divise#primaryimage"},"image":{"@id":"https:\/\/www.africa-press.net\/cameroun\/politique\/cameroun-crise-anglophone-la-solution-definitive-divise#primaryimage"},"thumbnailUrl":"https:\/\/static.africa-press.net\/cameroun\/sites\/57\/2022\/09\/img-63333aa8a775a.jpg","datePublished":"2022-09-27T16:22:24+00:00","dateModified":"2022-09-27T18:02:42+00:00","author":{"@id":"https:\/\/www.africa-press.net\/cameroun\/#\/schema\/person\/2b1cf3cd81a31e3cd26889ca66d677f1"},"description":"Tandis que le gouvernement s\u2019engage a\u0300 relever le de\u0301fi de la reconstruction, Me Felix Agbor Balla pense que la discu ...","breadcrumb":{"@id":"https:\/\/www.africa-press.net\/cameroun\/politique\/cameroun-crise-anglophone-la-solution-definitive-divise#breadcrumb"},"inLanguage":"fr-FR","potentialAction":[{"@type":"ReadAction","target":["https:\/\/www.africa-press.net\/cameroun\/politique\/cameroun-crise-anglophone-la-solution-definitive-divise"]}]},{"@type":"ImageObject","inLanguage":"fr-FR","@id":"https:\/\/www.africa-press.net\/cameroun\/politique\/cameroun-crise-anglophone-la-solution-definitive-divise#primaryimage","url":"https:\/\/static.africa-press.net\/cameroun\/sites\/57\/2022\/09\/img-63333aa8a775a.jpg","contentUrl":"https:\/\/static.africa-press.net\/cameroun\/sites\/57\/2022\/09\/img-63333aa8a775a.jpg","width":800,"height":413,"caption":"Cameroun-crise anglophone : la solution d\u00e9finitive divise"},{"@type":"BreadcrumbList","@id":"https:\/\/www.africa-press.net\/cameroun\/politique\/cameroun-crise-anglophone-la-solution-definitive-divise#breadcrumb","itemListElement":[{"@type":"ListItem","position":1,"name":"Accueil","item":"https:\/\/www.africa-press.net\/cameroun\/"},{"@type":"ListItem","position":2,"name":"Cameroun-crise anglophone : la solution d\u00e9finitive divise"}]},{"@type":"WebSite","@id":"https:\/\/www.africa-press.net\/cameroun\/#website","url":"https:\/\/www.africa-press.net\/cameroun\/","name":"Cameroun","description":"Just another Africa News Agency Sites site","potentialAction":[{"@type":"SearchAction","target":{"@type":"EntryPoint","urlTemplate":"https:\/\/www.africa-press.net\/cameroun\/?s={search_term_string}"},"query-input":{"@type":"PropertyValueSpecification","valueRequired":true,"valueName":"search_term_string"}}],"inLanguage":"fr-FR"},{"@type":"Person","@id":"https:\/\/www.africa-press.net\/cameroun\/#\/schema\/person\/2b1cf3cd81a31e3cd26889ca66d677f1","name":"cfeditorfr"}]}},"_links":{"self":[{"href":"https:\/\/www.africa-press.net\/cameroun\/wp-json\/wp\/v2\/posts\/28233","targetHints":{"allow":["GET"]}}],"collection":[{"href":"https:\/\/www.africa-press.net\/cameroun\/wp-json\/wp\/v2\/posts"}],"about":[{"href":"https:\/\/www.africa-press.net\/cameroun\/wp-json\/wp\/v2\/types\/post"}],"author":[{"embeddable":true,"href":"https:\/\/www.africa-press.net\/cameroun\/wp-json\/wp\/v2\/users\/82"}],"replies":[{"embeddable":true,"href":"https:\/\/www.africa-press.net\/cameroun\/wp-json\/wp\/v2\/comments?post=28233"}],"version-history":[{"count":0,"href":"https:\/\/www.africa-press.net\/cameroun\/wp-json\/wp\/v2\/posts\/28233\/revisions"}],"wp:featuredmedia":[{"embeddable":true,"href":"https:\/\/www.africa-press.net\/cameroun\/wp-json\/wp\/v2\/media\/28232"}],"wp:attachment":[{"href":"https:\/\/www.africa-press.net\/cameroun\/wp-json\/wp\/v2\/media?parent=28233"}],"wp:term":[{"taxonomy":"category","embeddable":true,"href":"https:\/\/www.africa-press.net\/cameroun\/wp-json\/wp\/v2\/categories?post=28233"},{"taxonomy":"post_tag","embeddable":true,"href":"https:\/\/www.africa-press.net\/cameroun\/wp-json\/wp\/v2\/tags?post=28233"}],"curies":[{"name":"wp","href":"https:\/\/api.w.org\/{rel}","templated":true}]}}