{"id":2824,"date":"2021-04-29T19:18:02","date_gmt":"2021-04-29T19:18:02","guid":{"rendered":"https:\/\/www.africa-press.net\/cameroun\/politique\/lambassade-du-cameroun-en-cote-divoire-abandonne-un-camerounais-arbitrairement-detenu"},"modified":"2021-04-29T19:54:14","modified_gmt":"2021-04-29T19:54:14","slug":"lambassade-du-cameroun-en-cote-divoire-abandonne-un-camerounais-arbitrairement-detenu","status":"publish","type":"post","link":"https:\/\/www.africa-press.net\/cameroun\/politique\/lambassade-du-cameroun-en-cote-divoire-abandonne-un-camerounais-arbitrairement-detenu","title":{"rendered":"L\u2019Ambassade du Cameroun en C\u00f4te d\u2019Ivoire abandonne un camerounais arbitrairement d\u00e9tenu"},"content":{"rendered":"<p><span style=\"color: #ff6600\"><strong><a href=\"https:\/\/www.africa-press.net\/\">Africa-Press<\/a> &#8211; <a href=\"https:\/\/www.africa-press.net\/cameroun\">Cameroun<\/a>. <\/strong><\/span>Malgr\u00e9 ses multiples sollicitations aupr\u00e8s des autorit\u00e9s camerounaises, le jeune Ngandjou Narcisse est toujours d\u00e9tenu depuis plus de 24 mois sans assistance juridique. Voici sa derni\u00e8re lettre envoy\u00e9e aux autorit\u00e9s camerounaises<\/p>\n<p>A<\/p>\n<p>SON EXCELLENCE MADAME L&rsquo;AMBASSADRICE DU CAMEROUN EN C\u00d4TE D&rsquo;IVOIRE<\/p>\n<p>Objet: Demande d&rsquo;assistance<\/p>\n<p>Votre Excellence,<\/p>\n<p>Je me permets de vous \u00e9crire cette lettre pour vous demander une assistance au niveau de la justice Ivoirienne.<\/p>\n<p>Mon histoire est l\u00e0 suivante :<\/p>\n<p>Je m&rsquo;appelle Ngndjou Narcisse, j&rsquo;ai 38ans, je suis n\u00e9 dans la ville de Douala au Cameroun, Nationalit\u00e9 Camerounaise. Je suis arriv\u00e9 en C\u00f4te d&rsquo;Ivoire le 06 janvier 2019 par Bus Rimbo voyage sous convois de \u00ab\u00a0Organisations Internationales pour les Migrants\u00a0\u00bb (O.I.M) en provenance de l&rsquo;Alg\u00e9rie donc j&rsquo;avais \u00e9t\u00e9 refoul\u00e9 le 18 D\u00e9cembre 2018 \u00e0 Oran\/Alg\u00e9rie.<\/p>\n<p>En c\u00f4te d&rsquo;Ivoire, \u00e9tant \u00e0 la recherche du travail, j&rsquo;ai travaill\u00e9 comme Virgile \u00e0 l&rsquo;Universit\u00e9 de Cocody 03 mois avant de me faire renvoy\u00e9 pour Dossier incomplet.<\/p>\n<p>Ensuite j&rsquo;ai travaill\u00e9 dans les chantiers \u00e0 Bingerville nouveau goudron avant de tout arr\u00eat\u00e9 apr\u00e8s un accident de travail.<\/p>\n<p>R\u00e9sidant sans abri au CHU de COCODY o\u00f9 un grand fr\u00e8re m&rsquo;a propos\u00e9 d&rsquo;\u00eatre son vendeur en Eau chaude sur le parkings ext\u00e9rieur du \u00ab\u00a0C.H.U\u00a0\u00bb de Cocody pour les parents de Malade jusqu&rsquo;en date du 10 Octobre 2019 ou nous avions perdu un ami \u00e9tudiant assassin\u00e9 dans la nuit par un jeune jardinier du CHU de COCODY.<\/p>\n<p>Mon nom a \u00e9t\u00e9 cit\u00e9 dans l&rsquo;affaire par je ne sais qui \u00e0 la Police Judiciaire du plateau. 24 h apr\u00e8s l&rsquo;assassinat, la Police Judiciaire me saisit avec un convoi lorsqu&rsquo;il est 13h au Chu de Cocody.<\/p>\n<p>Les auditions commencent au bureau du Directeur de la P.J ou 05 noms d&rsquo;\u00e9tudiants sont cit\u00e9s comme complices du meurtre en pr\u00e9sence du jardinier coupable donc toute la population ignorait y compris moi, le jardinier qui d\u00e9clare \u00eatre le t\u00e9moin du meurtre de l&rsquo;\u00e9tudiant Brico.<\/p>\n<p>En larmes j&rsquo;ai ni\u00e9 tous les faits cit\u00e9s contre moi et c&rsquo;est l\u00e0 o\u00f9 le Directeur ordonna la torture en ma personnalit\u00e9.<\/p>\n<p>Je fus bastonn\u00e9 de tous genre pour quelques choses que n&rsquo;ai pas Commis en plus que j&rsquo;ai jamais assist\u00e9 \u00e0 un meurtre. Jamais je n&rsquo;ai eu a faire a la justice de mon pays ou dans les pays que j&rsquo;ai v\u00e9cu pendant 36 ans de vie.<\/p>\n<p>Le 18 Octobre 2019 au Paquet du plateau \u00e0 Abidjan, le nomm\u00e9 Oudraogo Djibril le jardinier du Chu, reconnait tous les faits cit\u00e9s contre lui et nous innocentes ( un \u00e9tudiant de l&rsquo;ENA et moi ) devant Mme le procureur avant de le r\u00e9affirmer devant Mr le juge d&rsquo;instruction du 1er Cabinet, on nous a d\u00e9f\u00e9r\u00e9 a la MACA le 18 Octobre 2019 pour enqu\u00eate.<\/p>\n<p>Et tous le mois de Novembre nous avions \u00e9t\u00e9 entendu 02 fois o\u00f9 le jardinier dit \u00eatre le coupable et explique comment il a tu\u00e9 l&rsquo;\u00e9tudiant dans une bagarre, et avoue que c&rsquo;est par torture qu&rsquo;il a accept\u00e9 les noms cit\u00e9s par la Police Judiciaire afin qu&rsquo;on cesse de lui bastonn\u00e9.<\/p>\n<p>Moi je suis orphelin de p\u00e8re. Ma pauvre m\u00e8re est souffrante depuis tant d&rsquo;ann\u00e9e et ce sont mes 02 jeunes filles \u00e2g\u00e9es de 14 et 16 ans qui s&rsquo;occupent de leur grande m\u00e8re.<\/p>\n<p>J&rsquo;ai aucun moyen financier, aucun ami ou de parents en C\u00f4te d&rsquo;Ivoire pour suivre mon dossier. Je suis innocent je vous le jure devant Dieu.<\/p>\n<p>D\u00e9j\u00e0 15 mois de souffrance \u00e0 la MACA sans famille, sans visite, sans assistance, juste avec la Foi de J\u00e9sus-Christ qu&rsquo;un jour je serai libre et retrouverai ma famille au Cameroun, Aidez-moi je vous en prie.<\/p>\n<p>Je vous prie d&rsquo;agr\u00e9er, Madame l&rsquo;Ambassadrice, l&rsquo;assurance de ma parfaite consid\u00e9ration.\/.<\/p>\n","protected":false},"excerpt":{"rendered":"<p>Africa-Press &#8211; Cameroun. Malgr\u00e9 ses multiples sollicitations aupr\u00e8s des autorit\u00e9s camerounaises, le jeune Ngandjou Narcisse est toujours d\u00e9tenu depuis plus de 24 mois sans assistance juridique. Voici sa derni\u00e8re lettre envoy\u00e9e aux autorit\u00e9s camerounaises A SON EXCELLENCE MADAME L&rsquo;AMBASSADRICE DU CAMEROUN EN C\u00d4TE D&rsquo;IVOIRE Objet: Demande d&rsquo;assistance Votre Excellence, Je me permets de vous \u00e9crire [&hellip;]<\/p>\n","protected":false},"author":82,"featured_media":2823,"comment_status":"open","ping_status":"closed","sticky":false,"template":"","format":"standard","meta":{"footnotes":""},"categories":[11,2,10],"tags":[36,50,49],"class_list":["post-2824","post","type-post","status-publish","format-standard","has-post-thumbnail","hentry","category-homepage-french","category-politique","category-toutes-les-actualites","tag-africa-press","tag-africa-press-cameroun","tag-cameroun"],"yoast_head":"<!-- This site is optimized with the Yoast SEO Premium plugin v26.1 (Yoast SEO v27.0) - https:\/\/yoast.com\/product\/yoast-seo-premium-wordpress\/ -->\n<title>L\u2019Ambassade du Cameroun en C\u00f4te d\u2019Ivoire abandonne un camerounais arbitrairement d\u00e9tenu - Cameroun<\/title>\n<meta name=\"description\" content=\"Malgr\u00e9 ses multiples sollicitations aupr\u00e8s des autorit\u00e9s camerounaises, le jeune Ngandjou Narcisse est toujours d\u00e9tenu d ...\" \/>\n<meta name=\"robots\" content=\"index, follow, max-snippet:-1, max-image-preview:large, max-video-preview:-1\" \/>\n<link rel=\"canonical\" href=\"https:\/\/www.africa-press.net\/cameroun\/politique\/lambassade-du-cameroun-en-cote-divoire-abandonne-un-camerounais-arbitrairement-detenu\" \/>\n<meta property=\"og:locale\" content=\"fr_FR\" \/>\n<meta property=\"og:type\" content=\"article\" \/>\n<meta property=\"og:title\" content=\"L\u2019Ambassade du Cameroun en C\u00f4te d\u2019Ivoire abandonne un camerounais arbitrairement d\u00e9tenu\" \/>\n<meta property=\"og:description\" content=\"Malgr\u00e9 ses multiples sollicitations aupr\u00e8s des autorit\u00e9s camerounaises, le jeune Ngandjou Narcisse est toujours d\u00e9tenu d ...\" \/>\n<meta property=\"og:url\" content=\"https:\/\/www.africa-press.net\/cameroun\/politique\/lambassade-du-cameroun-en-cote-divoire-abandonne-un-camerounais-arbitrairement-detenu\" \/>\n<meta property=\"og:site_name\" content=\"Cameroun\" \/>\n<meta property=\"article:published_time\" content=\"2021-04-29T19:18:02+00:00\" \/>\n<meta property=\"article:modified_time\" content=\"2021-04-29T19:54:14+00:00\" \/>\n<meta property=\"og:image\" content=\"https:\/\/static.africa-press.net\/cameroun\/sites\/57\/2021\/04\/img-608b0ec76e8f7.jpg\" \/>\n\t<meta property=\"og:image:width\" content=\"720\" \/>\n\t<meta property=\"og:image:height\" content=\"319\" \/>\n\t<meta property=\"og:image:type\" content=\"image\/jpeg\" \/>\n<meta name=\"author\" content=\"cfeditorfr\" \/>\n<meta name=\"twitter:card\" content=\"summary_large_image\" \/>\n<meta name=\"twitter:label1\" content=\"\u00c9crit par\" \/>\n\t<meta name=\"twitter:data1\" content=\"cfeditorfr\" \/>\n\t<meta name=\"twitter:label2\" content=\"Dur\u00e9e de lecture estim\u00e9e\" \/>\n\t<meta name=\"twitter:data2\" content=\"3 minutes\" \/>\n<script type=\"application\/ld+json\" class=\"yoast-schema-graph\">{\"@context\":\"https:\/\/schema.org\",\"@graph\":[{\"@type\":\"Article\",\"@id\":\"https:\/\/www.africa-press.net\/cameroun\/politique\/lambassade-du-cameroun-en-cote-divoire-abandonne-un-camerounais-arbitrairement-detenu#article\",\"isPartOf\":{\"@id\":\"https:\/\/www.africa-press.net\/cameroun\/politique\/lambassade-du-cameroun-en-cote-divoire-abandonne-un-camerounais-arbitrairement-detenu\"},\"author\":{\"name\":\"cfeditorfr\",\"@id\":\"https:\/\/www.africa-press.net\/cameroun\/#\/schema\/person\/2b1cf3cd81a31e3cd26889ca66d677f1\"},\"headline\":\"L\u2019Ambassade du Cameroun en C\u00f4te d\u2019Ivoire abandonne un camerounais arbitrairement d\u00e9tenu\",\"datePublished\":\"2021-04-29T19:18:02+00:00\",\"dateModified\":\"2021-04-29T19:54:14+00:00\",\"mainEntityOfPage\":{\"@id\":\"https:\/\/www.africa-press.net\/cameroun\/politique\/lambassade-du-cameroun-en-cote-divoire-abandonne-un-camerounais-arbitrairement-detenu\"},\"wordCount\":673,\"commentCount\":0,\"image\":{\"@id\":\"https:\/\/www.africa-press.net\/cameroun\/politique\/lambassade-du-cameroun-en-cote-divoire-abandonne-un-camerounais-arbitrairement-detenu#primaryimage\"},\"thumbnailUrl\":\"https:\/\/static.africa-press.net\/cameroun\/sites\/57\/2021\/04\/img-608b0ec76e8f7.jpg\",\"keywords\":[\"Africa Press\",\"Africa Press-Cameroun\",\"Cameroun\"],\"articleSection\":[\"homepage-french\",\"Politique\",\"Toutes les actualit\u00e9s\"],\"inLanguage\":\"fr-FR\",\"potentialAction\":[{\"@type\":\"CommentAction\",\"name\":\"Comment\",\"target\":[\"https:\/\/www.africa-press.net\/cameroun\/politique\/lambassade-du-cameroun-en-cote-divoire-abandonne-un-camerounais-arbitrairement-detenu#respond\"]}]},{\"@type\":\"WebPage\",\"@id\":\"https:\/\/www.africa-press.net\/cameroun\/politique\/lambassade-du-cameroun-en-cote-divoire-abandonne-un-camerounais-arbitrairement-detenu\",\"url\":\"https:\/\/www.africa-press.net\/cameroun\/politique\/lambassade-du-cameroun-en-cote-divoire-abandonne-un-camerounais-arbitrairement-detenu\",\"name\":\"L\u2019Ambassade du Cameroun en C\u00f4te d\u2019Ivoire abandonne un camerounais arbitrairement d\u00e9tenu - Cameroun\",\"isPartOf\":{\"@id\":\"https:\/\/www.africa-press.net\/cameroun\/#website\"},\"primaryImageOfPage\":{\"@id\":\"https:\/\/www.africa-press.net\/cameroun\/politique\/lambassade-du-cameroun-en-cote-divoire-abandonne-un-camerounais-arbitrairement-detenu#primaryimage\"},\"image\":{\"@id\":\"https:\/\/www.africa-press.net\/cameroun\/politique\/lambassade-du-cameroun-en-cote-divoire-abandonne-un-camerounais-arbitrairement-detenu#primaryimage\"},\"thumbnailUrl\":\"https:\/\/static.africa-press.net\/cameroun\/sites\/57\/2021\/04\/img-608b0ec76e8f7.jpg\",\"datePublished\":\"2021-04-29T19:18:02+00:00\",\"dateModified\":\"2021-04-29T19:54:14+00:00\",\"author\":{\"@id\":\"https:\/\/www.africa-press.net\/cameroun\/#\/schema\/person\/2b1cf3cd81a31e3cd26889ca66d677f1\"},\"description\":\"Malgr\u00e9 ses multiples sollicitations aupr\u00e8s des autorit\u00e9s camerounaises, le jeune Ngandjou Narcisse est toujours d\u00e9tenu d ...\",\"breadcrumb\":{\"@id\":\"https:\/\/www.africa-press.net\/cameroun\/politique\/lambassade-du-cameroun-en-cote-divoire-abandonne-un-camerounais-arbitrairement-detenu#breadcrumb\"},\"inLanguage\":\"fr-FR\",\"potentialAction\":[{\"@type\":\"ReadAction\",\"target\":[\"https:\/\/www.africa-press.net\/cameroun\/politique\/lambassade-du-cameroun-en-cote-divoire-abandonne-un-camerounais-arbitrairement-detenu\"]}]},{\"@type\":\"ImageObject\",\"inLanguage\":\"fr-FR\",\"@id\":\"https:\/\/www.africa-press.net\/cameroun\/politique\/lambassade-du-cameroun-en-cote-divoire-abandonne-un-camerounais-arbitrairement-detenu#primaryimage\",\"url\":\"https:\/\/static.africa-press.net\/cameroun\/sites\/57\/2021\/04\/img-608b0ec76e8f7.jpg\",\"contentUrl\":\"https:\/\/static.africa-press.net\/cameroun\/sites\/57\/2021\/04\/img-608b0ec76e8f7.jpg\",\"width\":720,\"height\":319,\"caption\":\"L\u2019Ambassade du Cameroun en C\u00f4te d\u2019Ivoire abandonne un camerounais arbitrairement d\u00e9tenu\"},{\"@type\":\"BreadcrumbList\",\"@id\":\"https:\/\/www.africa-press.net\/cameroun\/politique\/lambassade-du-cameroun-en-cote-divoire-abandonne-un-camerounais-arbitrairement-detenu#breadcrumb\",\"itemListElement\":[{\"@type\":\"ListItem\",\"position\":1,\"name\":\"Accueil\",\"item\":\"https:\/\/www.africa-press.net\/cameroun\/\"},{\"@type\":\"ListItem\",\"position\":2,\"name\":\"L\u2019Ambassade du Cameroun en C\u00f4te d\u2019Ivoire abandonne un camerounais arbitrairement d\u00e9tenu\"}]},{\"@type\":\"WebSite\",\"@id\":\"https:\/\/www.africa-press.net\/cameroun\/#website\",\"url\":\"https:\/\/www.africa-press.net\/cameroun\/\",\"name\":\"Cameroun\",\"description\":\"Just another Africa News Agency Sites site\",\"potentialAction\":[{\"@type\":\"SearchAction\",\"target\":{\"@type\":\"EntryPoint\",\"urlTemplate\":\"https:\/\/www.africa-press.net\/cameroun\/?s={search_term_string}\"},\"query-input\":{\"@type\":\"PropertyValueSpecification\",\"valueRequired\":true,\"valueName\":\"search_term_string\"}}],\"inLanguage\":\"fr-FR\"},{\"@type\":\"Person\",\"@id\":\"https:\/\/www.africa-press.net\/cameroun\/#\/schema\/person\/2b1cf3cd81a31e3cd26889ca66d677f1\",\"name\":\"cfeditorfr\"}]}<\/script>\n<!-- \/ Yoast SEO Premium plugin. -->","yoast_head_json":{"title":"L\u2019Ambassade du Cameroun en C\u00f4te d\u2019Ivoire abandonne un camerounais arbitrairement d\u00e9tenu - Cameroun","description":"Malgr\u00e9 ses multiples sollicitations aupr\u00e8s des autorit\u00e9s camerounaises, le jeune Ngandjou Narcisse est toujours d\u00e9tenu d ...","robots":{"index":"index","follow":"follow","max-snippet":"max-snippet:-1","max-image-preview":"max-image-preview:large","max-video-preview":"max-video-preview:-1"},"canonical":"https:\/\/www.africa-press.net\/cameroun\/politique\/lambassade-du-cameroun-en-cote-divoire-abandonne-un-camerounais-arbitrairement-detenu","og_locale":"fr_FR","og_type":"article","og_title":"L\u2019Ambassade du Cameroun en C\u00f4te d\u2019Ivoire abandonne un camerounais arbitrairement d\u00e9tenu","og_description":"Malgr\u00e9 ses multiples sollicitations aupr\u00e8s des autorit\u00e9s camerounaises, le jeune Ngandjou Narcisse est toujours d\u00e9tenu d ...","og_url":"https:\/\/www.africa-press.net\/cameroun\/politique\/lambassade-du-cameroun-en-cote-divoire-abandonne-un-camerounais-arbitrairement-detenu","og_site_name":"Cameroun","article_published_time":"2021-04-29T19:18:02+00:00","article_modified_time":"2021-04-29T19:54:14+00:00","og_image":[{"width":720,"height":319,"url":"https:\/\/static.africa-press.net\/cameroun\/sites\/57\/2021\/04\/img-608b0ec76e8f7.jpg","type":"image\/jpeg"}],"author":"cfeditorfr","twitter_card":"summary_large_image","twitter_misc":{"\u00c9crit par":"cfeditorfr","Dur\u00e9e de lecture estim\u00e9e":"3 minutes"},"schema":{"@context":"https:\/\/schema.org","@graph":[{"@type":"Article","@id":"https:\/\/www.africa-press.net\/cameroun\/politique\/lambassade-du-cameroun-en-cote-divoire-abandonne-un-camerounais-arbitrairement-detenu#article","isPartOf":{"@id":"https:\/\/www.africa-press.net\/cameroun\/politique\/lambassade-du-cameroun-en-cote-divoire-abandonne-un-camerounais-arbitrairement-detenu"},"author":{"name":"cfeditorfr","@id":"https:\/\/www.africa-press.net\/cameroun\/#\/schema\/person\/2b1cf3cd81a31e3cd26889ca66d677f1"},"headline":"L\u2019Ambassade du Cameroun en C\u00f4te d\u2019Ivoire abandonne un camerounais arbitrairement d\u00e9tenu","datePublished":"2021-04-29T19:18:02+00:00","dateModified":"2021-04-29T19:54:14+00:00","mainEntityOfPage":{"@id":"https:\/\/www.africa-press.net\/cameroun\/politique\/lambassade-du-cameroun-en-cote-divoire-abandonne-un-camerounais-arbitrairement-detenu"},"wordCount":673,"commentCount":0,"image":{"@id":"https:\/\/www.africa-press.net\/cameroun\/politique\/lambassade-du-cameroun-en-cote-divoire-abandonne-un-camerounais-arbitrairement-detenu#primaryimage"},"thumbnailUrl":"https:\/\/static.africa-press.net\/cameroun\/sites\/57\/2021\/04\/img-608b0ec76e8f7.jpg","keywords":["Africa Press","Africa Press-Cameroun","Cameroun"],"articleSection":["homepage-french","Politique","Toutes les actualit\u00e9s"],"inLanguage":"fr-FR","potentialAction":[{"@type":"CommentAction","name":"Comment","target":["https:\/\/www.africa-press.net\/cameroun\/politique\/lambassade-du-cameroun-en-cote-divoire-abandonne-un-camerounais-arbitrairement-detenu#respond"]}]},{"@type":"WebPage","@id":"https:\/\/www.africa-press.net\/cameroun\/politique\/lambassade-du-cameroun-en-cote-divoire-abandonne-un-camerounais-arbitrairement-detenu","url":"https:\/\/www.africa-press.net\/cameroun\/politique\/lambassade-du-cameroun-en-cote-divoire-abandonne-un-camerounais-arbitrairement-detenu","name":"L\u2019Ambassade du Cameroun en C\u00f4te d\u2019Ivoire abandonne un camerounais arbitrairement d\u00e9tenu - Cameroun","isPartOf":{"@id":"https:\/\/www.africa-press.net\/cameroun\/#website"},"primaryImageOfPage":{"@id":"https:\/\/www.africa-press.net\/cameroun\/politique\/lambassade-du-cameroun-en-cote-divoire-abandonne-un-camerounais-arbitrairement-detenu#primaryimage"},"image":{"@id":"https:\/\/www.africa-press.net\/cameroun\/politique\/lambassade-du-cameroun-en-cote-divoire-abandonne-un-camerounais-arbitrairement-detenu#primaryimage"},"thumbnailUrl":"https:\/\/static.africa-press.net\/cameroun\/sites\/57\/2021\/04\/img-608b0ec76e8f7.jpg","datePublished":"2021-04-29T19:18:02+00:00","dateModified":"2021-04-29T19:54:14+00:00","author":{"@id":"https:\/\/www.africa-press.net\/cameroun\/#\/schema\/person\/2b1cf3cd81a31e3cd26889ca66d677f1"},"description":"Malgr\u00e9 ses multiples sollicitations aupr\u00e8s des autorit\u00e9s camerounaises, le jeune Ngandjou Narcisse est toujours d\u00e9tenu d ...","breadcrumb":{"@id":"https:\/\/www.africa-press.net\/cameroun\/politique\/lambassade-du-cameroun-en-cote-divoire-abandonne-un-camerounais-arbitrairement-detenu#breadcrumb"},"inLanguage":"fr-FR","potentialAction":[{"@type":"ReadAction","target":["https:\/\/www.africa-press.net\/cameroun\/politique\/lambassade-du-cameroun-en-cote-divoire-abandonne-un-camerounais-arbitrairement-detenu"]}]},{"@type":"ImageObject","inLanguage":"fr-FR","@id":"https:\/\/www.africa-press.net\/cameroun\/politique\/lambassade-du-cameroun-en-cote-divoire-abandonne-un-camerounais-arbitrairement-detenu#primaryimage","url":"https:\/\/static.africa-press.net\/cameroun\/sites\/57\/2021\/04\/img-608b0ec76e8f7.jpg","contentUrl":"https:\/\/static.africa-press.net\/cameroun\/sites\/57\/2021\/04\/img-608b0ec76e8f7.jpg","width":720,"height":319,"caption":"L\u2019Ambassade du Cameroun en C\u00f4te d\u2019Ivoire abandonne un camerounais arbitrairement d\u00e9tenu"},{"@type":"BreadcrumbList","@id":"https:\/\/www.africa-press.net\/cameroun\/politique\/lambassade-du-cameroun-en-cote-divoire-abandonne-un-camerounais-arbitrairement-detenu#breadcrumb","itemListElement":[{"@type":"ListItem","position":1,"name":"Accueil","item":"https:\/\/www.africa-press.net\/cameroun\/"},{"@type":"ListItem","position":2,"name":"L\u2019Ambassade du Cameroun en C\u00f4te d\u2019Ivoire abandonne un camerounais arbitrairement d\u00e9tenu"}]},{"@type":"WebSite","@id":"https:\/\/www.africa-press.net\/cameroun\/#website","url":"https:\/\/www.africa-press.net\/cameroun\/","name":"Cameroun","description":"Just another Africa News Agency Sites site","potentialAction":[{"@type":"SearchAction","target":{"@type":"EntryPoint","urlTemplate":"https:\/\/www.africa-press.net\/cameroun\/?s={search_term_string}"},"query-input":{"@type":"PropertyValueSpecification","valueRequired":true,"valueName":"search_term_string"}}],"inLanguage":"fr-FR"},{"@type":"Person","@id":"https:\/\/www.africa-press.net\/cameroun\/#\/schema\/person\/2b1cf3cd81a31e3cd26889ca66d677f1","name":"cfeditorfr"}]}},"_links":{"self":[{"href":"https:\/\/www.africa-press.net\/cameroun\/wp-json\/wp\/v2\/posts\/2824","targetHints":{"allow":["GET"]}}],"collection":[{"href":"https:\/\/www.africa-press.net\/cameroun\/wp-json\/wp\/v2\/posts"}],"about":[{"href":"https:\/\/www.africa-press.net\/cameroun\/wp-json\/wp\/v2\/types\/post"}],"author":[{"embeddable":true,"href":"https:\/\/www.africa-press.net\/cameroun\/wp-json\/wp\/v2\/users\/82"}],"replies":[{"embeddable":true,"href":"https:\/\/www.africa-press.net\/cameroun\/wp-json\/wp\/v2\/comments?post=2824"}],"version-history":[{"count":0,"href":"https:\/\/www.africa-press.net\/cameroun\/wp-json\/wp\/v2\/posts\/2824\/revisions"}],"wp:featuredmedia":[{"embeddable":true,"href":"https:\/\/www.africa-press.net\/cameroun\/wp-json\/wp\/v2\/media\/2823"}],"wp:attachment":[{"href":"https:\/\/www.africa-press.net\/cameroun\/wp-json\/wp\/v2\/media?parent=2824"}],"wp:term":[{"taxonomy":"category","embeddable":true,"href":"https:\/\/www.africa-press.net\/cameroun\/wp-json\/wp\/v2\/categories?post=2824"},{"taxonomy":"post_tag","embeddable":true,"href":"https:\/\/www.africa-press.net\/cameroun\/wp-json\/wp\/v2\/tags?post=2824"}],"curies":[{"name":"wp","href":"https:\/\/api.w.org\/{rel}","templated":true}]}}